{"id":62508,"date":"2024-08-04T23:13:15","date_gmt":"2024-08-05T05:13:15","guid":{"rendered":"https:\/\/mexicocodigorojo.com.mx\/?p=62508"},"modified":"2024-08-04T23:13:15","modified_gmt":"2024-08-05T05:13:15","slug":"tres-detenidos-por-secuestro-de-empresario-en-la-colonia-rincon-del-valle","status":"publish","type":"post","link":"https:\/\/mexicocodigorojo.com.mx\/?p=62508","title":{"rendered":"Tres detenidos por secuestro de empresario en la colonia Rinc\u00f3n del Valle"},"content":{"rendered":"\n<p>Derivado de las acciones realizadas como parte de las indagatorias por la privaci\u00f3n de la libertad y posterior liberaci\u00f3n, sin pago de por medio, del C. Jos\u00e9 Ventura \u201cC\u201d, registrada el pasado 31 de julio en la colonia Rinc\u00f3n del Valle del municipio de Reynosa, la Fiscal\u00eda General de Justicia del Estado de Tamaulipas informa que fueron detenidas tres personas involucradas en estos hechos.<\/p>\n\n\n\n<p>Es de se\u00f1alar que aunque las Victimas indirectas no interpusieron denuncia, se dio acompa\u00f1amiento por parte del \u00c1rea de Negociaci\u00f3n de la Unidad Especializada en Combate al Secuestro, lo que en continuidad con las indagatorias, permiti\u00f3 que Polic\u00edas de Investigaci\u00f3n, lograran la detenci\u00f3n de Eduardo \u201cG\u201d, Jared Alberto \u201cD\u201d y Eduardo \u201cG\u201d, por lo que se llevar\u00e1n a cabo las diligencias necesarias para llevarlos ante la autoridad judicial.<\/p>\n\n\n\n<p>Las investigaciones contin\u00faan y se informar\u00e1n m\u00e1s detalles en el momento procesal oportuno.<\/p>\n\n\n\n<figure class=\"wp-block-embed is-type-rich is-provider-twitter wp-block-embed-twitter\"><div class=\"wp-block-embed__wrapper\">\n<blockquote class=\"twitter-tweet\" data-width=\"550\" data-dnt=\"true\"><p lang=\"es\" dir=\"ltr\">En <a href=\"https:\/\/twitter.com\/hashtag\/Reynosa?src=hash&amp;ref_src=twsrc%5Etfw\">#Reynosa<\/a> fueron detenidas 3 personas por su probable participaci\u00f3n en el Secuestro de un hombre, ocurrido el pasado 31 de julio. <a href=\"https:\/\/twitter.com\/hashtag\/Tamaulipas?src=hash&amp;ref_src=twsrc%5Etfw\">#Tamaulipas<\/a>. Eduardo, Jared y Eduardo levantaron y solicitaron rescate del empresario Jos\u00e9 Ventura. Se presume el \u201cMiguelito\u201d estar\u00eda involucrado. <a href=\"https:\/\/t.co\/gURrA9SWUt\">pic.twitter.com\/gURrA9SWUt<\/a><\/p>&mdash; ElGuzman (@FuriaNegra77) <a href=\"https:\/\/twitter.com\/FuriaNegra77\/status\/1820325637329973319?ref_src=twsrc%5Etfw\">August 5, 2024<\/a><\/blockquote><script async src=\"https:\/\/platform.twitter.com\/widgets.js\" charset=\"utf-8\"><\/script>\n<\/div><\/figure>\n","protected":false},"excerpt":{"rendered":"<p>Derivado de las acciones realizadas como parte de las indagatorias por la privaci\u00f3n de la libertad y posterior liberaci\u00f3n, sin pago de por medio, del C. Jos\u00e9 Ventura \u201cC\u201d, registrada el pasado 31 de julio en la colonia Rinc\u00f3n del Valle del municipio de Reynosa, la Fiscal\u00eda General de Justicia del Estado de Tamaulipas informa [&hellip;]<\/p>\n","protected":false},"author":5,"featured_media":62507,"comment_status":"open","ping_status":"open","sticky":false,"template":"","format":"standard","meta":{"_uf_show_specific_survey":0,"_uf_disable_surveys":false,"advanced_seo_description":"","jetpack_seo_html_title":"","jetpack_seo_noindex":false,"jetpack_post_was_ever_published":false,"_jetpack_newsletter_access":"","_jetpack_dont_email_post_to_subs":false,"_jetpack_newsletter_tier_id":0,"_jetpack_memberships_contains_paywalled_content":false,"_jetpack_memberships_contains_paid_content":false,"footnotes":"","jetpack_publicize_message":"","jetpack_publicize_feature_enabled":true,"jetpack_social_post_already_shared":true,"jetpack_social_options":{"image_generator_settings":{"template":"highway","default_image_id":0,"font":"","enabled":false},"version":2}},"categories":[1724,2],"tags":[30],"class_list":{"0":"post-62508","1":"post","2":"type-post","3":"status-publish","4":"format-standard","5":"has-post-thumbnail","7":"category-featured","8":"category-tamaulipas","9":"tag-secuestro"},"jetpack_publicize_connections":[],"jetpack_featured_media_url":"https:\/\/i0.wp.com\/mexicocodigorojo.com.mx\/wp-content\/uploads\/2024\/08\/5c565c61-3461-4d05-957c-839445e4117f-1.jpg?fit=2000%2C2000&ssl=1","jetpack-related-posts":[{"id":14225,"url":"https:\/\/mexicocodigorojo.com.mx\/?p=14225","url_meta":{"origin":62508,"position":0},"title":"Tres detenidos por secuestro en Tamaulipas","author":"Staff","date":"febrero 16, 2019","format":false,"excerpt":"Ciudad Victoria, Tamaulipas.- Agentes de la Coordinaci\u00f3n Estatal Antisecuestro, de la Procuradur\u00eda General de Justicia de Tamaulipas cumplimentaron una orden de aprehensi\u00f3n en contra de \u00d3scar Joel \u201cN\u201d, Julieta Lizzeth \u201cN\u201d y Marco Antonio \u201cN\u201d por el delito de secuestro agravado. El agente del Ministerio P\u00fablico present\u00f3 elementos suficientes que\u2026","rel":"","context":"En \u00abTamaulipas\u00bb","block_context":{"text":"Tamaulipas","link":"https:\/\/mexicocodigorojo.com.mx\/?cat=2"},"img":{"alt_text":"","src":"https:\/\/i0.wp.com\/mexicocodigorojo.com.mx\/wp-content\/uploads\/2019\/02\/img_20190215_2334088640843548478384486.jpg?resize=350%2C200&ssl=1","width":350,"height":200,"srcset":"https:\/\/i0.wp.com\/mexicocodigorojo.com.mx\/wp-content\/uploads\/2019\/02\/img_20190215_2334088640843548478384486.jpg?resize=350%2C200&ssl=1 1x, https:\/\/i0.wp.com\/mexicocodigorojo.com.mx\/wp-content\/uploads\/2019\/02\/img_20190215_2334088640843548478384486.jpg?resize=525%2C300&ssl=1 1.5x, https:\/\/i0.wp.com\/mexicocodigorojo.com.mx\/wp-content\/uploads\/2019\/02\/img_20190215_2334088640843548478384486.jpg?resize=700%2C400&ssl=1 2x, https:\/\/i0.wp.com\/mexicocodigorojo.com.mx\/wp-content\/uploads\/2019\/02\/img_20190215_2334088640843548478384486.jpg?resize=1050%2C600&ssl=1 3x"},"classes":[]},{"id":62520,"url":"https:\/\/mexicocodigorojo.com.mx\/?p=62520","url_meta":{"origin":62508,"position":1},"title":"MORENA Vs MORENA; Ejecutan en CEDES Reynosa a secuestrador del padre de una senadora suplente","author":"MexicoRojoCvmx","date":"agosto 7, 2024","format":false,"excerpt":"En un giro inesperado y tr\u00e1gico, uno de los presuntos secuestradores del empresario Jos\u00e9 Ventura Castillo Ram\u00edrez, Jared Alberto \"D\", fue encontrado muerto en su celda, bajo circunstancias que han levantado sospechas y preguntas sobre las condiciones de su deceso. Contexto del Secuestro Jos\u00e9 Ventura Castillo Ram\u00edrez, empresario y padre\u2026","rel":"","context":"En \u00abFeatured\u00bb","block_context":{"text":"Featured","link":"https:\/\/mexicocodigorojo.com.mx\/?cat=1724"},"img":{"alt_text":"","src":"https:\/\/i0.wp.com\/mexicocodigorojo.com.mx\/wp-content\/uploads\/2024\/08\/Muerto.jpg?fit=1200%2C526&ssl=1&resize=350%2C200","width":350,"height":200,"srcset":"https:\/\/i0.wp.com\/mexicocodigorojo.com.mx\/wp-content\/uploads\/2024\/08\/Muerto.jpg?fit=1200%2C526&ssl=1&resize=350%2C200 1x, https:\/\/i0.wp.com\/mexicocodigorojo.com.mx\/wp-content\/uploads\/2024\/08\/Muerto.jpg?fit=1200%2C526&ssl=1&resize=525%2C300 1.5x, https:\/\/i0.wp.com\/mexicocodigorojo.com.mx\/wp-content\/uploads\/2024\/08\/Muerto.jpg?fit=1200%2C526&ssl=1&resize=700%2C400 2x, https:\/\/i0.wp.com\/mexicocodigorojo.com.mx\/wp-content\/uploads\/2024\/08\/Muerto.jpg?fit=1200%2C526&ssl=1&resize=1050%2C600 3x"},"classes":[]},{"id":6162,"url":"https:\/\/mexicocodigorojo.com.mx\/?p=6162","url_meta":{"origin":62508,"position":2},"title":"TAMAULIPAS: M\u00c1S DE 220 A\u00d1OS DE PRISION A 3 ZETAS POR SECUESTRO","author":"Staff","date":"octubre 16, 2018","format":false,"excerpt":"CIUDAD DE M\u00c9XICO (apro).- Tres integrantes de la organizaci\u00f3n criminal Los Zetas recibieron sentencias condenatorias de entre 220 y 225 a\u00f1os de prisi\u00f3n por su responsabilidad en el delito de secuestro,Un comunicado de la Procuradur\u00eda General de la Rep\u00fablica inform\u00f3 que a Tob\u00edas \u201cP\u201d le fue impuesta una pena de\u2026","rel":"","context":"En \u00abTamaulipas\u00bb","block_context":{"text":"Tamaulipas","link":"https:\/\/mexicocodigorojo.com.mx\/?cat=2"},"img":{"alt_text":"","src":"","width":0,"height":0},"classes":[]},{"id":27752,"url":"https:\/\/mexicocodigorojo.com.mx\/?p=27752","url_meta":{"origin":62508,"position":3},"title":"Ciudad Victoria est\u00e1 de luto por asesinato de un peque\u00f1o","author":"Staff","date":"noviembre 26, 2019","format":false,"excerpt":"Ciudad Victoria, Tamaulipas.- Derivado de la denuncia presentada por el delito de secuestro en contra de un menor de edad, acontecido en Ciudad Victoria el pasado 19 de noviembre, Agentes de la Unidad Especializada en Combate al Secuestro y Extorsi\u00f3n (UECSE) de la Fiscal\u00eda General de Justicia del Estado de\u2026","rel":"","context":"En \u00abTamaulipas\u00bb","block_context":{"text":"Tamaulipas","link":"https:\/\/mexicocodigorojo.com.mx\/?cat=2"},"img":{"alt_text":"","src":"https:\/\/i0.wp.com\/secureservercdn.net\/166.62.108.22\/cg1.af3.myftpupload.com\/wp-content\/uploads\/2019\/11\/a4814968-3621-4006-aed7-af3e0be36403.jpg?resize=350%2C200&ssl=1","width":350,"height":200},"classes":[]},{"id":63014,"url":"https:\/\/mexicocodigorojo.com.mx\/?p=63014","url_meta":{"origin":62508,"position":4},"title":"Secuestro del Diputado Vicente Ver\u00e1stegui: La Sombra del Crimen Organizado en Xicot\u00e9ncatl","author":"MexicoRojoCvmx","date":"octubre 12, 2024","format":false,"excerpt":"CIUDAD VICTORIA, TAMPS. Tras la reciente liberaci\u00f3n del diputado local Vicente Ver\u00e1stegui Ostos, se han revelado inquietantes detalles sobre su secuestro, ocurrido ayer en un clima de tensi\u00f3n en la regi\u00f3n ca\u00f1era de Tamaulipas. La Fiscal\u00eda del Estado ha confirmado que el legislador se encuentra en buen estado de salud;\u2026","rel":"","context":"En \u00abFeatured\u00bb","block_context":{"text":"Featured","link":"https:\/\/mexicocodigorojo.com.mx\/?cat=1724"},"img":{"alt_text":"","src":"https:\/\/i0.wp.com\/mexicocodigorojo.com.mx\/wp-content\/uploads\/2024\/10\/Captura-de-pantalla-2024-10-12-124033.png?fit=685%2C521&ssl=1&resize=350%2C200","width":350,"height":200,"srcset":"https:\/\/i0.wp.com\/mexicocodigorojo.com.mx\/wp-content\/uploads\/2024\/10\/Captura-de-pantalla-2024-10-12-124033.png?fit=685%2C521&ssl=1&resize=350%2C200 1x, https:\/\/i0.wp.com\/mexicocodigorojo.com.mx\/wp-content\/uploads\/2024\/10\/Captura-de-pantalla-2024-10-12-124033.png?fit=685%2C521&ssl=1&resize=525%2C300 1.5x"},"classes":[]},{"id":54213,"url":"https:\/\/mexicocodigorojo.com.mx\/?p=54213","url_meta":{"origin":62508,"position":5},"title":"Alcalde morenista amenaza a Fiscal en Tamaulipas","author":"Staff","date":"octubre 3, 2022","format":false,"excerpt":"El Alcalde morenista, Eduardo Gattas B\u00e1ez, del municipio de Ciudad Victoria, amenaz\u00f3 esta ma\u00f1ana al Fiscal de Tamaulipas, Irving Barrios Mojica, derivado de las investigaciones que mantiene ante la Fiscal\u00eda General de Justicia del Estado a causa de la camioneta blindada y una serie de indagatorias por manejo de recursos\u2026","rel":"","context":"En \u00abFeatured\u00bb","block_context":{"text":"Featured","link":"https:\/\/mexicocodigorojo.com.mx\/?cat=1724"},"img":{"alt_text":"","src":"https:\/\/i0.wp.com\/mexicocodigorojo.com.mx\/wp-content\/uploads\/2022\/10\/bfc490f4-c776-46b6-ae4c-b0af2a7de333.jpg?fit=647%2C474&ssl=1&resize=350%2C200","width":350,"height":200,"srcset":"https:\/\/i0.wp.com\/mexicocodigorojo.com.mx\/wp-content\/uploads\/2022\/10\/bfc490f4-c776-46b6-ae4c-b0af2a7de333.jpg?fit=647%2C474&ssl=1&resize=350%2C200 1x, https:\/\/i0.wp.com\/mexicocodigorojo.com.mx\/wp-content\/uploads\/2022\/10\/bfc490f4-c776-46b6-ae4c-b0af2a7de333.jpg?fit=647%2C474&ssl=1&resize=525%2C300 1.5x"},"classes":[]}],"jetpack_sharing_enabled":true,"jetpack_likes_enabled":true,"jetpack_shortlink":"https:\/\/wp.me\/p9TedA-ggc","_links":{"self":[{"href":"https:\/\/mexicocodigorojo.com.mx\/index.php?rest_route=\/wp\/v2\/posts\/62508","targetHints":{"allow":["GET"]}}],"collection":[{"href":"https:\/\/mexicocodigorojo.com.mx\/index.php?rest_route=\/wp\/v2\/posts"}],"about":[{"href":"https:\/\/mexicocodigorojo.com.mx\/index.php?rest_route=\/wp\/v2\/types\/post"}],"author":[{"embeddable":true,"href":"https:\/\/mexicocodigorojo.com.mx\/index.php?rest_route=\/wp\/v2\/users\/5"}],"replies":[{"embeddable":true,"href":"https:\/\/mexicocodigorojo.com.mx\/index.php?rest_route=%2Fwp%2Fv2%2Fcomments&post=62508"}],"version-history":[{"count":0,"href":"https:\/\/mexicocodigorojo.com.mx\/index.php?rest_route=\/wp\/v2\/posts\/62508\/revisions"}],"wp:featuredmedia":[{"embeddable":true,"href":"https:\/\/mexicocodigorojo.com.mx\/index.php?rest_route=\/wp\/v2\/media\/62507"}],"wp:attachment":[{"href":"https:\/\/mexicocodigorojo.com.mx\/index.php?rest_route=%2Fwp%2Fv2%2Fmedia&parent=62508"}],"wp:term":[{"taxonomy":"category","embeddable":true,"href":"https:\/\/mexicocodigorojo.com.mx\/index.php?rest_route=%2Fwp%2Fv2%2Fcategories&post=62508"},{"taxonomy":"post_tag","embeddable":true,"href":"https:\/\/mexicocodigorojo.com.mx\/index.php?rest_route=%2Fwp%2Fv2%2Ftags&post=62508"}],"curies":[{"name":"wp","href":"https:\/\/api.w.org\/{rel}","templated":true}]}}