{"id":62481,"date":"2024-08-02T22:05:06","date_gmt":"2024-08-03T04:05:06","guid":{"rendered":"https:\/\/mexicocodigorojo.com.mx\/?p=62481"},"modified":"2024-08-02T22:05:06","modified_gmt":"2024-08-03T04:05:06","slug":"liberan-a-empresario-restaurantero-del-huachinango-secuestrado-en-reynosa","status":"publish","type":"post","link":"https:\/\/mexicocodigorojo.com.mx\/?p=62481","title":{"rendered":"Liberan a empresario restaurantero del Huachinango secuestrado en Reynosa"},"content":{"rendered":"\n<p><strong>REYNOSA, Tamaulipas.- Jos\u00e9 Ventura Castillo Ram\u00edrez<\/strong>,&nbsp;<strong>empresario restaurantero<\/strong>&nbsp;que fue secuestrado en el estado de&nbsp;<strong>Tamaulipas<\/strong>, fue liberado.<\/p>\n\n\n\n<p>Delia Quiroga, activista que <a href=\"https:\/\/twitter.com\/deliaquiroa\/status\/1819119078273155210?s=46&#038;t=_-nmVSAP6YZgfYt1e4ddZg\" target=\"_blank\" rel=\"noreferrer noopener\">pidi\u00f3 ayuda a grupos delictivos para su liberaci\u00f3n<\/a>, dio a conocer que el hombre de 78 a\u00f1os fue puesto en libertad.<\/p>\n\n\n\n<h2 class=\"wp-block-heading\">Gabinete de seguridad da conocer liberaci\u00f3n del empresario<\/h2>\n\n\n\n<p>En el marco del informe de seguridad efectuado este viernes 2 de agosto en el sal\u00f3n Ignacio Zaragoza de Palacio Nacional, al presidente de M\u00e9xico, Andr\u00e9s Manuel L\u00f3pez Obrador fue informado de la liberaci\u00f3n del Jos\u00e9 Ventura Castillo, padre de la senadora suplente de Morena, Olga Sosa, Ver\u00f3nica Castillo (Olga Sosa es la senadora electa titular) quien fuera secuestrado en Reynosa.<\/p>\n\n\n\n<p>Sin dar detalle de los 2 millones de pesos que exig\u00edan los secuestradores por su liberaci\u00f3n, la titular de la Secretar\u00eda de Seguridad y Protecci\u00f3n Ciudadana, (SSPC), Rosa Icela Rodr\u00edguez tampoco revel\u00f3 si la solicitud de apoyo al C\u00e1rtel Jalisco Nueva Generaci\u00f3n y al C\u00e1rtel del Golfo para rescatarlo hecha por sus familiares.<\/p>\n\n\n\n<figure class=\"wp-block-embed is-type-rich is-provider-twitter wp-block-embed-twitter\"><div class=\"wp-block-embed__wrapper\">\n<blockquote class=\"twitter-tweet\" data-width=\"550\" data-dnt=\"true\"><p lang=\"es\" dir=\"ltr\"><a href=\"https:\/\/twitter.com\/hashtag\/Noticias?src=hash&amp;ref_src=twsrc%5Etfw\">#Noticias<\/a> | El subsecretario de la <a href=\"https:\/\/twitter.com\/SSPCMexico?ref_src=twsrc%5Etfw\">@SSPCMexico<\/a>, Luis Rodr\u00edguez, confirm\u00f3 que fue liberado el restaurantero de <a href=\"https:\/\/twitter.com\/hashtag\/Reynosa?src=hash&amp;ref_src=twsrc%5Etfw\">#Reynosa<\/a>, Jos\u00e9 Ventura Castillo Fuentes. Dieron a conocer que regres\u00f3 a su domicilio despu\u00e9s de que fuera privado de la libertad desde el pasado 31 de julio. <a href=\"https:\/\/t.co\/kvBI2Oylce\">pic.twitter.com\/kvBI2Oylce<\/a><\/p>&mdash; El Ma\u00f1ana de Reynosa (@elmananareynosa) <a href=\"https:\/\/twitter.com\/elmananareynosa\/status\/1819373112640622871?ref_src=twsrc%5Etfw\">August 2, 2024<\/a><\/blockquote><script async src=\"https:\/\/platform.twitter.com\/widgets.js\" charset=\"utf-8\"><\/script>\n<\/div><\/figure>\n\n\n\n<p><\/p>\n","protected":false},"excerpt":{"rendered":"<p>REYNOSA, Tamaulipas.- Jos\u00e9 Ventura Castillo Ram\u00edrez,&nbsp;empresario restaurantero&nbsp;que fue secuestrado en el estado de&nbsp;Tamaulipas, fue liberado. Delia Quiroga, activista que pidi\u00f3 ayuda a grupos delictivos para su liberaci\u00f3n, dio a conocer que el hombre de 78 a\u00f1os fue puesto en libertad. Gabinete de seguridad da conocer liberaci\u00f3n del empresario En el marco del informe de seguridad [&hellip;]<\/p>\n","protected":false},"author":5,"featured_media":62480,"comment_status":"open","ping_status":"open","sticky":false,"template":"","format":"standard","meta":{"_uf_show_specific_survey":0,"_uf_disable_surveys":false,"advanced_seo_description":"","jetpack_seo_html_title":"","jetpack_seo_noindex":false,"jetpack_post_was_ever_published":false,"_jetpack_newsletter_access":"","_jetpack_dont_email_post_to_subs":false,"_jetpack_newsletter_tier_id":0,"_jetpack_memberships_contains_paywalled_content":false,"_jetpack_memberships_contains_paid_content":false,"footnotes":"","jetpack_publicize_message":"","jetpack_publicize_feature_enabled":true,"jetpack_social_post_already_shared":true,"jetpack_social_options":{"image_generator_settings":{"template":"highway","default_image_id":0,"font":"","enabled":false},"version":2}},"categories":[1724,2],"tags":[30],"class_list":{"0":"post-62481","1":"post","2":"type-post","3":"status-publish","4":"format-standard","5":"has-post-thumbnail","7":"category-featured","8":"category-tamaulipas","9":"tag-secuestro"},"jetpack_publicize_connections":[],"jetpack_featured_media_url":"https:\/\/i0.wp.com\/mexicocodigorojo.com.mx\/wp-content\/uploads\/2024\/08\/4aad4a3e-0ea8-4ebc-9438-42568cf3b72f-1.jpg?fit=750%2C473&ssl=1","jetpack-related-posts":[{"id":62520,"url":"https:\/\/mexicocodigorojo.com.mx\/?p=62520","url_meta":{"origin":62481,"position":0},"title":"MORENA Vs MORENA; Ejecutan en CEDES Reynosa a secuestrador del padre de una senadora suplente","author":"MexicoRojoCvmx","date":"agosto 7, 2024","format":false,"excerpt":"En un giro inesperado y tr\u00e1gico, uno de los presuntos secuestradores del empresario Jos\u00e9 Ventura Castillo Ram\u00edrez, Jared Alberto \"D\", fue encontrado muerto en su celda, bajo circunstancias que han levantado sospechas y preguntas sobre las condiciones de su deceso. Contexto del Secuestro Jos\u00e9 Ventura Castillo Ram\u00edrez, empresario y padre\u2026","rel":"","context":"En \u00abFeatured\u00bb","block_context":{"text":"Featured","link":"https:\/\/mexicocodigorojo.com.mx\/?cat=1724"},"img":{"alt_text":"","src":"https:\/\/i0.wp.com\/mexicocodigorojo.com.mx\/wp-content\/uploads\/2024\/08\/Muerto.jpg?fit=1200%2C526&ssl=1&resize=350%2C200","width":350,"height":200,"srcset":"https:\/\/i0.wp.com\/mexicocodigorojo.com.mx\/wp-content\/uploads\/2024\/08\/Muerto.jpg?fit=1200%2C526&ssl=1&resize=350%2C200 1x, https:\/\/i0.wp.com\/mexicocodigorojo.com.mx\/wp-content\/uploads\/2024\/08\/Muerto.jpg?fit=1200%2C526&ssl=1&resize=525%2C300 1.5x, https:\/\/i0.wp.com\/mexicocodigorojo.com.mx\/wp-content\/uploads\/2024\/08\/Muerto.jpg?fit=1200%2C526&ssl=1&resize=700%2C400 2x, https:\/\/i0.wp.com\/mexicocodigorojo.com.mx\/wp-content\/uploads\/2024\/08\/Muerto.jpg?fit=1200%2C526&ssl=1&resize=1050%2C600 3x"},"classes":[]},{"id":51295,"url":"https:\/\/mexicocodigorojo.com.mx\/?p=51295","url_meta":{"origin":62481,"position":1},"title":"Empresario restaurantero, v\u00edctima de atentado que termin\u00f3 en AICM","author":"Staff","date":"octubre 15, 2021","format":false,"excerpt":"Un empresario restaurantero fue la v\u00edctima de la persecuci\u00f3n y balacera que finaliz\u00f3 en las inmediaciones del Aeropuerto Internacional de la Ciudad de M\u00e9xico (AICM). La ma\u00f1ana de este viernes la Secretar\u00eda de Seguridad Ciudadana (SSC) de la Ciudad de M\u00e9xico atendi\u00f3 un reporte de disparos en la Terminal 2\u2026","rel":"","context":"En \u00abCiudad de M\u00e9xico\u00bb","block_context":{"text":"Ciudad de M\u00e9xico","link":"https:\/\/mexicocodigorojo.com.mx\/?cat=101"},"img":{"alt_text":"","src":"https:\/\/i0.wp.com\/mexicocodigorojo.com.mx\/wp-content\/uploads\/2021\/10\/camioneta-de-empresario-restaurantero-atacado-en-inmediaciones-del-aicm.jpg?fit=980%2C550&ssl=1&resize=350%2C200","width":350,"height":200,"srcset":"https:\/\/i0.wp.com\/mexicocodigorojo.com.mx\/wp-content\/uploads\/2021\/10\/camioneta-de-empresario-restaurantero-atacado-en-inmediaciones-del-aicm.jpg?fit=980%2C550&ssl=1&resize=350%2C200 1x, https:\/\/i0.wp.com\/mexicocodigorojo.com.mx\/wp-content\/uploads\/2021\/10\/camioneta-de-empresario-restaurantero-atacado-en-inmediaciones-del-aicm.jpg?fit=980%2C550&ssl=1&resize=525%2C300 1.5x, https:\/\/i0.wp.com\/mexicocodigorojo.com.mx\/wp-content\/uploads\/2021\/10\/camioneta-de-empresario-restaurantero-atacado-en-inmediaciones-del-aicm.jpg?fit=980%2C550&ssl=1&resize=700%2C400 2x"},"classes":[]},{"id":62508,"url":"https:\/\/mexicocodigorojo.com.mx\/?p=62508","url_meta":{"origin":62481,"position":2},"title":"Tres detenidos por secuestro de empresario en la colonia Rinc\u00f3n del Valle","author":"Staff","date":"agosto 4, 2024","format":false,"excerpt":"Derivado de las acciones realizadas como parte de las indagatorias por la privaci\u00f3n de la libertad y posterior liberaci\u00f3n, sin pago de por medio, del C. Jos\u00e9 Ventura \u201cC\u201d, registrada el pasado 31 de julio en la colonia Rinc\u00f3n del Valle del municipio de Reynosa, la Fiscal\u00eda General de Justicia\u2026","rel":"","context":"En \u00abFeatured\u00bb","block_context":{"text":"Featured","link":"https:\/\/mexicocodigorojo.com.mx\/?cat=1724"},"img":{"alt_text":"","src":"https:\/\/i0.wp.com\/mexicocodigorojo.com.mx\/wp-content\/uploads\/2024\/08\/5c565c61-3461-4d05-957c-839445e4117f-1.jpg?fit=1200%2C1200&ssl=1&resize=350%2C200","width":350,"height":200,"srcset":"https:\/\/i0.wp.com\/mexicocodigorojo.com.mx\/wp-content\/uploads\/2024\/08\/5c565c61-3461-4d05-957c-839445e4117f-1.jpg?fit=1200%2C1200&ssl=1&resize=350%2C200 1x, https:\/\/i0.wp.com\/mexicocodigorojo.com.mx\/wp-content\/uploads\/2024\/08\/5c565c61-3461-4d05-957c-839445e4117f-1.jpg?fit=1200%2C1200&ssl=1&resize=525%2C300 1.5x, https:\/\/i0.wp.com\/mexicocodigorojo.com.mx\/wp-content\/uploads\/2024\/08\/5c565c61-3461-4d05-957c-839445e4117f-1.jpg?fit=1200%2C1200&ssl=1&resize=700%2C400 2x, https:\/\/i0.wp.com\/mexicocodigorojo.com.mx\/wp-content\/uploads\/2024\/08\/5c565c61-3461-4d05-957c-839445e4117f-1.jpg?fit=1200%2C1200&ssl=1&resize=1050%2C600 3x"},"classes":[]},{"id":37082,"url":"https:\/\/mexicocodigorojo.com.mx\/?p=37082","url_meta":{"origin":62481,"position":3},"title":"Detienen a l\u00edder criminal en Reynosa","author":"Staff","date":"abril 17, 2020","format":false,"excerpt":"Ingres\u00f3 a las instalaciones del reclusorio varonil y\u00a0\u00a0fue detenido por la Guardia Nacional Hugo Adri\u00e1n Negrete S\u00e1nchez, presunto l\u00edder criminal\u00a0que fue detenido por personal de la\u00a0Guardia Nacional\u00a0en\u00a0Reynosa Tamaulipas, result\u00f3 ser el tercer implicado en el asesinato del empresario ganadero\u00a0Juan Manuel Villarreal Vald\u00e9s. El traslado de \u201cNegrete\u201d se efectu\u00f3 con fuertes\u2026","rel":"","context":"En \u00abTamaulipas\u00bb","block_context":{"text":"Tamaulipas","link":"https:\/\/mexicocodigorojo.com.mx\/?cat=2"},"img":{"alt_text":"","src":"https:\/\/i0.wp.com\/mexicocodigorojo.com.mx\/wp-content\/uploads\/2020\/04\/831348.jpg?fit=1200%2C900&ssl=1&resize=350%2C200","width":350,"height":200,"srcset":"https:\/\/i0.wp.com\/mexicocodigorojo.com.mx\/wp-content\/uploads\/2020\/04\/831348.jpg?fit=1200%2C900&ssl=1&resize=350%2C200 1x, https:\/\/i0.wp.com\/mexicocodigorojo.com.mx\/wp-content\/uploads\/2020\/04\/831348.jpg?fit=1200%2C900&ssl=1&resize=525%2C300 1.5x, https:\/\/i0.wp.com\/mexicocodigorojo.com.mx\/wp-content\/uploads\/2020\/04\/831348.jpg?fit=1200%2C900&ssl=1&resize=700%2C400 2x, https:\/\/i0.wp.com\/mexicocodigorojo.com.mx\/wp-content\/uploads\/2020\/04\/831348.jpg?fit=1200%2C900&ssl=1&resize=1050%2C600 3x"},"classes":[]},{"id":24567,"url":"https:\/\/mexicocodigorojo.com.mx\/?p=24567","url_meta":{"origin":62481,"position":4},"title":"Sentencia de 40 a\u00f1os de prisi\u00f3n a Edgar por secuestro en Reynosa","author":"Staff","date":"octubre 2, 2019","format":false,"excerpt":"Octubre 02 de 2019 PGJE-274-2019 Reynosa, Tamaulipas.- La Procuradur\u00eda General de Justicia de Tamaulipas informa que fue dictada sentencia de 40 a\u00f1os de prisi\u00f3n en contra de Edgar \u201cN\u201d por el delito de secuestro. El Agente del Ministerio P\u00fablico logro acreditar fehacientemente ante la autoridad judicial la responsabilidad del hoy\u2026","rel":"","context":"En \u00abTamaulipas\u00bb","block_context":{"text":"Tamaulipas","link":"https:\/\/mexicocodigorojo.com.mx\/?cat=2"},"img":{"alt_text":"","src":"","width":0,"height":0},"classes":[]},{"id":53088,"url":"https:\/\/mexicocodigorojo.com.mx\/?p=53088","url_meta":{"origin":62481,"position":5},"title":"Escapa a EU operadora pol\u00edtica de Am\u00e9rico Villarreal","author":"MexicoRojoCvmx","date":"junio 1, 2022","format":false,"excerpt":"Monterrey, Nuevo Le\u00f3n.- La ex diputada Olga Sosa, una de las principales operadoras pol\u00edticas del candidato de Morena al gobierno de Tamaulipas, Am\u00e9rico Villarreal Anaya, escap\u00f3 a Estados Unidos por temor a ser detenida al comprobarse su relaci\u00f3n con el hoy finado \u201cRey del huachicol\u201d, Sergio Carmona Angulo. Una nota\u2026","rel":"","context":"En \u00abFeatured\u00bb","block_context":{"text":"Featured","link":"https:\/\/mexicocodigorojo.com.mx\/?cat=1724"},"img":{"alt_text":"","src":"https:\/\/i0.wp.com\/mexicocodigorojo.com.mx\/wp-content\/uploads\/2022\/06\/Captura-de-pantalla-2022-06-01-123117.jpg?fit=673%2C445&ssl=1&resize=350%2C200","width":350,"height":200,"srcset":"https:\/\/i0.wp.com\/mexicocodigorojo.com.mx\/wp-content\/uploads\/2022\/06\/Captura-de-pantalla-2022-06-01-123117.jpg?fit=673%2C445&ssl=1&resize=350%2C200 1x, https:\/\/i0.wp.com\/mexicocodigorojo.com.mx\/wp-content\/uploads\/2022\/06\/Captura-de-pantalla-2022-06-01-123117.jpg?fit=673%2C445&ssl=1&resize=525%2C300 1.5x"},"classes":[]}],"jetpack_sharing_enabled":true,"jetpack_likes_enabled":true,"jetpack_shortlink":"https:\/\/wp.me\/p9TedA-gfL","_links":{"self":[{"href":"https:\/\/mexicocodigorojo.com.mx\/index.php?rest_route=\/wp\/v2\/posts\/62481","targetHints":{"allow":["GET"]}}],"collection":[{"href":"https:\/\/mexicocodigorojo.com.mx\/index.php?rest_route=\/wp\/v2\/posts"}],"about":[{"href":"https:\/\/mexicocodigorojo.com.mx\/index.php?rest_route=\/wp\/v2\/types\/post"}],"author":[{"embeddable":true,"href":"https:\/\/mexicocodigorojo.com.mx\/index.php?rest_route=\/wp\/v2\/users\/5"}],"replies":[{"embeddable":true,"href":"https:\/\/mexicocodigorojo.com.mx\/index.php?rest_route=%2Fwp%2Fv2%2Fcomments&post=62481"}],"version-history":[{"count":0,"href":"https:\/\/mexicocodigorojo.com.mx\/index.php?rest_route=\/wp\/v2\/posts\/62481\/revisions"}],"wp:featuredmedia":[{"embeddable":true,"href":"https:\/\/mexicocodigorojo.com.mx\/index.php?rest_route=\/wp\/v2\/media\/62480"}],"wp:attachment":[{"href":"https:\/\/mexicocodigorojo.com.mx\/index.php?rest_route=%2Fwp%2Fv2%2Fmedia&parent=62481"}],"wp:term":[{"taxonomy":"category","embeddable":true,"href":"https:\/\/mexicocodigorojo.com.mx\/index.php?rest_route=%2Fwp%2Fv2%2Fcategories&post=62481"},{"taxonomy":"post_tag","embeddable":true,"href":"https:\/\/mexicocodigorojo.com.mx\/index.php?rest_route=%2Fwp%2Fv2%2Ftags&post=62481"}],"curies":[{"name":"wp","href":"https:\/\/api.w.org\/{rel}","templated":true}]}}