{"id":62475,"date":"2024-08-02T21:41:42","date_gmt":"2024-08-03T03:41:42","guid":{"rendered":"https:\/\/mexicocodigorojo.com.mx\/?p=62475"},"modified":"2024-08-02T21:41:42","modified_gmt":"2024-08-03T03:41:42","slug":"trasladan-desde-cedes-de-tamaulipas-a-68-personas-privadas-de-la-libertad-a-ceferesos","status":"publish","type":"post","link":"https:\/\/mexicocodigorojo.com.mx\/?p=62475","title":{"rendered":"Trasladan desde CEDES de Tamaulipas a 68 personas privadas de la libertad a CEFERESOS"},"content":{"rendered":"\n<p>Ciudad Victoria, Tamaulipas.- Teniendo como principio b\u00e1sico el respeto a los Derechos Humanos, la Secretar\u00eda de Seguridad P\u00fablica de Tamaulipas (SSPT) efectu\u00f3 el traslado de 68 personas privadas de la libertad (PPLs) desde los Centros de Ejecuci\u00f3n de Sanciones (CEDES) de esta entidad hacia diferentes Centros Federales de Readaptaci\u00f3n Social (CEFERESOS) del pa\u00eds.<\/p>\n\n\n\n<p>A trav\u00e9s de la subsecretar\u00eda de ejecuci\u00f3n de sanciones y reinserci\u00f3n social de la SSPT se llev\u00f3 a cabo esta actividad cuyo prop\u00f3sito es mejorar las condiciones de seguridad de las PPLs que se encuentran al interior de diferentes centros penitenciarios de Tamaulipas.<\/p>\n\n\n\n<p>Este traslado se realiz\u00f3 en un esfuerzo coordinado en el que particip\u00f3 personal de los Cuerpos de Vigilancia, Custodia y Seguridad; Guardia Estatal; Guardia Nacional y de la Comisi\u00f3n de derechos Humanos del Estado de Tamaulipas (CODHET), as\u00ed como personal administrativo perteneciente a la Subsecretar\u00eda de Ejecuci\u00f3n de Sanciones y Reinserci\u00f3n Social de la Secretar\u00eda de Seguridad P\u00fablica de Tamaulipas (SSPT).<\/p>\n\n\n\n<figure class=\"wp-block-embed is-type-rich is-provider-twitter wp-block-embed-twitter\"><div class=\"wp-block-embed__wrapper\">\n<blockquote class=\"twitter-tweet\" data-width=\"550\" data-dnt=\"true\"><p lang=\"es\" dir=\"ltr\">Trasladan desde CEDES de <a href=\"https:\/\/twitter.com\/hashtag\/Tamaulipas?src=hash&amp;ref_src=twsrc%5Etfw\">#Tamaulipas<\/a> a 68 personas privadas de la libertad a CEFERESOS. Esta medida es para mejorar las condiciones de la seguridad de los ppls. <a href=\"https:\/\/t.co\/LKj7VQqeoT\">pic.twitter.com\/LKj7VQqeoT<\/a><\/p>&mdash; ElGuzman (@FuriaNegra77) <a href=\"https:\/\/twitter.com\/FuriaNegra77\/status\/1819578998516523008?ref_src=twsrc%5Etfw\">August 3, 2024<\/a><\/blockquote><script async src=\"https:\/\/platform.twitter.com\/widgets.js\" charset=\"utf-8\"><\/script>\n<\/div><\/figure>\n","protected":false},"excerpt":{"rendered":"<p>Ciudad Victoria, Tamaulipas.- Teniendo como principio b\u00e1sico el respeto a los Derechos Humanos, la Secretar\u00eda de Seguridad P\u00fablica de Tamaulipas (SSPT) efectu\u00f3 el traslado de 68 personas privadas de la libertad (PPLs) desde los Centros de Ejecuci\u00f3n de Sanciones (CEDES) de esta entidad hacia diferentes Centros Federales de Readaptaci\u00f3n Social (CEFERESOS) del pa\u00eds. A trav\u00e9s [&hellip;]<\/p>\n","protected":false},"author":5,"featured_media":62474,"comment_status":"open","ping_status":"open","sticky":false,"template":"","format":"standard","meta":{"_uf_show_specific_survey":0,"_uf_disable_surveys":false,"advanced_seo_description":"","jetpack_seo_html_title":"","jetpack_seo_noindex":false,"jetpack_post_was_ever_published":false,"_jetpack_newsletter_access":"","_jetpack_dont_email_post_to_subs":false,"_jetpack_newsletter_tier_id":0,"_jetpack_memberships_contains_paywalled_content":false,"_jetpack_memberships_contains_paid_content":false,"footnotes":"","jetpack_publicize_message":"","jetpack_publicize_feature_enabled":true,"jetpack_social_post_already_shared":true,"jetpack_social_options":{"image_generator_settings":{"template":"highway","default_image_id":0,"font":"","enabled":false},"version":2}},"categories":[1724,2],"tags":[906,40,225],"class_list":{"0":"post-62475","1":"post","2":"type-post","3":"status-publish","4":"format-standard","5":"has-post-thumbnail","7":"category-featured","8":"category-tamaulipas","9":"tag-crimenorganizado","10":"tag-cedes","11":"tag-narcotrafico"},"jetpack_publicize_connections":[],"jetpack_featured_media_url":"https:\/\/i0.wp.com\/mexicocodigorojo.com.mx\/wp-content\/uploads\/2024\/08\/a5ddb392-b96e-4835-856c-efd3e0c310ab-1.jpg?fit=1280%2C960&ssl=1","jetpack-related-posts":[{"id":60287,"url":"https:\/\/mexicocodigorojo.com.mx\/?p=60287","url_meta":{"origin":62475,"position":0},"title":"Inicia en CEDES Altamira votaci\u00f3n de PPLs en Prisi\u00f3n Preventiva","author":"Staff","date":"mayo 6, 2024","format":false,"excerpt":"Altamira, Tamaulipas.- Por primera vez en Tamaulipas, personas privadas de la libertad (PPLs) en prisi\u00f3n preventiva emitir\u00e1n su voto al interior de los Centros de Ejecuci\u00f3n de Sanciones (CEDES) siendo el ubicado en el municipio de Altamira el primero en el que se realice este ejercicio correspondiente al proceso electoral\u2026","rel":"","context":"En \u00abFeatured\u00bb","block_context":{"text":"Featured","link":"https:\/\/mexicocodigorojo.com.mx\/?cat=1724"},"img":{"alt_text":"","src":"https:\/\/i0.wp.com\/mexicocodigorojo.com.mx\/wp-content\/uploads\/2024\/05\/c4856114-238d-4f16-b4db-0242e1952282-1.jpg?fit=1200%2C675&ssl=1&resize=350%2C200","width":350,"height":200,"srcset":"https:\/\/i0.wp.com\/mexicocodigorojo.com.mx\/wp-content\/uploads\/2024\/05\/c4856114-238d-4f16-b4db-0242e1952282-1.jpg?fit=1200%2C675&ssl=1&resize=350%2C200 1x, https:\/\/i0.wp.com\/mexicocodigorojo.com.mx\/wp-content\/uploads\/2024\/05\/c4856114-238d-4f16-b4db-0242e1952282-1.jpg?fit=1200%2C675&ssl=1&resize=525%2C300 1.5x, https:\/\/i0.wp.com\/mexicocodigorojo.com.mx\/wp-content\/uploads\/2024\/05\/c4856114-238d-4f16-b4db-0242e1952282-1.jpg?fit=1200%2C675&ssl=1&resize=700%2C400 2x, https:\/\/i0.wp.com\/mexicocodigorojo.com.mx\/wp-content\/uploads\/2024\/05\/c4856114-238d-4f16-b4db-0242e1952282-1.jpg?fit=1200%2C675&ssl=1&resize=1050%2C600 3x"},"classes":[]},{"id":13466,"url":"https:\/\/mexicocodigorojo.com.mx\/?p=13466","url_meta":{"origin":62475,"position":1},"title":"Trasladan a 29 reos de CEDES fuera de Tamaulipas","author":"Staff","date":"febrero 1, 2019","format":false,"excerpt":"Ciudad Victoria, Tamaulipas.- La Secretar\u00eda de Seguridad P\u00fablica informa que la ma\u00f1ana de este viernes 1 de febrero se realiz\u00f3 la excarcelaci\u00f3n de 29 Personas Privadas de su Libertad (PPLs) de los Centros de Ejecuci\u00f3n de Sanciones (CEDES) de Ciudad Victoria, Matamoros, Reynosa, Nuevo Laredo y Altamira, para su traslado\u2026","rel":"","context":"En \u00abTamaulipas\u00bb","block_context":{"text":"Tamaulipas","link":"https:\/\/mexicocodigorojo.com.mx\/?cat=2"},"img":{"alt_text":"","src":"https:\/\/i0.wp.com\/mexicocodigorojo.com.mx\/wp-content\/uploads\/2019\/02\/img-20190201-wa01005166872980266025983.jpg?resize=350%2C200&ssl=1","width":350,"height":200,"srcset":"https:\/\/i0.wp.com\/mexicocodigorojo.com.mx\/wp-content\/uploads\/2019\/02\/img-20190201-wa01005166872980266025983.jpg?resize=350%2C200&ssl=1 1x, https:\/\/i0.wp.com\/mexicocodigorojo.com.mx\/wp-content\/uploads\/2019\/02\/img-20190201-wa01005166872980266025983.jpg?resize=525%2C300&ssl=1 1.5x, https:\/\/i0.wp.com\/mexicocodigorojo.com.mx\/wp-content\/uploads\/2019\/02\/img-20190201-wa01005166872980266025983.jpg?resize=700%2C400&ssl=1 2x, https:\/\/i0.wp.com\/mexicocodigorojo.com.mx\/wp-content\/uploads\/2019\/02\/img-20190201-wa01005166872980266025983.jpg?resize=1050%2C600&ssl=1 3x"},"classes":[]},{"id":55755,"url":"https:\/\/mexicocodigorojo.com.mx\/?p=55755","url_meta":{"origin":62475,"position":2},"title":"Ante mot\u00edn; \u00abrecuperan\u00bb autoridades control del penal de Victoria","author":"MexicoRojoCvmx","date":"marzo 28, 2023","format":false,"excerpt":"Cd. Victoria, Tam.- La Secretaria de Seguridad P\u00fablica del Estado (SSPT) informa que aproximadamente a las 03:30 horas de este martes se suscit\u00f3 una ri\u00f1a al interior del Centro de Ejecuci\u00f3n de Sanciones (CEDES) de ciudad Victoria, entre integrantes de grupos antag\u00f3nicos. Tras el ingreso de las autoridades del CEDES\u2026","rel":"","context":"En \u00abFeatured\u00bb","block_context":{"text":"Featured","link":"https:\/\/mexicocodigorojo.com.mx\/?cat=1724"},"img":{"alt_text":"","src":"https:\/\/i0.wp.com\/mexicocodigorojo.com.mx\/wp-content\/uploads\/2023\/03\/FsUcm8pXsAAvcaf.jpg?fit=1200%2C900&ssl=1&resize=350%2C200","width":350,"height":200,"srcset":"https:\/\/i0.wp.com\/mexicocodigorojo.com.mx\/wp-content\/uploads\/2023\/03\/FsUcm8pXsAAvcaf.jpg?fit=1200%2C900&ssl=1&resize=350%2C200 1x, https:\/\/i0.wp.com\/mexicocodigorojo.com.mx\/wp-content\/uploads\/2023\/03\/FsUcm8pXsAAvcaf.jpg?fit=1200%2C900&ssl=1&resize=525%2C300 1.5x, https:\/\/i0.wp.com\/mexicocodigorojo.com.mx\/wp-content\/uploads\/2023\/03\/FsUcm8pXsAAvcaf.jpg?fit=1200%2C900&ssl=1&resize=700%2C400 2x, https:\/\/i0.wp.com\/mexicocodigorojo.com.mx\/wp-content\/uploads\/2023\/03\/FsUcm8pXsAAvcaf.jpg?fit=1200%2C900&ssl=1&resize=1050%2C600 3x"},"classes":[]},{"id":27477,"url":"https:\/\/mexicocodigorojo.com.mx\/?p=27477","url_meta":{"origin":62475,"position":3},"title":"Trasladan a 97 reos de penal de Ciudad Victoria a penales federales","author":"Staff","date":"noviembre 21, 2019","format":false,"excerpt":"Ciudad Victoria, Tamaulipas.- La Secretar\u00eda de Seguridad P\u00fablica informa que este jueves 21 de noviembre se llev\u00f3 a cabo el traslado de 97 Personas Privadas de su Libertad (PPLs) del Centro de Ejecuci\u00f3n de Sanciones (Cedes) de Ciudad Victoria hacia penales federales en otras entidades del pa\u00eds. La acci\u00f3n forma\u2026","rel":"","context":"En \u00abTamaulipas\u00bb","block_context":{"text":"Tamaulipas","link":"https:\/\/mexicocodigorojo.com.mx\/?cat=2"},"img":{"alt_text":"","src":"https:\/\/i0.wp.com\/mexicocodigorojo.com.mx\/wp-content\/uploads\/2019\/11\/cd9ecef0-2c41-4beb-a533-c502becb6d5b-1.jpg?fit=1152%2C864&ssl=1&resize=350%2C200","width":350,"height":200,"srcset":"https:\/\/i0.wp.com\/mexicocodigorojo.com.mx\/wp-content\/uploads\/2019\/11\/cd9ecef0-2c41-4beb-a533-c502becb6d5b-1.jpg?fit=1152%2C864&ssl=1&resize=350%2C200 1x, https:\/\/i0.wp.com\/mexicocodigorojo.com.mx\/wp-content\/uploads\/2019\/11\/cd9ecef0-2c41-4beb-a533-c502becb6d5b-1.jpg?fit=1152%2C864&ssl=1&resize=525%2C300 1.5x, https:\/\/i0.wp.com\/mexicocodigorojo.com.mx\/wp-content\/uploads\/2019\/11\/cd9ecef0-2c41-4beb-a533-c502becb6d5b-1.jpg?fit=1152%2C864&ssl=1&resize=700%2C400 2x, https:\/\/i0.wp.com\/mexicocodigorojo.com.mx\/wp-content\/uploads\/2019\/11\/cd9ecef0-2c41-4beb-a533-c502becb6d5b-1.jpg?fit=1152%2C864&ssl=1&resize=1050%2C600 3x"},"classes":[]},{"id":31686,"url":"https:\/\/mexicocodigorojo.com.mx\/?p=31686","url_meta":{"origin":62475,"position":4},"title":"Revientan estatales y federales el Cedes de Nuevo Laredo","author":"Staff","date":"enero 29, 2020","format":false,"excerpt":"Nuevo Laredo, Tamaulipas, 29 Enero 2020.- Personal de la Guardia Nacional y de la Polic\u00eda Estatal, con apoyo perimetral del Ej\u00e9rcito Mexicano, realizaron la ma\u00f1ana de hoy un operativo de revisi\u00f3n en el interior de las instalaciones del Centro de Ejecuci\u00f3n de Sanciones (Cedes) de esta ciudad. En paralelo, se\u2026","rel":"","context":"En \u00abTamaulipas\u00bb","block_context":{"text":"Tamaulipas","link":"https:\/\/mexicocodigorojo.com.mx\/?cat=2"},"img":{"alt_text":"","src":"https:\/\/i0.wp.com\/secureservercdn.net\/166.62.108.22\/cg1.af3.myftpupload.com\/wp-content\/uploads\/2020\/01\/15921a47-a7d0-4f5b-b143-4472e5567cf3.jpg?resize=350%2C200&ssl=1","width":350,"height":200,"srcset":"https:\/\/i0.wp.com\/secureservercdn.net\/166.62.108.22\/cg1.af3.myftpupload.com\/wp-content\/uploads\/2020\/01\/15921a47-a7d0-4f5b-b143-4472e5567cf3.jpg?resize=350%2C200&ssl=1 1x, https:\/\/i0.wp.com\/secureservercdn.net\/166.62.108.22\/cg1.af3.myftpupload.com\/wp-content\/uploads\/2020\/01\/15921a47-a7d0-4f5b-b143-4472e5567cf3.jpg?resize=525%2C300&ssl=1 1.5x, https:\/\/i0.wp.com\/secureservercdn.net\/166.62.108.22\/cg1.af3.myftpupload.com\/wp-content\/uploads\/2020\/01\/15921a47-a7d0-4f5b-b143-4472e5567cf3.jpg?resize=700%2C400&ssl=1 2x, https:\/\/i0.wp.com\/secureservercdn.net\/166.62.108.22\/cg1.af3.myftpupload.com\/wp-content\/uploads\/2020\/01\/15921a47-a7d0-4f5b-b143-4472e5567cf3.jpg?resize=1050%2C600&ssl=1 3x"},"classes":[]},{"id":16994,"url":"https:\/\/mexicocodigorojo.com.mx\/?p=16994","url_meta":{"origin":62475,"position":5},"title":"TAMAULIPAS; RI\u00d1A EN CEDES DE CIUDAD VICTORIA DEJA CUATRO LESIONADOS","author":"Staff","date":"mayo 4, 2019","format":false,"excerpt":"04-MAYO-2019 SSP-071-2019 Ciudad Victoria, Tamaulipas.- La Secretar\u00eda de Seguridad P\u00fablica, informa que la ma\u00f1ana de este s\u00e1bado se registr\u00f3 una ri\u00f1a al interior del Centro de Ejecuci\u00f3n de Sanciones (CEDES) de est\u00e1 capital, en la que resultaron lesionados cuatro Personas Privadas de su Libertad (PPL) por arma punzocortante. Los hechos\u2026","rel":"","context":"En \u00abTamaulipas\u00bb","block_context":{"text":"Tamaulipas","link":"https:\/\/mexicocodigorojo.com.mx\/?cat=2"},"img":{"alt_text":"","src":"https:\/\/i0.wp.com\/mexicocodigorojo.com.mx\/wp-content\/uploads\/2019\/05\/img_20190504_120628353675514152120008.jpg?resize=350%2C200&ssl=1","width":350,"height":200,"srcset":"https:\/\/i0.wp.com\/mexicocodigorojo.com.mx\/wp-content\/uploads\/2019\/05\/img_20190504_120628353675514152120008.jpg?resize=350%2C200&ssl=1 1x, https:\/\/i0.wp.com\/mexicocodigorojo.com.mx\/wp-content\/uploads\/2019\/05\/img_20190504_120628353675514152120008.jpg?resize=525%2C300&ssl=1 1.5x, https:\/\/i0.wp.com\/mexicocodigorojo.com.mx\/wp-content\/uploads\/2019\/05\/img_20190504_120628353675514152120008.jpg?resize=700%2C400&ssl=1 2x, https:\/\/i0.wp.com\/mexicocodigorojo.com.mx\/wp-content\/uploads\/2019\/05\/img_20190504_120628353675514152120008.jpg?resize=1050%2C600&ssl=1 3x"},"classes":[]}],"jetpack_sharing_enabled":true,"jetpack_likes_enabled":true,"jetpack_shortlink":"https:\/\/wp.me\/p9TedA-gfF","_links":{"self":[{"href":"https:\/\/mexicocodigorojo.com.mx\/index.php?rest_route=\/wp\/v2\/posts\/62475","targetHints":{"allow":["GET"]}}],"collection":[{"href":"https:\/\/mexicocodigorojo.com.mx\/index.php?rest_route=\/wp\/v2\/posts"}],"about":[{"href":"https:\/\/mexicocodigorojo.com.mx\/index.php?rest_route=\/wp\/v2\/types\/post"}],"author":[{"embeddable":true,"href":"https:\/\/mexicocodigorojo.com.mx\/index.php?rest_route=\/wp\/v2\/users\/5"}],"replies":[{"embeddable":true,"href":"https:\/\/mexicocodigorojo.com.mx\/index.php?rest_route=%2Fwp%2Fv2%2Fcomments&post=62475"}],"version-history":[{"count":0,"href":"https:\/\/mexicocodigorojo.com.mx\/index.php?rest_route=\/wp\/v2\/posts\/62475\/revisions"}],"wp:featuredmedia":[{"embeddable":true,"href":"https:\/\/mexicocodigorojo.com.mx\/index.php?rest_route=\/wp\/v2\/media\/62474"}],"wp:attachment":[{"href":"https:\/\/mexicocodigorojo.com.mx\/index.php?rest_route=%2Fwp%2Fv2%2Fmedia&parent=62475"}],"wp:term":[{"taxonomy":"category","embeddable":true,"href":"https:\/\/mexicocodigorojo.com.mx\/index.php?rest_route=%2Fwp%2Fv2%2Fcategories&post=62475"},{"taxonomy":"post_tag","embeddable":true,"href":"https:\/\/mexicocodigorojo.com.mx\/index.php?rest_route=%2Fwp%2Fv2%2Ftags&post=62475"}],"curies":[{"name":"wp","href":"https:\/\/api.w.org\/{rel}","templated":true}]}}