{"id":62411,"date":"2024-07-25T18:52:02","date_gmt":"2024-07-26T00:52:02","guid":{"rendered":"https:\/\/mexicocodigorojo.com.mx\/?p=62411"},"modified":"2024-07-25T18:52:02","modified_gmt":"2024-07-26T00:52:02","slug":"adios-mexico-hola-guatemala-mexicanos-buscan-refugio-tras-narcoviolencia","status":"publish","type":"post","link":"https:\/\/mexicocodigorojo.com.mx\/?p=62411","title":{"rendered":"\u00abAdi\u00f3s M\u00e9xico, Hola Guatemala\u00bb: Mexicanos buscan refugio tras narcoviolencia"},"content":{"rendered":"<p>Decenas de familias de M\u00e9xico han escapado a Guatemala por la violencia del narcotr\u00e1fico en el estado sure\u00f1o mexicano de Chiapas, inform\u00f3 el presidente guatemalteco, Bernardo Ar\u00e9valo.<\/p>\n<p>En tanto, la vocera del Ministerio de Defensa, mayor Ann Marie Argueta, dijo a la agencia AFP que el Ej\u00e9rcito \u00abprocedi\u00f3 a reforzar la frontera con M\u00e9xico para proteger la vida de la poblaci\u00f3n guatemalteca\u00bb.<\/p>\n<p>\u00abSe les est\u00e1 dando [asistencia] a las personas que est\u00e1n escapando a esta confrontaci\u00f3n entre grupos [de narcos] que tienen lugar en el lado de M\u00e9xico\u00bb, declar\u00f3 el mandatario en rueda de prensa en el departamento occidental de Solol\u00e1.<\/p>\n<p>Ar\u00e9valo detall\u00f3 que las familias mexicanas se encuentran en el municipio de Cuilco, departamento de Huehuetenango -fronterizo con M\u00e9xico- donde reciben ayuda de las autoridades regionales, municipales y del Ministerio de la Defensa. \u00abDe manera que ya estamos presentes desde el primer momento y ya se est\u00e1 colaborando para darles atenci\u00f3n a esos refugiados\u00bb, agreg\u00f3 el presidente, sin precisar la fecha de la llegada de las familias desplazadas.<\/p>\n<p>La portavoz militar explic\u00f3 que en Guatemala hay un \u00abestimado de 180 personas desplazadas por la delincuencia\u00bb en M\u00e9xico y est\u00e1n albergadas en la aldea Ampliaci\u00f3n Nueva Reforma de Cuilco. Adem\u00e1s, afirm\u00f3 que personal de Defensa, de la Gobernaci\u00f3n y de la Procuradur\u00eda de Derechos Humanos est\u00e1n en el lugar \u00abevaluando lo sucedido\u00bb.<\/p>\n<p>\u00abEl Ej\u00e9rcito de Guatemala mantiene asegurado el l\u00edmite pol\u00edtico internacional con la Rep\u00fablica de M\u00e9xico y se moviliz\u00f3 a m\u00e1s soldados hacia el \u00e1rea\u00bb, a\u00f1adi\u00f3 la vocera.<\/p>\n<p>La zona fronteriza de Chiapas ha registrado un recrudecimiento de la violencia por parte de narcotraficantes. El 28 de junio hubo una masacre que dej\u00f3 19 muertes, entre ellas siete personas guatemaltecas. Desde el 6 de febrero, el Ej\u00e9rcito y la Polic\u00eda de Guatemala realizan operativos en una zona de la frontera con M\u00e9xico para combatir el crimen organizado.<\/p>\n<p>.<\/p>\n<p>Encuentra mayor informaci\u00f3n en <a href=\"https:\/\/linktr.ee\/mexicorojo\">https:\/\/linktr.ee\/mexicorojo<\/a><\/p>\n<p>.<\/p>\n<p>Con informaci\u00f3n de EFE.<\/p>\n","protected":false},"excerpt":{"rendered":"<p>Decenas de familias de M\u00e9xico han escapado a Guatemala por la violencia del narcotr\u00e1fico en el estado sure\u00f1o mexicano de Chiapas, inform\u00f3 el presidente guatemalteco, Bernardo Ar\u00e9valo. En tanto, la vocera del Ministerio de Defensa, mayor Ann Marie Argueta, dijo a la agencia AFP que el Ej\u00e9rcito \u00abprocedi\u00f3 a reforzar la frontera con M\u00e9xico para [&hellip;]<\/p>\n","protected":false},"author":22,"featured_media":62410,"comment_status":"open","ping_status":"open","sticky":false,"template":"","format":"standard","meta":{"_uf_show_specific_survey":0,"_uf_disable_surveys":false,"advanced_seo_description":"","jetpack_seo_html_title":"","jetpack_seo_noindex":false,"jetpack_post_was_ever_published":false,"_jetpack_newsletter_access":"","_jetpack_dont_email_post_to_subs":false,"_jetpack_newsletter_tier_id":0,"_jetpack_memberships_contains_paywalled_content":false,"_jetpack_memberships_contains_paid_content":false,"footnotes":"","jetpack_publicize_message":"","jetpack_publicize_feature_enabled":true,"jetpack_social_post_already_shared":true,"jetpack_social_options":{"image_generator_settings":{"template":"highway","default_image_id":0,"font":"","enabled":false},"version":2}},"categories":[101,1724,14],"tags":[942,2581],"class_list":{"0":"post-62411","1":"post","2":"type-post","3":"status-publish","4":"format-standard","5":"has-post-thumbnail","7":"category-ciudad-de-mexico","8":"category-featured","9":"category-internacional","10":"tag-migracion","11":"tag-narcoviolencia"},"jetpack_publicize_connections":[],"jetpack_featured_media_url":"https:\/\/i0.wp.com\/mexicocodigorojo.com.mx\/wp-content\/uploads\/2024\/07\/59245660_803.webp?fit=575%2C575&ssl=1","jetpack-related-posts":[{"id":43342,"url":"https:\/\/mexicocodigorojo.com.mx\/?p=43342","url_meta":{"origin":62411,"position":0},"title":"Identifican a narcotraficante muerto en aeronave","author":"Staff","date":"septiembre 24, 2020","format":false,"excerpt":"El narcotraficante Jeankarlo Alexander S\u00e1nchez Meneses fue identificado como una de las cuatro v\u00edctimas del accidente de aeronave en Guatemala El\u00a0Instituto Nacional de Ciencias Forenses de Guatemala\u00a0identific\u00f3 a un\u00a0narcotraficante\u00a0como una de las v\u00edctimas del accidente de una\u00a0aeronave\u00a0-presumiblemente robada en M\u00e9xico-, en el departamento\u00a0Alta Verapaz. La noche del 22 de septiembre\u2026","rel":"","context":"En \u00abInternacional\u00bb","block_context":{"text":"Internacional","link":"https:\/\/mexicocodigorojo.com.mx\/?cat=14"},"img":{"alt_text":"","src":"https:\/\/i0.wp.com\/mexicocodigorojo.com.mx\/wp-content\/uploads\/2020\/09\/guatemala-morelos-accidente-aeronave.jpg?fit=980%2C550&ssl=1&resize=350%2C200","width":350,"height":200,"srcset":"https:\/\/i0.wp.com\/mexicocodigorojo.com.mx\/wp-content\/uploads\/2020\/09\/guatemala-morelos-accidente-aeronave.jpg?fit=980%2C550&ssl=1&resize=350%2C200 1x, https:\/\/i0.wp.com\/mexicocodigorojo.com.mx\/wp-content\/uploads\/2020\/09\/guatemala-morelos-accidente-aeronave.jpg?fit=980%2C550&ssl=1&resize=525%2C300 1.5x, https:\/\/i0.wp.com\/mexicocodigorojo.com.mx\/wp-content\/uploads\/2020\/09\/guatemala-morelos-accidente-aeronave.jpg?fit=980%2C550&ssl=1&resize=700%2C400 2x"},"classes":[]},{"id":22643,"url":"https:\/\/mexicocodigorojo.com.mx\/?p=22643","url_meta":{"origin":62411,"position":1},"title":"Desarticulan estructura del Narco en zona fronteriza Guatemala-M\u00e9xico","author":"Staff","date":"agosto 27, 2019","format":false,"excerpt":"Desarticulan una estructura del narcotr\u00e1fico que operaba en zonas fronterizas entre Guatemala y M\u00e9xico, informaron fuentes oficiales Autoridades guatemaltecas desarticularon este domingo una estructura del narcotr\u00e1fico que operaba en zonas fronterizas entre\u00a0Guatemala\u00a0y\u00a0M\u00e9xico, informaron fuentes oficiales. Agentes de la Polic\u00eda Nacional Civil (PNC) y fiscales del Ministerio P\u00fablico (MP), ejecutaron 27\u2026","rel":"","context":"En \u00abInternacional\u00bb","block_context":{"text":"Internacional","link":"https:\/\/mexicocodigorojo.com.mx\/?cat=14"},"img":{"alt_text":"","src":"https:\/\/i0.wp.com\/mexicocodigorojo.com.mx\/wp-content\/uploads\/2019\/08\/guatemala-2-980x550.jpg?fit=980%2C550&ssl=1&resize=350%2C200","width":350,"height":200,"srcset":"https:\/\/i0.wp.com\/mexicocodigorojo.com.mx\/wp-content\/uploads\/2019\/08\/guatemala-2-980x550.jpg?fit=980%2C550&ssl=1&resize=350%2C200 1x, https:\/\/i0.wp.com\/mexicocodigorojo.com.mx\/wp-content\/uploads\/2019\/08\/guatemala-2-980x550.jpg?fit=980%2C550&ssl=1&resize=525%2C300 1.5x, https:\/\/i0.wp.com\/mexicocodigorojo.com.mx\/wp-content\/uploads\/2019\/08\/guatemala-2-980x550.jpg?fit=980%2C550&ssl=1&resize=700%2C400 2x"},"classes":[]},{"id":34793,"url":"https:\/\/mexicocodigorojo.com.mx\/?p=34793","url_meta":{"origin":62411,"position":2},"title":"Departamento de Estado de EE.UU. detect\u00f3 en M\u00e9xico participaci\u00f3n de autoridades en asesinatos","author":"Staff","date":"marzo 13, 2020","format":false,"excerpt":"El Departamento de Estado de EE.UU. se\u00f1al\u00f3 que las violaciones de derechos humanos en M\u00e9xico siguen siendo un problema por \u201ctasas de enjuiciamiento extremadamente bajas\u201d El\u00a0Departamento de Estado\u00a0de Estados Unidos inform\u00f3 en su\u00a0reporte\u00a0sobre los Derechos Humanos 2019 en M\u00e9xico que encontr\u00f3\u00a0participaci\u00f3n policial,\u00a0militar\u00a0y de\u00a0funcionarios\u00a0gubernamentales en \u201casesinatos ilegales,\u00a0desapariciones forzadas\u00a0y\u00a0torturas\u201d. Entre los temas\u2026","rel":"","context":"En \u00abInternacional\u00bb","block_context":{"text":"Internacional","link":"https:\/\/mexicocodigorojo.com.mx\/?cat=14"},"img":{"alt_text":"","src":"https:\/\/i0.wp.com\/mexicocodigorojo.com.mx\/wp-content\/uploads\/2020\/03\/balas.jpg?fit=980%2C550&ssl=1&resize=350%2C200","width":350,"height":200,"srcset":"https:\/\/i0.wp.com\/mexicocodigorojo.com.mx\/wp-content\/uploads\/2020\/03\/balas.jpg?fit=980%2C550&ssl=1&resize=350%2C200 1x, https:\/\/i0.wp.com\/mexicocodigorojo.com.mx\/wp-content\/uploads\/2020\/03\/balas.jpg?fit=980%2C550&ssl=1&resize=525%2C300 1.5x, https:\/\/i0.wp.com\/mexicocodigorojo.com.mx\/wp-content\/uploads\/2020\/03\/balas.jpg?fit=980%2C550&ssl=1&resize=700%2C400 2x"},"classes":[]},{"id":53022,"url":"https:\/\/mexicocodigorojo.com.mx\/?p=53022","url_meta":{"origin":62411,"position":3},"title":"Alertan por normalizaci\u00f3n de narcoviolencia en Am\u00e9rica Latina","author":"MexicoRojoCvmx","date":"mayo 22, 2022","format":false,"excerpt":"San Jos\u00e9.\u2014 En las esquinas de cualquier barrio de Honduras, Guatemala, El Salvador, Colombia, Argentina, Brasil, M\u00e9xico, Belice, Per\u00fa o Ecuador las escenas matutinas arrastran muerte y terror, y exhiben los saldos sangrientos de las batallas en la noche anterior o la madrugada previa entre los sicarios de las redes\u2026","rel":"","context":"En \u00abFeatured\u00bb","block_context":{"text":"Featured","link":"https:\/\/mexicocodigorojo.com.mx\/?cat=1724"},"img":{"alt_text":"","src":"https:\/\/i0.wp.com\/mexicocodigorojo.com.mx\/wp-content\/uploads\/2022\/05\/Captura-de-pantalla-2022-05-22-104803.jpg?fit=1057%2C647&ssl=1&resize=350%2C200","width":350,"height":200,"srcset":"https:\/\/i0.wp.com\/mexicocodigorojo.com.mx\/wp-content\/uploads\/2022\/05\/Captura-de-pantalla-2022-05-22-104803.jpg?fit=1057%2C647&ssl=1&resize=350%2C200 1x, https:\/\/i0.wp.com\/mexicocodigorojo.com.mx\/wp-content\/uploads\/2022\/05\/Captura-de-pantalla-2022-05-22-104803.jpg?fit=1057%2C647&ssl=1&resize=525%2C300 1.5x, https:\/\/i0.wp.com\/mexicocodigorojo.com.mx\/wp-content\/uploads\/2022\/05\/Captura-de-pantalla-2022-05-22-104803.jpg?fit=1057%2C647&ssl=1&resize=700%2C400 2x, https:\/\/i0.wp.com\/mexicocodigorojo.com.mx\/wp-content\/uploads\/2022\/05\/Captura-de-pantalla-2022-05-22-104803.jpg?fit=1057%2C647&ssl=1&resize=1050%2C600 3x"},"classes":[]},{"id":38321,"url":"https:\/\/mexicocodigorojo.com.mx\/?p=38321","url_meta":{"origin":62411,"position":4},"title":"UNICEF denuncia deportaci\u00f3n de ni\u00f1os migrantes desde EE.UU. pese a pandemia","author":"Staff","date":"mayo 21, 2020","format":false,"excerpt":"UNICEF advirti\u00f3 de la\u00a0violencia\u00a0y\u00a0discriminaci\u00f3n\u00a0que enfrentan los ni\u00f1os a su retorno, sobre todo si hay la percepci\u00f3n de que padecen coronavirus UNICEF denunci\u00f3 este jueves que desde principios de marzo\u00a0Estados Unidos\u00a0ha devuelto al menos un millar de\u00a0ni\u00f1os migrantes\u00a0no acompa\u00f1ados a M\u00e9xico y Centroam\u00e9rica a pesar de los graves riesgos a los\u2026","rel":"","context":"En \u00abCiudad de M\u00e9xico\u00bb","block_context":{"text":"Ciudad de M\u00e9xico","link":"https:\/\/mexicocodigorojo.com.mx\/?cat=101"},"img":{"alt_text":"","src":"https:\/\/i0.wp.com\/mexicocodigorojo.com.mx\/wp-content\/uploads\/2020\/05\/ninos-migrantes-centro-detencion-estados-unidos.jpg?fit=980%2C550&ssl=1&resize=350%2C200","width":350,"height":200,"srcset":"https:\/\/i0.wp.com\/mexicocodigorojo.com.mx\/wp-content\/uploads\/2020\/05\/ninos-migrantes-centro-detencion-estados-unidos.jpg?fit=980%2C550&ssl=1&resize=350%2C200 1x, https:\/\/i0.wp.com\/mexicocodigorojo.com.mx\/wp-content\/uploads\/2020\/05\/ninos-migrantes-centro-detencion-estados-unidos.jpg?fit=980%2C550&ssl=1&resize=525%2C300 1.5x, https:\/\/i0.wp.com\/mexicocodigorojo.com.mx\/wp-content\/uploads\/2020\/05\/ninos-migrantes-centro-detencion-estados-unidos.jpg?fit=980%2C550&ssl=1&resize=700%2C400 2x"},"classes":[]},{"id":20258,"url":"https:\/\/mexicocodigorojo.com.mx\/?p=20258","url_meta":{"origin":62411,"position":5},"title":"El domingo Ebrard y Pompeo; abordar\u00e1n crisis migratoria","author":"Staff","date":"julio 17, 2019","format":false,"excerpt":"El canciller Marcelo Ebrard confirm\u00f3 reuni\u00f3n en la Ciudad de M\u00e9xico con Mike Pompeo, titular del Departamento de Estado de Estados Unidos El secretario de Relaciones Exteriores,\u00a0Marcelo Ebrard, confirm\u00f3 que el pr\u00f3ximo domingo sostendr\u00e1 una reuni\u00f3n con el titular del Departamento de Estado de Estados Unidos (EE.UU.),\u00a0Mike Pompeo. A trav\u00e9s\u2026","rel":"","context":"En \u00abCiudad de M\u00e9xico\u00bb","block_context":{"text":"Ciudad de M\u00e9xico","link":"https:\/\/mexicocodigorojo.com.mx\/?cat=101"},"img":{"alt_text":"","src":"https:\/\/i0.wp.com\/mexicocodigorojo.com.mx\/wp-content\/uploads\/2019\/07\/marcelo-ebrard-4.jpg?fit=980%2C550&ssl=1&resize=350%2C200","width":350,"height":200,"srcset":"https:\/\/i0.wp.com\/mexicocodigorojo.com.mx\/wp-content\/uploads\/2019\/07\/marcelo-ebrard-4.jpg?fit=980%2C550&ssl=1&resize=350%2C200 1x, https:\/\/i0.wp.com\/mexicocodigorojo.com.mx\/wp-content\/uploads\/2019\/07\/marcelo-ebrard-4.jpg?fit=980%2C550&ssl=1&resize=525%2C300 1.5x, https:\/\/i0.wp.com\/mexicocodigorojo.com.mx\/wp-content\/uploads\/2019\/07\/marcelo-ebrard-4.jpg?fit=980%2C550&ssl=1&resize=700%2C400 2x"},"classes":[]}],"jetpack_sharing_enabled":true,"jetpack_likes_enabled":true,"jetpack_shortlink":"https:\/\/wp.me\/p9TedA-geD","_links":{"self":[{"href":"https:\/\/mexicocodigorojo.com.mx\/index.php?rest_route=\/wp\/v2\/posts\/62411","targetHints":{"allow":["GET"]}}],"collection":[{"href":"https:\/\/mexicocodigorojo.com.mx\/index.php?rest_route=\/wp\/v2\/posts"}],"about":[{"href":"https:\/\/mexicocodigorojo.com.mx\/index.php?rest_route=\/wp\/v2\/types\/post"}],"author":[{"embeddable":true,"href":"https:\/\/mexicocodigorojo.com.mx\/index.php?rest_route=\/wp\/v2\/users\/22"}],"replies":[{"embeddable":true,"href":"https:\/\/mexicocodigorojo.com.mx\/index.php?rest_route=%2Fwp%2Fv2%2Fcomments&post=62411"}],"version-history":[{"count":1,"href":"https:\/\/mexicocodigorojo.com.mx\/index.php?rest_route=\/wp\/v2\/posts\/62411\/revisions"}],"predecessor-version":[{"id":62412,"href":"https:\/\/mexicocodigorojo.com.mx\/index.php?rest_route=\/wp\/v2\/posts\/62411\/revisions\/62412"}],"wp:featuredmedia":[{"embeddable":true,"href":"https:\/\/mexicocodigorojo.com.mx\/index.php?rest_route=\/wp\/v2\/media\/62410"}],"wp:attachment":[{"href":"https:\/\/mexicocodigorojo.com.mx\/index.php?rest_route=%2Fwp%2Fv2%2Fmedia&parent=62411"}],"wp:term":[{"taxonomy":"category","embeddable":true,"href":"https:\/\/mexicocodigorojo.com.mx\/index.php?rest_route=%2Fwp%2Fv2%2Fcategories&post=62411"},{"taxonomy":"post_tag","embeddable":true,"href":"https:\/\/mexicocodigorojo.com.mx\/index.php?rest_route=%2Fwp%2Fv2%2Ftags&post=62411"}],"curies":[{"name":"wp","href":"https:\/\/api.w.org\/{rel}","templated":true}]}}