{"id":62408,"date":"2024-07-25T18:37:39","date_gmt":"2024-07-26T00:37:39","guid":{"rendered":"https:\/\/mexicocodigorojo.com.mx\/?p=62408"},"modified":"2024-07-25T18:37:39","modified_gmt":"2024-07-26T00:37:39","slug":"caravana-de-migrantes-continua-su-recorrido-por-chiapas","status":"publish","type":"post","link":"https:\/\/mexicocodigorojo.com.mx\/?p=62408","title":{"rendered":"Caravana de migrantes contin\u00faa su recorrido por Chiapas"},"content":{"rendered":"<p>La caravana de migrantes la conforman hombres y mujeres de Guatemala, Honduras, El Salvador, Nicaragua, Venezuela, Cuba, Ecuador, Colombia y otros pa\u00edses.<\/p>\n<p>Migrantes de diferentes nacionalidades integrados en la caravana, que el domingo sali\u00f3 de Suchiate, cruzaron este jueves el Centro de Atenci\u00f3n Integral al Tr\u00e1nsito Fronterizo CAIFT en Huixtla.<\/p>\n<p>Los m\u00e1s de 2 mil migrantes atravesaron sin problemas la garita que posee un fuerte control para el paso de personas, veh\u00edculos y mercanc\u00edas, a cargo del Instituto Nacional de Migraci\u00f3n y de otras dependencias gubernamentales .<br \/>\n<span style=\"color:rgb(0,0,0); font-family:Baufra,sans-serif; font-size:18px; font-style:normal; font-variant-ligatures:normal; font-variant-caps:normal; font-weight:400; letter-spacing:normal; orphans:2text-indent:0px; text-transform:none; widows:2; word-spacing:0px; -webkit-text-stroke-width:0px; white-space:normal; text-decoration-thickness:initial; text-decoration-style:initial; text-decoration-color:initial; display:inline!important; float:none; text-align:left;\">Los extranjeros salieron a las 4 de la madrugada de<span> <\/span><\/span><b style=\"border: 0px solid rgb(229, 231, 235); box-sizing: border-box; --tw-border-spacing-x: 0; --tw-border-spacing-y: 0; --tw-translate-x: 0; --tw-translate-y: 0; --tw-rotate: 0; --tw-skew-x: 0; --tw-skew-y: 0; --tw-scale-x: 1; --tw-scale-y: 1; --tw-pan-x: ; --tw-pan-y: ; --tw-pinch-zoom: ; --tw-scroll-snap-strictness: proximity; --tw-gradient-from-position: ; --tw-gradient-via-position: ; --tw-gradient-to-position: ; --tw-ordinal: ; --tw-slashed-zero: ; --tw-numeric-figure: ; --tw-numeric-spacing: ; --tw-numeric-fraction: ; --tw-ring-inset: ; --tw-ring-offset-width: 0px; --tw-ring-offset-color: #fff; --tw-ring-color: rgba(59,130,246,.5); --tw-ring-offset-shadow: 0 0 #0000; --tw-ring-shadow: 0 0 #0000; --tw-shadow: 0 0 #0000; --tw-shadow-colored: 0 0 #0000; --tw-blur: ; --tw-brightness: ; --tw-contrast: ; --tw-grayscale: ; --tw-hue-rotate: ; --tw-invert: ; --tw-saturate: ; --tw-sepia: ; --tw-drop-shadow: ; --tw-backdrop-blur: ; --tw-backdrop-brightness: ; --tw-backdrop-contrast: ; --tw-backdrop-grayscale: ; --tw-backdrop-hue-rotate: ; --tw-backdrop-invert: ; --tw-backdrop-opacity: ; --tw-backdrop-saturate: ; --tw-backdrop-sepia: ; --tw-contain-size: ; --tw-contain-layout: ; --tw-contain-paint: ; --tw-contain-style: ; font-weight: bolder; color: rgb(0, 0, 0); font-family: Baufra, sans-serif; font-style: normal; font-variant-ligatures: normal; font-variant-caps: normal; letter-spacing: normal; orphans: 2; text-align: start; text-indent: 0px; text-transform: none; widows: 2; word-spacing: 0px; -webkit-text-stroke-width: 0px; white-space: normal; text-decoration-thickness: initial; text-decoration-style: initial; text-decoration-color: initial;\">Huixtla<\/b><span style=\"color:rgb(0,0,0); font-family:Baufra,sans-serif; font-size:18px; font-style:normal; font-variant-ligatures:normal; font-variant-caps:normal; font-weight:400; letter-spacing:normal; orphans:2text-indent:0px; text-transform:none; widows:2; word-spacing:0px; -webkit-text-stroke-width:0px; white-space:normal; text-decoration-thickness:initial; text-decoration-style:initial; text-decoration-color:initial; display:inline!important; float:none; text-align:left;\">, donde pernoctaron con el objetivo de llegar a Escuintla, a unos 30 kil\u00f3metros de distancia.<\/span><br \/>\nUno de sus temores cuando sal\u00edan de Huixtla fue que agentes de Migraci\u00f3n que est\u00e1n permanentes en el CAIFT, ubicado en las afueras de la cabecera municipal, un sitio conocido como Cerro Gordo, trataran de impedirles el tr\u00e1nsito.<\/p>\n<p>Lee tambi\u00e9n \u201cSalimos de Chiapas porque hay balaceras todo el d\u00eda en los pueblos\u201d: mexicanos refugiados en Guatemala<\/p>\n<p>Los oficiales dejaron que continuaran su trayecto por la autopista costera de M\u00e9xico a Guatemala, como ha sido desde que iniciaron el recorrido.<\/p>\n<p>Rosa Mayel\u00edn, originaria de Cuba dijo que el itinerario transcurre sin novedades , incluso con apoyo institucional.<\/p>\n<p>\u00abHemos tenido hasta la ayuda de Migraci\u00f3n .No he visto amenazas; nos est\u00e1n apoyando\u201d, coment\u00f3.<\/p>\n<p>F\u00e1tima, lleg\u00f3 de El Salvador. Se traslada en una bicicleta con su menor hija.<\/p>\n<p>Lee tambi\u00e9n \u00abSituaci\u00f3n en Sierra y frontera de Chiapas es desesperante debido a grupos criminales\u00bb: Di\u00f3cesis de Tapachula<\/p>\n<p>\u00ab\u00c9sta ha sido una etapa \u201ccansada, hemos avanzado, pero ahora es el d\u00eda m\u00e1s largo que vamos a caminar. No esperaba que fuera as\u00ed el recorrido. Es cansado el trayecto , y eso que voy en la bicicleta\u201d, cont\u00f3.<\/p>\n<p>La caravana de migrantes la conforman hombres y mujeres de Guatemala, Honduras, El Salvador, Nicaragua, Venezuela, Cuba, Ecuador, Colombia y otros pa\u00edses.<\/p>\n<p>Los 2 mil extranjeros conf\u00edan en que llegar\u00e1n a la frontera norte para intentar cruzar hacia los Estados Unidos.<\/p>\n<p>.<\/p>\n<p>Tambi\u00e9n puedes ver m\u00e1s informaci\u00f3n en <a href=\"https:\/\/linktr.ee\/mexicorojo\">https:\/\/linktr.ee\/mexicorojo<\/a><\/p>\n<p>.<\/p>\n<p>Con informaci\u00f3n de El Financiero.<\/p>\n","protected":false},"excerpt":{"rendered":"<p>La caravana de migrantes la conforman hombres y mujeres de Guatemala, Honduras, El Salvador, Nicaragua, Venezuela, Cuba, Ecuador, Colombia y otros pa\u00edses. Migrantes de diferentes nacionalidades integrados en la caravana, que el domingo sali\u00f3 de Suchiate, cruzaron este jueves el Centro de Atenci\u00f3n Integral al Tr\u00e1nsito Fronterizo CAIFT en Huixtla. Los m\u00e1s de 2 mil [&hellip;]<\/p>\n","protected":false},"author":22,"featured_media":62407,"comment_status":"open","ping_status":"open","sticky":false,"template":"","format":"standard","meta":{"_uf_show_specific_survey":0,"_uf_disable_surveys":false,"advanced_seo_description":"","jetpack_seo_html_title":"","jetpack_seo_noindex":false,"jetpack_post_was_ever_published":false,"_jetpack_newsletter_access":"","_jetpack_dont_email_post_to_subs":false,"_jetpack_newsletter_tier_id":0,"_jetpack_memberships_contains_paywalled_content":false,"_jetpack_memberships_contains_paid_content":false,"footnotes":"","jetpack_publicize_message":"","jetpack_publicize_feature_enabled":true,"jetpack_social_post_already_shared":true,"jetpack_social_options":{"image_generator_settings":{"template":"highway","default_image_id":0,"font":"","enabled":false},"version":2}},"categories":[75,1724],"tags":[2188],"class_list":{"0":"post-62408","1":"post","2":"type-post","3":"status-publish","4":"format-standard","5":"has-post-thumbnail","7":"category-chiapas","8":"category-featured","9":"tag-migrantes-2"},"jetpack_publicize_connections":[],"jetpack_featured_media_url":"https:\/\/i0.wp.com\/mexicocodigorojo.com.mx\/wp-content\/uploads\/2024\/07\/Screenshot_20240725_193655_Gallery.jpg?fit=1826%2C1080&ssl=1","jetpack-related-posts":[{"id":16239,"url":"https:\/\/mexicocodigorojo.com.mx\/?p=16239","url_meta":{"origin":62408,"position":0},"title":"Chiapas recibe nueva caravana migrante con cerca de tres mil centroamericanos","author":"Staff","date":"abril 12, 2019","format":false,"excerpt":"TUXTLA GUTI\u00c9RREZ, Chis.- Una nueva caravana con cerca de tres mil migrantes entre hombres, mujeres y ni\u00f1os, la mayor\u00eda de ellos hondure\u00f1os ingresaron esta madrugada a territorio mexicano en balsas por el r\u00edo Suchiate y muchos m\u00e1s por el puente fronterizo Rodolfo Robles. A seis meses del \u00e9xodo migratorio, otro\u2026","rel":"","context":"En \u00abChiapas\u00bb","block_context":{"text":"Chiapas","link":"https:\/\/mexicocodigorojo.com.mx\/?cat=75"},"img":{"alt_text":"","src":"https:\/\/i0.wp.com\/mexicocodigorojo.com.mx\/wp-content\/uploads\/2019\/04\/c4-1078x800.jpg?fit=1078%2C800&ssl=1&resize=350%2C200","width":350,"height":200,"srcset":"https:\/\/i0.wp.com\/mexicocodigorojo.com.mx\/wp-content\/uploads\/2019\/04\/c4-1078x800.jpg?fit=1078%2C800&ssl=1&resize=350%2C200 1x, https:\/\/i0.wp.com\/mexicocodigorojo.com.mx\/wp-content\/uploads\/2019\/04\/c4-1078x800.jpg?fit=1078%2C800&ssl=1&resize=525%2C300 1.5x, https:\/\/i0.wp.com\/mexicocodigorojo.com.mx\/wp-content\/uploads\/2019\/04\/c4-1078x800.jpg?fit=1078%2C800&ssl=1&resize=700%2C400 2x, https:\/\/i0.wp.com\/mexicocodigorojo.com.mx\/wp-content\/uploads\/2019\/04\/c4-1078x800.jpg?fit=1078%2C800&ssl=1&resize=1050%2C600 3x"},"classes":[]},{"id":6620,"url":"https:\/\/mexicocodigorojo.com.mx\/?p=6620","url_meta":{"origin":62408,"position":1},"title":"Caravana migrante llega a M\u00c9XICO LOS\u00a0MIGRANTES\u00a0INTENTAN INGRESAR A\u00a0M\u00c9XICO\u00a0POR EL\u00a0R\u00cdO SUCHIATE","author":"Staff","date":"octubre 19, 2018","format":false,"excerpt":"Alrededor de las 11:00 horas ingresaron los primeros hondure\u00f1os que solicitan refugio al gobierno mexicano. \"Hay que se\u00f1alar que no es competencia del gobierno del estado, sino es competencia del Instituto Nacional de Migraci\u00f3n, regular que los que ingresen a nuestro pa\u00eds lo hagan con su debida documentaci\u00f3n acreditada\", agreg\u00f3\u2026","rel":"","context":"En \u00abInternacional\u00bb","block_context":{"text":"Internacional","link":"https:\/\/mexicocodigorojo.com.mx\/?cat=14"},"img":{"alt_text":"","src":"https:\/\/i0.wp.com\/mexicocodigorojo.com.mx\/wp-content\/uploads\/2018\/10\/IMG_20181019_132138.jpg?resize=350%2C200&ssl=1","width":350,"height":200,"srcset":"https:\/\/i0.wp.com\/mexicocodigorojo.com.mx\/wp-content\/uploads\/2018\/10\/IMG_20181019_132138.jpg?resize=350%2C200&ssl=1 1x, https:\/\/i0.wp.com\/mexicocodigorojo.com.mx\/wp-content\/uploads\/2018\/10\/IMG_20181019_132138.jpg?resize=525%2C300&ssl=1 1.5x, https:\/\/i0.wp.com\/mexicocodigorojo.com.mx\/wp-content\/uploads\/2018\/10\/IMG_20181019_132138.jpg?resize=700%2C400&ssl=1 2x"},"classes":[]},{"id":57936,"url":"https:\/\/mexicocodigorojo.com.mx\/?p=57936","url_meta":{"origin":62408,"position":2},"title":"Parte de Chiapas otra caravana migrante","author":"Staff","date":"octubre 31, 2023","format":false,"excerpt":"Una caravana de miles de migrantes, en su mayor\u00eda centroamericanos y venezolanos, parti\u00f3 este lunes del sur de M\u00e9xico con la intenci\u00f3n de llegar a Estados Unidos, en momentos en que Washington lidia con grandes n\u00fameros de migrantes que buscan ingresar al pa\u00eds. Con sus pocas pertenencias e hijos a\u2026","rel":"","context":"En \u00abChiapas\u00bb","block_context":{"text":"Chiapas","link":"https:\/\/mexicocodigorojo.com.mx\/?cat=75"},"img":{"alt_text":"","src":"https:\/\/i0.wp.com\/mexicocodigorojo.com.mx\/wp-content\/uploads\/2023\/10\/caravanamigrante.webp?fit=960%2C640&ssl=1&resize=350%2C200","width":350,"height":200,"srcset":"https:\/\/i0.wp.com\/mexicocodigorojo.com.mx\/wp-content\/uploads\/2023\/10\/caravanamigrante.webp?fit=960%2C640&ssl=1&resize=350%2C200 1x, https:\/\/i0.wp.com\/mexicocodigorojo.com.mx\/wp-content\/uploads\/2023\/10\/caravanamigrante.webp?fit=960%2C640&ssl=1&resize=525%2C300 1.5x, https:\/\/i0.wp.com\/mexicocodigorojo.com.mx\/wp-content\/uploads\/2023\/10\/caravanamigrante.webp?fit=960%2C640&ssl=1&resize=700%2C400 2x"},"classes":[]},{"id":51446,"url":"https:\/\/mexicocodigorojo.com.mx\/?p=51446","url_meta":{"origin":62408,"position":3},"title":"Videos; Migrantes dan golpiza a integrantes de la Guardia Nacional","author":"Staff","date":"noviembre 5, 2021","format":false,"excerpt":"Miembros de la Guardia Nacional y agentes del Instituto Nacional de Migraci\u00f3n (INM) se han enfrentado este jueves con la caravana de migrantes centroamericanos en una carretera en el poblado de Pijijiapan, en Chiapas. El encontronazo se produjo por la ma\u00f1ana en una carretera que une a las poblaciones de\u2026","rel":"","context":"En \u00abChiapas\u00bb","block_context":{"text":"Chiapas","link":"https:\/\/mexicocodigorojo.com.mx\/?cat=75"},"img":{"alt_text":"","src":"https:\/\/i0.wp.com\/mexicocodigorojo.com.mx\/wp-content\/uploads\/2021\/11\/TR7WINWHW6BAFK2C5BIRH2S2RQ.jpg?fit=1200%2C798&ssl=1&resize=350%2C200","width":350,"height":200,"srcset":"https:\/\/i0.wp.com\/mexicocodigorojo.com.mx\/wp-content\/uploads\/2021\/11\/TR7WINWHW6BAFK2C5BIRH2S2RQ.jpg?fit=1200%2C798&ssl=1&resize=350%2C200 1x, https:\/\/i0.wp.com\/mexicocodigorojo.com.mx\/wp-content\/uploads\/2021\/11\/TR7WINWHW6BAFK2C5BIRH2S2RQ.jpg?fit=1200%2C798&ssl=1&resize=525%2C300 1.5x, https:\/\/i0.wp.com\/mexicocodigorojo.com.mx\/wp-content\/uploads\/2021\/11\/TR7WINWHW6BAFK2C5BIRH2S2RQ.jpg?fit=1200%2C798&ssl=1&resize=700%2C400 2x, https:\/\/i0.wp.com\/mexicocodigorojo.com.mx\/wp-content\/uploads\/2021\/11\/TR7WINWHW6BAFK2C5BIRH2S2RQ.jpg?fit=1200%2C798&ssl=1&resize=1050%2C600 3x"},"classes":[]},{"id":7008,"url":"https:\/\/mexicocodigorojo.com.mx\/?p=7008","url_meta":{"origin":62408,"position":4},"title":"Tamaulipas se prepara ante el avance de la caravana de migrantes","author":"Staff","date":"octubre 22, 2018","format":false,"excerpt":"SGG-034-2018 Octubre 22 de 2018 El Secretario General de Gobierno, C\u00e9sar Augusto Ver\u00e1stegui participa en reuni\u00f3n en la ciudad de M\u00e9xico para analizar el arribo de los migrantes que se espera a la frontera tamaulipeca; se busca el apoyo y la coordinaci\u00f3n con la federaci\u00f3n y otros estados del pa\u00eds.\u2026","rel":"","context":"En \u00abTamaulipas\u00bb","block_context":{"text":"Tamaulipas","link":"https:\/\/mexicocodigorojo.com.mx\/?cat=2"},"img":{"alt_text":"","src":"https:\/\/i0.wp.com\/mexicocodigorojo.com.mx\/wp-content\/uploads\/2018\/10\/img-20181022-wa0061-810952100.jpg?resize=350%2C200&ssl=1","width":350,"height":200,"srcset":"https:\/\/i0.wp.com\/mexicocodigorojo.com.mx\/wp-content\/uploads\/2018\/10\/img-20181022-wa0061-810952100.jpg?resize=350%2C200&ssl=1 1x, https:\/\/i0.wp.com\/mexicocodigorojo.com.mx\/wp-content\/uploads\/2018\/10\/img-20181022-wa0061-810952100.jpg?resize=525%2C300&ssl=1 1.5x, https:\/\/i0.wp.com\/mexicocodigorojo.com.mx\/wp-content\/uploads\/2018\/10\/img-20181022-wa0061-810952100.jpg?resize=700%2C400&ssl=1 2x"},"classes":[]},{"id":7856,"url":"https:\/\/mexicocodigorojo.com.mx\/?p=7856","url_meta":{"origin":62408,"position":5},"title":"Yunes ofrece transporte a migrantes porque es \u201cmuy importante\u201d que se muevan pronto de Veracruz","author":"Staff","date":"noviembre 3, 2018","format":false,"excerpt":"XALAPA, Ver. (apro).- El gobernador Miguel \u00c1ngel Yunes Linares ofreci\u00f3 a la caravana migrante que este viernes ingres\u00f3 a territorio veracruzano transporte para que se trasladen a la Ciudad de M\u00e9xico. \u00a0 En un video subido a redes sociales, Yunes Linares explica que m\u00e1s de cinco mil migrantes centroamericanos acampan\u2026","rel":"","context":"En \u00abVeracruz\u00bb","block_context":{"text":"Veracruz","link":"https:\/\/mexicocodigorojo.com.mx\/?cat=22"},"img":{"alt_text":"","src":"https:\/\/i0.wp.com\/mexicocodigorojo.com.mx\/wp-content\/uploads\/2018\/11\/fr-1078x801.jpg?fit=1078%2C801&ssl=1&resize=350%2C200","width":350,"height":200,"srcset":"https:\/\/i0.wp.com\/mexicocodigorojo.com.mx\/wp-content\/uploads\/2018\/11\/fr-1078x801.jpg?fit=1078%2C801&ssl=1&resize=350%2C200 1x, https:\/\/i0.wp.com\/mexicocodigorojo.com.mx\/wp-content\/uploads\/2018\/11\/fr-1078x801.jpg?fit=1078%2C801&ssl=1&resize=525%2C300 1.5x, https:\/\/i0.wp.com\/mexicocodigorojo.com.mx\/wp-content\/uploads\/2018\/11\/fr-1078x801.jpg?fit=1078%2C801&ssl=1&resize=700%2C400 2x, https:\/\/i0.wp.com\/mexicocodigorojo.com.mx\/wp-content\/uploads\/2018\/11\/fr-1078x801.jpg?fit=1078%2C801&ssl=1&resize=1050%2C600 3x"},"classes":[]}],"jetpack_sharing_enabled":true,"jetpack_likes_enabled":true,"jetpack_shortlink":"https:\/\/wp.me\/p9TedA-geA","_links":{"self":[{"href":"https:\/\/mexicocodigorojo.com.mx\/index.php?rest_route=\/wp\/v2\/posts\/62408","targetHints":{"allow":["GET"]}}],"collection":[{"href":"https:\/\/mexicocodigorojo.com.mx\/index.php?rest_route=\/wp\/v2\/posts"}],"about":[{"href":"https:\/\/mexicocodigorojo.com.mx\/index.php?rest_route=\/wp\/v2\/types\/post"}],"author":[{"embeddable":true,"href":"https:\/\/mexicocodigorojo.com.mx\/index.php?rest_route=\/wp\/v2\/users\/22"}],"replies":[{"embeddable":true,"href":"https:\/\/mexicocodigorojo.com.mx\/index.php?rest_route=%2Fwp%2Fv2%2Fcomments&post=62408"}],"version-history":[{"count":1,"href":"https:\/\/mexicocodigorojo.com.mx\/index.php?rest_route=\/wp\/v2\/posts\/62408\/revisions"}],"predecessor-version":[{"id":62409,"href":"https:\/\/mexicocodigorojo.com.mx\/index.php?rest_route=\/wp\/v2\/posts\/62408\/revisions\/62409"}],"wp:featuredmedia":[{"embeddable":true,"href":"https:\/\/mexicocodigorojo.com.mx\/index.php?rest_route=\/wp\/v2\/media\/62407"}],"wp:attachment":[{"href":"https:\/\/mexicocodigorojo.com.mx\/index.php?rest_route=%2Fwp%2Fv2%2Fmedia&parent=62408"}],"wp:term":[{"taxonomy":"category","embeddable":true,"href":"https:\/\/mexicocodigorojo.com.mx\/index.php?rest_route=%2Fwp%2Fv2%2Fcategories&post=62408"},{"taxonomy":"post_tag","embeddable":true,"href":"https:\/\/mexicocodigorojo.com.mx\/index.php?rest_route=%2Fwp%2Fv2%2Ftags&post=62408"}],"curies":[{"name":"wp","href":"https:\/\/api.w.org\/{rel}","templated":true}]}}