{"id":62400,"date":"2024-07-25T14:51:06","date_gmt":"2024-07-25T20:51:06","guid":{"rendered":"https:\/\/mexicocodigorojo.com.mx\/?p=62400"},"modified":"2024-07-25T14:52:15","modified_gmt":"2024-07-25T20:52:15","slug":"gobierno-de-tamaulipas-ineficacia-evidente-en-el-rescate-del-maestro-juan-manuel","status":"publish","type":"post","link":"https:\/\/mexicocodigorojo.com.mx\/?p=62400","title":{"rendered":"Gobierno de Tamaulipas: Ineficacia Evidente en el Rescate del Maestro Juan Manuel"},"content":{"rendered":"<p>En otro episodio de incompetencia y desgaste institucional, el Gobierno de Tamaulipas ha vuelto a ser noticia, esta vez por la liberaci\u00f3n del maestro Juan Manuel L\u00f3pez Salinas, quien fue secuestrado en la colonia Aztl\u00e1n de Reynosa, Tamaulipas. A continuaci\u00f3n, los hechos:<\/p>\n<p><strong>El Secuestro y el Pago de Rescate<\/strong><\/p>\n<p>El profesor Juan Manuel L\u00f3pez Salinas fue arrebatado de su vida cotidiana frente a su hija de seis a\u00f1os. En la desesperaci\u00f3n de la madre buscadora, Delia Quiroa, y el esfuerzo de los familiares lograron reunir 800 mil pesos, una fracci\u00f3n de los 3 millones que los secuestradores exig\u00edan como rescate. Es alarmante que, en pleno siglo XXI, las v\u00edctimas deban recurrir a sus propios recursos para salvar a sus seres queridos. \u00bfD\u00f3nde est\u00e1 la protecci\u00f3n del estado?<\/p>\n<p><strong>La Liberaci\u00f3n y el Silencio Oficial<\/strong><\/p>\n<p>Tras el pago del rescate, Juan Manuel L\u00f3pez Salinas fue liberado por un grupo delictivo que opera en Matamoros. La Fiscal\u00eda General de Justicia de Tamaulipas particip\u00f3 en el operativo, pero las autoridades estatales han guardado un silencio ensordecedor. La secretaria general de gobierno, la secretaria de seguridad p\u00fablica y el propio gobierno de Tamaulipas han quedado en rid\u00edculo al no ofrecer una explicaci\u00f3n convincente ni asumir responsabilidad alguna.<\/p>\n<p><strong>El Desprecio por las V\u00edctimas<\/strong><\/p>\n<p>Las v\u00edctimas se ven obligadas a suplicar empat\u00eda al crimen organizado, en lugar de confiar en las instituciones gubernamentales. \u00bfC\u00f3mo hemos llegado a este punto? \u00bfPor qu\u00e9 las autoridades no pueden garantizar la seguridad de sus ciudadanos?<\/p>\n<p><strong>El Control de los C\u00e1rteles<\/strong><\/p>\n<p>En tan solo 24 horas, se confirma lo que muchos tem\u00edan: los c\u00e1rteles controlan M\u00e9xico. La falta de respuesta efectiva, la impunidad y la ineficacia gubernamental han dejado al descubierto la vulnerabilidad de nuestro sistema.<\/p>\n<p>El Gobierno de Tamaulipas ha demostrado, una vez m\u00e1s, su incapacidad para proteger a sus ciudadanos. Mientras tanto, las v\u00edctimas sufren y los c\u00e1rteles prosperan. Es hora de exigir responsabilidad y transparencia. La ineficacia gubernamental no puede ser la norma en nuestro pa\u00eds.<\/p>\n<blockquote class=\"twitter-tweet\" data-media-max-width=\"560\">\n<p dir=\"ltr\" lang=\"es\">GRACIAS \ud83d\ude4f\ud83c\udffb INFINITAS PRINCIPALMENTE A LOS MEDIOS DE COMUNICACI\u00d3N.<\/p>\n<p>EL MAESTRO JUAN MANUEL LOPEZ YA FUE LIBERADO en matamoros, ya se encuentra con su familia. <a href=\"https:\/\/twitter.com\/azucenau?ref_src=twsrc%5Etfw\">@azucenau<\/a> <a href=\"https:\/\/twitter.com\/CiroGomezL?ref_src=twsrc%5Etfw\">@CiroGomezL<\/a> <a href=\"https:\/\/twitter.com\/beltrandelrio?ref_src=twsrc%5Etfw\">@beltrandelrio<\/a> <a href=\"https:\/\/twitter.com\/LuisCardenasMx?ref_src=twsrc%5Etfw\">@LuisCardenasMx<\/a> <a href=\"https:\/\/twitter.com\/betogarciac11?ref_src=twsrc%5Etfw\">@betogarciac11<\/a> <a href=\"https:\/\/twitter.com\/SergioyLupita?ref_src=twsrc%5Etfw\">@SergioyLupita<\/a> <a href=\"https:\/\/twitter.com\/Marielarigby?ref_src=twsrc%5Etfw\">@Marielarigby<\/a> <a href=\"https:\/\/twitter.com\/HechosAM?ref_src=twsrc%5Etfw\">@HechosAM<\/a> <a href=\"https:\/\/twitter.com\/nmas?ref_src=twsrc%5Etfw\">@nmas<\/a> <a href=\"https:\/\/twitter.com\/C1003R?ref_src=twsrc%5Etfw\">@C1003R<\/a> <a href=\"https:\/\/t.co\/TEtlOh8jxw\">pic.twitter.com\/TEtlOh8jxw<\/a><\/p>\n<p>\u2014 Delia Quiroa (@DeliaQuiroa) <a href=\"https:\/\/twitter.com\/DeliaQuiroa\/status\/1816502347490893847?ref_src=twsrc%5Etfw\">July 25, 2024<\/a><\/p><\/blockquote>\n<p><script async src=\"https:\/\/platform.twitter.com\/widgets.js\" charset=\"utf-8\"><\/script><\/p>\n","protected":false},"excerpt":{"rendered":"<p>En otro episodio de incompetencia y desgaste institucional, el Gobierno de Tamaulipas ha vuelto a ser noticia, esta vez por la liberaci\u00f3n del maestro Juan Manuel L\u00f3pez Salinas, quien fue secuestrado en la colonia Aztl\u00e1n de Reynosa, Tamaulipas. A continuaci\u00f3n, los hechos: El Secuestro y el Pago de Rescate El profesor Juan Manuel L\u00f3pez Salinas [&hellip;]<\/p>\n","protected":false},"author":21,"featured_media":62401,"comment_status":"open","ping_status":"open","sticky":false,"template":"","format":"standard","meta":{"_uf_show_specific_survey":0,"_uf_disable_surveys":false,"advanced_seo_description":"","jetpack_seo_html_title":"","jetpack_seo_noindex":false,"jetpack_post_was_ever_published":false,"_jetpack_newsletter_access":"","_jetpack_dont_email_post_to_subs":false,"_jetpack_newsletter_tier_id":0,"_jetpack_memberships_contains_paywalled_content":false,"_jetpack_memberships_contains_paid_content":false,"footnotes":"","jetpack_publicize_message":"","jetpack_publicize_feature_enabled":true,"jetpack_social_post_already_shared":true,"jetpack_social_options":{"image_generator_settings":{"template":"highway","default_image_id":0,"font":"","enabled":false},"version":2}},"categories":[1724,2],"tags":[],"class_list":{"0":"post-62400","1":"post","2":"type-post","3":"status-publish","4":"format-standard","5":"has-post-thumbnail","7":"category-featured","8":"category-tamaulipas"},"jetpack_publicize_connections":[],"jetpack_featured_media_url":"https:\/\/i0.wp.com\/mexicocodigorojo.com.mx\/wp-content\/uploads\/2024\/07\/Captura-de-pantalla-2024-07-25-144944.jpg?fit=783%2C418&ssl=1","jetpack-related-posts":[{"id":14017,"url":"https:\/\/mexicocodigorojo.com.mx\/?p=14017","url_meta":{"origin":62400,"position":0},"title":"Apadrinan a Mireles pr\u00f3fugos de la justicia","author":"Staff","date":"febrero 13, 2019","format":false,"excerpt":"Tamaulipas.- Jos\u00e9 Manuel Mireles fue nombrado dirigente nacional de las autodefensas y se le propuso como aspirante a dirigir la Guardia Nacional. El evento realizado en Hidalgo, Tamaulipas, fue organizado por la llamada \u201ccolumna armada\u201d Pedro J. M\u00e9ndez y otros grupos de autodefensas vinculados al C\u00e1rtel del Golfo. \u201cAdmiro much\u00edsimo\u2026","rel":"","context":"En \u00abHidalgo\u00bb","block_context":{"text":"Hidalgo","link":"https:\/\/mexicocodigorojo.com.mx\/?cat=145"},"img":{"alt_text":"","src":"https:\/\/i0.wp.com\/mexicocodigorojo.com.mx\/wp-content\/uploads\/2019\/02\/img_-y0q0ai2697106885143420781.jpg?resize=350%2C200&ssl=1","width":350,"height":200,"srcset":"https:\/\/i0.wp.com\/mexicocodigorojo.com.mx\/wp-content\/uploads\/2019\/02\/img_-y0q0ai2697106885143420781.jpg?resize=350%2C200&ssl=1 1x, https:\/\/i0.wp.com\/mexicocodigorojo.com.mx\/wp-content\/uploads\/2019\/02\/img_-y0q0ai2697106885143420781.jpg?resize=525%2C300&ssl=1 1.5x, https:\/\/i0.wp.com\/mexicocodigorojo.com.mx\/wp-content\/uploads\/2019\/02\/img_-y0q0ai2697106885143420781.jpg?resize=700%2C400&ssl=1 2x"},"classes":[]},{"id":26578,"url":"https:\/\/mexicocodigorojo.com.mx\/?p=26578","url_meta":{"origin":62400,"position":1},"title":"Alcaldesa de Reynosa y su sombra con el Narco","author":"Staff","date":"noviembre 6, 2019","format":false,"excerpt":"Reynosa, Tamaulipas An\u00edbal Flores, el consentido de la Doctora Maki Esther Dom\u00ednguez y su coordinador de imagen se ampar\u00f3 por muchos a\u00f1os por ser sobrino y primo de Juan Perros y Juan Perros Jr, que se encontraban al frente del C\u00e1rtel del Golfo en la frontera de Tamaulipas. Antecedentes familiares\u2026","rel":"","context":"En \u00abTamaulipas\u00bb","block_context":{"text":"Tamaulipas","link":"https:\/\/mexicocodigorojo.com.mx\/?cat=2"},"img":{"alt_text":"","src":"https:\/\/i0.wp.com\/secureservercdn.net\/166.62.108.22\/cg1.af3.myftpupload.com\/wp-content\/uploads\/2019\/11\/img_6975.jpg?resize=350%2C200&ssl=1","width":350,"height":200},"classes":[]},{"id":62481,"url":"https:\/\/mexicocodigorojo.com.mx\/?p=62481","url_meta":{"origin":62400,"position":2},"title":"Liberan a empresario restaurantero del Huachinango secuestrado en Reynosa","author":"Staff","date":"agosto 2, 2024","format":false,"excerpt":"REYNOSA, Tamaulipas.- Jos\u00e9 Ventura Castillo Ram\u00edrez,\u00a0empresario restaurantero\u00a0que fue secuestrado en el estado de\u00a0Tamaulipas, fue liberado. Delia Quiroga, activista que pidi\u00f3 ayuda a grupos delictivos para su liberaci\u00f3n, dio a conocer que el hombre de 78 a\u00f1os fue puesto en libertad. Gabinete de seguridad da conocer liberaci\u00f3n del empresario En el\u2026","rel":"","context":"En \u00abFeatured\u00bb","block_context":{"text":"Featured","link":"https:\/\/mexicocodigorojo.com.mx\/?cat=1724"},"img":{"alt_text":"","src":"https:\/\/i0.wp.com\/mexicocodigorojo.com.mx\/wp-content\/uploads\/2024\/08\/4aad4a3e-0ea8-4ebc-9438-42568cf3b72f-1.jpg?fit=750%2C473&ssl=1&resize=350%2C200","width":350,"height":200,"srcset":"https:\/\/i0.wp.com\/mexicocodigorojo.com.mx\/wp-content\/uploads\/2024\/08\/4aad4a3e-0ea8-4ebc-9438-42568cf3b72f-1.jpg?fit=750%2C473&ssl=1&resize=350%2C200 1x, https:\/\/i0.wp.com\/mexicocodigorojo.com.mx\/wp-content\/uploads\/2024\/08\/4aad4a3e-0ea8-4ebc-9438-42568cf3b72f-1.jpg?fit=750%2C473&ssl=1&resize=525%2C300 1.5x, https:\/\/i0.wp.com\/mexicocodigorojo.com.mx\/wp-content\/uploads\/2024\/08\/4aad4a3e-0ea8-4ebc-9438-42568cf3b72f-1.jpg?fit=750%2C473&ssl=1&resize=700%2C400 2x"},"classes":[]},{"id":63011,"url":"https:\/\/mexicocodigorojo.com.mx\/?p=63011","url_meta":{"origin":62400,"position":3},"title":"Secuestro y liberaci\u00f3n: El diputado Vicente Ver\u00e1stegui regresa con su familia tras operativo de rescate en Tamaulipas","author":"MexicoRojoCvmx","date":"octubre 12, 2024","format":false,"excerpt":"CIUDAD VICTORIA, TAMPS. El diputado panista Vicente Ver\u00e1stegui Ostos se encuentra a salvo con su familia tras haber sido plagiado. La Fiscal\u00eda de Tamaulipas ha confirmado que est\u00e1 en buen estado de salud. El secuestro del legislador, de 61 a\u00f1os, ocurri\u00f3 ayer a las 17:30 horas en medio de disparos,\u2026","rel":"","context":"En \u00abFeatured\u00bb","block_context":{"text":"Featured","link":"https:\/\/mexicocodigorojo.com.mx\/?cat=1724"},"img":{"alt_text":"","src":"https:\/\/i0.wp.com\/mexicocodigorojo.com.mx\/wp-content\/uploads\/2024\/10\/foxQgu_8T3UwGAoIf_PWk-transformed.jpeg?fit=854%2C532&ssl=1&resize=350%2C200","width":350,"height":200,"srcset":"https:\/\/i0.wp.com\/mexicocodigorojo.com.mx\/wp-content\/uploads\/2024\/10\/foxQgu_8T3UwGAoIf_PWk-transformed.jpeg?fit=854%2C532&ssl=1&resize=350%2C200 1x, https:\/\/i0.wp.com\/mexicocodigorojo.com.mx\/wp-content\/uploads\/2024\/10\/foxQgu_8T3UwGAoIf_PWk-transformed.jpeg?fit=854%2C532&ssl=1&resize=525%2C300 1.5x, https:\/\/i0.wp.com\/mexicocodigorojo.com.mx\/wp-content\/uploads\/2024\/10\/foxQgu_8T3UwGAoIf_PWk-transformed.jpeg?fit=854%2C532&ssl=1&resize=700%2C400 2x"},"classes":[]},{"id":1337,"url":"https:\/\/mexicocodigorojo.com.mx\/?p=1337","url_meta":{"origin":62400,"position":4},"title":"Libera PGJT a mujer y su hija de 11 meses secuestradas. Hay 3 detenidos","author":"Staff","date":"agosto 3, 2018","format":false,"excerpt":"Ciudad Victoria, Tamaulipas, 3 de agosto de 2018.- Personal de la Coordinaci\u00f3n Estatal Antisecuestros (CEA) de la Procuradur\u00eda General de Justicia de Tamaulipas (PGJT) logr\u00f3 ayer la liberaci\u00f3n de una mujer y su hija menor de once meses las cuales fueron secuestradas en inmediaciones de la capital del estado. Hay\u2026","rel":"","context":"En \u00abTamaulipas\u00bb","block_context":{"text":"Tamaulipas","link":"https:\/\/mexicocodigorojo.com.mx\/?cat=2"},"img":{"alt_text":"","src":"https:\/\/i0.wp.com\/mexicocodigorojo.com.mx\/wp-content\/uploads\/2018\/08\/7BB3C32E-1676-4350-BB1C-2BFFE8C0DFC7.jpeg?fit=1200%2C1200&ssl=1&resize=350%2C200","width":350,"height":200,"srcset":"https:\/\/i0.wp.com\/mexicocodigorojo.com.mx\/wp-content\/uploads\/2018\/08\/7BB3C32E-1676-4350-BB1C-2BFFE8C0DFC7.jpeg?fit=1200%2C1200&ssl=1&resize=350%2C200 1x, https:\/\/i0.wp.com\/mexicocodigorojo.com.mx\/wp-content\/uploads\/2018\/08\/7BB3C32E-1676-4350-BB1C-2BFFE8C0DFC7.jpeg?fit=1200%2C1200&ssl=1&resize=525%2C300 1.5x, https:\/\/i0.wp.com\/mexicocodigorojo.com.mx\/wp-content\/uploads\/2018\/08\/7BB3C32E-1676-4350-BB1C-2BFFE8C0DFC7.jpeg?fit=1200%2C1200&ssl=1&resize=700%2C400 2x, https:\/\/i0.wp.com\/mexicocodigorojo.com.mx\/wp-content\/uploads\/2018\/08\/7BB3C32E-1676-4350-BB1C-2BFFE8C0DFC7.jpeg?fit=1200%2C1200&ssl=1&resize=1050%2C600 3x"},"classes":[]},{"id":23306,"url":"https:\/\/mexicocodigorojo.com.mx\/?p=23306","url_meta":{"origin":62400,"position":5},"title":"DESTACA AMLO COORDINACI\u00d3N CON GOBIERNO DE TAMAULIPAS","author":"Staff","date":"septiembre 9, 2019","format":false,"excerpt":"Durante su segundo d\u00eda de gira por el estado, el Presidente Andr\u00e9s Manuel L\u00f3pez Obrador destac\u00f3 nuevamente los avances en materia de seguridad y subray\u00f3 la coordinaci\u00f3n que existe con el Gobierno del Estado. Soto la Marina, Tamaulipas.- El Presidente Andr\u00e9s Manuel L\u00f3pez Obrador destac\u00f3 la coordinaci\u00f3n que existe con\u2026","rel":"","context":"En \u00abTamaulipas\u00bb","block_context":{"text":"Tamaulipas","link":"https:\/\/mexicocodigorojo.com.mx\/?cat=2"},"img":{"alt_text":"","src":"https:\/\/i0.wp.com\/mexicocodigorojo.com.mx\/wp-content\/uploads\/2019\/09\/TAM-149-2019.-Destaca-Presidente-de-la-Rep%C3%BAblica-coordinaci%C3%B3n-con-Gobierno-de-Tamaulipas-2-675x405.jpg?fit=675%2C405&ssl=1&resize=350%2C200","width":350,"height":200,"srcset":"https:\/\/i0.wp.com\/mexicocodigorojo.com.mx\/wp-content\/uploads\/2019\/09\/TAM-149-2019.-Destaca-Presidente-de-la-Rep%C3%BAblica-coordinaci%C3%B3n-con-Gobierno-de-Tamaulipas-2-675x405.jpg?fit=675%2C405&ssl=1&resize=350%2C200 1x, https:\/\/i0.wp.com\/mexicocodigorojo.com.mx\/wp-content\/uploads\/2019\/09\/TAM-149-2019.-Destaca-Presidente-de-la-Rep%C3%BAblica-coordinaci%C3%B3n-con-Gobierno-de-Tamaulipas-2-675x405.jpg?fit=675%2C405&ssl=1&resize=525%2C300 1.5x"},"classes":[]}],"jetpack_sharing_enabled":true,"jetpack_likes_enabled":true,"jetpack_shortlink":"https:\/\/wp.me\/p9TedA-ges","_links":{"self":[{"href":"https:\/\/mexicocodigorojo.com.mx\/index.php?rest_route=\/wp\/v2\/posts\/62400","targetHints":{"allow":["GET"]}}],"collection":[{"href":"https:\/\/mexicocodigorojo.com.mx\/index.php?rest_route=\/wp\/v2\/posts"}],"about":[{"href":"https:\/\/mexicocodigorojo.com.mx\/index.php?rest_route=\/wp\/v2\/types\/post"}],"author":[{"embeddable":true,"href":"https:\/\/mexicocodigorojo.com.mx\/index.php?rest_route=\/wp\/v2\/users\/21"}],"replies":[{"embeddable":true,"href":"https:\/\/mexicocodigorojo.com.mx\/index.php?rest_route=%2Fwp%2Fv2%2Fcomments&post=62400"}],"version-history":[{"count":3,"href":"https:\/\/mexicocodigorojo.com.mx\/index.php?rest_route=\/wp\/v2\/posts\/62400\/revisions"}],"predecessor-version":[{"id":62404,"href":"https:\/\/mexicocodigorojo.com.mx\/index.php?rest_route=\/wp\/v2\/posts\/62400\/revisions\/62404"}],"wp:featuredmedia":[{"embeddable":true,"href":"https:\/\/mexicocodigorojo.com.mx\/index.php?rest_route=\/wp\/v2\/media\/62401"}],"wp:attachment":[{"href":"https:\/\/mexicocodigorojo.com.mx\/index.php?rest_route=%2Fwp%2Fv2%2Fmedia&parent=62400"}],"wp:term":[{"taxonomy":"category","embeddable":true,"href":"https:\/\/mexicocodigorojo.com.mx\/index.php?rest_route=%2Fwp%2Fv2%2Fcategories&post=62400"},{"taxonomy":"post_tag","embeddable":true,"href":"https:\/\/mexicocodigorojo.com.mx\/index.php?rest_route=%2Fwp%2Fv2%2Ftags&post=62400"}],"curies":[{"name":"wp","href":"https:\/\/api.w.org\/{rel}","templated":true}]}}