{"id":62356,"date":"2024-07-20T15:33:00","date_gmt":"2024-07-20T21:33:00","guid":{"rendered":"https:\/\/mexicocodigorojo.com.mx\/?p=62356"},"modified":"2024-07-20T15:33:00","modified_gmt":"2024-07-20T21:33:00","slug":"caborca-atacan-y-se-incendia-vehiculo-con-el-uso-de-dron-en-la-zona-de-las-cocheras","status":"publish","type":"post","link":"https:\/\/mexicocodigorojo.com.mx\/?p=62356","title":{"rendered":"Caborca Atacan y se incendia veh\u00edculo con el uso de dron en la zona de las Cocheras"},"content":{"rendered":"\n<p>Por Araceli Celaya<br>H. Caborca, Son.-Un veh\u00edculo modelo reciente, fue atacado y se incendi\u00f3 despu\u00e9s de que fue detonado por un dron en la zona de las Cocheras.<\/p>\n\n\n\n<p>Testigos de este hecho reportaban a dos personas, heridas pero fueron trasladadas en otro veh\u00edculo.<\/p>\n\n\n\n<p>En las im\u00e1genes se observa un pick-up, l\u00ednea Rubicon de color blanco sin placas de circulaci\u00f3n, y a escasos metros el artefacto artesanal qu\u00e9 fue utilizado para el ataque.<\/p>\n\n\n\n<p>Similar a los que se han utilizado en los \u00faltimos hechos violentos donde se utilizan drones.<\/p>\n\n\n\n<p>Por \u00e9ste hecho, jornaleros y trabajadores de la planta porcicola, ubicada a escasos kil\u00f3metros, se encuentran detenidos ante el temor de una situaci\u00f3n de violencia.<\/p>\n\n\n\n<p>Con informaci\u00f3n de Sonora Informativo <\/p>\n","protected":false},"excerpt":{"rendered":"<p>Por Araceli CelayaH. Caborca, Son.-Un veh\u00edculo modelo reciente, fue atacado y se incendi\u00f3 despu\u00e9s de que fue detonado por un dron en la zona de las Cocheras. Testigos de este hecho reportaban a dos personas, heridas pero fueron trasladadas en otro veh\u00edculo. En las im\u00e1genes se observa un pick-up, l\u00ednea Rubicon de color blanco sin [&hellip;]<\/p>\n","protected":false},"author":5,"featured_media":62355,"comment_status":"open","ping_status":"open","sticky":false,"template":"","format":"standard","meta":{"_uf_show_specific_survey":0,"_uf_disable_surveys":false,"advanced_seo_description":"","jetpack_seo_html_title":"","jetpack_seo_noindex":false,"jetpack_post_was_ever_published":false,"_jetpack_newsletter_access":"","_jetpack_dont_email_post_to_subs":false,"_jetpack_newsletter_tier_id":0,"_jetpack_memberships_contains_paywalled_content":false,"_jetpack_memberships_contains_paid_content":false,"footnotes":"","jetpack_publicize_message":"","jetpack_publicize_feature_enabled":true,"jetpack_social_post_already_shared":true,"jetpack_social_options":{"image_generator_settings":{"template":"highway","default_image_id":0,"font":"","enabled":false},"version":2}},"categories":[1724,115],"tags":[906],"class_list":{"0":"post-62356","1":"post","2":"type-post","3":"status-publish","4":"format-standard","5":"has-post-thumbnail","7":"category-featured","8":"category-sonora","9":"tag-crimenorganizado"},"jetpack_publicize_connections":[],"jetpack_featured_media_url":"https:\/\/i0.wp.com\/mexicocodigorojo.com.mx\/wp-content\/uploads\/2024\/07\/img_1555-1.jpg?fit=960%2C503&ssl=1","jetpack-related-posts":[{"id":62064,"url":"https:\/\/mexicocodigorojo.com.mx\/?p=62064","url_meta":{"origin":62356,"position":0},"title":"Ataque armado en Caborca deja tres mujeres heridas","author":"Staff","date":"julio 8, 2024","format":false,"excerpt":"La Fiscal\u00eda General de Justicia del Estado de Sonora investiga un ataque ocurrido en Caborca, Sonora, que dej\u00f3 a tres mujeres con lesiones leves. El incidente se registr\u00f3 el pasado s\u00e1bado 7 de julio a las 23:10 horas, en un domicilio ubicado en las calles Esquer, entre el Pante\u00f3n y\u2026","rel":"","context":"En \u00abFeatured\u00bb","block_context":{"text":"Featured","link":"https:\/\/mexicocodigorojo.com.mx\/?cat=1724"},"img":{"alt_text":"","src":"https:\/\/i0.wp.com\/mexicocodigorojo.com.mx\/wp-content\/uploads\/2024\/07\/caborca-balean-casa-focus-0-0-1300-865.jpg?fit=700%2C400&ssl=1&resize=350%2C200","width":350,"height":200,"srcset":"https:\/\/i0.wp.com\/mexicocodigorojo.com.mx\/wp-content\/uploads\/2024\/07\/caborca-balean-casa-focus-0-0-1300-865.jpg?fit=700%2C400&ssl=1&resize=350%2C200 1x, https:\/\/i0.wp.com\/mexicocodigorojo.com.mx\/wp-content\/uploads\/2024\/07\/caborca-balean-casa-focus-0-0-1300-865.jpg?fit=700%2C400&ssl=1&resize=525%2C300 1.5x, https:\/\/i0.wp.com\/mexicocodigorojo.com.mx\/wp-content\/uploads\/2024\/07\/caborca-balean-casa-focus-0-0-1300-865.jpg?fit=700%2C400&ssl=1&resize=700%2C400 2x"},"classes":[]},{"id":62663,"url":"https:\/\/mexicocodigorojo.com.mx\/?p=62663","url_meta":{"origin":62356,"position":1},"title":"Grupo armado ataca a dos mujeres en Caborca a balazos","author":"Staff","date":"agosto 24, 2024","format":false,"excerpt":"Por Araceli Celaya Caborca, Son.-Las dos mujeres de la tercera edad que quedaron sin vida, fueron identificadas como Enedina y Hubandina Curiel de 72 y 64 a\u00f1os de edad, ambas residentes del estado de Arizona pero originarias de Caborca. Las v\u00edctimas viajaban esta tarde de viernes a la altura del\u2026","rel":"","context":"En \u00abFeatured\u00bb","block_context":{"text":"Featured","link":"https:\/\/mexicocodigorojo.com.mx\/?cat=1724"},"img":{"alt_text":"","src":"https:\/\/i0.wp.com\/mexicocodigorojo.com.mx\/wp-content\/uploads\/2024\/08\/img_4409-1.jpg?fit=960%2C720&ssl=1&resize=350%2C200","width":350,"height":200,"srcset":"https:\/\/i0.wp.com\/mexicocodigorojo.com.mx\/wp-content\/uploads\/2024\/08\/img_4409-1.jpg?fit=960%2C720&ssl=1&resize=350%2C200 1x, https:\/\/i0.wp.com\/mexicocodigorojo.com.mx\/wp-content\/uploads\/2024\/08\/img_4409-1.jpg?fit=960%2C720&ssl=1&resize=525%2C300 1.5x, https:\/\/i0.wp.com\/mexicocodigorojo.com.mx\/wp-content\/uploads\/2024\/08\/img_4409-1.jpg?fit=960%2C720&ssl=1&resize=700%2C400 2x"},"classes":[]},{"id":8506,"url":"https:\/\/mexicocodigorojo.com.mx\/?p=8506","url_meta":{"origin":62356,"position":2},"title":"SEDENA decomisa arsenal y un veh\u00edculo blindado en Caborca Sonora","author":"Staff","date":"noviembre 11, 2018","format":false,"excerpt":"SEDENA decomisa arsenal y un veh\u00edculo blindado en Caborca Sonora Caborca, Sonora.-La tarde de \u00e9ste s\u00e1bado personal de la Secretaria de la Defensa Nacional (Sedena), localiz\u00f3 en estado de abandono un veh\u00edculo con un importante n\u00famero de armas de asalto en un camino de terraceria que conduce al Ejido Josefa\u2026","rel":"","context":"En \u00abSonora\u00bb","block_context":{"text":"Sonora","link":"https:\/\/mexicocodigorojo.com.mx\/?cat=115"},"img":{"alt_text":"","src":"https:\/\/i0.wp.com\/mexicocodigorojo.com.mx\/wp-content\/uploads\/2018\/11\/fb_img_1541971396789-1757956132.jpg?resize=350%2C200&ssl=1","width":350,"height":200},"classes":[]},{"id":45756,"url":"https:\/\/mexicocodigorojo.com.mx\/?p=45756","url_meta":{"origin":62356,"position":3},"title":"INTERCEPTAN CARGA CON MARIHUANA EN CABORCA","author":"Staff","date":"diciembre 22, 2020","format":false,"excerpt":"GUARDIA NACIONAL IMPLEMENTA OPERATIVO DE SEGURIDAD Y DETECTA APARENTE MARIHUANA EN LLANTA DE REFACCI\u00d3N Como parte de los operativos institucionales implementados en carreteras federales del estado de Sonora, integrantes de la Guardia Nacional interceptaron un veh\u00edculo que trasladaba en una caja de cart\u00f3n y en la llanta de refacci\u00f3n 27\u2026","rel":"","context":"En \u00abFeatured\u00bb","block_context":{"text":"Featured","link":"https:\/\/mexicocodigorojo.com.mx\/?cat=1724"},"img":{"alt_text":"","src":"https:\/\/i0.wp.com\/mexicocodigorojo.com.mx\/wp-content\/uploads\/2020\/12\/132119335_198529585284216_4577708928169479893_n.jpg?fit=727%2C622&ssl=1&resize=350%2C200","width":350,"height":200,"srcset":"https:\/\/i0.wp.com\/mexicocodigorojo.com.mx\/wp-content\/uploads\/2020\/12\/132119335_198529585284216_4577708928169479893_n.jpg?fit=727%2C622&ssl=1&resize=350%2C200 1x, https:\/\/i0.wp.com\/mexicocodigorojo.com.mx\/wp-content\/uploads\/2020\/12\/132119335_198529585284216_4577708928169479893_n.jpg?fit=727%2C622&ssl=1&resize=525%2C300 1.5x, https:\/\/i0.wp.com\/mexicocodigorojo.com.mx\/wp-content\/uploads\/2020\/12\/132119335_198529585284216_4577708928169479893_n.jpg?fit=727%2C622&ssl=1&resize=700%2C400 2x"},"classes":[]},{"id":62321,"url":"https:\/\/mexicocodigorojo.com.mx\/?p=62321","url_meta":{"origin":62356,"position":4},"title":"SONORA | FOTOS BALEAN A REPORTERO GUERO HANS DEL PORTAL Art. 7mo el Observador EN CABORCA","author":"MexicoRojo","date":"julio 17, 2024","format":false,"excerpt":"SONORA | BALEAN A REPORTERO GUERO HANS DEL PORTAL Art. 7mo el Observador EN CABORCA \u00a0 \u00a0 AVANCE INFORMATIVO \u00a0 \u00a0 Con relaci\u00f3n a la agresi\u00f3n sufrida el d\u00eda de hoy a las 17:30 horas en Caborca, Sonora, en contra de Federico \u201cN\u201d conocido como \u201cEl G\u00fcero Hans\u201d, propietario de\u2026","rel":"","context":"En \u00abFeatured\u00bb","block_context":{"text":"Featured","link":"https:\/\/mexicocodigorojo.com.mx\/?cat=1724"},"img":{"alt_text":"","src":"https:\/\/i0.wp.com\/mexicocodigorojo.com.mx\/wp-content\/uploads\/2024\/07\/FB_IMG_1721274911489.jpg?fit=720%2C720&ssl=1&resize=350%2C200","width":350,"height":200,"srcset":"https:\/\/i0.wp.com\/mexicocodigorojo.com.mx\/wp-content\/uploads\/2024\/07\/FB_IMG_1721274911489.jpg?fit=720%2C720&ssl=1&resize=350%2C200 1x, https:\/\/i0.wp.com\/mexicocodigorojo.com.mx\/wp-content\/uploads\/2024\/07\/FB_IMG_1721274911489.jpg?fit=720%2C720&ssl=1&resize=525%2C300 1.5x, https:\/\/i0.wp.com\/mexicocodigorojo.com.mx\/wp-content\/uploads\/2024\/07\/FB_IMG_1721274911489.jpg?fit=720%2C720&ssl=1&resize=700%2C400 2x"},"classes":[]},{"id":48987,"url":"https:\/\/mexicocodigorojo.com.mx\/?p=48987","url_meta":{"origin":62356,"position":5},"title":"Asesinan al periodista Benjam\u00edn Morales","author":"Staff","date":"mayo 4, 2021","format":false,"excerpt":"Hermosillo.\u2014 En el D\u00eda Internacional de la Libertad de Expresi\u00f3n, el periodista Benjam\u00edn Morales Hern\u00e1ndez, director de la p\u00e1gina de Noticias Xonoidag, fue encontrado sin vida y con impactos de arma de fuego. Un informe policiaco indica que a las 01:55 horas de ayer fue localizado el veh\u00edculo en el\u2026","rel":"","context":"En \u00abFeatured\u00bb","block_context":{"text":"Featured","link":"https:\/\/mexicocodigorojo.com.mx\/?cat=1724"},"img":{"alt_text":"","src":"https:\/\/i0.wp.com\/mexicocodigorojo.com.mx\/wp-content\/uploads\/2021\/05\/periodista.jpg?fit=1024%2C576&ssl=1&resize=350%2C200","width":350,"height":200,"srcset":"https:\/\/i0.wp.com\/mexicocodigorojo.com.mx\/wp-content\/uploads\/2021\/05\/periodista.jpg?fit=1024%2C576&ssl=1&resize=350%2C200 1x, https:\/\/i0.wp.com\/mexicocodigorojo.com.mx\/wp-content\/uploads\/2021\/05\/periodista.jpg?fit=1024%2C576&ssl=1&resize=525%2C300 1.5x, https:\/\/i0.wp.com\/mexicocodigorojo.com.mx\/wp-content\/uploads\/2021\/05\/periodista.jpg?fit=1024%2C576&ssl=1&resize=700%2C400 2x"},"classes":[]}],"jetpack_sharing_enabled":true,"jetpack_likes_enabled":true,"jetpack_shortlink":"https:\/\/wp.me\/p9TedA-gdK","_links":{"self":[{"href":"https:\/\/mexicocodigorojo.com.mx\/index.php?rest_route=\/wp\/v2\/posts\/62356","targetHints":{"allow":["GET"]}}],"collection":[{"href":"https:\/\/mexicocodigorojo.com.mx\/index.php?rest_route=\/wp\/v2\/posts"}],"about":[{"href":"https:\/\/mexicocodigorojo.com.mx\/index.php?rest_route=\/wp\/v2\/types\/post"}],"author":[{"embeddable":true,"href":"https:\/\/mexicocodigorojo.com.mx\/index.php?rest_route=\/wp\/v2\/users\/5"}],"replies":[{"embeddable":true,"href":"https:\/\/mexicocodigorojo.com.mx\/index.php?rest_route=%2Fwp%2Fv2%2Fcomments&post=62356"}],"version-history":[{"count":0,"href":"https:\/\/mexicocodigorojo.com.mx\/index.php?rest_route=\/wp\/v2\/posts\/62356\/revisions"}],"wp:featuredmedia":[{"embeddable":true,"href":"https:\/\/mexicocodigorojo.com.mx\/index.php?rest_route=\/wp\/v2\/media\/62355"}],"wp:attachment":[{"href":"https:\/\/mexicocodigorojo.com.mx\/index.php?rest_route=%2Fwp%2Fv2%2Fmedia&parent=62356"}],"wp:term":[{"taxonomy":"category","embeddable":true,"href":"https:\/\/mexicocodigorojo.com.mx\/index.php?rest_route=%2Fwp%2Fv2%2Fcategories&post=62356"},{"taxonomy":"post_tag","embeddable":true,"href":"https:\/\/mexicocodigorojo.com.mx\/index.php?rest_route=%2Fwp%2Fv2%2Ftags&post=62356"}],"curies":[{"name":"wp","href":"https:\/\/api.w.org\/{rel}","templated":true}]}}