{"id":62336,"date":"2024-07-18T11:06:49","date_gmt":"2024-07-18T17:06:49","guid":{"rendered":"https:\/\/mexicocodigorojo.com.mx\/?p=62336"},"modified":"2024-07-18T11:06:49","modified_gmt":"2024-07-18T17:06:49","slug":"guardia-nacional-detuvo-a-escorpion-17-en-tamaulipas","status":"publish","type":"post","link":"https:\/\/mexicocodigorojo.com.mx\/?p=62336","title":{"rendered":"GUARDIA NACIONAL DETUVO A \u201cESCORPI\u00d3N 17\u201d EN TAMAULIPAS"},"content":{"rendered":"\n<p>En cumplimiento de la Estrategia Nacional de Seguridad P\u00fablica y de la pol\u00edtica de Cero Impunidad del gobierno federal, el pasado 16 de julio, en Ciudad Madero, Tamaulipas, personal de la Fuerza Especial de Reacci\u00f3n e Intervenci\u00f3n (FERI) de la Guardia Nacional (GN), en coordinaci\u00f3n con la Fiscal\u00eda General de la Rep\u00fablica (FGR), realizaron la detenci\u00f3n de Antonio Guadalupe \u00abN\u00bb.<\/p>\n\n\n\n<p>Como resultado de la coordinaci\u00f3n interinstitucional para fortalecer el Estado de derecho en el pa\u00eds y detectar organizaciones criminales en esa entidad federativa, un equipo t\u00e1ctico de la FERI, en apoyo a la Fiscal\u00eda Especializada en Materia de Delincuencia Organizada (Femdo) y la Agencia de Investigaci\u00f3n Criminal (AIC), mediante trabajos de inteligencia y actividades de campo, en playa Miramar de citado municipio, localizaron a Antonio Guadalupe \u00abN\u00bb, quien presuntamente formaba parte de la estructura delictiva del c\u00e1rtel del Golfo (CDG), como supuesto l\u00edder de dicha organizaci\u00f3n criminal con presencia en Matamoros, Tamaulipas, quien contaba con una orden de aprehensi\u00f3n otorgada por un juez federal.<\/p>\n\n\n\n<p>Por consiguiente, los agentes de la AlC, con apoyo de la Fuerza Especial de Reacci\u00f3n e Intervenci\u00f3n de la GN, cumplimentaron el mandamiento judicial en contra de Antonio Guadalupe \u00abN\u00bb, quien fue trasladado al Centro Federal de Readaptaci\u00f3n Social \u00abEl Altiplano\u00bb. en Almoloya de Ju\u00e1rez, Estado de M\u00e9xico, quedando a disposici\u00f3n de las autoridades competentes, quienes determinar\u00e1n su situaci\u00f3n jur\u00eddica.<\/p>\n\n\n\n<p>Derivado de esta detenci\u00f3n, hasta el momento se han ejecutado cuatro \u00f3rdenes t\u00e9cnicas de investigaci\u00f3n en igual n\u00famero de inmuebles en Matamoros, Tamaulipas, donde han sido detenidas cuatro personas, armamento, municiones y equipo t\u00e1ctico.<\/p>\n\n\n\n<p>Con esta detenci\u00f3n se contribuye a debilitar una organizaci\u00f3n criminal con presencia en el estado de Tamaulipas, limitando sus actividades financieras, tr\u00e1fico de indocumentados y drogas hacia Estados Unidos de Am\u00e9rica, e introducci\u00f3n ilegal de armas de fuego a territorio nacional. Cabe destacar que estas acciones se llevaron a cabo con estricto apego al Estado de derecho y con pleno respeto a los derechos humanos.<\/p>\n\n\n\n<p>De esta manera, la Guardia Nacional reafirma la indeclinable decisi\u00f3n del gobierno federal por continuar actuando en contra de la delincuencia organizada, atendiendo las necesidades que la sociedad demanda; asimismo, refrenda su compromiso de salvaguardar el bienestar de las y los ciudadanos, garantizando la paz y la seguridad de la poblaci\u00f3n.<\/p>\n\n\n\n<figure class=\"wp-block-embed is-type-rich is-provider-twitter wp-block-embed-twitter\"><div class=\"wp-block-embed__wrapper\">\n<blockquote class=\"twitter-tweet\" data-width=\"550\" data-dnt=\"true\"><p lang=\"es\" dir=\"ltr\">Trasciende que anoche en un Operativo de <a href=\"https:\/\/twitter.com\/SEDENAmx?ref_src=twsrc%5Etfw\">@SEDENAmx<\/a> en coordinaci\u00f3n con <a href=\"https:\/\/twitter.com\/FGRMexico?ref_src=twsrc%5Etfw\">@FGRMexico<\/a> fue detenido Antonio Casanova alias \u201cTo\u00f1ito o Escorpi\u00f3n 17\u201d en la zona sur de <a href=\"https:\/\/twitter.com\/hashtag\/Tamaulipas?src=hash&amp;ref_src=twsrc%5Etfw\">#Tamaulipas<\/a>.  Fuentes federales me informan que Alfredo del R\u00edo de la Fuente \u201cArdilla o Escorpi\u00f3n 49\u201d huy\u00f3. <a href=\"https:\/\/t.co\/rFNgHqT3Pl\">pic.twitter.com\/rFNgHqT3Pl<\/a><\/p>&mdash; ElGuzman (@FuriaNegra77) <a href=\"https:\/\/twitter.com\/FuriaNegra77\/status\/1813594511974797393?ref_src=twsrc%5Etfw\">July 17, 2024<\/a><\/blockquote><script async src=\"https:\/\/platform.twitter.com\/widgets.js\" charset=\"utf-8\"><\/script>\n<\/div><\/figure>\n","protected":false},"excerpt":{"rendered":"<p>En cumplimiento de la Estrategia Nacional de Seguridad P\u00fablica y de la pol\u00edtica de Cero Impunidad del gobierno federal, el pasado 16 de julio, en Ciudad Madero, Tamaulipas, personal de la Fuerza Especial de Reacci\u00f3n e Intervenci\u00f3n (FERI) de la Guardia Nacional (GN), en coordinaci\u00f3n con la Fiscal\u00eda General de la Rep\u00fablica (FGR), realizaron la [&hellip;]<\/p>\n","protected":false},"author":5,"featured_media":62335,"comment_status":"open","ping_status":"open","sticky":false,"template":"","format":"standard","meta":{"_uf_show_specific_survey":0,"_uf_disable_surveys":false,"advanced_seo_description":"","jetpack_seo_html_title":"","jetpack_seo_noindex":false,"jetpack_post_was_ever_published":false,"_jetpack_newsletter_access":"","_jetpack_dont_email_post_to_subs":false,"_jetpack_newsletter_tier_id":0,"_jetpack_memberships_contains_paywalled_content":false,"_jetpack_memberships_contains_paid_content":false,"footnotes":"","jetpack_publicize_message":"","jetpack_publicize_feature_enabled":true,"jetpack_social_post_already_shared":true,"jetpack_social_options":{"image_generator_settings":{"template":"highway","default_image_id":0,"font":"","enabled":false},"version":2}},"categories":[1724,2],"tags":[38,2579,225],"class_list":{"0":"post-62336","1":"post","2":"type-post","3":"status-publish","4":"format-standard","5":"has-post-thumbnail","7":"category-featured","8":"category-tamaulipas","9":"tag-cdg","10":"tag-escorpiones","11":"tag-narcotrafico"},"jetpack_publicize_connections":[],"jetpack_featured_media_url":"https:\/\/i0.wp.com\/mexicocodigorojo.com.mx\/wp-content\/uploads\/2024\/07\/203e102c-3586-4a5f-9ecd-73c735598f6b-1.jpg?fit=958%2C623&ssl=1","jetpack-related-posts":[{"id":55967,"url":"https:\/\/mexicocodigorojo.com.mx\/?p=55967","url_meta":{"origin":62336,"position":0},"title":"DETIENEN A \u201cLA CABRA\u201d, L\u00cdDER DE LA FRACCI\u00d3N DE \u00abLOS METROS\u00bb DEL GRUPO DELICTIVO \u00abC\u00c1RTEL DEL GOLFO\u00bb","author":"Staff","date":"mayo 1, 2023","format":false,"excerpt":"Hugo \u201cN\u201d, alias \u201cLa Cabra\u201d, jefe de plaza en los municipios de Miguel Alem\u00e1n, Camargo y Comales, en Tamaulipas, y uno de los principales generadores de violencia, fue detenido en flagrancia el pasado 28 de abril. Personal de la Fuerza Especial de Reacci\u00f3n e Intervenci\u00f3n (FERI) de la Guardia Nacional\u2026","rel":"","context":"En \u00abFeatured\u00bb","block_context":{"text":"Featured","link":"https:\/\/mexicocodigorojo.com.mx\/?cat=1724"},"img":{"alt_text":"","src":"https:\/\/i0.wp.com\/mexicocodigorojo.com.mx\/wp-content\/uploads\/2023\/05\/img_2096.jpg?fit=400%2C300&ssl=1&resize=350%2C200","width":350,"height":200},"classes":[]},{"id":34284,"url":"https:\/\/mexicocodigorojo.com.mx\/?p=34284","url_meta":{"origin":62336,"position":1},"title":"Rescatan a 7 centroamericanos en Reynosa","author":"Staff","date":"marzo 6, 2020","format":false,"excerpt":"Reynosa, Tamaulipas.- La Fiscal\u00eda General de Justicia de Tamaulipas informa que Agentes de la Polic\u00eda Investigadora, con apoyo de elementos de la Coordinaci\u00f3n Estatal de la Polic\u00eda Federal, Divisi\u00f3n Gendarmer\u00eda, en transici\u00f3n a la Guardia Nacional, rescataron a 4 mujeres y 3 hombres de origen centroamericano. Derivado de un reporte\u2026","rel":"","context":"En \u00abTamaulipas\u00bb","block_context":{"text":"Tamaulipas","link":"https:\/\/mexicocodigorojo.com.mx\/?cat=2"},"img":{"alt_text":"","src":"","width":0,"height":0},"classes":[]},{"id":60207,"url":"https:\/\/mexicocodigorojo.com.mx\/?p=60207","url_meta":{"origin":62336,"position":2},"title":"FGR DESTRUYE 42 VEH\u00cdCULOS CON BLINDAJE ARTESANAL","author":"Staff","date":"mayo 2, 2024","format":false,"excerpt":"La Fiscal\u00eda General de la Rep\u00fablica (FGR), a trav\u00e9s de su Fiscal\u00eda Federal en el Estado de Tamaulipas, destruy\u00f3 42 veh\u00edculos con blindaje artesanal, con lo que dio cumplimiento al Programa Destino de Bienes y Objetos del Delito, dispuesto en el C\u00f3digo Nacional de Procedimientos Penales, el cual prev\u00e9 la\u2026","rel":"","context":"En \u00abFeatured\u00bb","block_context":{"text":"Featured","link":"https:\/\/mexicocodigorojo.com.mx\/?cat=1724"},"img":{"alt_text":"","src":"https:\/\/i0.wp.com\/mexicocodigorojo.com.mx\/wp-content\/uploads\/2024\/05\/img_4608-1.jpg?fit=1200%2C802&ssl=1&resize=350%2C200","width":350,"height":200,"srcset":"https:\/\/i0.wp.com\/mexicocodigorojo.com.mx\/wp-content\/uploads\/2024\/05\/img_4608-1.jpg?fit=1200%2C802&ssl=1&resize=350%2C200 1x, https:\/\/i0.wp.com\/mexicocodigorojo.com.mx\/wp-content\/uploads\/2024\/05\/img_4608-1.jpg?fit=1200%2C802&ssl=1&resize=525%2C300 1.5x, https:\/\/i0.wp.com\/mexicocodigorojo.com.mx\/wp-content\/uploads\/2024\/05\/img_4608-1.jpg?fit=1200%2C802&ssl=1&resize=700%2C400 2x, https:\/\/i0.wp.com\/mexicocodigorojo.com.mx\/wp-content\/uploads\/2024\/05\/img_4608-1.jpg?fit=1200%2C802&ssl=1&resize=1050%2C600 3x"},"classes":[]},{"id":51275,"url":"https:\/\/mexicocodigorojo.com.mx\/?p=51275","url_meta":{"origin":62336,"position":3},"title":"V\u00cdDEO; RESCATAN A 652 MIGRANTES EN TAMAULIPAS","author":"Staff","date":"octubre 8, 2021","format":false,"excerpt":"Corporaciones federales y estatales trabajaron de manera coordinada para la contabilizaci\u00f3n y resguardo de los migrantes. Ciudad Victoria, Tamaulipas, 8 de octubre 2021.- El Grupo de Coordinaci\u00f3n Estatal para la Construcci\u00f3n de la Paz en Tamaulipas informa que personal militar y de la Guardia Nacional detectaron la noche de ayer\u2026","rel":"","context":"En \u00abFeatured\u00bb","block_context":{"text":"Featured","link":"https:\/\/mexicocodigorojo.com.mx\/?cat=1724"},"img":{"alt_text":"","src":"https:\/\/i0.wp.com\/mexicocodigorojo.com.mx\/wp-content\/uploads\/2021\/10\/245074341_325619986030286_1191543701808319523_n.jpg?fit=1200%2C675&ssl=1&resize=350%2C200","width":350,"height":200,"srcset":"https:\/\/i0.wp.com\/mexicocodigorojo.com.mx\/wp-content\/uploads\/2021\/10\/245074341_325619986030286_1191543701808319523_n.jpg?fit=1200%2C675&ssl=1&resize=350%2C200 1x, https:\/\/i0.wp.com\/mexicocodigorojo.com.mx\/wp-content\/uploads\/2021\/10\/245074341_325619986030286_1191543701808319523_n.jpg?fit=1200%2C675&ssl=1&resize=525%2C300 1.5x, https:\/\/i0.wp.com\/mexicocodigorojo.com.mx\/wp-content\/uploads\/2021\/10\/245074341_325619986030286_1191543701808319523_n.jpg?fit=1200%2C675&ssl=1&resize=700%2C400 2x, https:\/\/i0.wp.com\/mexicocodigorojo.com.mx\/wp-content\/uploads\/2021\/10\/245074341_325619986030286_1191543701808319523_n.jpg?fit=1200%2C675&ssl=1&resize=1050%2C600 3x"},"classes":[]},{"id":34232,"url":"https:\/\/mexicocodigorojo.com.mx\/?p=34232","url_meta":{"origin":62336,"position":4},"title":"Rescatan a dos hombres originarios de Colombia en Tamaulipas y aseguran cami\u00f3n modificado","author":"Staff","date":"marzo 5, 2020","format":false,"excerpt":"LA COLABORACI\u00d3N INTERNACIONAL PERMITE A CONASE, GUARDIA NACIONAL Y UECS TAMAULIPAS LOCALIZAR A DOS CIUDADANOS COLOMBIANOS PRIVADOS DE LA LIBERTAD Elementos de la Coordinaci\u00f3n Nacional Antisecuestro (CONASE), dependiente de la Secretar\u00eda de Seguridad y Protecci\u00f3n Ciudadana (SSPC), con elementos de la Guardia Nacional en coordinaci\u00f3n con la Unidad Especializada de\u2026","rel":"","context":"En \u00abTamaulipas\u00bb","block_context":{"text":"Tamaulipas","link":"https:\/\/mexicocodigorojo.com.mx\/?cat=2"},"img":{"alt_text":"","src":"https:\/\/i0.wp.com\/secureservercdn.net\/166.62.108.22\/cg1.af3.myftpupload.com\/wp-content\/uploads\/2020\/03\/848ff114-e52d-4797-927b-2c7e8cf76be7.jpg?resize=350%2C200&ssl=1","width":350,"height":200,"srcset":"https:\/\/i0.wp.com\/secureservercdn.net\/166.62.108.22\/cg1.af3.myftpupload.com\/wp-content\/uploads\/2020\/03\/848ff114-e52d-4797-927b-2c7e8cf76be7.jpg?resize=350%2C200&ssl=1 1x, https:\/\/i0.wp.com\/secureservercdn.net\/166.62.108.22\/cg1.af3.myftpupload.com\/wp-content\/uploads\/2020\/03\/848ff114-e52d-4797-927b-2c7e8cf76be7.jpg?resize=525%2C300&ssl=1 1.5x, https:\/\/i0.wp.com\/secureservercdn.net\/166.62.108.22\/cg1.af3.myftpupload.com\/wp-content\/uploads\/2020\/03\/848ff114-e52d-4797-927b-2c7e8cf76be7.jpg?resize=700%2C400&ssl=1 2x"},"classes":[]},{"id":52441,"url":"https:\/\/mexicocodigorojo.com.mx\/?p=52441","url_meta":{"origin":62336,"position":5},"title":"Detienen en la CDMX a \u00abEl Contador\u00bb, presunto l\u00edder regional del c\u00e1rtel del Golfo en Tamaulipas","author":"MexicoRojoCvmx","date":"febrero 27, 2022","format":false,"excerpt":"Elementos del ej\u00e9rcito mexicano, la Guardia Nacional y la Secretar\u00eda de Seguridad Ciudadana de la Ciudad de M\u00e9xico detuvieron en la capital del pa\u00eds a Jos\u00e9 Alfredo \u201cN\u201d, \u201cEl Contador\u201d, identificado como l\u00edder regional del C\u00e1rtel del Golfo-Ciclones-Escorpiones en Tamaulipas. Dicho grupo delincuencial se dedica al trasiego de drogas y\u2026","rel":"","context":"En \u00abFeatured\u00bb","block_context":{"text":"Featured","link":"https:\/\/mexicocodigorojo.com.mx\/?cat=1724"},"img":{"alt_text":"","src":"https:\/\/i0.wp.com\/mexicocodigorojo.com.mx\/wp-content\/uploads\/2022\/02\/275010803_415678733691077_5299822974759371431_n.jpg?fit=658%2C636&ssl=1&resize=350%2C200","width":350,"height":200,"srcset":"https:\/\/i0.wp.com\/mexicocodigorojo.com.mx\/wp-content\/uploads\/2022\/02\/275010803_415678733691077_5299822974759371431_n.jpg?fit=658%2C636&ssl=1&resize=350%2C200 1x, https:\/\/i0.wp.com\/mexicocodigorojo.com.mx\/wp-content\/uploads\/2022\/02\/275010803_415678733691077_5299822974759371431_n.jpg?fit=658%2C636&ssl=1&resize=525%2C300 1.5x"},"classes":[]}],"jetpack_sharing_enabled":true,"jetpack_likes_enabled":true,"jetpack_shortlink":"https:\/\/wp.me\/p9TedA-gdq","_links":{"self":[{"href":"https:\/\/mexicocodigorojo.com.mx\/index.php?rest_route=\/wp\/v2\/posts\/62336","targetHints":{"allow":["GET"]}}],"collection":[{"href":"https:\/\/mexicocodigorojo.com.mx\/index.php?rest_route=\/wp\/v2\/posts"}],"about":[{"href":"https:\/\/mexicocodigorojo.com.mx\/index.php?rest_route=\/wp\/v2\/types\/post"}],"author":[{"embeddable":true,"href":"https:\/\/mexicocodigorojo.com.mx\/index.php?rest_route=\/wp\/v2\/users\/5"}],"replies":[{"embeddable":true,"href":"https:\/\/mexicocodigorojo.com.mx\/index.php?rest_route=%2Fwp%2Fv2%2Fcomments&post=62336"}],"version-history":[{"count":0,"href":"https:\/\/mexicocodigorojo.com.mx\/index.php?rest_route=\/wp\/v2\/posts\/62336\/revisions"}],"wp:featuredmedia":[{"embeddable":true,"href":"https:\/\/mexicocodigorojo.com.mx\/index.php?rest_route=\/wp\/v2\/media\/62335"}],"wp:attachment":[{"href":"https:\/\/mexicocodigorojo.com.mx\/index.php?rest_route=%2Fwp%2Fv2%2Fmedia&parent=62336"}],"wp:term":[{"taxonomy":"category","embeddable":true,"href":"https:\/\/mexicocodigorojo.com.mx\/index.php?rest_route=%2Fwp%2Fv2%2Fcategories&post=62336"},{"taxonomy":"post_tag","embeddable":true,"href":"https:\/\/mexicocodigorojo.com.mx\/index.php?rest_route=%2Fwp%2Fv2%2Ftags&post=62336"}],"curies":[{"name":"wp","href":"https:\/\/api.w.org\/{rel}","templated":true}]}}