{"id":62231,"date":"2024-07-12T20:01:27","date_gmt":"2024-07-13T02:01:27","guid":{"rendered":"https:\/\/mexicocodigorojo.com.mx\/?p=62231"},"modified":"2024-07-12T20:01:27","modified_gmt":"2024-07-13T02:01:27","slug":"asesinan-al-dueno-del-cereal-chachitos-al-empresario-marcos-gabriel-wisbrun","status":"publish","type":"post","link":"https:\/\/mexicocodigorojo.com.mx\/?p=62231","title":{"rendered":"Asesinan al due\u00f1o del cereal \u00abChachitos\u00bb; Al empresario Marcos Gabriel Wisbrun"},"content":{"rendered":"<p>Fue encontrado el cuerpo de Marcos Gabriel Wisbrun Terrazas, propietario de la empresa Productos Chachitos, en las oficinas de su propia empresa. Si bien el hallazgo ocurri\u00f3 desde el 8 de julio, autoridades y familiares confirmaron los hechos hasta el d\u00eda 10.<\/p>\n<p>Con 67 a\u00f1os de edad, Wisburn Terrazas se encontr\u00f3 en las instalaciones de su empresa, ubicadas en las calles 37 y Jos\u00e9 Mar\u00eda Mari, colonia Santo Ni\u00f1o, ciudad de Chihuahua, Chihuahua.<\/p>\n<p>Seg\u00fan los reportes del caso, por ahora no se saben los motivos de la muerte del empresario. Sin embargo, se presume que se trat\u00f3 de un crimen, dado que el cuerpo estaba maniatado y golpeado.<\/p>\n<h2 style=\"border:0pxsolidrgb(229,231,235); box-sizing:border-box; font-size:1.5rem; font-weight:700; margin:0px; line-height:2rem; color:rgb(0,0,0); font-family:roboto,sans-serif; font-style:normal; font-variant-ligatures:normal; font-variant-caps:normal; letter-spacing:normal; orphans:2text-indent:0px; text-transform:none; widows:2; word-spacing:0px; -webkit-text-stroke-width:0px; white-space:normal; text-decoration-thickness:initial; text-decoration-style:initial; text-decoration-color:initial; text-align:left;\">Empresa confirma la muerte<\/h2>\n<p>Maru Campos Galv\u00e1n, gobernadora de Chihuahua, envi\u00f3 sus condolencias a los familiares y amistades de la v\u00edctima. Asimismo, les dese\u00f3 una pronta resignaci\u00f3n a todas las personas que se vieron afectadas por la p\u00e9rdida de Marcos Gabriel Wisburn.<\/p>\n<p><img data-recalc-dims=\"1\" loading=\"lazy\" decoding=\"async\" data-attachment-id=\"62229\" data-permalink=\"https:\/\/mexicocodigorojo.com.mx\/?attachment_id=62229\" data-orig-file=\"https:\/\/i0.wp.com\/mexicocodigorojo.com.mx\/wp-content\/uploads\/2024\/07\/captura-de-pantalla-2024-07-11-1636391964883141480461595.webp?fit=728%2C773&amp;ssl=1\" data-orig-size=\"728,773\" data-comments-opened=\"1\" data-image-meta=\"{&quot;aperture&quot;:&quot;0&quot;,&quot;credit&quot;:&quot;&quot;,&quot;camera&quot;:&quot;&quot;,&quot;caption&quot;:&quot;&quot;,&quot;created_timestamp&quot;:&quot;0&quot;,&quot;copyright&quot;:&quot;&quot;,&quot;focal_length&quot;:&quot;0&quot;,&quot;iso&quot;:&quot;0&quot;,&quot;shutter_speed&quot;:&quot;0&quot;,&quot;title&quot;:&quot;&quot;,&quot;orientation&quot;:&quot;0&quot;}\" data-image-title=\"captura-de-pantalla-2024-07-11-1636391964883141480461595.webp\" data-image-description=\"\" data-image-caption=\"\" data-large-file=\"https:\/\/i0.wp.com\/mexicocodigorojo.com.mx\/wp-content\/uploads\/2024\/07\/captura-de-pantalla-2024-07-11-1636391964883141480461595.webp?fit=696%2C739&amp;ssl=1\" class=\"wp-image-62229 alignnone size-full\" src=\"https:\/\/i0.wp.com\/mexicocodigorojo.com.mx\/wp-content\/uploads\/2024\/07\/captura-de-pantalla-2024-07-11-1636391964883141480461595.webp?resize=696%2C739&#038;ssl=1\" width=\"696\" height=\"739\" srcset=\"https:\/\/i0.wp.com\/mexicocodigorojo.com.mx\/wp-content\/uploads\/2024\/07\/captura-de-pantalla-2024-07-11-1636391964883141480461595.webp?w=728&amp;ssl=1 728w, https:\/\/i0.wp.com\/mexicocodigorojo.com.mx\/wp-content\/uploads\/2024\/07\/captura-de-pantalla-2024-07-11-1636391964883141480461595.webp?resize=283%2C300&amp;ssl=1 283w\" sizes=\"auto, (max-width: 696px) 100vw, 696px\" \/><\/p>\n<p>Por su parte, Productos Chachitos, empresa que se fund\u00f3 en la d\u00e9cada de 1950, confirm\u00f3 a trav\u00e9s de un comunicado en redes sociales el fallecimiento de su director. \u201cInformamos que Marcos Gabriel Wisbrun Terrazas, CEO de la empresa Productos Chachitos S.A. de C.V. de Chihuahua, ha fallecido y lo recordaremos\u201d, escribieron.<\/p>\n<p>Seg\u00fan informaci\u00f3n del diario local \u201cEl Diario\u201d, la Fiscal\u00eda de Chihuahua no ten\u00eda intenciones de que el caso saliera a la luz. Asimismo, el medio afirma que fue el gremio empresarial quien impuls\u00f3 que la noticia llegara a escala nacional.<\/p>\n<p>La Procuradur\u00eda Federal del Consumidor (Profeco) evalu\u00f3 la calidad del cereal Chachitos. Seg\u00fan los estudios realizados por la dependencia, solamente dos marcas se encuentran por encima en calidad y t\u00e9rminos nutricionales, Cheerios, de Nestl\u00e9, la otra, Oatmel Squares de Quaker.<\/p>\n<p>.<\/p>\n<p>Puedes ver mayor informaci\u00f3n en <a href=\"https:\/\/linktr.ee\/mexicorojo\">https:\/\/linktr.ee\/mexicorojo<\/a><\/p>\n<p>.<\/p>\n<p>(Indigo).<\/p>\n","protected":false},"excerpt":{"rendered":"<p>Fue encontrado el cuerpo de Marcos Gabriel Wisbrun Terrazas, propietario de la empresa Productos Chachitos, en las oficinas de su propia empresa. Si bien el hallazgo ocurri\u00f3 desde el 8 de julio, autoridades y familiares confirmaron los hechos hasta el d\u00eda 10. Con 67 a\u00f1os de edad, Wisburn Terrazas se encontr\u00f3 en las instalaciones de [&hellip;]<\/p>\n","protected":false},"author":22,"featured_media":62230,"comment_status":"open","ping_status":"open","sticky":false,"template":"","format":"standard","meta":{"_uf_show_specific_survey":0,"_uf_disable_surveys":false,"advanced_seo_description":"","jetpack_seo_html_title":"","jetpack_seo_noindex":false,"jetpack_post_was_ever_published":false,"_jetpack_newsletter_access":"","_jetpack_dont_email_post_to_subs":false,"_jetpack_newsletter_tier_id":0,"_jetpack_memberships_contains_paywalled_content":false,"_jetpack_memberships_contains_paid_content":false,"footnotes":"","jetpack_publicize_message":"","jetpack_publicize_feature_enabled":true,"jetpack_social_post_already_shared":true,"jetpack_social_options":{"image_generator_settings":{"template":"highway","default_image_id":0,"font":"","enabled":false},"version":2}},"categories":[101,1724],"tags":[858],"class_list":{"0":"post-62231","1":"post","2":"type-post","3":"status-publish","4":"format-standard","5":"has-post-thumbnail","7":"category-ciudad-de-mexico","8":"category-featured","9":"tag-homicidio"},"jetpack_publicize_connections":[],"jetpack_featured_media_url":"https:\/\/i0.wp.com\/mexicocodigorojo.com.mx\/wp-content\/uploads\/2024\/07\/encuentran-cuerpo-sin-vida-de-marcos-gabriel-wisbrun-dueno-del-cereal-chachitos.jpg?fit=500%2C375&ssl=1","jetpack-related-posts":[{"id":4003,"url":"https:\/\/mexicocodigorojo.com.mx\/?p=4003","url_meta":{"origin":62231,"position":0},"title":"VIDEO del asesinato del empresario Uriel Loya, presidente de la Coparmex en Parral, Chihuahua","author":"Staff","date":"septiembre 24, 2018","format":false,"excerpt":"A trav\u00e9s de las diversas redes sociales circula un video donde se puede visualizar el momento del asesinato del empresario Uriel Ulberto Loya Deister, presidente de la Confederaci\u00f3n Patronal de la Rep\u00fablica Mexicana (Coparmex) en Hidalgo del Parral, en Chihuahua, cuyo homicidio ocurri\u00f3 ayer domingo por la tarde. En la\u2026","rel":"","context":"En \u00abChihuahua\u00bb","block_context":{"text":"Chihuahua","link":"https:\/\/mexicocodigorojo.com.mx\/?cat=5"},"img":{"alt_text":"","src":"","width":0,"height":0},"classes":[]},{"id":34219,"url":"https:\/\/mexicocodigorojo.com.mx\/?p=34219","url_meta":{"origin":62231,"position":1},"title":"VIDEO EN CHIHUAHUA UN EMPRESARIO CONOCIDO MATO A DOS DE SUS ESCOLTAS POR TRAIDORES","author":"MexicoRojo","date":"marzo 5, 2020","format":false,"excerpt":"Chihuahua.- fue detenido el empresario deliciense Carlos Cuevas Abundis quien la semana pasada mat\u00f3 a balazos a un hombre para escapar de la casa de seguridad donde presuntamente lo ten\u00edan privado de la libertad y hace poco se dio a conocer un video donde tortura y ordena matar a dos\u2026","rel":"","context":"En \u00abChihuahua\u00bb","block_context":{"text":"Chihuahua","link":"https:\/\/mexicocodigorojo.com.mx\/?cat=5"},"img":{"alt_text":"","src":"https:\/\/i0.wp.com\/mexicocodigorojo.com.mx\/wp-content\/uploads\/2020\/03\/CYMERA_20200305_022532.jpg?fit=1024%2C1024&ssl=1&resize=350%2C200","width":350,"height":200,"srcset":"https:\/\/i0.wp.com\/mexicocodigorojo.com.mx\/wp-content\/uploads\/2020\/03\/CYMERA_20200305_022532.jpg?fit=1024%2C1024&ssl=1&resize=350%2C200 1x, https:\/\/i0.wp.com\/mexicocodigorojo.com.mx\/wp-content\/uploads\/2020\/03\/CYMERA_20200305_022532.jpg?fit=1024%2C1024&ssl=1&resize=525%2C300 1.5x, https:\/\/i0.wp.com\/mexicocodigorojo.com.mx\/wp-content\/uploads\/2020\/03\/CYMERA_20200305_022532.jpg?fit=1024%2C1024&ssl=1&resize=700%2C400 2x"},"classes":[]},{"id":59883,"url":"https:\/\/mexicocodigorojo.com.mx\/?p=59883","url_meta":{"origin":62231,"position":2},"title":"FOTOS Dejan narcomanta en Viaducto de Cd. Juarez por ejecuci\u00f3n de custodios en Chihuahua","author":"MexicoRojo","date":"abril 20, 2024","format":false,"excerpt":"Un grupo delictivo coloc\u00f3 una narcomanta sobre uno de los puentes del viaducto D\u00edaz Ordaz, en Ciudad Ju\u00e1rez, donde habla sobre la ejecuci\u00f3n de custodios en la ciudad de Chihuahua. \u00a0 \u00a0 La manta, de color blanco con una leyenda escrita en aerosol negro, fue descubierta cerca de la calle\u2026","rel":"","context":"En \u00abChihuahua\u00bb","block_context":{"text":"Chihuahua","link":"https:\/\/mexicocodigorojo.com.mx\/?cat=5"},"img":{"alt_text":"","src":"https:\/\/i0.wp.com\/mexicocodigorojo.com.mx\/wp-content\/uploads\/2024\/04\/20240420_175217.jpg?fit=720%2C396&ssl=1&resize=350%2C200","width":350,"height":200,"srcset":"https:\/\/i0.wp.com\/mexicocodigorojo.com.mx\/wp-content\/uploads\/2024\/04\/20240420_175217.jpg?fit=720%2C396&ssl=1&resize=350%2C200 1x, https:\/\/i0.wp.com\/mexicocodigorojo.com.mx\/wp-content\/uploads\/2024\/04\/20240420_175217.jpg?fit=720%2C396&ssl=1&resize=525%2C300 1.5x, https:\/\/i0.wp.com\/mexicocodigorojo.com.mx\/wp-content\/uploads\/2024\/04\/20240420_175217.jpg?fit=720%2C396&ssl=1&resize=700%2C400 2x"},"classes":[]},{"id":22637,"url":"https:\/\/mexicocodigorojo.com.mx\/?p=22637","url_meta":{"origin":62231,"position":3},"title":"Joven cae de \u00faltimo piso de departamentos en San Pedro","author":"Staff","date":"agosto 27, 2019","format":false,"excerpt":"Se cree que la joven cay\u00f3 de una altura de 25 metros al accidentarse mientras practicaba yoga extremo en una torre de departamentos La joven\u00a0Alexa Terrazas\u00a0que cay\u00f3 desde el \u00faltimo piso de una\u00a0torre de departamentos\u00a0en\u00a0San Pedro Garza Garc\u00eda, en la zona conocida como Las Privanzas, es reportada en estado\u00a0grave. Cabe\u2026","rel":"","context":"En \u00abNuevo Le\u00f3n\u00bb","block_context":{"text":"Nuevo Le\u00f3n","link":"https:\/\/mexicocodigorojo.com.mx\/?cat=29"},"img":{"alt_text":"","src":"https:\/\/i0.wp.com\/mexicocodigorojo.com.mx\/wp-content\/uploads\/2019\/08\/joven-torre-de-departamentos-san-pedro.jpg?fit=940%2C615&ssl=1&resize=350%2C200","width":350,"height":200,"srcset":"https:\/\/i0.wp.com\/mexicocodigorojo.com.mx\/wp-content\/uploads\/2019\/08\/joven-torre-de-departamentos-san-pedro.jpg?fit=940%2C615&ssl=1&resize=350%2C200 1x, https:\/\/i0.wp.com\/mexicocodigorojo.com.mx\/wp-content\/uploads\/2019\/08\/joven-torre-de-departamentos-san-pedro.jpg?fit=940%2C615&ssl=1&resize=525%2C300 1.5x, https:\/\/i0.wp.com\/mexicocodigorojo.com.mx\/wp-content\/uploads\/2019\/08\/joven-torre-de-departamentos-san-pedro.jpg?fit=940%2C615&ssl=1&resize=700%2C400 2x"},"classes":[]},{"id":13513,"url":"https:\/\/mexicocodigorojo.com.mx\/?p=13513","url_meta":{"origin":62231,"position":4},"title":"EJECUTAN A SOBRINO DE JOAN SEBASTIAN EN MICHOACAN","author":"Staff","date":"febrero 2, 2019","format":false,"excerpt":"EJECUTAN A SOBRINO DE JOAN SEBASTIAN EN MICHOACAN La familia del cantante Joan Sebastian vivi\u00f3 el lamentable deceso de su sobrino en el estado de Michoac\u00e1n; un suceso del que se difundi\u00f3 una terrible imagen en las redes sociales. La Polic\u00eda del estado de Michoac\u00e1n levant\u00f3 el reporte sobre el\u2026","rel":"","context":"En \u00abMichoac\u00e1n\u00bb","block_context":{"text":"Michoac\u00e1n","link":"https:\/\/mexicocodigorojo.com.mx\/?cat=50"},"img":{"alt_text":"","src":"https:\/\/i0.wp.com\/mexicocodigorojo.com.mx\/wp-content\/uploads\/2019\/02\/PhotoEditor_20190202_151814037-2.jpg?resize=350%2C200&ssl=1","width":350,"height":200,"srcset":"https:\/\/i0.wp.com\/mexicocodigorojo.com.mx\/wp-content\/uploads\/2019\/02\/PhotoEditor_20190202_151814037-2.jpg?resize=350%2C200&ssl=1 1x, https:\/\/i0.wp.com\/mexicocodigorojo.com.mx\/wp-content\/uploads\/2019\/02\/PhotoEditor_20190202_151814037-2.jpg?resize=525%2C300&ssl=1 1.5x, https:\/\/i0.wp.com\/mexicocodigorojo.com.mx\/wp-content\/uploads\/2019\/02\/PhotoEditor_20190202_151814037-2.jpg?resize=700%2C400&ssl=1 2x, https:\/\/i0.wp.com\/mexicocodigorojo.com.mx\/wp-content\/uploads\/2019\/02\/PhotoEditor_20190202_151814037-2.jpg?resize=1050%2C600&ssl=1 3x, https:\/\/i0.wp.com\/mexicocodigorojo.com.mx\/wp-content\/uploads\/2019\/02\/PhotoEditor_20190202_151814037-2.jpg?resize=1400%2C800&ssl=1 4x"},"classes":[]},{"id":58182,"url":"https:\/\/mexicocodigorojo.com.mx\/?p=58182","url_meta":{"origin":62231,"position":5},"title":"Asesinan a balazos al periodista Ismael Villag\u00f3mez en Ciudad Ju\u00e1rez","author":"Staff","date":"noviembre 16, 2023","format":false,"excerpt":"El fotoperiodista Ismael Villag\u00f3mez fue asesinado el jueves a balazos en la localidad fronteriza de Ciudad Ju\u00e1rez, en el estado de Chihuahua, y se convirti\u00f3 en el quinto trabajador de un medio mexicano muerto en lo que va del a\u00f1o como consecuencia de la violencia que azota a algunas regiones\u2026","rel":"","context":"En \u00abChihuahua\u00bb","block_context":{"text":"Chihuahua","link":"https:\/\/mexicocodigorojo.com.mx\/?cat=5"},"img":{"alt_text":"","src":"https:\/\/i0.wp.com\/mexicocodigorojo.com.mx\/wp-content\/uploads\/2023\/11\/periodista_1-5419594_20231116130417.jpg?fit=768%2C432&ssl=1&resize=350%2C200","width":350,"height":200,"srcset":"https:\/\/i0.wp.com\/mexicocodigorojo.com.mx\/wp-content\/uploads\/2023\/11\/periodista_1-5419594_20231116130417.jpg?fit=768%2C432&ssl=1&resize=350%2C200 1x, https:\/\/i0.wp.com\/mexicocodigorojo.com.mx\/wp-content\/uploads\/2023\/11\/periodista_1-5419594_20231116130417.jpg?fit=768%2C432&ssl=1&resize=525%2C300 1.5x, https:\/\/i0.wp.com\/mexicocodigorojo.com.mx\/wp-content\/uploads\/2023\/11\/periodista_1-5419594_20231116130417.jpg?fit=768%2C432&ssl=1&resize=700%2C400 2x"},"classes":[]}],"jetpack_sharing_enabled":true,"jetpack_likes_enabled":true,"jetpack_shortlink":"https:\/\/wp.me\/p9TedA-gbJ","_links":{"self":[{"href":"https:\/\/mexicocodigorojo.com.mx\/index.php?rest_route=\/wp\/v2\/posts\/62231","targetHints":{"allow":["GET"]}}],"collection":[{"href":"https:\/\/mexicocodigorojo.com.mx\/index.php?rest_route=\/wp\/v2\/posts"}],"about":[{"href":"https:\/\/mexicocodigorojo.com.mx\/index.php?rest_route=\/wp\/v2\/types\/post"}],"author":[{"embeddable":true,"href":"https:\/\/mexicocodigorojo.com.mx\/index.php?rest_route=\/wp\/v2\/users\/22"}],"replies":[{"embeddable":true,"href":"https:\/\/mexicocodigorojo.com.mx\/index.php?rest_route=%2Fwp%2Fv2%2Fcomments&post=62231"}],"version-history":[{"count":1,"href":"https:\/\/mexicocodigorojo.com.mx\/index.php?rest_route=\/wp\/v2\/posts\/62231\/revisions"}],"predecessor-version":[{"id":62232,"href":"https:\/\/mexicocodigorojo.com.mx\/index.php?rest_route=\/wp\/v2\/posts\/62231\/revisions\/62232"}],"wp:featuredmedia":[{"embeddable":true,"href":"https:\/\/mexicocodigorojo.com.mx\/index.php?rest_route=\/wp\/v2\/media\/62230"}],"wp:attachment":[{"href":"https:\/\/mexicocodigorojo.com.mx\/index.php?rest_route=%2Fwp%2Fv2%2Fmedia&parent=62231"}],"wp:term":[{"taxonomy":"category","embeddable":true,"href":"https:\/\/mexicocodigorojo.com.mx\/index.php?rest_route=%2Fwp%2Fv2%2Fcategories&post=62231"},{"taxonomy":"post_tag","embeddable":true,"href":"https:\/\/mexicocodigorojo.com.mx\/index.php?rest_route=%2Fwp%2Fv2%2Ftags&post=62231"}],"curies":[{"name":"wp","href":"https:\/\/api.w.org\/{rel}","templated":true}]}}