{"id":62132,"date":"2024-07-09T14:46:55","date_gmt":"2024-07-09T20:46:55","guid":{"rendered":"https:\/\/mexicocodigorojo.com.mx\/?p=62132"},"modified":"2024-07-10T14:51:40","modified_gmt":"2024-07-10T20:51:40","slug":"detienen-al-r8-jefe-de-seguridad-de-aureliano-guzman-el-guano","status":"publish","type":"post","link":"https:\/\/mexicocodigorojo.com.mx\/?p=62132","title":{"rendered":"Detienen al \u201cR8\u201d, jefe de seguridad de Aureliano Guzm\u00e1n \u201cEl Guano\u201d"},"content":{"rendered":"<p>Durante recorridos de patrullaje en las inmediaciones del poblado El Durazno, Tamazula, Durango, elementos del Ej\u00e9rcito y Guardia Nacional (GN) detuvieron a cuatro personas dentro de las cuales se encuentra Luis \u201cN\u201d, alias \u201cR8\u201d.<\/p>\n<p>Los hoy detenidos posiblemente pertenecen al C\u00e1rtel del Pac\u00edfico de la facci\u00f3n \u201cGente del Guano\u201d a quienes se les aseguraron armas de uso exclusivo del Ej\u00e9rcito.<\/p>\n<p>De acuerdo con las investigaciones Luis \u201cN\u201d es identificado como integrante del primer c\u00edrculo de seguridad de Aureliano Guzm\u00e1n Loera, alias \u201cEl Guano\u201d quien es el l\u00edder de la facci\u00f3n \u201cGente del Guano\u201d a fin al \u201cC\u00e1rtel del Pac\u00edfico\u201d, el cu\u00e1l es considerado principal generador de violencia en la zona serrana de Chihuahua, Durango y Sinaloa.<\/p>\n<p>Tambi\u00e9n conocido como \u201cEl tri\u00e1ngulo Dorado\u201d, ya que a \u00e9l se le atribuyen varios hechos violentos donde ha ordenado la decapitaci\u00f3n de varias personas y dejado narco mensajes donde se les sentencia a muerte a aquellos que lo busquen o intenten acercarse.<\/p>\n<p>Uno de los eventos m\u00e1s importantes fue cuando por sus acciones \u201cEl Guano\u201d y sus integrantes casi provoca un enfrentamiento entre su sobrino Iv\u00e1n Archivaldo \u201cEl chapito\u201d cuando Aureliano orden\u00f3 la ejecuci\u00f3n de 3 de los integrantes de \u201cLos Menores\u201d que se encontraban dentro de su territorio.<\/p>\n<p>Luis \u201cN\u201d era el encargado de la coordinaci\u00f3n de la seguridad, de la adquisici\u00f3n del equipo t\u00e1ctico y armamento de \u201cEl Guano\u201d en el Durazno, Tamazula, Durango.<\/p>\n<p>Para evitar el traslado de los detenidos, un l\u00edder de la misma organizaci\u00f3n identificado como Esteban \u201cN\u201d quien funge como Jefe de seguridad del \u201cEl Guano\u201d, intent\u00f3 organizar a la poblaci\u00f3n para realizar bloqueos quemando veh\u00edculos y bloqueando caminos con piedras y \u00e1rboles, incluso con amenazas hacia el personal militar con el fin lograr la liberaci\u00f3n de su personal.<\/p>\n<p>Pero a pesar de los intentos fallidos para detener a las autoridades lo asegurado y los detenidos fueron puestos a disposici\u00f3n de un Agente del Ministerio P\u00fablico Federal, para que este resuelva su situaci\u00f3n jur\u00eddica.<\/p>\n<p>Con informaci\u00f3n del Universal<\/p>\n<p>&nbsp;<\/p>\n","protected":false},"excerpt":{"rendered":"<p>Durante recorridos de patrullaje en las inmediaciones del poblado El Durazno, Tamazula, Durango, elementos del Ej\u00e9rcito y Guardia Nacional (GN) detuvieron a cuatro personas dentro de las cuales se encuentra Luis \u201cN\u201d, alias \u201cR8\u201d. Los hoy detenidos posiblemente pertenecen al C\u00e1rtel del Pac\u00edfico de la facci\u00f3n \u201cGente del Guano\u201d a quienes se les aseguraron armas [&hellip;]<\/p>\n","protected":false},"author":5,"featured_media":62133,"comment_status":"open","ping_status":"open","sticky":false,"template":"","format":"standard","meta":{"_uf_show_specific_survey":0,"_uf_disable_surveys":false,"advanced_seo_description":"","jetpack_seo_html_title":"","jetpack_seo_noindex":false,"jetpack_post_was_ever_published":false,"_jetpack_newsletter_access":"","_jetpack_dont_email_post_to_subs":false,"_jetpack_newsletter_tier_id":0,"_jetpack_memberships_contains_paywalled_content":false,"_jetpack_memberships_contains_paid_content":false,"footnotes":"","jetpack_publicize_message":"","jetpack_publicize_feature_enabled":true,"jetpack_social_post_already_shared":true,"jetpack_social_options":{"image_generator_settings":{"template":"highway","default_image_id":0,"font":"","enabled":false},"version":2}},"categories":[293,1724],"tags":[2173],"class_list":{"0":"post-62132","1":"post","2":"type-post","3":"status-publish","4":"format-standard","5":"has-post-thumbnail","7":"category-durango","8":"category-featured","9":"tag-narcotrafico-2"},"jetpack_publicize_connections":[],"jetpack_featured_media_url":"https:\/\/mexicocodigorojo.com.mx\/wp-content\/uploads\/2024\/07\/MYITXIIJRBE6LI74XLLVX26DX4.avif","jetpack-related-posts":[{"id":62220,"url":"https:\/\/mexicocodigorojo.com.mx\/?p=62220","url_meta":{"origin":62132,"position":0},"title":"Escapa \u201cEl Guano\u201d, hermano de \u201cEl Chapo\u201d Guzm\u00e1n","author":"Staff","date":"julio 9, 2024","format":false,"excerpt":"Tras el operativo en la localidad\u00a0El Durazno, municipio de Tamazula en\u00a0Durango, donde elementos del Ej\u00e9rcito y\u00a0Guardia Nacional\u00a0(GN) detuvieron a\u00a0Luis \u201cN\u201d el \u201cR8\u201d,\u00a0jefe de seguridad de\u00a0Aureliano Guzm\u00e1n Loera, \u201cEl Guano\u201d, l\u00edder de la facci\u00f3n\u00a0Gente del Guano, ligado al C\u00e1rtel del Pac\u00edfico y hermano de\u00a0Joaqu\u00edn Guzm\u00e1n Loera, \u201cEl Chapo\u201d,\u00a0especialistas en seguridad consideran\u2026","rel":"","context":"En \u00abDurango\u00bb","block_context":{"text":"Durango","link":"https:\/\/mexicocodigorojo.com.mx\/?cat=293"},"img":{"alt_text":"","src":"https:\/\/mexicocodigorojo.com.mx\/wp-content\/uploads\/2024\/07\/CDH56AMVYVD5ZGT4XBMV2GI764.avif","width":350,"height":200,"srcset":"https:\/\/mexicocodigorojo.com.mx\/wp-content\/uploads\/2024\/07\/CDH56AMVYVD5ZGT4XBMV2GI764.avif 1x, https:\/\/mexicocodigorojo.com.mx\/wp-content\/uploads\/2024\/07\/CDH56AMVYVD5ZGT4XBMV2GI764.avif 1.5x, https:\/\/mexicocodigorojo.com.mx\/wp-content\/uploads\/2024\/07\/CDH56AMVYVD5ZGT4XBMV2GI764.avif 2x"},"classes":[]},{"id":59323,"url":"https:\/\/mexicocodigorojo.com.mx\/?p=59323","url_meta":{"origin":62132,"position":1},"title":"Gente del &#8216;Guano&#8217; deja cuerpos decapitados en Badiraguato","author":"Staff","date":"marzo 21, 2024","format":false,"excerpt":"Tres personas decapitadas y una camioneta calcinada fueron localizadas en Soyatita, Badiraguato, luego de que se registrara un enfrentamiento entre grupos rivales El tiroteo se dio la madrugada de hoy en las inmediaciones de San Jos\u00e9 del Llano. De acuerdo con las informes en el lugar hay tres hombres muertos,\u2026","rel":"","context":"En \u00abFeatured\u00bb","block_context":{"text":"Featured","link":"https:\/\/mexicocodigorojo.com.mx\/?cat=1724"},"img":{"alt_text":"","src":"https:\/\/i0.wp.com\/mexicocodigorojo.com.mx\/wp-content\/uploads\/2024\/03\/badiraguato.jpg?fit=1200%2C682&ssl=1&resize=350%2C200","width":350,"height":200,"srcset":"https:\/\/i0.wp.com\/mexicocodigorojo.com.mx\/wp-content\/uploads\/2024\/03\/badiraguato.jpg?fit=1200%2C682&ssl=1&resize=350%2C200 1x, https:\/\/i0.wp.com\/mexicocodigorojo.com.mx\/wp-content\/uploads\/2024\/03\/badiraguato.jpg?fit=1200%2C682&ssl=1&resize=525%2C300 1.5x, https:\/\/i0.wp.com\/mexicocodigorojo.com.mx\/wp-content\/uploads\/2024\/03\/badiraguato.jpg?fit=1200%2C682&ssl=1&resize=700%2C400 2x, https:\/\/i0.wp.com\/mexicocodigorojo.com.mx\/wp-content\/uploads\/2024\/03\/badiraguato.jpg?fit=1200%2C682&ssl=1&resize=1050%2C600 3x"},"classes":[]},{"id":62254,"url":"https:\/\/mexicocodigorojo.com.mx\/?p=62254","url_meta":{"origin":62132,"position":2},"title":"\u00bfQui\u00e9n es El Guano Guzm\u00e1n? Y que tiene que ver con el s\u00edndrome de los capos viejos de Sinaloa","author":"MCR","date":"julio 14, 2024","format":false,"excerpt":"El hermano de El Chapo y el viejo socio de ambos, El Mayo Zambada, est\u00e1n por cumplir 80 a\u00f1os. La edad, los achaques y la presi\u00f3n de las autoridades alimentan la incertidumbre sobre el futuro de la organizaci\u00f3n criminal. Pasan los a\u00f1os, tambi\u00e9n para los viejos capos del c\u00e1rtel de\u2026","rel":"","context":"En \u00abCiudad de M\u00e9xico\u00bb","block_context":{"text":"Ciudad de M\u00e9xico","link":"https:\/\/mexicocodigorojo.com.mx\/?cat=101"},"img":{"alt_text":"","src":"https:\/\/i0.wp.com\/mexicocodigorojo.com.mx\/wp-content\/uploads\/2024\/07\/Screenshot_20240714_134842_Gallery.jpg?fit=1200%2C752&ssl=1&resize=350%2C200","width":350,"height":200,"srcset":"https:\/\/i0.wp.com\/mexicocodigorojo.com.mx\/wp-content\/uploads\/2024\/07\/Screenshot_20240714_134842_Gallery.jpg?fit=1200%2C752&ssl=1&resize=350%2C200 1x, https:\/\/i0.wp.com\/mexicocodigorojo.com.mx\/wp-content\/uploads\/2024\/07\/Screenshot_20240714_134842_Gallery.jpg?fit=1200%2C752&ssl=1&resize=525%2C300 1.5x, https:\/\/i0.wp.com\/mexicocodigorojo.com.mx\/wp-content\/uploads\/2024\/07\/Screenshot_20240714_134842_Gallery.jpg?fit=1200%2C752&ssl=1&resize=700%2C400 2x, https:\/\/i0.wp.com\/mexicocodigorojo.com.mx\/wp-content\/uploads\/2024\/07\/Screenshot_20240714_134842_Gallery.jpg?fit=1200%2C752&ssl=1&resize=1050%2C600 3x"},"classes":[]},{"id":59345,"url":"https:\/\/mexicocodigorojo.com.mx\/?p=59345","url_meta":{"origin":62132,"position":3},"title":"Dieciocho de las personas secuestradas en Culiac\u00e1n fueron liberadas","author":"Staff","date":"marzo 23, 2024","format":false,"excerpt":"De las 40 personas \u201clevantadas\u201d durante las primeras horas del viernes 22, 18 de ellas han sido liberadas por sus captores, inform\u00f3 el secretario de Seguridad de Sinaloa, Gerardo M\u00e9rida S\u00e1nchez. El funcionario estatal dio a conocer estas cifras sobre las liberaciones, las cuales ocurrieron alrededor de las 4:30 de\u2026","rel":"","context":"En \u00abFeatured\u00bb","block_context":{"text":"Featured","link":"https:\/\/mexicocodigorojo.com.mx\/?cat=1724"},"img":{"alt_text":"","src":"https:\/\/i0.wp.com\/mexicocodigorojo.com.mx\/wp-content\/uploads\/2024\/03\/f960x540-567058_641133_5050.webp?fit=960%2C540&ssl=1&resize=350%2C200","width":350,"height":200,"srcset":"https:\/\/i0.wp.com\/mexicocodigorojo.com.mx\/wp-content\/uploads\/2024\/03\/f960x540-567058_641133_5050.webp?fit=960%2C540&ssl=1&resize=350%2C200 1x, https:\/\/i0.wp.com\/mexicocodigorojo.com.mx\/wp-content\/uploads\/2024\/03\/f960x540-567058_641133_5050.webp?fit=960%2C540&ssl=1&resize=525%2C300 1.5x, https:\/\/i0.wp.com\/mexicocodigorojo.com.mx\/wp-content\/uploads\/2024\/03\/f960x540-567058_641133_5050.webp?fit=960%2C540&ssl=1&resize=700%2C400 2x"},"classes":[]},{"id":56976,"url":"https:\/\/mexicocodigorojo.com.mx\/?p=56976","url_meta":{"origin":62132,"position":4},"title":"Identifica F\u00edscalia de Durango a fallecidos por enfrentamiento en Tamazula","author":"Staff","date":"agosto 31, 2023","format":false,"excerpt":"La Fiscal\u00eda General del Estado de Durango (FGE)\u00a0dio a conocer el nombre de las dos personas que perdieron la vida en los enfrentamientos\u00a0ocurridos el domingo pasado, en la zona conocida como El Durazno, en Tamazula. Tres d\u00edas despu\u00e9s de los sucesos, la autoridad\u00a0emiti\u00f3 un comunicado para afirmar que tom\u00f3 el\u2026","rel":"","context":"En \u00abDurango\u00bb","block_context":{"text":"Durango","link":"https:\/\/mexicocodigorojo.com.mx\/?cat=293"},"img":{"alt_text":"","src":"https:\/\/i0.wp.com\/mexicocodigorojo.com.mx\/wp-content\/uploads\/2023\/08\/militares-tamazula-enfrentamiento-30092023.jpeg?fit=1200%2C750&ssl=1&resize=350%2C200","width":350,"height":200,"srcset":"https:\/\/i0.wp.com\/mexicocodigorojo.com.mx\/wp-content\/uploads\/2023\/08\/militares-tamazula-enfrentamiento-30092023.jpeg?fit=1200%2C750&ssl=1&resize=350%2C200 1x, https:\/\/i0.wp.com\/mexicocodigorojo.com.mx\/wp-content\/uploads\/2023\/08\/militares-tamazula-enfrentamiento-30092023.jpeg?fit=1200%2C750&ssl=1&resize=525%2C300 1.5x, https:\/\/i0.wp.com\/mexicocodigorojo.com.mx\/wp-content\/uploads\/2023\/08\/militares-tamazula-enfrentamiento-30092023.jpeg?fit=1200%2C750&ssl=1&resize=700%2C400 2x, https:\/\/i0.wp.com\/mexicocodigorojo.com.mx\/wp-content\/uploads\/2023\/08\/militares-tamazula-enfrentamiento-30092023.jpeg?fit=1200%2C750&ssl=1&resize=1050%2C600 3x"},"classes":[]},{"id":62262,"url":"https:\/\/mexicocodigorojo.com.mx\/?p=62262","url_meta":{"origin":62132,"position":5},"title":"Incrementa la violencia en Culiac\u00e1n por disputa entre \u201cEl Guano\u201d y \u201cLos Chapitos\u201d","author":"Staff","date":"julio 15, 2024","format":false,"excerpt":"En Culiac\u00e1n, a solo cien d\u00edas de la muerte de Consuelo Loera, la madre de Joaqu\u00edn \u201cEl Chapo\u201d Guzm\u00e1n, la disputa entre su hijo Aureliano Guzm\u00e1n, alias \u201cEl Guano,\u201d y sus nietos \u201cLos Chapitos,\u201d ha alcanzado niveles de violencia alarmantes por el control del Tri\u00e1ngulo Dorado del narcotr\u00e1fico. La tensi\u00f3n\u2026","rel":"","context":"En \u00abFeatured\u00bb","block_context":{"text":"Featured","link":"https:\/\/mexicocodigorojo.com.mx\/?cat=1724"},"img":{"alt_text":"","src":"https:\/\/i0.wp.com\/mexicocodigorojo.com.mx\/wp-content\/uploads\/2024\/07\/culiacanguanochapitos.jpg?fit=1200%2C813&ssl=1&resize=350%2C200","width":350,"height":200,"srcset":"https:\/\/i0.wp.com\/mexicocodigorojo.com.mx\/wp-content\/uploads\/2024\/07\/culiacanguanochapitos.jpg?fit=1200%2C813&ssl=1&resize=350%2C200 1x, https:\/\/i0.wp.com\/mexicocodigorojo.com.mx\/wp-content\/uploads\/2024\/07\/culiacanguanochapitos.jpg?fit=1200%2C813&ssl=1&resize=525%2C300 1.5x, https:\/\/i0.wp.com\/mexicocodigorojo.com.mx\/wp-content\/uploads\/2024\/07\/culiacanguanochapitos.jpg?fit=1200%2C813&ssl=1&resize=700%2C400 2x, https:\/\/i0.wp.com\/mexicocodigorojo.com.mx\/wp-content\/uploads\/2024\/07\/culiacanguanochapitos.jpg?fit=1200%2C813&ssl=1&resize=1050%2C600 3x"},"classes":[]}],"jetpack_sharing_enabled":true,"jetpack_likes_enabled":true,"jetpack_shortlink":"https:\/\/wp.me\/p9TedA-ga8","_links":{"self":[{"href":"https:\/\/mexicocodigorojo.com.mx\/index.php?rest_route=\/wp\/v2\/posts\/62132","targetHints":{"allow":["GET"]}}],"collection":[{"href":"https:\/\/mexicocodigorojo.com.mx\/index.php?rest_route=\/wp\/v2\/posts"}],"about":[{"href":"https:\/\/mexicocodigorojo.com.mx\/index.php?rest_route=\/wp\/v2\/types\/post"}],"author":[{"embeddable":true,"href":"https:\/\/mexicocodigorojo.com.mx\/index.php?rest_route=\/wp\/v2\/users\/5"}],"replies":[{"embeddable":true,"href":"https:\/\/mexicocodigorojo.com.mx\/index.php?rest_route=%2Fwp%2Fv2%2Fcomments&post=62132"}],"version-history":[{"count":1,"href":"https:\/\/mexicocodigorojo.com.mx\/index.php?rest_route=\/wp\/v2\/posts\/62132\/revisions"}],"predecessor-version":[{"id":62134,"href":"https:\/\/mexicocodigorojo.com.mx\/index.php?rest_route=\/wp\/v2\/posts\/62132\/revisions\/62134"}],"wp:featuredmedia":[{"embeddable":true,"href":"https:\/\/mexicocodigorojo.com.mx\/index.php?rest_route=\/wp\/v2\/media\/62133"}],"wp:attachment":[{"href":"https:\/\/mexicocodigorojo.com.mx\/index.php?rest_route=%2Fwp%2Fv2%2Fmedia&parent=62132"}],"wp:term":[{"taxonomy":"category","embeddable":true,"href":"https:\/\/mexicocodigorojo.com.mx\/index.php?rest_route=%2Fwp%2Fv2%2Fcategories&post=62132"},{"taxonomy":"post_tag","embeddable":true,"href":"https:\/\/mexicocodigorojo.com.mx\/index.php?rest_route=%2Fwp%2Fv2%2Ftags&post=62132"}],"curies":[{"name":"wp","href":"https:\/\/api.w.org\/{rel}","templated":true}]}}