{"id":62088,"date":"2024-07-08T17:45:12","date_gmt":"2024-07-08T23:45:12","guid":{"rendered":"https:\/\/mexicocodigorojo.com.mx\/?p=62088"},"modified":"2024-07-08T17:45:12","modified_gmt":"2024-07-08T23:45:12","slug":"cae-creacion-de-empleos-formales-en-lo-que-va-de-este-sexenio","status":"publish","type":"post","link":"https:\/\/mexicocodigorojo.com.mx\/?p=62088","title":{"rendered":"Cae creaci\u00f3n de empleos formales en lo que va de este sexenio"},"content":{"rendered":"<p>Es lamentable que cada a\u00f1o la taza de personas desempleadas sea mayor, y que inevitablemente siga sucediento y empeorando.<\/p>\n<p>Tan solo entre enero y junio del presente a\u00f1o, en el tema de la creaci\u00f3n de empleos en el primer semestre del a\u00f1o fue de 295 mil 58 puestos, lo que significa una significativa p\u00e9rdida equivalente al 42.6%, en comparaci\u00f3n con la creaci\u00f3n de puestos para el mismo periodo en el a\u00f1o 2023.<\/p>\n<p>La creaci\u00f3n de empleos formales tuvo el menor y m\u00e1s lamentable crecimiento semestral en estos seis a\u00f1os. Y tan s\u00f3lo el mes pasado se perdieron 29 mil 555 plazas netas, esto seg\u00fan cifras del Instituto Mexicano del Seguro Social (IMSS).<\/p>\n<p>Con los resultados del mes de junio, se hilan dos periodos en n\u00fameros negativos, ya que tan solo en mayo se perdieron 25 mil 203 empleos formales. Para el 30 de junio, el total de plazas registradas ante esa dependencia qued\u00f3 en 22 millones 319 mil 444.<\/p>\n<p>De acuerdo con cifras del IMSS, los \u00faltimos doce meses se crearon 43 mil 137 empleos formales, lo que equivale a una tasa anual del 2%.<\/p>\n<p>Entre enero y junio de este a\u00f1o, la creaci\u00f3n de empleos en el primer semestre del a\u00f1o fue de 295 mil 58 puestos, lo que significa una p\u00e9rdida equivalente al 42.6%, en comparaci\u00f3n con la creaci\u00f3n de puestos para el mismo periodo en 2023, cuando se generaron 514 mil 411 empleos.<\/p>\n<p>Del total de empleos registrados a finales del mes pasado 86.5% son permanentes y el 13.5% son eventuales, de estos tambi\u00e9n se registraron p\u00e9rdidas, de acuerdo con \u201cEl Economista\u201d, el mes pasado se cancelaron 46 mil 527 empleos de esa modalidad, mientras que junio a\u00f1adi\u00f3 la p\u00e9rdida de 34 mil 665 plazas.<\/p>\n<p><img data-recalc-dims=\"1\" loading=\"lazy\" decoding=\"async\" data-attachment-id=\"62086\" data-permalink=\"https:\/\/mexicocodigorojo.com.mx\/?attachment_id=62086\" data-orig-file=\"https:\/\/i0.wp.com\/mexicocodigorojo.com.mx\/wp-content\/uploads\/2024\/07\/images-75720107660689389389.jpg?fit=480%2C270&amp;ssl=1\" data-orig-size=\"480,270\" data-comments-opened=\"1\" data-image-meta=\"{&quot;aperture&quot;:&quot;0&quot;,&quot;credit&quot;:&quot;&quot;,&quot;camera&quot;:&quot;&quot;,&quot;caption&quot;:&quot;&quot;,&quot;created_timestamp&quot;:&quot;0&quot;,&quot;copyright&quot;:&quot;&quot;,&quot;focal_length&quot;:&quot;0&quot;,&quot;iso&quot;:&quot;0&quot;,&quot;shutter_speed&quot;:&quot;0&quot;,&quot;title&quot;:&quot;&quot;,&quot;orientation&quot;:&quot;0&quot;}\" data-image-title=\"images-75720107660689389389.jpg\" data-image-description=\"\" data-image-caption=\"\" data-large-file=\"https:\/\/i0.wp.com\/mexicocodigorojo.com.mx\/wp-content\/uploads\/2024\/07\/images-75720107660689389389.jpg?fit=480%2C270&amp;ssl=1\" src=\"https:\/\/i0.wp.com\/mexicocodigorojo.com.mx\/wp-content\/uploads\/2024\/07\/images-75720107660689389389.jpg?resize=480%2C270&#038;ssl=1\" class=\"wp-image-62086 alignnone size-full\" width=\"480\" height=\"270\" srcset=\"https:\/\/i0.wp.com\/mexicocodigorojo.com.mx\/wp-content\/uploads\/2024\/07\/images-75720107660689389389.jpg?w=480&amp;ssl=1 480w, https:\/\/i0.wp.com\/mexicocodigorojo.com.mx\/wp-content\/uploads\/2024\/07\/images-75720107660689389389.jpg?resize=300%2C169&amp;ssl=1 300w\" sizes=\"auto, (max-width: 480px) 100vw, 480px\" \/><\/p>\n<p>Con la desaceleraci\u00f3n de la econom\u00eda en M\u00e9xico, los patrones afiliados al IMSS han contratado tanto empleados permanentes como eventuales a un ritmo menor, por lo que los primeros seis meses de este 2024 tuvieron el crecimiento m\u00e1s bajo de 2019, si se except\u00faa el 2020 con la crisis de la pandemia por covid-19.<\/p>\n<p>Al cierre de junio 2024, el salario base de cotizaci\u00f3n promedio de los puestos de trabajo afiliados al IMSS alcanz\u00f3 un monto de $584.9, lo que representa un incremento anual nominal de 9.5%. Por otro lado, el salario promedio diario de las personas trabajadoras del hogar afiliadas a esa dependencia, fue de $326.3.<\/p>\n<p>El IMSS dio a conocer que los sectores econ\u00f3micos con el mayor crecimiento porcentual anual de plazas fueron transportes y comunicaciones con 5.6%; comercio con 3.4% y construcci\u00f3n con 3%. Los estados que tuvieron aumentos de puestos laborales por encima del 4% fueron Chiapas, Hidalgo y Estado de M\u00e9xico.<\/p>\n<p>Puedes ver mayor informaci\u00f3n en <a href=\"https:\/\/linktr.ee\/mexicorojo\">https:\/\/linktr.ee\/mexicorojo<\/a><\/p>\n<p>.<\/p>\n<p>Con informaci\u00f3n de Proceso.<\/p>\n","protected":false},"excerpt":{"rendered":"<p>Es lamentable que cada a\u00f1o la taza de personas desempleadas sea mayor, y que inevitablemente siga sucediento y empeorando. Tan solo entre enero y junio del presente a\u00f1o, en el tema de la creaci\u00f3n de empleos en el primer semestre del a\u00f1o fue de 295 mil 58 puestos, lo que significa una significativa p\u00e9rdida equivalente [&hellip;]<\/p>\n","protected":false},"author":22,"featured_media":62087,"comment_status":"open","ping_status":"open","sticky":false,"template":"","format":"standard","meta":{"_uf_show_specific_survey":0,"_uf_disable_surveys":false,"advanced_seo_description":"","jetpack_seo_html_title":"","jetpack_seo_noindex":false,"jetpack_post_was_ever_published":false,"_jetpack_newsletter_access":"","_jetpack_dont_email_post_to_subs":false,"_jetpack_newsletter_tier_id":0,"_jetpack_memberships_contains_paywalled_content":false,"_jetpack_memberships_contains_paid_content":false,"footnotes":"","jetpack_publicize_message":"","jetpack_publicize_feature_enabled":true,"jetpack_social_post_already_shared":true,"jetpack_social_options":{"image_generator_settings":{"template":"highway","default_image_id":0,"font":"","enabled":false},"version":2}},"categories":[101,1724],"tags":[2576],"class_list":{"0":"post-62088","1":"post","2":"type-post","3":"status-publish","4":"format-standard","5":"has-post-thumbnail","7":"category-ciudad-de-mexico","8":"category-featured","9":"tag-desempleo"},"jetpack_publicize_connections":[],"jetpack_featured_media_url":"https:\/\/i0.wp.com\/mexicocodigorojo.com.mx\/wp-content\/uploads\/2024\/07\/images-6.jpeg?fit=702%2C437&ssl=1","jetpack-related-posts":[{"id":19037,"url":"https:\/\/mexicocodigorojo.com.mx\/?p=19037","url_meta":{"origin":62088,"position":0},"title":"\u2018LAS COSAS VAN DE MAL EN PEOR\u2019 MARKO CORT\u00c9S","author":"Staff","date":"junio 24, 2019","format":false,"excerpt":"Marko Cort\u00e9s critic\u00f3 que la Guardia Nacional sea utilizada en tareas migratorias en vez de usarla para combatir la delincuencia El presidente nacional del\u00a0PAN,\u00a0Marko Cort\u00e9s, se\u00f1al\u00f3 que M\u00e9xico actualmente enfrenta una severa crisis econ\u00f3mica y de inseguridad, la cual es provocada por el mal manejo de pol\u00edticas p\u00fablicas, recortes presupuestales,\u2026","rel":"","context":"En \u00abCiudad de M\u00e9xico\u00bb","block_context":{"text":"Ciudad de M\u00e9xico","link":"https:\/\/mexicocodigorojo.com.mx\/?cat=101"},"img":{"alt_text":"","src":"https:\/\/i0.wp.com\/mexicocodigorojo.com.mx\/wp-content\/uploads\/2019\/06\/920_FRONT_1768_05.jpg?fit=920%2C610&ssl=1&resize=350%2C200","width":350,"height":200,"srcset":"https:\/\/i0.wp.com\/mexicocodigorojo.com.mx\/wp-content\/uploads\/2019\/06\/920_FRONT_1768_05.jpg?fit=920%2C610&ssl=1&resize=350%2C200 1x, https:\/\/i0.wp.com\/mexicocodigorojo.com.mx\/wp-content\/uploads\/2019\/06\/920_FRONT_1768_05.jpg?fit=920%2C610&ssl=1&resize=525%2C300 1.5x, https:\/\/i0.wp.com\/mexicocodigorojo.com.mx\/wp-content\/uploads\/2019\/06\/920_FRONT_1768_05.jpg?fit=920%2C610&ssl=1&resize=700%2C400 2x"},"classes":[]},{"id":52538,"url":"https:\/\/mexicocodigorojo.com.mx\/?p=52538","url_meta":{"origin":62088,"position":1},"title":"\u201cHoy m\u00e1s que nunca Tamaulipas tiene rumbo y direcci\u00f3n\u201d: Cabeza de Vaca con Ciro G\u00f3mez Leyva","author":"MexicoRojoCvmx","date":"marzo 9, 2022","format":false,"excerpt":"M\u00e9xico.- En entrevista Con Ciro G\u00f3mez Leyva, en el espacio informativo Por la Ma\u00f1ana de Radio F\u00f3rmula; el gobernador de Tamaulipas, Francisco Garc\u00eda Cabeza de Vaca, asegur\u00f3 que gracias a las pol\u00edticas p\u00fablicas implementadas por el Gobierno Estatal en materia de seguridad, generaci\u00f3n de empleos, atracci\u00f3n de inversiones, producci\u00f3n de\u2026","rel":"","context":"En \u00abFeatured\u00bb","block_context":{"text":"Featured","link":"https:\/\/mexicocodigorojo.com.mx\/?cat=1724"},"img":{"alt_text":"","src":"https:\/\/i0.wp.com\/mexicocodigorojo.com.mx\/wp-content\/uploads\/2022\/03\/275438814_621070329057986_3088426947774234127_n.jpg?fit=1024%2C626&ssl=1&resize=350%2C200","width":350,"height":200,"srcset":"https:\/\/i0.wp.com\/mexicocodigorojo.com.mx\/wp-content\/uploads\/2022\/03\/275438814_621070329057986_3088426947774234127_n.jpg?fit=1024%2C626&ssl=1&resize=350%2C200 1x, https:\/\/i0.wp.com\/mexicocodigorojo.com.mx\/wp-content\/uploads\/2022\/03\/275438814_621070329057986_3088426947774234127_n.jpg?fit=1024%2C626&ssl=1&resize=525%2C300 1.5x, https:\/\/i0.wp.com\/mexicocodigorojo.com.mx\/wp-content\/uploads\/2022\/03\/275438814_621070329057986_3088426947774234127_n.jpg?fit=1024%2C626&ssl=1&resize=700%2C400 2x"},"classes":[]},{"id":16212,"url":"https:\/\/mexicocodigorojo.com.mx\/?p=16212","url_meta":{"origin":62088,"position":2},"title":"Pierde Tamaulipas 15 MMDD por fuga de empresas en Matamoros","author":"Staff","date":"abril 12, 2019","format":false,"excerpt":"Una inversi\u00f3n que supera los 15 mil millones de d\u00f3lares, programada para el primer trimestre de este a\u00f1o (enero-abril) dejar\u00e1 de recibir Tamaulipas, luego de que una decena de empresas que estaban en cartera, decidieran no aterrizar su infraestructura en Matamoros. Son empresas que si bien ten\u00edan planes de inversi\u00f3n\u2026","rel":"","context":"En \u00abTamaulipas\u00bb","block_context":{"text":"Tamaulipas","link":"https:\/\/mexicocodigorojo.com.mx\/?cat=2"},"img":{"alt_text":"","src":"","width":0,"height":0},"classes":[]},{"id":9890,"url":"https:\/\/mexicocodigorojo.com.mx\/?p=9890","url_meta":{"origin":62088,"position":3},"title":"Busca Diputado Zertuche Zuani traer a migrantes centroamericanos con casa y trabajo","author":"Staff","date":"diciembre 4, 2018","format":false,"excerpt":"Ofrece empleos en maquiladoras y viviendas abandonadas del Infonavit para que arriben a esta frontera Reynosa, Tam. El Diputado Federal de MORENA por el Segundo Distrito Electoral, Armando Zertuche Zuani, ofreci\u00f3 a las autoridades federales 10 mil empleos e igual n\u00famero de viviendas abandonadas del Infonavit para los migrantes centroamericanos\u2026","rel":"","context":"En \u00abTamaulipas\u00bb","block_context":{"text":"Tamaulipas","link":"https:\/\/mexicocodigorojo.com.mx\/?cat=2"},"img":{"alt_text":"","src":"https:\/\/i0.wp.com\/mexicocodigorojo.com.mx\/wp-content\/uploads\/2018\/12\/img-20181204-wa00796460823537193748194.jpg?resize=350%2C200&ssl=1","width":350,"height":200,"srcset":"https:\/\/i0.wp.com\/mexicocodigorojo.com.mx\/wp-content\/uploads\/2018\/12\/img-20181204-wa00796460823537193748194.jpg?resize=350%2C200&ssl=1 1x, https:\/\/i0.wp.com\/mexicocodigorojo.com.mx\/wp-content\/uploads\/2018\/12\/img-20181204-wa00796460823537193748194.jpg?resize=525%2C300&ssl=1 1.5x, https:\/\/i0.wp.com\/mexicocodigorojo.com.mx\/wp-content\/uploads\/2018\/12\/img-20181204-wa00796460823537193748194.jpg?resize=700%2C400&ssl=1 2x"},"classes":[]},{"id":61965,"url":"https:\/\/mexicocodigorojo.com.mx\/?p=61965","url_meta":{"origin":62088,"position":4},"title":"Alarmante el incremento del 54% de los homicidios en Nuevo Le\u00f3n","author":"Staff","date":"julio 4, 2024","format":false,"excerpt":"La cifra mensual de homicidios en Nuevo Le\u00f3n correspondiente al mes de junio del 2024 revela un aumento del 54% en comparaci\u00f3n con el mismo periodo del a\u00f1o pasado, de acuerdo con los informes diarios en materia de seguridad del Gobierno federal. En un recuento mensual realizado por ABC Noticias,\u2026","rel":"","context":"En \u00abFeatured\u00bb","block_context":{"text":"Featured","link":"https:\/\/mexicocodigorojo.com.mx\/?cat=1724"},"img":{"alt_text":"","src":"https:\/\/i0.wp.com\/mexicocodigorojo.com.mx\/wp-content\/uploads\/2024\/07\/f960x540-252657_326732_5050.webp?fit=960%2C540&ssl=1&resize=350%2C200","width":350,"height":200,"srcset":"https:\/\/i0.wp.com\/mexicocodigorojo.com.mx\/wp-content\/uploads\/2024\/07\/f960x540-252657_326732_5050.webp?fit=960%2C540&ssl=1&resize=350%2C200 1x, https:\/\/i0.wp.com\/mexicocodigorojo.com.mx\/wp-content\/uploads\/2024\/07\/f960x540-252657_326732_5050.webp?fit=960%2C540&ssl=1&resize=525%2C300 1.5x, https:\/\/i0.wp.com\/mexicocodigorojo.com.mx\/wp-content\/uploads\/2024\/07\/f960x540-252657_326732_5050.webp?fit=960%2C540&ssl=1&resize=700%2C400 2x"},"classes":[]},{"id":55750,"url":"https:\/\/mexicocodigorojo.com.mx\/?p=55750","url_meta":{"origin":62088,"position":5},"title":"Deslumbra alcalde Morenista con Rolex y atenci\u00f3n m\u00e9dica privada en EUA","author":"MexicoRojoCvmx","date":"marzo 27, 2023","format":false,"excerpt":"Ciudad de M\u00e9xico.- Alfonso Risk Rodr\u00edguez, alcalde suplente de Eduardo Gattas, presume reloj de casi 300 mil pesos, y el nacimiento de su primog\u00e9nito en el hospital privado texano DHR Health de Edinburg, mientras la capital de Tamaulipas, sigue asolada por la falta de agua y con sueldos de $800\u2026","rel":"","context":"En \u00abFeatured\u00bb","block_context":{"text":"Featured","link":"https:\/\/mexicocodigorojo.com.mx\/?cat=1724"},"img":{"alt_text":"","src":"https:\/\/i0.wp.com\/mexicocodigorojo.com.mx\/wp-content\/uploads\/2023\/03\/Ponchi2.jpg?fit=1016%2C804&ssl=1&resize=350%2C200","width":350,"height":200,"srcset":"https:\/\/i0.wp.com\/mexicocodigorojo.com.mx\/wp-content\/uploads\/2023\/03\/Ponchi2.jpg?fit=1016%2C804&ssl=1&resize=350%2C200 1x, https:\/\/i0.wp.com\/mexicocodigorojo.com.mx\/wp-content\/uploads\/2023\/03\/Ponchi2.jpg?fit=1016%2C804&ssl=1&resize=525%2C300 1.5x, https:\/\/i0.wp.com\/mexicocodigorojo.com.mx\/wp-content\/uploads\/2023\/03\/Ponchi2.jpg?fit=1016%2C804&ssl=1&resize=700%2C400 2x"},"classes":[]}],"jetpack_sharing_enabled":true,"jetpack_likes_enabled":true,"jetpack_shortlink":"https:\/\/wp.me\/p9TedA-g9q","_links":{"self":[{"href":"https:\/\/mexicocodigorojo.com.mx\/index.php?rest_route=\/wp\/v2\/posts\/62088","targetHints":{"allow":["GET"]}}],"collection":[{"href":"https:\/\/mexicocodigorojo.com.mx\/index.php?rest_route=\/wp\/v2\/posts"}],"about":[{"href":"https:\/\/mexicocodigorojo.com.mx\/index.php?rest_route=\/wp\/v2\/types\/post"}],"author":[{"embeddable":true,"href":"https:\/\/mexicocodigorojo.com.mx\/index.php?rest_route=\/wp\/v2\/users\/22"}],"replies":[{"embeddable":true,"href":"https:\/\/mexicocodigorojo.com.mx\/index.php?rest_route=%2Fwp%2Fv2%2Fcomments&post=62088"}],"version-history":[{"count":1,"href":"https:\/\/mexicocodigorojo.com.mx\/index.php?rest_route=\/wp\/v2\/posts\/62088\/revisions"}],"predecessor-version":[{"id":62089,"href":"https:\/\/mexicocodigorojo.com.mx\/index.php?rest_route=\/wp\/v2\/posts\/62088\/revisions\/62089"}],"wp:featuredmedia":[{"embeddable":true,"href":"https:\/\/mexicocodigorojo.com.mx\/index.php?rest_route=\/wp\/v2\/media\/62087"}],"wp:attachment":[{"href":"https:\/\/mexicocodigorojo.com.mx\/index.php?rest_route=%2Fwp%2Fv2%2Fmedia&parent=62088"}],"wp:term":[{"taxonomy":"category","embeddable":true,"href":"https:\/\/mexicocodigorojo.com.mx\/index.php?rest_route=%2Fwp%2Fv2%2Fcategories&post=62088"},{"taxonomy":"post_tag","embeddable":true,"href":"https:\/\/mexicocodigorojo.com.mx\/index.php?rest_route=%2Fwp%2Fv2%2Ftags&post=62088"}],"curies":[{"name":"wp","href":"https:\/\/api.w.org\/{rel}","templated":true}]}}