{"id":62008,"date":"2024-07-03T13:18:24","date_gmt":"2024-07-03T19:18:24","guid":{"rendered":"https:\/\/mexicocodigorojo.com.mx\/?p=62008"},"modified":"2024-07-05T13:24:53","modified_gmt":"2024-07-05T19:24:53","slug":"asesinan-en-colima-a-hija-de-exlider-de-autodefensas-cemei-verdia","status":"publish","type":"post","link":"https:\/\/mexicocodigorojo.com.mx\/?p=62008","title":{"rendered":"Asesinan en Colima a hija de exl\u00edder de autodefensas Ceme\u00ed Verd\u00eda"},"content":{"rendered":"<p>La ma\u00f1ana de este lunes fue asesinada a balazos en esta ciudad Martha Laura Verd\u00eda Mart\u00ednez, hija de Ceme\u00ed Verd\u00eda Zepeda, quien fue l\u00edder de los grupos de autodefensas de la costa michoacana.<\/p>\n<p>De acuerdo con reportes preliminares, en el momento del ataque la joven de 19 a\u00f1os conduc\u00eda una camioneta Tacoma con vidrios polarizados y se dirig\u00eda hacia su centro de trabajo, un laboratorio de an\u00e1lisis cl\u00ednicos donde se desempe\u00f1aba como asistente.<\/p>\n<p>Los hechos ocurrieron en el cruce de la calle Xalapa y avenida M\u00e9xico, en la colonia Los \u00c1ngeles, cuando dos individuos a bordo de una motocicleta realizaron m\u00faltiples disparos contra el veh\u00edculo en que se trasladaba la v\u00edctima.<\/p>\n<p>Versiones extraoficiales se\u00f1alan que la camioneta recibi\u00f3 m\u00e1s de 20 impactos de bala por el costado del conductor, vidrios y en el parabrisas.<\/p>\n<blockquote class=\"twitter-tweet\" data-width=\"550\" data-dnt=\"true\">\n<p lang=\"es\" dir=\"ltr\">Asesinan en <a href=\"https:\/\/twitter.com\/hashtag\/Colima?src=hash&amp;ref_src=twsrc%5Etfw\">#Colima<\/a> a Martha Laura Verd\u00eda Mart\u00ednez, hija de Ceme\u00ed Verd\u00eda, ex l\u00edder de las autodefensas de Aquila, <a href=\"https:\/\/twitter.com\/hashtag\/Michoac%C3%A1n?src=hash&amp;ref_src=twsrc%5Etfw\">#Michoac\u00e1n<\/a><\/p>\n<p>Fue atacada a balazos por hombres en motocicleta cuando iba a su trabajo <a href=\"https:\/\/t.co\/v0q2GEGQOH\">pic.twitter.com\/v0q2GEGQOH<\/a><\/p>\n<p>&mdash; Manuel Lopez San Martin (@MLopezSanMartin) <a href=\"https:\/\/twitter.com\/MLopezSanMartin\/status\/1807875573978652988?ref_src=twsrc%5Etfw\">July 1, 2024<\/a><\/p><\/blockquote>\n<p><script async src=\"https:\/\/platform.twitter.com\/widgets.js\" charset=\"utf-8\"><\/script><\/p>\n<p>Los atacantes escaparon y horas despu\u00e9s las autoridades no hab\u00edan proporcionado informaci\u00f3n oficial sobre el suceso ni informado sobre la detenci\u00f3n de alguno de los probables responsables.<\/p>\n<p>Originario de la comunidad ind\u00edgena de Santa Mar\u00eda Ostula, municipio de Aquila, Michoac\u00e1n, Ceme\u00ed Verd\u00eda fue nombrado coordinador de las polic\u00edas comunitarias en la costa de esa entidad y a principios de la d\u00e9cada pasada encabez\u00f3 la lucha de las autodefensas contra grupos del crimen organizado que manten\u00edan sometidas a las comunidades de la regi\u00f3n.<\/p>\n<p>En 2015, Verd\u00eda Zepeda fue detenido por elementos de la Secretar\u00eda de Marina, acusado de violar la Ley federal de Armas, durante un operativo con el que el gobierno federal pretendi\u00f3 desarmar a los grupos de autodefensas de la regi\u00f3n, pero sali\u00f3 libre unos meses despu\u00e9s.<\/p>\n<p>En los \u00faltimos a\u00f1os, Verd\u00eda Zepeda sufri\u00f3 varios atentados que estuvieron a punto de costarle la vida, el m\u00e1s reciente en 2019, cuando se encontraba en una huerta de papaya de su propiedad.<\/p>\n<p>En 2018 fue candidato a diputado local el distrito con cabecera en el municipio de Coalcom\u00e1n, postulado por el partido Movimiento Ciudadano, y tras perder la elecci\u00f3n cambi\u00f3 su residencia, junto con su familia, al estado de Colima.<\/p>\n<h1 class=\"title entry-title\">Ceme\u00ed Verd\u00eda, ex l\u00edder de autodefensa en M\u00e9xico pide justicia por el asesinato de su hija en Colima<\/h1>\n<p>Martes 2 de julio de 2024.- Este d\u00eda fue realizada una misa y se le dio cristiana sepultura a Martha Laura Verd\u00eda Mart\u00ednez, hija de Ceme\u00ed Verd\u00eda Zepeda, ex l\u00edder de las autodefensas de la costa-sierra de Michoac\u00e1n, quien muri\u00f3 luego de un atentado a tiros sufrido la ma\u00f1ana del pasado lunes en la ciudad de Colima.<\/p>\n<p>\u201cNo hay palabras, lamentamos lo sucedido con mi hija y pedimos que se esclarezcan los hechos, que paguen los responsables. Les pido a las autoridades estatales de Colima y de Michoac\u00e1n, y a las federales que hagan su labor, ellas saben qui\u00e9nes son los que nos persiguen a su servidor y a mi familia, seguimos confiando en la justicia, pero yo creo que ya estuvo bueno, se tiene que actuar\u201d, declar\u00f3 Ceme\u00ed Verd\u00eda ante este medio.<\/p>\n<p>Tras finalizar la lucha de autodefensas en Michoac\u00e1n, Verd\u00eda Zepeda ha sufrido varios atentados contra su vida por parte de c\u00e1rteles delictivos, los cuales no han tenido \u00e9xito, uno de ellos en 2019 en su huerta de papaya.<\/p>\n<p>En el pa\u00eds es uno de los \u00faltimos ex l\u00edderes de renombre de las extintas autodefensas, fue comandante de la Polic\u00eda Comunitaria de Santa Mar\u00eda de Ostula en Aquila, Michoac\u00e1n, luego apresado por delitos federales y enseguida puedo en libertad. En 2018 fue candidato de Movimiento Ciudadano a una diputaci\u00f3n local sin obtener el triunfo, y en la actualidad tiene su residencia en Colima.<\/p>\n<p>El asesinato de Martha Laura Verd\u00eda ha causado gran indignaci\u00f3n entre reconocidos personajes de la pol\u00edtica nacional, los cuales este martes le llamaron v\u00eda telef\u00f3nica a Ceme\u00ed Verd\u00eda para expresarle sus condolencias y apoyo, situaci\u00f3n que fue atestiguada por este reportero.<\/p>\n<p>Con informaci\u00f3n de canal 13 Mexico.<\/p>\n","protected":false},"excerpt":{"rendered":"<p>La ma\u00f1ana de este lunes fue asesinada a balazos en esta ciudad Martha Laura Verd\u00eda Mart\u00ednez, hija de Ceme\u00ed Verd\u00eda Zepeda, quien fue l\u00edder de los grupos de autodefensas de la costa michoacana. De acuerdo con reportes preliminares, en el momento del ataque la joven de 19 a\u00f1os conduc\u00eda una camioneta Tacoma con vidrios polarizados [&hellip;]<\/p>\n","protected":false},"author":5,"featured_media":62009,"comment_status":"open","ping_status":"open","sticky":false,"template":"","format":"standard","meta":{"_uf_show_specific_survey":0,"_uf_disable_surveys":false,"advanced_seo_description":"","jetpack_seo_html_title":"","jetpack_seo_noindex":false,"jetpack_post_was_ever_published":false,"_jetpack_newsletter_access":"","_jetpack_dont_email_post_to_subs":false,"_jetpack_newsletter_tier_id":0,"_jetpack_memberships_contains_paywalled_content":false,"_jetpack_memberships_contains_paid_content":false,"footnotes":"","jetpack_publicize_message":"","jetpack_publicize_feature_enabled":true,"jetpack_social_post_already_shared":true,"jetpack_social_options":{"image_generator_settings":{"template":"highway","default_image_id":0,"font":"","enabled":false},"version":2}},"categories":[104,1724],"tags":[858],"class_list":{"0":"post-62008","1":"post","2":"type-post","3":"status-publish","4":"format-standard","5":"has-post-thumbnail","7":"category-colima","8":"category-featured","9":"tag-homicidio"},"jetpack_publicize_connections":[],"jetpack_featured_media_url":"https:\/\/i0.wp.com\/mexicocodigorojo.com.mx\/wp-content\/uploads\/2024\/07\/WhatsApp-Image-2024-07-02-at-2.21.28-PM-930x620-1.jpeg?fit=930%2C620&ssl=1","jetpack-related-posts":[{"id":39018,"url":"https:\/\/mexicocodigorojo.com.mx\/?p=39018","url_meta":{"origin":62008,"position":0},"title":"Localizan camioneta con polic\u00edas asesinados en Manzanillo","author":"Staff","date":"junio 2, 2020","format":false,"excerpt":"El hallazgo de los restos humanos ocurri\u00f3 junto a la cancha de futbol de la comunidad de Cedros, ubicada al norte del municipio de Manzanillo, Colima COLIMA Este lunes 1 de junio cerca de las 11 de la ma\u00f1ana, fue localizada una\u00a0camioneta con varios cad\u00e1veres\u00a0en su interior. El hecho ocurri\u00f3\u2026","rel":"","context":"En \u00abColima\u00bb","block_context":{"text":"Colima","link":"https:\/\/mexicocodigorojo.com.mx\/?cat=104"},"img":{"alt_text":"","src":"https:\/\/i0.wp.com\/mexicocodigorojo.com.mx\/wp-content\/uploads\/2020\/06\/2371712.jpg?fit=664%2C498&ssl=1&resize=350%2C200","width":350,"height":200,"srcset":"https:\/\/i0.wp.com\/mexicocodigorojo.com.mx\/wp-content\/uploads\/2020\/06\/2371712.jpg?fit=664%2C498&ssl=1&resize=350%2C200 1x, https:\/\/i0.wp.com\/mexicocodigorojo.com.mx\/wp-content\/uploads\/2020\/06\/2371712.jpg?fit=664%2C498&ssl=1&resize=525%2C300 1.5x"},"classes":[]},{"id":23411,"url":"https:\/\/mexicocodigorojo.com.mx\/?p=23411","url_meta":{"origin":62008,"position":1},"title":"El Comandante Teto En el coraz\u00f3n de la Guerra en M\u00e9xico","author":"Staff","date":"septiembre 10, 2019","format":false,"excerpt":"La violencia y la crueldad de los combates que libran los grupos de autodefensa y el sanguinario Cartel Jalisco Nueva Generaci\u00f3n en Michoac\u00e1n retratan la dimensi\u00f3n del problema al que se enfrenta L\u00f3pez Obrador JACOBO GARC\u00cdA Tepalcatepec (Michoac\u00e1n)\u00a0 El comandante Teto lidera un moderno ej\u00e9rcito de Pancho Villa donde todos\u2026","rel":"","context":"En \u00abMichoac\u00e1n\u00bb","block_context":{"text":"Michoac\u00e1n","link":"https:\/\/mexicocodigorojo.com.mx\/?cat=50"},"img":{"alt_text":"","src":"https:\/\/i0.wp.com\/mexicocodigorojo.com.mx\/wp-content\/uploads\/2019\/09\/1567906718_822056_1567906917_noticia_normal_recorte1-1.jpg?fit=1200%2C727&ssl=1&resize=350%2C200","width":350,"height":200,"srcset":"https:\/\/i0.wp.com\/mexicocodigorojo.com.mx\/wp-content\/uploads\/2019\/09\/1567906718_822056_1567906917_noticia_normal_recorte1-1.jpg?fit=1200%2C727&ssl=1&resize=350%2C200 1x, https:\/\/i0.wp.com\/mexicocodigorojo.com.mx\/wp-content\/uploads\/2019\/09\/1567906718_822056_1567906917_noticia_normal_recorte1-1.jpg?fit=1200%2C727&ssl=1&resize=525%2C300 1.5x, https:\/\/i0.wp.com\/mexicocodigorojo.com.mx\/wp-content\/uploads\/2019\/09\/1567906718_822056_1567906917_noticia_normal_recorte1-1.jpg?fit=1200%2C727&ssl=1&resize=700%2C400 2x, https:\/\/i0.wp.com\/mexicocodigorojo.com.mx\/wp-content\/uploads\/2019\/09\/1567906718_822056_1567906917_noticia_normal_recorte1-1.jpg?fit=1200%2C727&ssl=1&resize=1050%2C600 3x"},"classes":[]},{"id":986,"url":"https:\/\/mexicocodigorojo.com.mx\/?p=986","url_meta":{"origin":62008,"position":2},"title":"Acribillan a \u2018Sim\u00f3n el Americano\u2019 afuera de un bar en Manzanillo","author":"Staff","date":"julio 16, 2018","format":false,"excerpt":"Las autoridades del Estado de Colima confirmaron la muerte de Luis Antonio Torres G., alias \u201cSim\u00f3n El Americano\u201d\u00a0fundador del grupo armado \u201cLos H3\u201d, estaba relacionado con El C\u00e1rtel de\u00a0Colima, donde limita su presencia a esa entidad federativa, revelaron\u00a0fuentes oficiales. Los hechos se suscitaron sobre el bulevar costero Miguel de la\u2026","rel":"","context":"En \u00abColima\u00bb","block_context":{"text":"Colima","link":"https:\/\/mexicocodigorojo.com.mx\/?cat=104"},"img":{"alt_text":"","src":"https:\/\/i0.wp.com\/mexicocodigorojo.com.mx\/wp-content\/uploads\/2018\/07\/72858E0D-82A9-4A0F-AAD9-42808D736B56.png?fit=280%2C205&ssl=1&resize=350%2C200","width":350,"height":200},"classes":[]},{"id":38922,"url":"https:\/\/mexicocodigorojo.com.mx\/?p=38922","url_meta":{"origin":62008,"position":3},"title":"Libreran a tres de los siete polic\u00edas de Colima desaparecidos en Jalisco","author":"Staff","date":"junio 1, 2020","format":false,"excerpt":"La noche del s\u00e1bado aparecieron con vida tres de los siete agentes estatales de Colima y dos civiles que\u00a0hab\u00edan sido privados de su libertad el jueves pasado, luego de su incursi\u00f3n en el estado de Jalisco. Mediante un comunicado, la Secretar\u00eda de Seguridad P\u00fablica (SSP) de Colima inform\u00f3 que son\u2026","rel":"","context":"En \u00abJalisco\u00bb","block_context":{"text":"Jalisco","link":"https:\/\/mexicocodigorojo.com.mx\/?cat=8"},"img":{"alt_text":"","src":"https:\/\/i0.wp.com\/mexicocodigorojo.com.mx\/wp-content\/uploads\/2020\/06\/camionetas-colima-870x522-1.jpg?fit=870%2C522&ssl=1&resize=350%2C200","width":350,"height":200,"srcset":"https:\/\/i0.wp.com\/mexicocodigorojo.com.mx\/wp-content\/uploads\/2020\/06\/camionetas-colima-870x522-1.jpg?fit=870%2C522&ssl=1&resize=350%2C200 1x, https:\/\/i0.wp.com\/mexicocodigorojo.com.mx\/wp-content\/uploads\/2020\/06\/camionetas-colima-870x522-1.jpg?fit=870%2C522&ssl=1&resize=525%2C300 1.5x, https:\/\/i0.wp.com\/mexicocodigorojo.com.mx\/wp-content\/uploads\/2020\/06\/camionetas-colima-870x522-1.jpg?fit=870%2C522&ssl=1&resize=700%2C400 2x"},"classes":[]},{"id":53757,"url":"https:\/\/mexicocodigorojo.com.mx\/?p=53757","url_meta":{"origin":62008,"position":4},"title":"Los Mezcales vs CJNG: La ruptura entre c\u00e1rteles que gener\u00f3 la ola de violencia en Colima","author":"MexicoRojoCvmx","date":"agosto 19, 2022","format":false,"excerpt":"Jos\u00e9 Bernab\u00e9 Brizuela alias \u201cLa Vaca\u201d, l\u00edder de Los Mezcales aliados al C\u00e1rtel Jalisco Nueva Generaci\u00f3n (CJNG) en Colima, fue detenido en un operativo en la Ciudad de M\u00e9xico, as\u00ed lo inform\u00f3 el jefe de la polic\u00eda capitalina, Omar Garc\u00eda Harfuch. El operativo se realiz\u00f3 entre la SSC y la\u2026","rel":"","context":"En \u00abFeatured\u00bb","block_context":{"text":"Featured","link":"https:\/\/mexicocodigorojo.com.mx\/?cat=1724"},"img":{"alt_text":"","src":"https:\/\/i0.wp.com\/mexicocodigorojo.com.mx\/wp-content\/uploads\/2022\/08\/Captura-de-pantalla-2022-08-19-094005.jpg?fit=1102%2C714&ssl=1&resize=350%2C200","width":350,"height":200,"srcset":"https:\/\/i0.wp.com\/mexicocodigorojo.com.mx\/wp-content\/uploads\/2022\/08\/Captura-de-pantalla-2022-08-19-094005.jpg?fit=1102%2C714&ssl=1&resize=350%2C200 1x, https:\/\/i0.wp.com\/mexicocodigorojo.com.mx\/wp-content\/uploads\/2022\/08\/Captura-de-pantalla-2022-08-19-094005.jpg?fit=1102%2C714&ssl=1&resize=525%2C300 1.5x, https:\/\/i0.wp.com\/mexicocodigorojo.com.mx\/wp-content\/uploads\/2022\/08\/Captura-de-pantalla-2022-08-19-094005.jpg?fit=1102%2C714&ssl=1&resize=700%2C400 2x, https:\/\/i0.wp.com\/mexicocodigorojo.com.mx\/wp-content\/uploads\/2022\/08\/Captura-de-pantalla-2022-08-19-094005.jpg?fit=1102%2C714&ssl=1&resize=1050%2C600 3x"},"classes":[]},{"id":46063,"url":"https:\/\/mexicocodigorojo.com.mx\/?p=46063","url_meta":{"origin":62008,"position":5},"title":"\u201cMatar o morir por nuestras familias\u201d, lema de autodefensas contra el &#8216;CJNG&#8217;","author":"Staff","date":"enero 15, 2021","format":false,"excerpt":"Se acab\u00f3 la paciencia. Juan ya no puede esperar a que le asesinen a su familia y, por ello, se dice llegar hasta las \u00faltimas consecuencias, as\u00ed le cueste la vida propia. \u201cSurgimos los autodefensas por nuestras familias; a matar o morir por nuestras familias\u201d, afirm\u00f3 el hombre de oficio\u2026","rel":"","context":"En \u00abFeatured\u00bb","block_context":{"text":"Featured","link":"https:\/\/mexicocodigorojo.com.mx\/?cat=1724"},"img":{"alt_text":"","src":"https:\/\/i0.wp.com\/mexicocodigorojo.com.mx\/wp-content\/uploads\/2021\/01\/autodefensas9.jpg?fit=750%2C422&ssl=1&resize=350%2C200","width":350,"height":200,"srcset":"https:\/\/i0.wp.com\/mexicocodigorojo.com.mx\/wp-content\/uploads\/2021\/01\/autodefensas9.jpg?fit=750%2C422&ssl=1&resize=350%2C200 1x, https:\/\/i0.wp.com\/mexicocodigorojo.com.mx\/wp-content\/uploads\/2021\/01\/autodefensas9.jpg?fit=750%2C422&ssl=1&resize=525%2C300 1.5x, https:\/\/i0.wp.com\/mexicocodigorojo.com.mx\/wp-content\/uploads\/2021\/01\/autodefensas9.jpg?fit=750%2C422&ssl=1&resize=700%2C400 2x"},"classes":[]}],"jetpack_sharing_enabled":true,"jetpack_likes_enabled":true,"jetpack_shortlink":"https:\/\/wp.me\/p9TedA-g88","_links":{"self":[{"href":"https:\/\/mexicocodigorojo.com.mx\/index.php?rest_route=\/wp\/v2\/posts\/62008","targetHints":{"allow":["GET"]}}],"collection":[{"href":"https:\/\/mexicocodigorojo.com.mx\/index.php?rest_route=\/wp\/v2\/posts"}],"about":[{"href":"https:\/\/mexicocodigorojo.com.mx\/index.php?rest_route=\/wp\/v2\/types\/post"}],"author":[{"embeddable":true,"href":"https:\/\/mexicocodigorojo.com.mx\/index.php?rest_route=\/wp\/v2\/users\/5"}],"replies":[{"embeddable":true,"href":"https:\/\/mexicocodigorojo.com.mx\/index.php?rest_route=%2Fwp%2Fv2%2Fcomments&post=62008"}],"version-history":[{"count":1,"href":"https:\/\/mexicocodigorojo.com.mx\/index.php?rest_route=\/wp\/v2\/posts\/62008\/revisions"}],"predecessor-version":[{"id":62010,"href":"https:\/\/mexicocodigorojo.com.mx\/index.php?rest_route=\/wp\/v2\/posts\/62008\/revisions\/62010"}],"wp:featuredmedia":[{"embeddable":true,"href":"https:\/\/mexicocodigorojo.com.mx\/index.php?rest_route=\/wp\/v2\/media\/62009"}],"wp:attachment":[{"href":"https:\/\/mexicocodigorojo.com.mx\/index.php?rest_route=%2Fwp%2Fv2%2Fmedia&parent=62008"}],"wp:term":[{"taxonomy":"category","embeddable":true,"href":"https:\/\/mexicocodigorojo.com.mx\/index.php?rest_route=%2Fwp%2Fv2%2Fcategories&post=62008"},{"taxonomy":"post_tag","embeddable":true,"href":"https:\/\/mexicocodigorojo.com.mx\/index.php?rest_route=%2Fwp%2Fv2%2Ftags&post=62008"}],"curies":[{"name":"wp","href":"https:\/\/api.w.org\/{rel}","templated":true}]}}