{"id":61999,"date":"2024-07-01T08:09:59","date_gmt":"2024-07-01T14:09:59","guid":{"rendered":"https:\/\/mexicocodigorojo.com.mx\/?p=61999"},"modified":"2024-07-05T09:36:21","modified_gmt":"2024-07-05T15:36:21","slug":"asesinan-a-el-rapero-omar-thug-en-apodaca","status":"publish","type":"post","link":"https:\/\/mexicocodigorojo.com.mx\/?p=61999","title":{"rendered":"Asesinan a el rapero Omar Thug en Apodaca"},"content":{"rendered":"<p>A dos d\u00edas de haber sido herido de bala en Apodaca, el rapero\u00a0<strong>Omar Thug<\/strong>\u00a0fue declarado muerto anoche domingo 30 de junio.<\/p>\n<p>La noticia la dio la banda de rap,\u00a0<strong>Under Side 821<\/strong>, que v\u00eda Facebook coloc\u00f3 una foto de su integrante con la leyenda: \u201cDescansa en paz Carnal! Vivir\u00e1s por siempre en canciones de rap\u201d.<\/p>\n<p>Dicha agrupaci\u00f3n hab\u00eda estado al pendiente del estado de salud de Omar, tanto que comparti\u00f3 un breve comunicado cuando sucedieron los hechos el pasado 29 de junio, se\u00f1alando que a Omar la hab\u00eda pegado una bala perdida y que hab\u00eda sido hospitalizado.<\/p>\n<p>Un d\u00eda despu\u00e9s agradecieron los mensajes de apoyo recibidos en beneficio del rapero, quien segu\u00eda en el nosocomio y acompa\u00f1ado por su familia.<\/p>\n<p>\u201cEsto que paso no lo esper\u00e1bamos. Ojala pueda librarla y seguir regal\u00e1ndonos rap\u201d, dijo Under Side 821 antes de que se produjera el deceso.<\/p>\n<p><iframe class=\"i-amphtml-fill-content\" src=\"https:\/\/www.facebook.com\/plugins\/post.php?href=https%3A%2F%2Fwww.facebook.com%2FUnderSide821%2Fposts%2Fpfbid0Tot1gtGP7hh7DNABDDifoKrmVjnw9F5wQsJm6gP2Ja4WweDU76WJqerkujMAsa1nl&amp;show_text=true&amp;width=500#amp=1\" name=\"amp_iframe0\" frameborder=\"0\" scrolling=\"no\" sandbox=\"allow-scripts allow-same-origin\" allowfullscreen=\"allowfullscreen\" data-mce-fragment=\"1\"><\/iframe><\/p>\n<h2><strong>\u00bfQu\u00e9 sucedi\u00f3 en Apodaca y c\u00f3mo result\u00f3 lesionado Omar Thug?<\/strong><\/h2>\n<p>Fue la madrugada del pasado 29 de junio cuando se desat\u00f3 una\u00a0<strong>balacera en la colonia Praderas II<\/strong>, en Apodaca, que dej\u00f3 un saldo de cuatro hombres muertos y dos m\u00e1s lesionados.<\/p>\n<p><strong>Omar Thug<\/strong>\u00a0fue precisamente una de las personas lesionadas, por lo que tuvo que ser trasladado a un hospital.<\/p>\n<p>El ataque armado sucedi\u00f3 en un\u00a0<strong>domicilio de la calle Guernica, entre Hita y Denia<\/strong>, donde presuntamente las v\u00edctimas se encontraban en una reuni\u00f3n.<\/p>\n<p><strong>Hombres armados<\/strong>\u00a0llegaron al lugar a bordo de un veh\u00edculo, se detuvieron a las afueras de la casa y abrieron fuego contra las personas que se encontraban al exterior del hogar.<\/p>\n<p>Al sitio arribaron autoridades de la Fiscal\u00eda General de Justicia, unidades de la Fuerza Civil, Polic\u00eda Municipal de Apodaca y la Guardia Nacional, as\u00ed como param\u00e9dicos que conformaron la muerte inmediata de cuatro personas cuyos cuerpos fueron trasladados al Servicio M\u00e9dico Forense.<\/p>\n","protected":false},"excerpt":{"rendered":"<p>A dos d\u00edas de haber sido herido de bala en Apodaca, el rapero\u00a0Omar Thug\u00a0fue declarado muerto anoche domingo 30 de junio. La noticia la dio la banda de rap,\u00a0Under Side 821, que v\u00eda Facebook coloc\u00f3 una foto de su integrante con la leyenda: \u201cDescansa en paz Carnal! Vivir\u00e1s por siempre en canciones de rap\u201d. Dicha [&hellip;]<\/p>\n","protected":false},"author":5,"featured_media":62000,"comment_status":"open","ping_status":"open","sticky":false,"template":"","format":"standard","meta":{"_uf_show_specific_survey":0,"_uf_disable_surveys":false,"advanced_seo_description":"","jetpack_seo_html_title":"","jetpack_seo_noindex":false,"jetpack_post_was_ever_published":false,"_jetpack_newsletter_access":"","_jetpack_dont_email_post_to_subs":false,"_jetpack_newsletter_tier_id":0,"_jetpack_memberships_contains_paywalled_content":false,"_jetpack_memberships_contains_paid_content":false,"footnotes":"","jetpack_publicize_message":"","jetpack_publicize_feature_enabled":true,"jetpack_social_post_already_shared":true,"jetpack_social_options":{"image_generator_settings":{"template":"highway","default_image_id":0,"font":"","enabled":false},"version":2}},"categories":[1724,29],"tags":[858],"class_list":{"0":"post-61999","1":"post","2":"type-post","3":"status-publish","4":"format-standard","5":"has-post-thumbnail","7":"category-featured","8":"category-nuevo-leon","9":"tag-homicidio"},"jetpack_publicize_connections":[],"jetpack_featured_media_url":"https:\/\/i0.wp.com\/mexicocodigorojo.com.mx\/wp-content\/uploads\/2024\/07\/muere-omar-thug-bala-perdida.webp?fit=958%2C596&ssl=1","jetpack-related-posts":[{"id":62299,"url":"https:\/\/mexicocodigorojo.com.mx\/?p=62299","url_meta":{"origin":61999,"position":0},"title":"Caen presuntos responsables de masacre en una pi\u00f1ata en Apodaca","author":"Staff","date":"julio 17, 2024","format":false,"excerpt":"Apodaca, NL.-\u00a0Los dos presuntos responsables de una ejecuci\u00f3n m\u00faltiple en medio de una fiesta infantil fueron detenidos y privados de su libertad de forma preventiva, inform\u00f3 este s\u00e1bado la Fiscal\u00eda Especializada en Homicidios y Lesiones Graves. Se trata de Ram\u00f3n Guadalupe, de 28 a\u00f1os, y Milton Daniel, de 26 a\u00f1os,\u2026","rel":"","context":"En \u00abFeatured\u00bb","block_context":{"text":"Featured","link":"https:\/\/mexicocodigorojo.com.mx\/?cat=1724"},"img":{"alt_text":"","src":"https:\/\/i0.wp.com\/mexicocodigorojo.com.mx\/wp-content\/uploads\/2024\/07\/sospechosos-de-masacre-en-apodaca.jpg?fit=991%2C539&ssl=1&resize=350%2C200","width":350,"height":200,"srcset":"https:\/\/i0.wp.com\/mexicocodigorojo.com.mx\/wp-content\/uploads\/2024\/07\/sospechosos-de-masacre-en-apodaca.jpg?fit=991%2C539&ssl=1&resize=350%2C200 1x, https:\/\/i0.wp.com\/mexicocodigorojo.com.mx\/wp-content\/uploads\/2024\/07\/sospechosos-de-masacre-en-apodaca.jpg?fit=991%2C539&ssl=1&resize=525%2C300 1.5x, https:\/\/i0.wp.com\/mexicocodigorojo.com.mx\/wp-content\/uploads\/2024\/07\/sospechosos-de-masacre-en-apodaca.jpg?fit=991%2C539&ssl=1&resize=700%2C400 2x"},"classes":[]},{"id":24827,"url":"https:\/\/mexicocodigorojo.com.mx\/?p=24827","url_meta":{"origin":61999,"position":1},"title":"EJECUTAN AL RAPERO 5050 EN MATAMOROS TAMAULIPAS","author":"Staff","date":"octubre 6, 2019","format":false,"excerpt":"El rapero matamorense Alejandro Barret conocido como el 5050, luego de a\u00f1os de componer y escribir canciones para la delincuencia, tuvo un dr\u00e1stico cambio al asegurar que conoci\u00f3 a Cristo, motiv\u00e1ndolo a dejar de lado la vida de excesos que llevaba y pas\u00f3 a ser cantante cristiano. Lamentablemente tiempo despu\u00e9s\u2026","rel":"","context":"En \u00abFeatured\u00bb","block_context":{"text":"Featured","link":"https:\/\/mexicocodigorojo.com.mx\/?cat=1724"},"img":{"alt_text":"","src":"https:\/\/i0.wp.com\/img.youtube.com\/vi\/H28JOYchtdQ\/0.jpg?resize=350%2C200","width":350,"height":200},"classes":[]},{"id":43876,"url":"https:\/\/mexicocodigorojo.com.mx\/?p=43876","url_meta":{"origin":61999,"position":2},"title":"Asesinan a rapero \u201cEl Blunt\u201d en Reynosa","author":"Staff","date":"octubre 12, 2020","format":false,"excerpt":"El hecho ocurri\u00f3 en un departamento de la calle Guadalajara en la colonia Rodr\u00edguez en la ciudad de Reynosa \"La Calle es peligrosa\" y \u00e9l lo sab\u00eda ... Mauro Emanuel V\u00e1zquez Ya\u00f1ez, mejor conocido como \u201cBlunt\u201d, un cantante de rap que fue asesinado y su cuerpo fue encontrado en un\u2026","rel":"","context":"En \u00abFeatured\u00bb","block_context":{"text":"Featured","link":"https:\/\/mexicocodigorojo.com.mx\/?cat=1724"},"img":{"alt_text":"(Foto: Twitter)","src":"https:\/\/i0.wp.com\/www.infobae.com\/new-resizer\/FoxN1qOFqxmqpx7LLLVOE1qdAeA%3D\/420x747\/filters%3Aformat%28jpg%29%3Aquality%2885%29\/\/cloudfront-us-east-1.images.arcpublishing.com\/infobae\/MUKW75LASRHCDM5HTYEXKNQF6E.jpeg?resize=350%2C200&ssl=1","width":350,"height":200},"classes":[]},{"id":57028,"url":"https:\/\/mexicocodigorojo.com.mx\/?p=57028","url_meta":{"origin":61999,"position":3},"title":"Asesinan a balazos al rapero Lefty SM","author":"Staff","date":"septiembre 3, 2023","format":false,"excerpt":"Apenas este viernes, Lefty SM se present\u00f3 en el Teatro Metropolitan como invitado especial de MC Davoo M\u00e9xico.- Lefty SM fue asesinado en Jalisco este s\u00e1bado a los 31 a\u00f1os, seg\u00fan confirmo MC Davoo en una historia de Instagram. \"No puedo creer esta mier**, ya habl\u00e9 con todo el mundo\u2026","rel":"","context":"En \u00abFeatured\u00bb","block_context":{"text":"Featured","link":"https:\/\/mexicocodigorojo.com.mx\/?cat=1724"},"img":{"alt_text":"","src":"https:\/\/i0.wp.com\/mexicocodigorojo.com.mx\/wp-content\/uploads\/2023\/09\/img_4329.jpg?fit=558%2C601&ssl=1&resize=350%2C200","width":350,"height":200,"srcset":"https:\/\/i0.wp.com\/mexicocodigorojo.com.mx\/wp-content\/uploads\/2023\/09\/img_4329.jpg?fit=558%2C601&ssl=1&resize=350%2C200 1x, https:\/\/i0.wp.com\/mexicocodigorojo.com.mx\/wp-content\/uploads\/2023\/09\/img_4329.jpg?fit=558%2C601&ssl=1&resize=525%2C300 1.5x"},"classes":[]},{"id":60675,"url":"https:\/\/mexicocodigorojo.com.mx\/?p=60675","url_meta":{"origin":61999,"position":4},"title":"Encuentran a hombre desaparecido hace 27 a\u00f1os, no creer\u00e1s quien lo secuestr\u00f3","author":"MCR","date":"mayo 16, 2024","format":false,"excerpt":"Internacional.- Por increible que suene, el d\u00eda 12 de mayo del presente a\u00f1o las autoridades de Argelia informaron que ocurri\u00f3 un rescate de un hombre quien fue rescatado por las autoridades de un corral para ovejas, su nombre es Omar Bin Omran, quien desapareci\u00f3 hace 27 a\u00f1os, cuando solo ten\u00eda\u2026","rel":"","context":"En \u00abFeatured\u00bb","block_context":{"text":"Featured","link":"https:\/\/mexicocodigorojo.com.mx\/?cat=1724"},"img":{"alt_text":"","src":"https:\/\/i0.wp.com\/mexicocodigorojo.com.mx\/wp-content\/uploads\/2024\/05\/3117083.jpg?fit=400%2C300&ssl=1&resize=350%2C200","width":350,"height":200},"classes":[]},{"id":20111,"url":"https:\/\/mexicocodigorojo.com.mx\/?p=20111","url_meta":{"origin":61999,"position":5},"title":"Los ni\u00f1os sicarios de &#8216;El Mencho&#8217;","author":"Staff","date":"julio 15, 2019","format":false,"excerpt":"En los \u00faltimos a\u00f1os el C\u00e1rtel de Jalisco Nueva Generaci\u00f3n fue uno de los c\u00e1rteles que m\u00e1s menores de edad reclut\u00f3 Su posici\u00f3n como c\u00e1rtel m\u00e1s poderoso del pa\u00eds le permiti\u00f3 reclutar a cientos de personas en los \u00faltimos cinco a\u00f1os, aunque las autoridades alertan de que comenzaron a integrar\u2026","rel":"","context":"En \u00abJalisco\u00bb","block_context":{"text":"Jalisco","link":"https:\/\/mexicocodigorojo.com.mx\/?cat=8"},"img":{"alt_text":"","src":"https:\/\/i0.wp.com\/mexicocodigorojo.com.mx\/wp-content\/uploads\/2019\/07\/sicario.jpg?fit=726%2C455&ssl=1&resize=350%2C200","width":350,"height":200,"srcset":"https:\/\/i0.wp.com\/mexicocodigorojo.com.mx\/wp-content\/uploads\/2019\/07\/sicario.jpg?fit=726%2C455&ssl=1&resize=350%2C200 1x, https:\/\/i0.wp.com\/mexicocodigorojo.com.mx\/wp-content\/uploads\/2019\/07\/sicario.jpg?fit=726%2C455&ssl=1&resize=525%2C300 1.5x, https:\/\/i0.wp.com\/mexicocodigorojo.com.mx\/wp-content\/uploads\/2019\/07\/sicario.jpg?fit=726%2C455&ssl=1&resize=700%2C400 2x"},"classes":[]}],"jetpack_sharing_enabled":true,"jetpack_likes_enabled":true,"jetpack_shortlink":"https:\/\/wp.me\/p9TedA-g7Z","_links":{"self":[{"href":"https:\/\/mexicocodigorojo.com.mx\/index.php?rest_route=\/wp\/v2\/posts\/61999","targetHints":{"allow":["GET"]}}],"collection":[{"href":"https:\/\/mexicocodigorojo.com.mx\/index.php?rest_route=\/wp\/v2\/posts"}],"about":[{"href":"https:\/\/mexicocodigorojo.com.mx\/index.php?rest_route=\/wp\/v2\/types\/post"}],"author":[{"embeddable":true,"href":"https:\/\/mexicocodigorojo.com.mx\/index.php?rest_route=\/wp\/v2\/users\/5"}],"replies":[{"embeddable":true,"href":"https:\/\/mexicocodigorojo.com.mx\/index.php?rest_route=%2Fwp%2Fv2%2Fcomments&post=61999"}],"version-history":[{"count":1,"href":"https:\/\/mexicocodigorojo.com.mx\/index.php?rest_route=\/wp\/v2\/posts\/61999\/revisions"}],"predecessor-version":[{"id":62001,"href":"https:\/\/mexicocodigorojo.com.mx\/index.php?rest_route=\/wp\/v2\/posts\/61999\/revisions\/62001"}],"wp:featuredmedia":[{"embeddable":true,"href":"https:\/\/mexicocodigorojo.com.mx\/index.php?rest_route=\/wp\/v2\/media\/62000"}],"wp:attachment":[{"href":"https:\/\/mexicocodigorojo.com.mx\/index.php?rest_route=%2Fwp%2Fv2%2Fmedia&parent=61999"}],"wp:term":[{"taxonomy":"category","embeddable":true,"href":"https:\/\/mexicocodigorojo.com.mx\/index.php?rest_route=%2Fwp%2Fv2%2Fcategories&post=61999"},{"taxonomy":"post_tag","embeddable":true,"href":"https:\/\/mexicocodigorojo.com.mx\/index.php?rest_route=%2Fwp%2Fv2%2Ftags&post=61999"}],"curies":[{"name":"wp","href":"https:\/\/api.w.org\/{rel}","templated":true}]}}