{"id":61738,"date":"2024-06-16T04:24:59","date_gmt":"2024-06-16T10:24:59","guid":{"rendered":"https:\/\/mexicocodigorojo.com.mx\/?p=61738"},"modified":"2024-06-16T04:24:59","modified_gmt":"2024-06-16T10:24:59","slug":"tamaulipas-implementaran-plan-con-medidas-preventivas-y-de-alerta-ante-posible-ciclon","status":"publish","type":"post","link":"https:\/\/mexicocodigorojo.com.mx\/?p=61738","title":{"rendered":"Tamaulipas: Implementar\u00e1n Plan con Medidas Preventivas y de Alerta ante posible Cicl\u00f3n"},"content":{"rendered":"<p>El Gobierno de Tamaulipas implementar\u00e1 implementa medidas preventivas y de alerta para dar puntual seguimiento a la zona de inestabilidad que se est\u00e1 desarrollando al sur del Golfo de M\u00e9xico.<\/p>\n<p>El Gobierno de Tamaulipas, en coordinaci\u00f3n con instituciones del Gobierno Federal, implementa las medidas preventivas y de alerta para dar puntual seguimiento a la zona de inestabilidad que se est\u00e1 desarrollando al sur del Golfo de M\u00e9xico y que a la fecha presenta un 50 por ciento de probabilidad de desarrollo cicl\u00f3nico, a fin de evitar afectaciones en territorio tamaulipeco.<\/p>\n<p>Durante una reuni\u00f3n de trabajo celebrada la tarde de este viernes en las instalaciones del 77 Batall\u00f3n de Infanter\u00eda de esta capital, el \u00e1rea de meteorolog\u00eda de la Coordinaci\u00f3n Estatal de Protecci\u00f3n Civil inform\u00f3 que del 18 al 22 de junio se presentar\u00e1 un temporal de lluvias, que alcanzar\u00e1 principalmente las zonas centro y sur del estado, as\u00ed como la regi\u00f3n ca\u00f1era, con probables acumulados de hasta 140 mil\u00edmetros de precipitaciones.<\/p>\n<p>Aunque ser\u00e1 hasta el domingo cuando se tenga mayor certeza de la intensidad y trayectoria que pudiera seguir este fen\u00f3meno hidrometeorol\u00f3gico y contar con informaci\u00f3n m\u00e1s precisa, el coordinador de Protecci\u00f3n Civil, Luis Gerardo Gonz\u00e1lez De la Fuente, y el secretario de Recursos Hidr\u00e1ulicos del estado, Ra\u00fal Quiroga \u00c1lvarez, en coordinaci\u00f3n con la Secretar\u00eda de la Defensa Nacional, la Secretar\u00eda de Marina, la Guardia Nacional, la Comisi\u00f3n Nacional del Agua y la Comisi\u00f3n Federal de Electricidad, acordaron emprender desde ahora todas las acciones necesarias para garantizar la seguridad de la poblaci\u00f3n.<\/p>\n<p><strong>Acuerdan limpia de drenes y alistar albergues<\/strong><br \/>\nLas autoridades acordaron pedir a los municipios intensificar las tareas de limpieza de drenes y canales pluviales, instalar las Mesas T\u00e9cnicas de Protecci\u00f3n Civil, difundir la ubicaci\u00f3n de los albergues para el caso de que sean necesarios y mantener constantemente informada a la poblaci\u00f3n a trav\u00e9s de medios oficiales.<\/p>\n<p>Durante la reuni\u00f3n, el jefe de la Oficina del Gobernador, Ricardo Guerrero Morales, expres\u00f3 que las indicaciones del gobernador Am\u00e9rico Villarreal Anaya son tener en alerta a todas las dependencias del Estado, garantizando la atenci\u00f3n a la poblaci\u00f3n vulnerable o en zonas de riesgo y coordinar las acciones para sumar esfuerzos y que las lluvias, en lugar de representar un riesgo, sean ben\u00e9ficas, para aliviar la situaci\u00f3n que se registra a causa de la sequ\u00eda en algunas regiones del estado.<\/p>\n<p>Por su parte, el general Julio C\u00e9sar Islas S\u00e1nchez, comandante de la 48a Zona Militar, reiter\u00f3 que la Secretar\u00eda de la Defensa Nacional se suma a los esfuerzos del Gobierno de Tamaulipas y har\u00e1 sinergia en las tareas de prevenci\u00f3n ante el temporal de lluvias pronosticado para la pr\u00f3xima semana.<\/p>\n<p><em>\u201cVamos a anticiparnos a cualquier escenario que pudiera afectar a la poblaci\u00f3n o a sus bienes y buscar la responsabilidad de cada uno para sumarnos a este gran esfuerzo\u201d<\/em>, expres\u00f3.<\/p>\n<p>En la reuni\u00f3n, y de manera virtual, el comandante de la Primera Regi\u00f3n Naval, Carlos Eduardo L\u2019Egliese Escamilla, tambi\u00e9n garantiz\u00f3 toda la atenci\u00f3n de la Secretar\u00eda de Marina para apoyar las tareas de prevenci\u00f3n en las regiones costeras de Matamoros, San Fernando, Soto la Marina y en la zona conurbada.<\/p>\n<p>Por parte del Gobierno del Estado tambi\u00e9n participaron en esta reuni\u00f3n: Pedro Cepeda Anaya, secretario de Obras P\u00fablicas; Silvia Casas, secretaria de Bienestar, as\u00ed como representantes del DIF Estatal y de la Cruz Roja.<\/p>\n<p>Puedes ver tambi\u00e9n: <a href=\"https:\/\/linktr.ee\/mexicorojo\">https:\/\/linktr.ee\/mexicorojo<\/a><\/p>\n<p>Con informaci\u00f3n de El Universal.<\/p>\n","protected":false},"excerpt":{"rendered":"<p>El Gobierno de Tamaulipas implementar\u00e1 implementa medidas preventivas y de alerta para dar puntual seguimiento a la zona de inestabilidad que se est\u00e1 desarrollando al sur del Golfo de M\u00e9xico. El Gobierno de Tamaulipas, en coordinaci\u00f3n con instituciones del Gobierno Federal, implementa las medidas preventivas y de alerta para dar puntual seguimiento a la zona [&hellip;]<\/p>\n","protected":false},"author":22,"featured_media":61737,"comment_status":"open","ping_status":"open","sticky":false,"template":"","format":"standard","meta":{"_uf_show_specific_survey":0,"_uf_disable_surveys":false,"advanced_seo_description":"","jetpack_seo_html_title":"","jetpack_seo_noindex":false,"jetpack_post_was_ever_published":false,"_jetpack_newsletter_access":"","_jetpack_dont_email_post_to_subs":false,"_jetpack_newsletter_tier_id":0,"_jetpack_memberships_contains_paywalled_content":false,"_jetpack_memberships_contains_paid_content":false,"footnotes":"","jetpack_publicize_message":"","jetpack_publicize_feature_enabled":true,"jetpack_social_post_already_shared":true,"jetpack_social_options":{"image_generator_settings":{"template":"highway","default_image_id":0,"font":"","enabled":false},"version":2}},"categories":[1724,2],"tags":[2562,2563],"class_list":{"0":"post-61738","1":"post","2":"type-post","3":"status-publish","4":"format-standard","5":"has-post-thumbnail","7":"category-featured","8":"category-tamaulipas","9":"tag-ciclon","10":"tag-medidaspreventivas"},"jetpack_publicize_connections":[],"jetpack_featured_media_url":"https:\/\/i0.wp.com\/mexicocodigorojo.com.mx\/wp-content\/uploads\/2024\/06\/DND2ZQHEAVHZDP56CNSU4FB4U4.jpeg?fit=400%2C246&ssl=1","jetpack-related-posts":[{"id":34809,"url":"https:\/\/mexicocodigorojo.com.mx\/?p=34809","url_meta":{"origin":61738,"position":0},"title":"Se suspenden actos p\u00fablicos masivos en Tamaulipas","author":"Staff","date":"marzo 13, 2020","format":false,"excerpt":"Ciudad Victoria, Tamaulipas.- Atendiendo las recomendaciones del Comit\u00e9 T\u00e9cnico Estatal de Seguridad en Salud, a partir de este viernes los actos p\u00fablicos masivos organizados por el Gobierno del Estado quedan suspendidos hasta nuevo aviso. \u00a0 El Comit\u00e9 T\u00e9cnico Estatal de Seguridad en Salud, que se instal\u00f3 desde el pasado 15\u2026","rel":"","context":"En \u00abTamaulipas\u00bb","block_context":{"text":"Tamaulipas","link":"https:\/\/mexicocodigorojo.com.mx\/?cat=2"},"img":{"alt_text":"","src":"","width":0,"height":0},"classes":[]},{"id":59956,"url":"https:\/\/mexicocodigorojo.com.mx\/?p=59956","url_meta":{"origin":61738,"position":1},"title":"Tamaulipas | Juez declara legal y con fines de extradici\u00f3n la detenci\u00f3n de Jose Alberto aka &#8216;La Kena&#8217; presunto cabecilla de Los Escorpiones del CDG Matamoros","author":"MexicoRojo","date":"abril 24, 2024","format":false,"excerpt":"Un juez federal consider\u00f3 como legal la detenci\u00f3n con fines de extradici\u00f3n de Jos\u00e9 Alberto Garc\u00eda Vilano, alias La Kena o Cicl\u00f3n 19, supuesto integrante del grupo criminal C\u00e1rtel del Golfo. La audiencia fue celebrada en los juzgados federales del penal del Altiplano, en el Estado de M\u00e9xico, donde est\u00e1\u2026","rel":"","context":"En \u00abTamaulipas\u00bb","block_context":{"text":"Tamaulipas","link":"https:\/\/mexicocodigorojo.com.mx\/?cat=2"},"img":{"alt_text":"","src":"https:\/\/i0.wp.com\/mexicocodigorojo.com.mx\/wp-content\/uploads\/2024\/04\/Screenshot_20240424-185142_Facebook.jpg?fit=720%2C500&ssl=1&resize=350%2C200","width":350,"height":200,"srcset":"https:\/\/i0.wp.com\/mexicocodigorojo.com.mx\/wp-content\/uploads\/2024\/04\/Screenshot_20240424-185142_Facebook.jpg?fit=720%2C500&ssl=1&resize=350%2C200 1x, https:\/\/i0.wp.com\/mexicocodigorojo.com.mx\/wp-content\/uploads\/2024\/04\/Screenshot_20240424-185142_Facebook.jpg?fit=720%2C500&ssl=1&resize=525%2C300 1.5x, https:\/\/i0.wp.com\/mexicocodigorojo.com.mx\/wp-content\/uploads\/2024\/04\/Screenshot_20240424-185142_Facebook.jpg?fit=720%2C500&ssl=1&resize=700%2C400 2x"},"classes":[]},{"id":59083,"url":"https:\/\/mexicocodigorojo.com.mx\/?p=59083","url_meta":{"origin":61738,"position":2},"title":"Detienen en Nuevo Le\u00f3n a \u201cEl B\u00e9lico 55\u201d","author":"Staff","date":"febrero 18, 2024","format":false,"excerpt":"El Grupo de Coordinaci\u00f3n para la Seguridad de Nuevo Le\u00f3n inform\u00f3 este domingo sobre la detenci\u00f3n de Edgar \u201cN\u201d, alias \u201cEl B\u00e9lico 55\u201d, a quien identifican como uno de los l\u00edderes de la organizaci\u00f3n criminal C\u00e1rtel del Golfo. A trav\u00e9s de una publicaci\u00f3n en redes sociales, las autoridades especificaron que\u2026","rel":"","context":"En \u00abFeatured\u00bb","block_context":{"text":"Featured","link":"https:\/\/mexicocodigorojo.com.mx\/?cat=1724"},"img":{"alt_text":"","src":"https:\/\/i0.wp.com\/mexicocodigorojo.com.mx\/wp-content\/uploads\/2024\/02\/especial-cartel-del-golgo-edgar-belico-55.jpg?fit=1200%2C620&ssl=1&resize=350%2C200","width":350,"height":200,"srcset":"https:\/\/i0.wp.com\/mexicocodigorojo.com.mx\/wp-content\/uploads\/2024\/02\/especial-cartel-del-golgo-edgar-belico-55.jpg?fit=1200%2C620&ssl=1&resize=350%2C200 1x, https:\/\/i0.wp.com\/mexicocodigorojo.com.mx\/wp-content\/uploads\/2024\/02\/especial-cartel-del-golgo-edgar-belico-55.jpg?fit=1200%2C620&ssl=1&resize=525%2C300 1.5x, https:\/\/i0.wp.com\/mexicocodigorojo.com.mx\/wp-content\/uploads\/2024\/02\/especial-cartel-del-golgo-edgar-belico-55.jpg?fit=1200%2C620&ssl=1&resize=700%2C400 2x, https:\/\/i0.wp.com\/mexicocodigorojo.com.mx\/wp-content\/uploads\/2024\/02\/especial-cartel-del-golgo-edgar-belico-55.jpg?fit=1200%2C620&ssl=1&resize=1050%2C600 3x"},"classes":[]},{"id":36841,"url":"https:\/\/mexicocodigorojo.com.mx\/?p=36841","url_meta":{"origin":61738,"position":3},"title":"Declaran emergencia sanitaria en Tamaulipas por COVID-19","author":"Staff","date":"abril 14, 2020","format":false,"excerpt":"Ante lo cual ser\u00e1 obligatorio que los ciudadanos usen cubrebocas y tomen las medidas preventivas emitidas por la Secretar\u00eda de Salud Ciudad Victoria, Tamaulipas. \u2013 El Comit\u00e9 Estatal para la Seguridad en Salud acord\u00f3 este d\u00eda declarar emergencia sanitaria por Covid-19 en el Estado de Tamaulipas, inform\u00f3 a trav\u00e9s de\u2026","rel":"","context":"En \u00abTamaulipas\u00bb","block_context":{"text":"Tamaulipas","link":"https:\/\/mexicocodigorojo.com.mx\/?cat=2"},"img":{"alt_text":"","src":"https:\/\/i0.wp.com\/mexicocodigorojo.com.mx\/wp-content\/uploads\/2020\/04\/EVgVQm7XQAIezEI.jpg?fit=1200%2C800&ssl=1&resize=350%2C200","width":350,"height":200,"srcset":"https:\/\/i0.wp.com\/mexicocodigorojo.com.mx\/wp-content\/uploads\/2020\/04\/EVgVQm7XQAIezEI.jpg?fit=1200%2C800&ssl=1&resize=350%2C200 1x, https:\/\/i0.wp.com\/mexicocodigorojo.com.mx\/wp-content\/uploads\/2020\/04\/EVgVQm7XQAIezEI.jpg?fit=1200%2C800&ssl=1&resize=525%2C300 1.5x, https:\/\/i0.wp.com\/mexicocodigorojo.com.mx\/wp-content\/uploads\/2020\/04\/EVgVQm7XQAIezEI.jpg?fit=1200%2C800&ssl=1&resize=700%2C400 2x, https:\/\/i0.wp.com\/mexicocodigorojo.com.mx\/wp-content\/uploads\/2020\/04\/EVgVQm7XQAIezEI.jpg?fit=1200%2C800&ssl=1&resize=1050%2C600 3x"},"classes":[]},{"id":63745,"url":"https:\/\/mexicocodigorojo.com.mx\/?p=63745","url_meta":{"origin":61738,"position":4},"title":"Gobierno de Tamaulipas Desmiente Ataque a Patrulla Fronteriza","author":"MexicoRojoCvmx","date":"enero 28, 2025","format":false,"excerpt":"Un incidente que involucr\u00f3 presuntos disparos cerca de la frontera con Estados Unidos ha generado controversia y respuestas oficiales. Seg\u00fan reportes de la Secretar\u00eda de Seguridad P\u00fablica (SSP) de Tamaulipas, no se confirm\u00f3 ning\u00fan ataque por parte de grupos criminales contra agentes de la Patrulla Fronteriza, a pesar de los\u2026","rel":"","context":"En \u00abFeatured\u00bb","block_context":{"text":"Featured","link":"https:\/\/mexicocodigorojo.com.mx\/?cat=1724"},"img":{"alt_text":"","src":"https:\/\/i0.wp.com\/mexicocodigorojo.com.mx\/wp-content\/uploads\/2025\/01\/475580813_920174480309317_3157178346383661150_n.jpg?fit=1200%2C675&ssl=1&resize=350%2C200","width":350,"height":200,"srcset":"https:\/\/i0.wp.com\/mexicocodigorojo.com.mx\/wp-content\/uploads\/2025\/01\/475580813_920174480309317_3157178346383661150_n.jpg?fit=1200%2C675&ssl=1&resize=350%2C200 1x, https:\/\/i0.wp.com\/mexicocodigorojo.com.mx\/wp-content\/uploads\/2025\/01\/475580813_920174480309317_3157178346383661150_n.jpg?fit=1200%2C675&ssl=1&resize=525%2C300 1.5x, https:\/\/i0.wp.com\/mexicocodigorojo.com.mx\/wp-content\/uploads\/2025\/01\/475580813_920174480309317_3157178346383661150_n.jpg?fit=1200%2C675&ssl=1&resize=700%2C400 2x, https:\/\/i0.wp.com\/mexicocodigorojo.com.mx\/wp-content\/uploads\/2025\/01\/475580813_920174480309317_3157178346383661150_n.jpg?fit=1200%2C675&ssl=1&resize=1050%2C600 3x"},"classes":[]},{"id":58330,"url":"https:\/\/mexicocodigorojo.com.mx\/?p=58330","url_meta":{"origin":61738,"position":5},"title":"Dejan artefactos explosivos afuera de Gobierno de Tamaulipas","author":"MexicoRojoCvmx","date":"noviembre 27, 2023","format":false,"excerpt":"Ciudad Victoria. - Esta ma\u00f1ana, las autoridades del Centro de Control, Comando, Comunicaciones y C\u00f3mputo (C5) informaron sobre el hallazgo de dos objetos sospechosos con forma cil\u00edndrica y envueltos en cinta de color caf\u00e9, cerca de las instalaciones del Casino Victorense, ubicado frente al Gobierno del Estado de Tamaulipas. El\u2026","rel":"","context":"En \u00abFeatured\u00bb","block_context":{"text":"Featured","link":"https:\/\/mexicocodigorojo.com.mx\/?cat=1724"},"img":{"alt_text":"","src":"https:\/\/i0.wp.com\/mexicocodigorojo.com.mx\/wp-content\/uploads\/2023\/11\/bomba.jpg?fit=1200%2C900&ssl=1&resize=350%2C200","width":350,"height":200,"srcset":"https:\/\/i0.wp.com\/mexicocodigorojo.com.mx\/wp-content\/uploads\/2023\/11\/bomba.jpg?fit=1200%2C900&ssl=1&resize=350%2C200 1x, https:\/\/i0.wp.com\/mexicocodigorojo.com.mx\/wp-content\/uploads\/2023\/11\/bomba.jpg?fit=1200%2C900&ssl=1&resize=525%2C300 1.5x, https:\/\/i0.wp.com\/mexicocodigorojo.com.mx\/wp-content\/uploads\/2023\/11\/bomba.jpg?fit=1200%2C900&ssl=1&resize=700%2C400 2x, https:\/\/i0.wp.com\/mexicocodigorojo.com.mx\/wp-content\/uploads\/2023\/11\/bomba.jpg?fit=1200%2C900&ssl=1&resize=1050%2C600 3x"},"classes":[]}],"jetpack_sharing_enabled":true,"jetpack_likes_enabled":true,"jetpack_shortlink":"https:\/\/wp.me\/p9TedA-g3M","_links":{"self":[{"href":"https:\/\/mexicocodigorojo.com.mx\/index.php?rest_route=\/wp\/v2\/posts\/61738","targetHints":{"allow":["GET"]}}],"collection":[{"href":"https:\/\/mexicocodigorojo.com.mx\/index.php?rest_route=\/wp\/v2\/posts"}],"about":[{"href":"https:\/\/mexicocodigorojo.com.mx\/index.php?rest_route=\/wp\/v2\/types\/post"}],"author":[{"embeddable":true,"href":"https:\/\/mexicocodigorojo.com.mx\/index.php?rest_route=\/wp\/v2\/users\/22"}],"replies":[{"embeddable":true,"href":"https:\/\/mexicocodigorojo.com.mx\/index.php?rest_route=%2Fwp%2Fv2%2Fcomments&post=61738"}],"version-history":[{"count":1,"href":"https:\/\/mexicocodigorojo.com.mx\/index.php?rest_route=\/wp\/v2\/posts\/61738\/revisions"}],"predecessor-version":[{"id":61739,"href":"https:\/\/mexicocodigorojo.com.mx\/index.php?rest_route=\/wp\/v2\/posts\/61738\/revisions\/61739"}],"wp:featuredmedia":[{"embeddable":true,"href":"https:\/\/mexicocodigorojo.com.mx\/index.php?rest_route=\/wp\/v2\/media\/61737"}],"wp:attachment":[{"href":"https:\/\/mexicocodigorojo.com.mx\/index.php?rest_route=%2Fwp%2Fv2%2Fmedia&parent=61738"}],"wp:term":[{"taxonomy":"category","embeddable":true,"href":"https:\/\/mexicocodigorojo.com.mx\/index.php?rest_route=%2Fwp%2Fv2%2Fcategories&post=61738"},{"taxonomy":"post_tag","embeddable":true,"href":"https:\/\/mexicocodigorojo.com.mx\/index.php?rest_route=%2Fwp%2Fv2%2Ftags&post=61738"}],"curies":[{"name":"wp","href":"https:\/\/api.w.org\/{rel}","templated":true}]}}