{"id":61604,"date":"2024-06-11T21:55:21","date_gmt":"2024-06-12T03:55:21","guid":{"rendered":"https:\/\/mexicocodigorojo.com.mx\/?p=61604"},"modified":"2024-06-11T21:55:21","modified_gmt":"2024-06-12T03:55:21","slug":"muere-a-balazos-miembro-de-los-arellano-felix-involucrado-en-el-secuestro-de-familiares-del-mayo-zambada","status":"publish","type":"post","link":"https:\/\/mexicocodigorojo.com.mx\/?p=61604","title":{"rendered":"Muere a balazos miembro de los Arellano F\u00e9lix; involucrado en el secuestro de familiares del \u00abMayo Zambada\u00bb"},"content":{"rendered":"\n<p>El cuerpo de Jorge Ernesto Pe\u00f1uelas Parras fue hallado durante el lunes 10 de junio en Tijuana, Baja California. El hombre fue encontrado a las afueras de una tienda de conveniencia estuvo relacionado con el C\u00e1rtel de los Arellano F\u00e9lix. Adem\u00e1s en alg\u00fan punto se le vincul\u00f3 con un secuestro en contra de familiares de Ismael El Mayo Zambada, uno de los actuales l\u00edderes del C\u00e1rtel de Sinaloa.<\/p>\n\n\n\n<p>Seg\u00fan datos compartidos por medios locales Ernesto Pe\u00f1uelas fue atacado a balazos en el sitio y posteriormente fue hallado. El semanario Zeta detall\u00f3 que en lugar de los hechos fue encontrada una credencial de identificaci\u00f3n, con lo que se supo su identidad.<\/p>\n\n\n\n<p>Pe\u00f1uelas Parra fue un hombre que trabaj\u00f3 para un sujeto identificado como Fernando S\u00e1nchez Arellano, as\u00ed como para Juan Francisco Sillas Rocha, este \u00faltimo conocido con el alias El Sillas. Respecto a su muerte no se han informado arrestos ligados al hecho ni se conoce qui\u00e9nes ser\u00edan los responsables.<\/p>\n\n\n\n<p>Cabe recordar que Ernesto Pe\u00f1uelas Parra no es el \u00fanico integrante de los Arellano F\u00e9lix que ha sido asesinado en d\u00edas recientes, pues el pasado 6 de junio fue hallado el cuerpo de David L\u00f3pez Jim\u00e9nez, alias El Cabo 20 y o El R, quien fue hallado a las afueras de un bar ubicado en el bulevar Gustavo D\u00edaz Ordaz y calzada Ermita Norte.<\/p>\n\n\n\n<figure class=\"wp-block-image size-large\"><img data-recalc-dims=\"1\" loading=\"lazy\" decoding=\"async\" width=\"696\" height=\"449\" data-attachment-id=\"61600\" data-permalink=\"https:\/\/mexicocodigorojo.com.mx\/?attachment_id=61600\" data-orig-file=\"https:\/\/i0.wp.com\/mexicocodigorojo.com.mx\/wp-content\/uploads\/2024\/06\/screenshot_20240611_224235_chrome9122773411212432731.jpg?fit=2000%2C1291&amp;ssl=1\" data-orig-size=\"2000,1291\" data-comments-opened=\"1\" data-image-meta=\"{&quot;aperture&quot;:&quot;0&quot;,&quot;credit&quot;:&quot;&quot;,&quot;camera&quot;:&quot;&quot;,&quot;caption&quot;:&quot;&quot;,&quot;created_timestamp&quot;:&quot;0&quot;,&quot;copyright&quot;:&quot;&quot;,&quot;focal_length&quot;:&quot;0&quot;,&quot;iso&quot;:&quot;0&quot;,&quot;shutter_speed&quot;:&quot;0&quot;,&quot;title&quot;:&quot;&quot;,&quot;orientation&quot;:&quot;0&quot;}\" data-image-title=\"screenshot_20240611_224235_chrome9122773411212432731.jpg\" data-image-description=\"\" data-image-caption=\"\" data-large-file=\"https:\/\/i0.wp.com\/mexicocodigorojo.com.mx\/wp-content\/uploads\/2024\/06\/screenshot_20240611_224235_chrome9122773411212432731.jpg?fit=696%2C449&amp;ssl=1\" src=\"https:\/\/i0.wp.com\/mexicocodigorojo.com.mx\/wp-content\/uploads\/2024\/06\/screenshot_20240611_224235_chrome9122773411212432731.jpg?resize=696%2C449&#038;ssl=1\" alt=\"\" class=\"wp-image-61600\" srcset=\"https:\/\/i0.wp.com\/mexicocodigorojo.com.mx\/wp-content\/uploads\/2024\/06\/screenshot_20240611_224235_chrome9122773411212432731.jpg?resize=1024%2C661&amp;ssl=1 1024w, https:\/\/i0.wp.com\/mexicocodigorojo.com.mx\/wp-content\/uploads\/2024\/06\/screenshot_20240611_224235_chrome9122773411212432731.jpg?resize=300%2C194&amp;ssl=1 300w, https:\/\/i0.wp.com\/mexicocodigorojo.com.mx\/wp-content\/uploads\/2024\/06\/screenshot_20240611_224235_chrome9122773411212432731.jpg?resize=768%2C496&amp;ssl=1 768w, https:\/\/i0.wp.com\/mexicocodigorojo.com.mx\/wp-content\/uploads\/2024\/06\/screenshot_20240611_224235_chrome9122773411212432731.jpg?resize=1536%2C991&amp;ssl=1 1536w, https:\/\/i0.wp.com\/mexicocodigorojo.com.mx\/wp-content\/uploads\/2024\/06\/screenshot_20240611_224235_chrome9122773411212432731.jpg?w=2000&amp;ssl=1 2000w, https:\/\/i0.wp.com\/mexicocodigorojo.com.mx\/wp-content\/uploads\/2024\/06\/screenshot_20240611_224235_chrome9122773411212432731.jpg?w=1392&amp;ssl=1 1392w\" sizes=\"auto, (max-width: 696px) 100vw, 696px\" \/><\/figure>\n\n\n\n<p><\/p>\n\n\n\n<p><strong>La vez que fueron secuestradas personas familiares del Mayo Zambada<\/strong><\/p>\n\n\n\n<p>Fue en septiembre de 2010 que apareci\u00f3 en una grabaci\u00f3n una mujer, se trataba de Mar\u00eda Isabel Guti\u00e9rrez Zambada, identificada como la sobrina de Ismael Zambada. Dicha mujer fue secuestrada junto otras dos y los responsables, seg\u00fan reportes period\u00edsticos, fueron miembros de una c\u00e9lula criminal de los Arellano F\u00e9lix. Los registros indican que el motivo del secuestro fue una venganza en contra del C\u00e1rtel de Sinaloa.<\/p>\n\n\n\n<p>Lo anterior debido a que los Arellano F\u00e9lix acusaron al C\u00e1rtel del Pac\u00edfico de ser los responsables del asesinato de la hermana de El Sillas (Lizeth Sillas Rocha). \u201cTienen todas las ubicaciones y toda la informaci\u00f3n de nuestra familia Zambada y la de su compadre \u2018El Chapo\u2019\u201d, fue parte de lo expresado por una de las v\u00edctimas.<\/p>\n\n\n\n<p>Para dicho a\u00f1o Joaqu\u00edn El Chapo Guzm\u00e1n era identificado como la mano derecha de Zambada Garc\u00eda. Los reportes indican que las tres mujeres fueron interceptadas por un comando cuando llegaron al aeropuerto de Tijuana, en la frontera con Estados Unidos, estuvieron secuestradas alrededor de 20 d\u00edas y para el 31 de octubre de 2010 fueron rescatadas por elementos del Ej\u00e9rcito luego de un enfrentamiento con sujetos armados.<\/p>\n\n\n\n<figure class=\"wp-block-image size-large\"><img data-recalc-dims=\"1\" loading=\"lazy\" decoding=\"async\" width=\"696\" height=\"379\" data-attachment-id=\"61601\" data-permalink=\"https:\/\/mexicocodigorojo.com.mx\/?attachment_id=61601\" data-orig-file=\"https:\/\/i0.wp.com\/mexicocodigorojo.com.mx\/wp-content\/uploads\/2024\/06\/screenshot_20240611_224455_chrome8447694433238216766.jpg?fit=2000%2C1087&amp;ssl=1\" data-orig-size=\"2000,1087\" data-comments-opened=\"1\" data-image-meta=\"{&quot;aperture&quot;:&quot;0&quot;,&quot;credit&quot;:&quot;&quot;,&quot;camera&quot;:&quot;&quot;,&quot;caption&quot;:&quot;&quot;,&quot;created_timestamp&quot;:&quot;0&quot;,&quot;copyright&quot;:&quot;&quot;,&quot;focal_length&quot;:&quot;0&quot;,&quot;iso&quot;:&quot;0&quot;,&quot;shutter_speed&quot;:&quot;0&quot;,&quot;title&quot;:&quot;&quot;,&quot;orientation&quot;:&quot;0&quot;}\" data-image-title=\"screenshot_20240611_224455_chrome8447694433238216766.jpg\" data-image-description=\"\" data-image-caption=\"\" data-large-file=\"https:\/\/i0.wp.com\/mexicocodigorojo.com.mx\/wp-content\/uploads\/2024\/06\/screenshot_20240611_224455_chrome8447694433238216766.jpg?fit=696%2C379&amp;ssl=1\" src=\"https:\/\/i0.wp.com\/mexicocodigorojo.com.mx\/wp-content\/uploads\/2024\/06\/screenshot_20240611_224455_chrome8447694433238216766.jpg?resize=696%2C379&#038;ssl=1\" alt=\"\" class=\"wp-image-61601\" srcset=\"https:\/\/i0.wp.com\/mexicocodigorojo.com.mx\/wp-content\/uploads\/2024\/06\/screenshot_20240611_224455_chrome8447694433238216766.jpg?resize=1024%2C557&amp;ssl=1 1024w, https:\/\/i0.wp.com\/mexicocodigorojo.com.mx\/wp-content\/uploads\/2024\/06\/screenshot_20240611_224455_chrome8447694433238216766.jpg?resize=300%2C163&amp;ssl=1 300w, https:\/\/i0.wp.com\/mexicocodigorojo.com.mx\/wp-content\/uploads\/2024\/06\/screenshot_20240611_224455_chrome8447694433238216766.jpg?resize=768%2C417&amp;ssl=1 768w, https:\/\/i0.wp.com\/mexicocodigorojo.com.mx\/wp-content\/uploads\/2024\/06\/screenshot_20240611_224455_chrome8447694433238216766.jpg?resize=1536%2C835&amp;ssl=1 1536w, https:\/\/i0.wp.com\/mexicocodigorojo.com.mx\/wp-content\/uploads\/2024\/06\/screenshot_20240611_224455_chrome8447694433238216766.jpg?w=2000&amp;ssl=1 2000w, https:\/\/i0.wp.com\/mexicocodigorojo.com.mx\/wp-content\/uploads\/2024\/06\/screenshot_20240611_224455_chrome8447694433238216766.jpg?w=1392&amp;ssl=1 1392w\" sizes=\"auto, (max-width: 696px) 100vw, 696px\" \/><figcaption class=\"wp-element-caption\">Isabel fue secuestrada junto con su hija y su t\u00eda. <\/figcaption><\/figure>\n\n\n\n<p><strong>\u201cEl Sillas\u201d fue entregado a EEUU en 2022<\/strong><\/p>\n\n\n\n<p>Por su parte, en septiembre de 2022 la Fiscal\u00eda General de la Rep\u00fablica (FGR) entreg\u00f3 en extradici\u00f3n a El Sillas, quien era requerido por las autoridades estadounidenses por delitos contra la salud y asociaci\u00f3n delictuosa. Dicho hombre form\u00f3 parte de los Arellano F\u00e9lix desde el 2004 hasta el 2011, a\u00f1o en que fue detenido en Tijuana.<\/p>\n\n\n\n<p>Al momento de su captura fue identificado como \u201cprincipal lugarteniente\u201d de Fernando S\u00e1nchez Arellano, alias El Ingeniero.<\/p>\n\n\n\n<p>Fue en julio del a\u00f1o pasado que El Sillas se declar\u00f3 culpable ante las autoridades estadounidenses, espec\u00edficamente de los delitos de conspiraci\u00f3n para distribuir una sustancia controlada; continuaci\u00f3n de empresa criminal; y conspiraci\u00f3n de cometer asesinato de fomento de la continuaci\u00f3n de la empresa criminal.<\/p>\n\n\n\n<figure class=\"wp-block-image size-large\"><img data-recalc-dims=\"1\" loading=\"lazy\" decoding=\"async\" width=\"696\" height=\"445\" data-attachment-id=\"61602\" data-permalink=\"https:\/\/mexicocodigorojo.com.mx\/?attachment_id=61602\" data-orig-file=\"https:\/\/i0.wp.com\/mexicocodigorojo.com.mx\/wp-content\/uploads\/2024\/06\/screenshot_20240611_224712_chrome8838826853179640946.jpg?fit=2000%2C1278&amp;ssl=1\" data-orig-size=\"2000,1278\" data-comments-opened=\"1\" data-image-meta=\"{&quot;aperture&quot;:&quot;0&quot;,&quot;credit&quot;:&quot;&quot;,&quot;camera&quot;:&quot;&quot;,&quot;caption&quot;:&quot;&quot;,&quot;created_timestamp&quot;:&quot;0&quot;,&quot;copyright&quot;:&quot;&quot;,&quot;focal_length&quot;:&quot;0&quot;,&quot;iso&quot;:&quot;0&quot;,&quot;shutter_speed&quot;:&quot;0&quot;,&quot;title&quot;:&quot;&quot;,&quot;orientation&quot;:&quot;0&quot;}\" data-image-title=\"screenshot_20240611_224712_chrome8838826853179640946.jpg\" data-image-description=\"\" data-image-caption=\"\" data-large-file=\"https:\/\/i0.wp.com\/mexicocodigorojo.com.mx\/wp-content\/uploads\/2024\/06\/screenshot_20240611_224712_chrome8838826853179640946.jpg?fit=696%2C445&amp;ssl=1\" src=\"https:\/\/i0.wp.com\/mexicocodigorojo.com.mx\/wp-content\/uploads\/2024\/06\/screenshot_20240611_224712_chrome8838826853179640946.jpg?resize=696%2C445&#038;ssl=1\" alt=\"\" class=\"wp-image-61602\" srcset=\"https:\/\/i0.wp.com\/mexicocodigorojo.com.mx\/wp-content\/uploads\/2024\/06\/screenshot_20240611_224712_chrome8838826853179640946.jpg?resize=1024%2C654&amp;ssl=1 1024w, https:\/\/i0.wp.com\/mexicocodigorojo.com.mx\/wp-content\/uploads\/2024\/06\/screenshot_20240611_224712_chrome8838826853179640946.jpg?resize=300%2C192&amp;ssl=1 300w, https:\/\/i0.wp.com\/mexicocodigorojo.com.mx\/wp-content\/uploads\/2024\/06\/screenshot_20240611_224712_chrome8838826853179640946.jpg?resize=768%2C491&amp;ssl=1 768w, https:\/\/i0.wp.com\/mexicocodigorojo.com.mx\/wp-content\/uploads\/2024\/06\/screenshot_20240611_224712_chrome8838826853179640946.jpg?resize=1536%2C982&amp;ssl=1 1536w, https:\/\/i0.wp.com\/mexicocodigorojo.com.mx\/wp-content\/uploads\/2024\/06\/screenshot_20240611_224712_chrome8838826853179640946.jpg?w=2000&amp;ssl=1 2000w, https:\/\/i0.wp.com\/mexicocodigorojo.com.mx\/wp-content\/uploads\/2024\/06\/screenshot_20240611_224712_chrome8838826853179640946.jpg?w=1392&amp;ssl=1 1392w\" sizes=\"auto, (max-width: 696px) 100vw, 696px\" \/><\/figure>\n\n\n\n<p>Personal de la Secretaria de la Defensa Nacional y de la Procuradur\u00eda General de la Rep\u00fablica, presentaron ante los medios de comunicaci\u00f3n a Francisco Sillas Rochas alias el \u00abSillas\u00bb o el \u00abRueda\u00bb identificado como presunto lugarteniente de Fernando S\u00e1nchez Arellano alias \u00abEl Ingeniero\u00bb. Junto con Juan Francisco Sillas, fueron detenidos tres personas m\u00e1s identificados como Lorenzo Ram\u00edrez Aispuro, Alejandro Sotelo Pineda y Cristian Ezequiel Sotelo.<\/p>\n\n\n\n<p>Asimismo, las autoridades norteamericanas informaron que Sillas Rocha era distribuidor de la Organizaci\u00f3n Arellano F\u00e9lix y era supervisado directamente por Arturo Villarreal Heredia, alias El Nalg\u00f3n, quien a su vez trabajaba para Javier Francisco Arellano F\u00e9lix, alias El Tigrillo.<\/p>\n\n\n\n<p><a href=\"https:\/\/linktr.ee\/mexicorojo\">https:\/\/linktr.ee\/mexicorojo<\/a><\/p>\n\n\n\n<p>(Infobae). <\/p>\n","protected":false},"excerpt":{"rendered":"<p>El cuerpo de Jorge Ernesto Pe\u00f1uelas Parras fue hallado durante el lunes 10 de junio en Tijuana, Baja California. El hombre fue encontrado a las afueras de una tienda de conveniencia estuvo relacionado con el C\u00e1rtel de los Arellano F\u00e9lix. Adem\u00e1s en alg\u00fan punto se le vincul\u00f3 con un secuestro en contra de familiares de [&hellip;]<\/p>\n","protected":false},"author":22,"featured_media":61603,"comment_status":"open","ping_status":"open","sticky":false,"template":"","format":"standard","meta":{"_uf_show_specific_survey":0,"_uf_disable_surveys":false,"advanced_seo_description":"","jetpack_seo_html_title":"","jetpack_seo_noindex":false,"jetpack_post_was_ever_published":false,"_jetpack_newsletter_access":"","_jetpack_dont_email_post_to_subs":false,"_jetpack_newsletter_tier_id":0,"_jetpack_memberships_contains_paywalled_content":false,"_jetpack_memberships_contains_paid_content":false,"footnotes":"","jetpack_publicize_message":"","jetpack_publicize_feature_enabled":true,"jetpack_social_post_already_shared":true,"jetpack_social_options":{"image_generator_settings":{"template":"highway","default_image_id":0,"font":"","enabled":false},"version":2}},"categories":[101,1724],"tags":[2173],"class_list":{"0":"post-61604","1":"post","2":"type-post","3":"status-publish","4":"format-standard","5":"has-post-thumbnail","7":"category-ciudad-de-mexico","8":"category-featured","9":"tag-narcotrafico-2"},"jetpack_publicize_connections":[],"jetpack_featured_media_url":"https:\/\/i0.wp.com\/mexicocodigorojo.com.mx\/wp-content\/uploads\/2024\/06\/Screenshot_20240611_225335_Chrome.jpg?fit=1080%2C695&ssl=1","jetpack-related-posts":[{"id":20682,"url":"https:\/\/mexicocodigorojo.com.mx\/?p=20682","url_meta":{"origin":61604,"position":0},"title":"As\u00ed inici\u00f3 la guerra entre \u00abEl Chapo\u00bb Guzm\u00e1n y los Arellano F\u00e9lix","author":"Staff","date":"julio 28, 2019","format":false,"excerpt":"La disputa entre el C\u00e1rtel de Sinaloa y el de Tijuana dej\u00f3 a su paso varios asesinatos e incluso un magnicidio En 1989,\u00a0Miguel \u00c1ngel F\u00e9lix Gallardo, \"El Jefe de Jefes\", fue detenido por su compadre el comandante\u00a0Guillermo Gonz\u00e1lez Calderoni, acusado del asesinato del agente estadunidense antidrogas Enrique Camarena. \u00a0 \u00a0\u2026","rel":"","context":"En \u00abCiudad de M\u00e9xico\u00bb","block_context":{"text":"Ciudad de M\u00e9xico","link":"https:\/\/mexicocodigorojo.com.mx\/?cat=101"},"img":{"alt_text":"","src":"https:\/\/i0.wp.com\/mexicocodigorojo.com.mx\/wp-content\/uploads\/2019\/07\/elchapoarellanofelix-focus-0-0-480-345.jpg?fit=980%2C704&ssl=1&resize=350%2C200","width":350,"height":200,"srcset":"https:\/\/i0.wp.com\/mexicocodigorojo.com.mx\/wp-content\/uploads\/2019\/07\/elchapoarellanofelix-focus-0-0-480-345.jpg?fit=980%2C704&ssl=1&resize=350%2C200 1x, https:\/\/i0.wp.com\/mexicocodigorojo.com.mx\/wp-content\/uploads\/2019\/07\/elchapoarellanofelix-focus-0-0-480-345.jpg?fit=980%2C704&ssl=1&resize=525%2C300 1.5x, https:\/\/i0.wp.com\/mexicocodigorojo.com.mx\/wp-content\/uploads\/2019\/07\/elchapoarellanofelix-focus-0-0-480-345.jpg?fit=980%2C704&ssl=1&resize=700%2C400 2x"},"classes":[]},{"id":7046,"url":"https:\/\/mexicocodigorojo.com.mx\/?p=7046","url_meta":{"origin":61604,"position":1},"title":"\u00abEL GUERO PALMA\u00bb CAPO NARCO QUE VENGO LA TRAGICA MUERTE DE SU FAMILIA","author":"Staff","date":"octubre 23, 2018","format":false,"excerpt":"\"EL GUERO PALMA\" CAPO NARCO QUE VENGO LA TRAGICA MUERTE DE SU FAMILIA Nacido en Noria de Abajo, en Mocorito, Sinaloa, H\u00e9ctor Luis Palma Salazar, mejor conocido como \"El G\u00fcero\" Palma, tuvo, como la mayor\u00eda de los capos del narcotr\u00e1fico, una infancia llena de pobreza. Con s\u00f3lo la educaci\u00f3n primaria\u2026","rel":"","context":"En \u00abInternacional\u00bb","block_context":{"text":"Internacional","link":"https:\/\/mexicocodigorojo.com.mx\/?cat=14"},"img":{"alt_text":"","src":"","width":0,"height":0},"classes":[]},{"id":8165,"url":"https:\/\/mexicocodigorojo.com.mx\/?p=8165","url_meta":{"origin":61604,"position":2},"title":"EL HIJO DEL MAYO ZAMBADA QUE A SOBREVIDO A DOS NARCO GUERRAS","author":"Staff","date":"noviembre 8, 2018","format":false,"excerpt":"CIUDAD DE M\u00c9XICO.- Nueve d\u00edas despu\u00e9s de que su padre logr\u00f3, presuntamente, escapar de un operativo militar en Sinaloa, Seraf\u00edn Zambada Ortiz, el menor de los hijos varones de El Mayo, alcanz\u00f3 su libertad luego de cumplir la sentencia de 5 a\u00f1os que le impuso la jueza Dana Sabraw de\u2026","rel":"","context":"En \u00abFeatured\u00bb","block_context":{"text":"Featured","link":"https:\/\/mexicocodigorojo.com.mx\/?cat=1724"},"img":{"alt_text":"","src":"","width":0,"height":0},"classes":[]},{"id":50900,"url":"https:\/\/mexicocodigorojo.com.mx\/?p=50900","url_meta":{"origin":61604,"position":3},"title":"El narcotraficante Eduardo Arellano F\u00e9lix est\u00e1 en proceso de deportaci\u00f3n","author":"Staff","date":"agosto 23, 2021","format":false,"excerpt":"El narcotraficante Eduardo Arellano F\u00e9lix, exjefe del cartel de Tijuana, se encuentra este jueves en custodia de las autoridades de inmigraci\u00f3n de Estados Unidos en espera de los procedimientos para su deportaci\u00f3n a M\u00e9xico. El Servicio de Control de Inmigraci\u00f3n y Aduanas (ICE) confirm\u00f3 este jueves a Efe que Arellano\u2026","rel":"","context":"En \u00abBaja California\u00bb","block_context":{"text":"Baja California","link":"https:\/\/mexicocodigorojo.com.mx\/?cat=130"},"img":{"alt_text":"","src":"https:\/\/i0.wp.com\/mexicocodigorojo.com.mx\/wp-content\/uploads\/2021\/08\/imagen.jpeg?fit=600%2C679&ssl=1&resize=350%2C200","width":350,"height":200,"srcset":"https:\/\/i0.wp.com\/mexicocodigorojo.com.mx\/wp-content\/uploads\/2021\/08\/imagen.jpeg?fit=600%2C679&ssl=1&resize=350%2C200 1x, https:\/\/i0.wp.com\/mexicocodigorojo.com.mx\/wp-content\/uploads\/2021\/08\/imagen.jpeg?fit=600%2C679&ssl=1&resize=525%2C300 1.5x"},"classes":[]},{"id":10507,"url":"https:\/\/mexicocodigorojo.com.mx\/?p=10507","url_meta":{"origin":61604,"position":4},"title":"El asesinato de \u00abEl Mayo\u00bb a un narco que no respet\u00f3 a \u00abEl Se\u00f1or de los Cielos\u00bb Amado Carrillo Fuentes","author":"Staff","date":"diciembre 14, 2018","format":false,"excerpt":"El asesinato de \"El Mayo\" a un narco que no respet\u00f3 a \"El Se\u00f1or de los Cielos\" Amado Carrillo Fuentes Un m\u00ednimo desliz dentro del narcotr\u00e1fico se puede pagar con la vida, as\u00ed las reglas del \"juego\" que se han dado a conocer en el juicio de \"El Chapo\" El\u2026","rel":"","context":"En \u00abSinaloa\u00bb","block_context":{"text":"Sinaloa","link":"https:\/\/mexicocodigorojo.com.mx\/?cat=41"},"img":{"alt_text":"","src":"https:\/\/i0.wp.com\/mexicocodigorojo.com.mx\/wp-content\/uploads\/2018\/12\/elmayozzambadafocus00480345974243236.jpg?resize=350%2C200&ssl=1","width":350,"height":200},"classes":[]},{"id":50814,"url":"https:\/\/mexicocodigorojo.com.mx\/?p=50814","url_meta":{"origin":61604,"position":5},"title":"Liberan en Estados Unidos a Eduardo Arellano F\u00e9lix, exl\u00edder del C\u00e1rtel de Tijuana","author":"MexicoRojoCvmx","date":"agosto 18, 2021","format":false,"excerpt":"El Bur\u00f3 Federal de Prisiones (BOP) confirm\u00f3 este mi\u00e9rcoles a\u00a0Efe\u00a0que Arellano F\u00e9lix, conocido como \"el Doctor\", ya no est\u00e1 bajo su custodia. Aunque hab\u00eda sido condenado a 15 a\u00f1os de c\u00e1rcel, el mexicano, de 64 a\u00f1os, no complet\u00f3 su sentencia como resultado de su amplia cooperaci\u00f3n con las autoridades estadounidenses,\u2026","rel":"","context":"En \u00abFeatured\u00bb","block_context":{"text":"Featured","link":"https:\/\/mexicocodigorojo.com.mx\/?cat=1724"},"img":{"alt_text":"","src":"https:\/\/i0.wp.com\/mexicocodigorojo.com.mx\/wp-content\/uploads\/2021\/08\/AANtsAa.jpg?fit=799%2C492&ssl=1&resize=350%2C200","width":350,"height":200,"srcset":"https:\/\/i0.wp.com\/mexicocodigorojo.com.mx\/wp-content\/uploads\/2021\/08\/AANtsAa.jpg?fit=799%2C492&ssl=1&resize=350%2C200 1x, https:\/\/i0.wp.com\/mexicocodigorojo.com.mx\/wp-content\/uploads\/2021\/08\/AANtsAa.jpg?fit=799%2C492&ssl=1&resize=525%2C300 1.5x, https:\/\/i0.wp.com\/mexicocodigorojo.com.mx\/wp-content\/uploads\/2021\/08\/AANtsAa.jpg?fit=799%2C492&ssl=1&resize=700%2C400 2x"},"classes":[]}],"jetpack_sharing_enabled":true,"jetpack_likes_enabled":true,"jetpack_shortlink":"https:\/\/wp.me\/p9TedA-g1C","_links":{"self":[{"href":"https:\/\/mexicocodigorojo.com.mx\/index.php?rest_route=\/wp\/v2\/posts\/61604","targetHints":{"allow":["GET"]}}],"collection":[{"href":"https:\/\/mexicocodigorojo.com.mx\/index.php?rest_route=\/wp\/v2\/posts"}],"about":[{"href":"https:\/\/mexicocodigorojo.com.mx\/index.php?rest_route=\/wp\/v2\/types\/post"}],"author":[{"embeddable":true,"href":"https:\/\/mexicocodigorojo.com.mx\/index.php?rest_route=\/wp\/v2\/users\/22"}],"replies":[{"embeddable":true,"href":"https:\/\/mexicocodigorojo.com.mx\/index.php?rest_route=%2Fwp%2Fv2%2Fcomments&post=61604"}],"version-history":[{"count":1,"href":"https:\/\/mexicocodigorojo.com.mx\/index.php?rest_route=\/wp\/v2\/posts\/61604\/revisions"}],"predecessor-version":[{"id":61605,"href":"https:\/\/mexicocodigorojo.com.mx\/index.php?rest_route=\/wp\/v2\/posts\/61604\/revisions\/61605"}],"wp:featuredmedia":[{"embeddable":true,"href":"https:\/\/mexicocodigorojo.com.mx\/index.php?rest_route=\/wp\/v2\/media\/61603"}],"wp:attachment":[{"href":"https:\/\/mexicocodigorojo.com.mx\/index.php?rest_route=%2Fwp%2Fv2%2Fmedia&parent=61604"}],"wp:term":[{"taxonomy":"category","embeddable":true,"href":"https:\/\/mexicocodigorojo.com.mx\/index.php?rest_route=%2Fwp%2Fv2%2Fcategories&post=61604"},{"taxonomy":"post_tag","embeddable":true,"href":"https:\/\/mexicocodigorojo.com.mx\/index.php?rest_route=%2Fwp%2Fv2%2Ftags&post=61604"}],"curies":[{"name":"wp","href":"https:\/\/api.w.org\/{rel}","templated":true}]}}