{"id":61528,"date":"2024-06-09T22:14:46","date_gmt":"2024-06-10T04:14:46","guid":{"rendered":"https:\/\/mexicocodigorojo.com.mx\/?p=61528"},"modified":"2024-06-09T22:14:46","modified_gmt":"2024-06-10T04:14:46","slug":"que-relacion-tiene-el-cartel-de-sinaloa-con-los-pochos-grupo-criminal-de-guatemala","status":"publish","type":"post","link":"https:\/\/mexicocodigorojo.com.mx\/?p=61528","title":{"rendered":"\u00bfQu\u00e9 relacion tiene el &#8216;C\u00e1rtel de Sinaloa&#8217; con &#8216;Los Pochos&#8217;, grupo criminal de Guatemala?"},"content":{"rendered":"\n<p>Con el fin de traficar drogas de Centroam\u00e9rica a Estados Unidos (EEUU), el C\u00e1rtel de Sinaloa ha forjado v\u00ednculos con grupos criminales de otros pa\u00edses que los ayudan a operar a nivel internacional. Entre sus colaboradores extranjeros se encuentran \u201cLos Pochos\u201d, una agrupaci\u00f3n delictiva de Guatemala que ha recibido apoyo de las autoridades locales.<\/p>\n\n\n\n<p>Los Pochos es identificada como una organizaci\u00f3n dedicada al tr\u00e1fico de coca\u00edna desde Guatemala a EEUU, la cual usa a M\u00e9xico como territorio de paso. Su nombre se deriva del alias de su l\u00edder: Erik Salvador S\u00fa\u00f1iga Rodr\u00edguez, mejor conocido como \u2018Pocho\u2019.<\/p>\n\n\n\n<p>Erik se desempe\u00f1\u00f3 como alcalde de Ayutla de 2008 a 2019, tiempo durante el cual form\u00f3 nexos con el C\u00e1rtel de Sinaloa. Gracias a su posici\u00f3n pol\u00edtica, utiliz\u00f3 a funcionarios judiciales corruptos para llevar a cabo sus operaciones delincuenciales. Por ello, en 2018 el Distrito Este de Texas present\u00f3 cargos contra \u2018Pocho\u2019.<\/p>\n\n\n\n<p>Erik decidi\u00f3 entregarse a las autoridades guatemaltecas y en diciembre de 2019 fue extraditado a EEUU, donde muri\u00f3 de c\u00e1ncer en abril de 2020. Tras su fallecimiento, el liderazgo de Los Pochos pas\u00f3 a manos de su hija Isel Anel S\u00fa\u00f1iga Morf\u00edn, quien represent\u00f3 a Guatemala en el certamen de Miss Universo en 2017, cuando ten\u00eda 23 a\u00f1os, antes de asumir la alcald\u00eda de Ayutla.<\/p>\n\n\n\n<figure class=\"wp-block-image size-large\"><img data-recalc-dims=\"1\" loading=\"lazy\" decoding=\"async\" width=\"696\" height=\"395\" data-attachment-id=\"61525\" data-permalink=\"https:\/\/mexicocodigorojo.com.mx\/?attachment_id=61525\" data-orig-file=\"https:\/\/i0.wp.com\/mexicocodigorojo.com.mx\/wp-content\/uploads\/2024\/06\/screenshot_20240609_230754_gallery4645892778849993050.jpg?fit=1905%2C1080&amp;ssl=1\" data-orig-size=\"1905,1080\" data-comments-opened=\"1\" data-image-meta=\"{&quot;aperture&quot;:&quot;0&quot;,&quot;credit&quot;:&quot;&quot;,&quot;camera&quot;:&quot;&quot;,&quot;caption&quot;:&quot;&quot;,&quot;created_timestamp&quot;:&quot;0&quot;,&quot;copyright&quot;:&quot;&quot;,&quot;focal_length&quot;:&quot;0&quot;,&quot;iso&quot;:&quot;0&quot;,&quot;shutter_speed&quot;:&quot;0&quot;,&quot;title&quot;:&quot;&quot;,&quot;orientation&quot;:&quot;0&quot;}\" data-image-title=\"screenshot_20240609_230754_gallery4645892778849993050.jpg\" data-image-description=\"\" data-image-caption=\"\" data-large-file=\"https:\/\/i0.wp.com\/mexicocodigorojo.com.mx\/wp-content\/uploads\/2024\/06\/screenshot_20240609_230754_gallery4645892778849993050.jpg?fit=696%2C395&amp;ssl=1\" src=\"https:\/\/i0.wp.com\/mexicocodigorojo.com.mx\/wp-content\/uploads\/2024\/06\/screenshot_20240609_230754_gallery4645892778849993050.jpg?resize=696%2C395&#038;ssl=1\" alt=\"\" class=\"wp-image-61525\" srcset=\"https:\/\/i0.wp.com\/mexicocodigorojo.com.mx\/wp-content\/uploads\/2024\/06\/screenshot_20240609_230754_gallery4645892778849993050.jpg?resize=1024%2C581&amp;ssl=1 1024w, https:\/\/i0.wp.com\/mexicocodigorojo.com.mx\/wp-content\/uploads\/2024\/06\/screenshot_20240609_230754_gallery4645892778849993050.jpg?resize=300%2C170&amp;ssl=1 300w, https:\/\/i0.wp.com\/mexicocodigorojo.com.mx\/wp-content\/uploads\/2024\/06\/screenshot_20240609_230754_gallery4645892778849993050.jpg?resize=768%2C435&amp;ssl=1 768w, https:\/\/i0.wp.com\/mexicocodigorojo.com.mx\/wp-content\/uploads\/2024\/06\/screenshot_20240609_230754_gallery4645892778849993050.jpg?resize=1536%2C871&amp;ssl=1 1536w, https:\/\/i0.wp.com\/mexicocodigorojo.com.mx\/wp-content\/uploads\/2024\/06\/screenshot_20240609_230754_gallery4645892778849993050.jpg?w=1905&amp;ssl=1 1905w, https:\/\/i0.wp.com\/mexicocodigorojo.com.mx\/wp-content\/uploads\/2024\/06\/screenshot_20240609_230754_gallery4645892778849993050.jpg?w=1392&amp;ssl=1 1392w\" sizes=\"auto, (max-width: 696px) 100vw, 696px\" \/><figcaption class=\"wp-element-caption\">Morales Cifuentes y Su\u00f1iga Morf\u00edn asumieron el liderazgo de Los Pochos tras la muerte de Erik Salvador S\u00fa\u00f1iga, exalcalde de Ayutla (Foto: OFAC).<\/figcaption><\/figure>\n\n\n\n<p>En un inicio, Isel comparti\u00f3 el liderazgo de Los Pochos con su pareja Juan Jos\u00e9 Morales Cifuentes, alias \u2018Pancho\u2019. Sin embargo, este sujeto fue detenido en diciembre de 2023 en el bulevar principal de Ciudad San Crist\u00f3bal, zona 8 de Mixco. El pasado 16 de mayo fue extraditado a EEUU, pues tambi\u00e9n es requerido por el Distrito Este de Texas.<\/p>\n\n\n\n<p><strong>Los v\u00ednculos entre Los Pochos y el C\u00e1rtel de Sinaloa<\/strong><br>Informes del Departamento de Justicia de EEUU dan cuenta de la relaci\u00f3n entre Los Pochos y el tambi\u00e9n llamado C\u00e1rtel del Pac\u00edfico. Su conexi\u00f3n tiene que ver con la coca\u00edna que llega a territorio estadounidense.<\/p>\n\n\n\n<p>Los Pochos se encargan de controlar el paso de la droga por el departamento de San Marcos, adem\u00e1s de controlar las rutas que conectan esa zona con la frontera entre Guatemala y M\u00e9xico, a trav\u00e9s del estado de Chiapas. Sus operaciones abarcan Ayutla y la Ciudad Tec\u00fan Um\u00e1n.<\/p>\n\n\n\n<p>Sus nexos con el C\u00e1rtel de Sinaloa se dan mediante el almacenamiento y suministros de drogas, principalmente. Seg\u00fan la justicia estadounidense, los narcotraficantes mexicanos pagan una especie de \u201cimpuesto\u201d a Los Pochos para resguardar coca\u00edna en las ciudades fronterizas de San Marcos y Tec\u00fan Um\u00e1n.<\/p>\n\n\n\n<figure class=\"wp-block-image size-large\"><img data-recalc-dims=\"1\" loading=\"lazy\" decoding=\"async\" width=\"696\" height=\"470\" data-attachment-id=\"61526\" data-permalink=\"https:\/\/mexicocodigorojo.com.mx\/?attachment_id=61526\" data-orig-file=\"https:\/\/i0.wp.com\/mexicocodigorojo.com.mx\/wp-content\/uploads\/2024\/06\/screenshot_20240609_230951_chrome260194013159541388.jpg?fit=2000%2C1351&amp;ssl=1\" data-orig-size=\"2000,1351\" data-comments-opened=\"1\" data-image-meta=\"{&quot;aperture&quot;:&quot;0&quot;,&quot;credit&quot;:&quot;&quot;,&quot;camera&quot;:&quot;&quot;,&quot;caption&quot;:&quot;&quot;,&quot;created_timestamp&quot;:&quot;0&quot;,&quot;copyright&quot;:&quot;&quot;,&quot;focal_length&quot;:&quot;0&quot;,&quot;iso&quot;:&quot;0&quot;,&quot;shutter_speed&quot;:&quot;0&quot;,&quot;title&quot;:&quot;&quot;,&quot;orientation&quot;:&quot;0&quot;}\" data-image-title=\"screenshot_20240609_230951_chrome260194013159541388.jpg\" data-image-description=\"\" data-image-caption=\"\" data-large-file=\"https:\/\/i0.wp.com\/mexicocodigorojo.com.mx\/wp-content\/uploads\/2024\/06\/screenshot_20240609_230951_chrome260194013159541388.jpg?fit=696%2C470&amp;ssl=1\" src=\"https:\/\/i0.wp.com\/mexicocodigorojo.com.mx\/wp-content\/uploads\/2024\/06\/screenshot_20240609_230951_chrome260194013159541388.jpg?resize=696%2C470&#038;ssl=1\" alt=\"\" class=\"wp-image-61526\" srcset=\"https:\/\/i0.wp.com\/mexicocodigorojo.com.mx\/wp-content\/uploads\/2024\/06\/screenshot_20240609_230951_chrome260194013159541388.jpg?resize=1024%2C692&amp;ssl=1 1024w, https:\/\/i0.wp.com\/mexicocodigorojo.com.mx\/wp-content\/uploads\/2024\/06\/screenshot_20240609_230951_chrome260194013159541388.jpg?resize=300%2C203&amp;ssl=1 300w, https:\/\/i0.wp.com\/mexicocodigorojo.com.mx\/wp-content\/uploads\/2024\/06\/screenshot_20240609_230951_chrome260194013159541388.jpg?resize=768%2C519&amp;ssl=1 768w, https:\/\/i0.wp.com\/mexicocodigorojo.com.mx\/wp-content\/uploads\/2024\/06\/screenshot_20240609_230951_chrome260194013159541388.jpg?resize=1536%2C1038&amp;ssl=1 1536w, https:\/\/i0.wp.com\/mexicocodigorojo.com.mx\/wp-content\/uploads\/2024\/06\/screenshot_20240609_230951_chrome260194013159541388.jpg?w=2000&amp;ssl=1 2000w, https:\/\/i0.wp.com\/mexicocodigorojo.com.mx\/wp-content\/uploads\/2024\/06\/screenshot_20240609_230951_chrome260194013159541388.jpg?w=1392&amp;ssl=1 1392w\" sizes=\"auto, (max-width: 696px) 100vw, 696px\" \/><figcaption class=\"wp-element-caption\">El C\u00e1rtel de Sinaloa paga impuestos a Los Pochos para el almacenamiento de droga (Foto: Sedena).<\/figcaption><\/figure>\n\n\n\n<p>\u201cLa organizaci\u00f3n compra aproximadamente 4.000 kilogramos de coca\u00edna al mes, lo que hace un total de unos 48.000 kilogramos al a\u00f1o, y es responsable de suministrar a m\u00faltiples narcotraficantes guatemaltecos y mexicanos de alto nivel, incluidos l\u00edderes de c\u00e1rteles con base en M\u00e9xico\u201d, se lee en uno de los informes del Departamento de Justicia.<\/p>\n\n\n\n<p>Los l\u00edderes del C\u00e1rtel de Sinaloa que reciben coca\u00edna de Los Pochos gozan de una infraestructura de transporte para llevar los embarques de droga a consumidores que se encuentran en EEUU, como en el estado de Texas.<\/p>\n\n\n\n<p>Aunque los dos principales l\u00edderes de Los Pochos (Salvador S\u00fa\u00f1iga y Juan Jos\u00e9 Morales) ya no operan para la organizaci\u00f3n, se presume que Isel usa su influencia pol\u00edtica para seguir con sus negocios il\u00edcitos, en complicidad con funcionarios, polic\u00edas, militares y fiscales de Guatemala.<\/p>\n\n\n\n<p><a href=\"https:\/\/linktr.ee\/mexicorojo\">https:\/\/linktr.ee\/mexicorojo<\/a><\/p>\n\n\n\n<p><\/p>\n\n\n\n<p>Con informaci\u00f3n de Infobae. <\/p>\n","protected":false},"excerpt":{"rendered":"<p>Con el fin de traficar drogas de Centroam\u00e9rica a Estados Unidos (EEUU), el C\u00e1rtel de Sinaloa ha forjado v\u00ednculos con grupos criminales de otros pa\u00edses que los ayudan a operar a nivel internacional. Entre sus colaboradores extranjeros se encuentran \u201cLos Pochos\u201d, una agrupaci\u00f3n delictiva de Guatemala que ha recibido apoyo de las autoridades locales. Los [&hellip;]<\/p>\n","protected":false},"author":22,"featured_media":61527,"comment_status":"open","ping_status":"open","sticky":false,"template":"","format":"standard","meta":{"_uf_show_specific_survey":0,"_uf_disable_surveys":false,"advanced_seo_description":"","jetpack_seo_html_title":"","jetpack_seo_noindex":false,"jetpack_post_was_ever_published":false,"_jetpack_newsletter_access":"","_jetpack_dont_email_post_to_subs":false,"_jetpack_newsletter_tier_id":0,"_jetpack_memberships_contains_paywalled_content":false,"_jetpack_memberships_contains_paid_content":false,"footnotes":"","jetpack_publicize_message":"","jetpack_publicize_feature_enabled":true,"jetpack_social_post_already_shared":true,"jetpack_social_options":{"image_generator_settings":{"template":"highway","default_image_id":0,"font":"","enabled":false},"version":2}},"categories":[101,1724],"tags":[2173],"class_list":{"0":"post-61528","1":"post","2":"type-post","3":"status-publish","4":"format-standard","5":"has-post-thumbnail","7":"category-ciudad-de-mexico","8":"category-featured","9":"tag-narcotrafico-2"},"jetpack_publicize_connections":[],"jetpack_featured_media_url":"https:\/\/i0.wp.com\/mexicocodigorojo.com.mx\/wp-content\/uploads\/2024\/06\/Screenshot_20240609_231348_Gallery.jpg?fit=1931%2C1080&ssl=1","jetpack-related-posts":[{"id":61570,"url":"https:\/\/mexicocodigorojo.com.mx\/?p=61570","url_meta":{"origin":61528,"position":0},"title":"Asi lavan dinero del narco \u2018El Chapo\u2019 y el C\u00e1rtel de Sinaloa: Conoce sus 5 m\u00e9todos","author":"MCR","date":"junio 10, 2024","format":false,"excerpt":"Una casa de playa en las costas de Acapulco, ranchos en Guadalajara, aviones, yates, veh\u00edculos de lujo y hasta un zool\u00f3gico privado son algunas de las excentricidades que Joaqu\u00edn \u2018El Chapo\u2019 Guzm\u00e1n gozaba mientras era l\u00edder del C\u00e1rtel de Sinaloa. Seg\u00fan estimaciones del Gobierno de Estados Unidos (EEUU), la fortuna\u2026","rel":"","context":"En \u00abCiudad de M\u00e9xico\u00bb","block_context":{"text":"Ciudad de M\u00e9xico","link":"https:\/\/mexicocodigorojo.com.mx\/?cat=101"},"img":{"alt_text":"","src":"https:\/\/i0.wp.com\/mexicocodigorojo.com.mx\/wp-content\/uploads\/2024\/06\/Screenshot_20240610_195149_Chrome-scaled.jpg?fit=1200%2C666&ssl=1&resize=350%2C200","width":350,"height":200,"srcset":"https:\/\/i0.wp.com\/mexicocodigorojo.com.mx\/wp-content\/uploads\/2024\/06\/Screenshot_20240610_195149_Chrome-scaled.jpg?fit=1200%2C666&ssl=1&resize=350%2C200 1x, https:\/\/i0.wp.com\/mexicocodigorojo.com.mx\/wp-content\/uploads\/2024\/06\/Screenshot_20240610_195149_Chrome-scaled.jpg?fit=1200%2C666&ssl=1&resize=525%2C300 1.5x, https:\/\/i0.wp.com\/mexicocodigorojo.com.mx\/wp-content\/uploads\/2024\/06\/Screenshot_20240610_195149_Chrome-scaled.jpg?fit=1200%2C666&ssl=1&resize=700%2C400 2x, https:\/\/i0.wp.com\/mexicocodigorojo.com.mx\/wp-content\/uploads\/2024\/06\/Screenshot_20240610_195149_Chrome-scaled.jpg?fit=1200%2C666&ssl=1&resize=1050%2C600 3x"},"classes":[]},{"id":26275,"url":"https:\/\/mexicocodigorojo.com.mx\/?p=26275","url_meta":{"origin":61528,"position":1},"title":"El C\u00e1rtel de Sinaloa, a\u00fan s\u00f3lido","author":"Staff","date":"octubre 31, 2019","format":false,"excerpt":"El rescate de Ovidio Guzm\u00e1n L\u00f3pez el jueves 17 en Culiac\u00e1n evidenci\u00f3 que el C\u00e1rtel de Sinaloa sigue teniendo fuerza, pese a su fragmentaci\u00f3n. Comandado por El Mayo Zambada y los hijos del Chapo, el grupo criminal mantiene una extensa red de alianzas y ping\u00fces negocios en gran parte del\u2026","rel":"","context":"En \u00abSinaloa\u00bb","block_context":{"text":"Sinaloa","link":"https:\/\/mexicocodigorojo.com.mx\/?cat=41"},"img":{"alt_text":"","src":"https:\/\/i0.wp.com\/mexicocodigorojo.com.mx\/wp-content\/uploads\/2019\/10\/Organizaciones-armadas.-Foto-Especial-870x522.jpg?fit=870%2C522&ssl=1&resize=350%2C200","width":350,"height":200,"srcset":"https:\/\/i0.wp.com\/mexicocodigorojo.com.mx\/wp-content\/uploads\/2019\/10\/Organizaciones-armadas.-Foto-Especial-870x522.jpg?fit=870%2C522&ssl=1&resize=350%2C200 1x, https:\/\/i0.wp.com\/mexicocodigorojo.com.mx\/wp-content\/uploads\/2019\/10\/Organizaciones-armadas.-Foto-Especial-870x522.jpg?fit=870%2C522&ssl=1&resize=525%2C300 1.5x, https:\/\/i0.wp.com\/mexicocodigorojo.com.mx\/wp-content\/uploads\/2019\/10\/Organizaciones-armadas.-Foto-Especial-870x522.jpg?fit=870%2C522&ssl=1&resize=700%2C400 2x"},"classes":[]},{"id":43342,"url":"https:\/\/mexicocodigorojo.com.mx\/?p=43342","url_meta":{"origin":61528,"position":2},"title":"Identifican a narcotraficante muerto en aeronave","author":"Staff","date":"septiembre 24, 2020","format":false,"excerpt":"El narcotraficante Jeankarlo Alexander S\u00e1nchez Meneses fue identificado como una de las cuatro v\u00edctimas del accidente de aeronave en Guatemala El\u00a0Instituto Nacional de Ciencias Forenses de Guatemala\u00a0identific\u00f3 a un\u00a0narcotraficante\u00a0como una de las v\u00edctimas del accidente de una\u00a0aeronave\u00a0-presumiblemente robada en M\u00e9xico-, en el departamento\u00a0Alta Verapaz. La noche del 22 de septiembre\u2026","rel":"","context":"En \u00abInternacional\u00bb","block_context":{"text":"Internacional","link":"https:\/\/mexicocodigorojo.com.mx\/?cat=14"},"img":{"alt_text":"","src":"https:\/\/i0.wp.com\/mexicocodigorojo.com.mx\/wp-content\/uploads\/2020\/09\/guatemala-morelos-accidente-aeronave.jpg?fit=980%2C550&ssl=1&resize=350%2C200","width":350,"height":200,"srcset":"https:\/\/i0.wp.com\/mexicocodigorojo.com.mx\/wp-content\/uploads\/2020\/09\/guatemala-morelos-accidente-aeronave.jpg?fit=980%2C550&ssl=1&resize=350%2C200 1x, https:\/\/i0.wp.com\/mexicocodigorojo.com.mx\/wp-content\/uploads\/2020\/09\/guatemala-morelos-accidente-aeronave.jpg?fit=980%2C550&ssl=1&resize=525%2C300 1.5x, https:\/\/i0.wp.com\/mexicocodigorojo.com.mx\/wp-content\/uploads\/2020\/09\/guatemala-morelos-accidente-aeronave.jpg?fit=980%2C550&ssl=1&resize=700%2C400 2x"},"classes":[]},{"id":58078,"url":"https:\/\/mexicocodigorojo.com.mx\/?p=58078","url_meta":{"origin":61528,"position":3},"title":"Director de Imagen Urbana de Nogales Sonora fue ligado a una empresa criminal que trafica drogas para el Cartel de Sinaloa","author":"MexicoRojo","date":"noviembre 8, 2023","format":false,"excerpt":"Esta tarde, en reuni\u00f3n a puerta cerrada, el alcalde Juan Gim Nogales decidi\u00f3 despedir al director de Imagen Urbana, Miguel Morgan Huerta, lo cu\u00e1l ser\u00e1 anunciado ma\u00f1ana en rueda de prensa, seg\u00fan informaci\u00f3n extraoficial. \u00a0 \u00a0 Este martes, el Departamento de Estado de Estados Unidos (EEUU) sancion\u00f3 a 13 integrantes\u2026","rel":"","context":"En \u00abFeatured\u00bb","block_context":{"text":"Featured","link":"https:\/\/mexicocodigorojo.com.mx\/?cat=1724"},"img":{"alt_text":"","src":"https:\/\/i0.wp.com\/mexicocodigorojo.com.mx\/wp-content\/uploads\/2023\/11\/FB_IMG_1699466862692.jpg?fit=720%2C535&ssl=1&resize=350%2C200","width":350,"height":200,"srcset":"https:\/\/i0.wp.com\/mexicocodigorojo.com.mx\/wp-content\/uploads\/2023\/11\/FB_IMG_1699466862692.jpg?fit=720%2C535&ssl=1&resize=350%2C200 1x, https:\/\/i0.wp.com\/mexicocodigorojo.com.mx\/wp-content\/uploads\/2023\/11\/FB_IMG_1699466862692.jpg?fit=720%2C535&ssl=1&resize=525%2C300 1.5x, https:\/\/i0.wp.com\/mexicocodigorojo.com.mx\/wp-content\/uploads\/2023\/11\/FB_IMG_1699466862692.jpg?fit=720%2C535&ssl=1&resize=700%2C400 2x"},"classes":[]},{"id":62538,"url":"https:\/\/mexicocodigorojo.com.mx\/?p=62538","url_meta":{"origin":61528,"position":4},"title":"Reestructuraci\u00f3n en Sinaloa: \u00bfQui\u00e9n Tomar\u00e1 las Riendas del C\u00e1rtel Tras la Ca\u00edda de sus L\u00edderes?","author":"MexicoRojoCvmx","date":"agosto 8, 2024","format":false,"excerpt":"En una operaci\u00f3n sin precedentes coordinada por el FBI y la DEA, las autoridades estadounidenses capturaron a Ismael \u2018El Mayo\u2019 Zambada y a Joaqu\u00edn Guzm\u00e1n L\u00f3pez, hijo de Joaqu\u00edn \u2018El Chapo\u2019 Guzm\u00e1n, en un aer\u00f3dromo privado en El Paso, Texas. Este golpe marca un punto de inflexi\u00f3n en la estructura\u2026","rel":"","context":"En \u00abCiudad de M\u00e9xico\u00bb","block_context":{"text":"Ciudad de M\u00e9xico","link":"https:\/\/mexicocodigorojo.com.mx\/?cat=101"},"img":{"alt_text":"","src":"https:\/\/i0.wp.com\/mexicocodigorojo.com.mx\/wp-content\/uploads\/2024\/08\/sinaloa.jpg?fit=1200%2C800&ssl=1&resize=350%2C200","width":350,"height":200,"srcset":"https:\/\/i0.wp.com\/mexicocodigorojo.com.mx\/wp-content\/uploads\/2024\/08\/sinaloa.jpg?fit=1200%2C800&ssl=1&resize=350%2C200 1x, https:\/\/i0.wp.com\/mexicocodigorojo.com.mx\/wp-content\/uploads\/2024\/08\/sinaloa.jpg?fit=1200%2C800&ssl=1&resize=525%2C300 1.5x, https:\/\/i0.wp.com\/mexicocodigorojo.com.mx\/wp-content\/uploads\/2024\/08\/sinaloa.jpg?fit=1200%2C800&ssl=1&resize=700%2C400 2x, https:\/\/i0.wp.com\/mexicocodigorojo.com.mx\/wp-content\/uploads\/2024\/08\/sinaloa.jpg?fit=1200%2C800&ssl=1&resize=1050%2C600 3x"},"classes":[]},{"id":41739,"url":"https:\/\/mexicocodigorojo.com.mx\/?p=41739","url_meta":{"origin":61528,"position":5},"title":"Un criminal sin voz: por qu\u00e9 no hay grabaciones telef\u00f3nicas de Ismael Zambada Garc\u00eda, \u201cEl Mayo\u201d","author":"Staff","date":"agosto 13, 2020","format":false,"excerpt":"La nueva serie de Netflix, World`s Most Wanted, cuyo primer cap\u00edtulo lo dedica al narcotraficante mexicano Ismael \u201cEl Mayo\u201d Zambada, ha revelado detalles de c\u00f3mo ha sido la persecuci\u00f3n, por parte de las autoridades, al l\u00edder del poderoso C\u00e1rtel de Sinaloa. Entre los detalles que ha se\u00f1alado la serie, hay\u2026","rel":"","context":"En \u00abFeatured\u00bb","block_context":{"text":"Featured","link":"https:\/\/mexicocodigorojo.com.mx\/?cat=1724"},"img":{"alt_text":"","src":"https:\/\/i0.wp.com\/mexicocodigorojo.com.mx\/wp-content\/uploads\/2020\/08\/OITZHTYRNBHC7KTFJTSSGPHYQA.jpg?fit=420%2C236&ssl=1&resize=350%2C200","width":350,"height":200},"classes":[]}],"jetpack_sharing_enabled":true,"jetpack_likes_enabled":true,"jetpack_shortlink":"https:\/\/wp.me\/p9TedA-g0o","_links":{"self":[{"href":"https:\/\/mexicocodigorojo.com.mx\/index.php?rest_route=\/wp\/v2\/posts\/61528","targetHints":{"allow":["GET"]}}],"collection":[{"href":"https:\/\/mexicocodigorojo.com.mx\/index.php?rest_route=\/wp\/v2\/posts"}],"about":[{"href":"https:\/\/mexicocodigorojo.com.mx\/index.php?rest_route=\/wp\/v2\/types\/post"}],"author":[{"embeddable":true,"href":"https:\/\/mexicocodigorojo.com.mx\/index.php?rest_route=\/wp\/v2\/users\/22"}],"replies":[{"embeddable":true,"href":"https:\/\/mexicocodigorojo.com.mx\/index.php?rest_route=%2Fwp%2Fv2%2Fcomments&post=61528"}],"version-history":[{"count":1,"href":"https:\/\/mexicocodigorojo.com.mx\/index.php?rest_route=\/wp\/v2\/posts\/61528\/revisions"}],"predecessor-version":[{"id":61529,"href":"https:\/\/mexicocodigorojo.com.mx\/index.php?rest_route=\/wp\/v2\/posts\/61528\/revisions\/61529"}],"wp:featuredmedia":[{"embeddable":true,"href":"https:\/\/mexicocodigorojo.com.mx\/index.php?rest_route=\/wp\/v2\/media\/61527"}],"wp:attachment":[{"href":"https:\/\/mexicocodigorojo.com.mx\/index.php?rest_route=%2Fwp%2Fv2%2Fmedia&parent=61528"}],"wp:term":[{"taxonomy":"category","embeddable":true,"href":"https:\/\/mexicocodigorojo.com.mx\/index.php?rest_route=%2Fwp%2Fv2%2Fcategories&post=61528"},{"taxonomy":"post_tag","embeddable":true,"href":"https:\/\/mexicocodigorojo.com.mx\/index.php?rest_route=%2Fwp%2Fv2%2Ftags&post=61528"}],"curies":[{"name":"wp","href":"https:\/\/api.w.org\/{rel}","templated":true}]}}