{"id":61518,"date":"2024-06-09T19:02:28","date_gmt":"2024-06-10T01:02:28","guid":{"rendered":"https:\/\/mexicocodigorojo.com.mx\/?p=61518"},"modified":"2024-06-09T19:02:28","modified_gmt":"2024-06-10T01:02:28","slug":"tragico-accidente-al-menos-una-mujer-murio-tras-un-accidente-en-guemez","status":"publish","type":"post","link":"https:\/\/mexicocodigorojo.com.mx\/?p=61518","title":{"rendered":"Tr\u00e1gico accidente, al menos una mujer muri\u00f3 tras un accidente en G\u00fc\u00e9mez"},"content":{"rendered":"\n<p>Ciudad Victoria, Tamaulipas<\/p>\n\n\n\n<p>La vocer\u00eda inform\u00f3 que autoridades atendieron un accidente entre unidad de Guardia Estatal y veh\u00edculo particular en carretera Victoria &#8211; Zaragoza a la altura del kil\u00f3metro 90 de G\u00fc\u00e9mez.<\/p>\n\n\n\n<p>Trascendi\u00f3 que lleg\u00f3 paciente al Hospital General de Zona No. 1 IMSS en Ciudad Victoria, Tamps., con nombre Casta\u00f1eda Hernandez Anahi, refiri\u00f3 ser de Nuevo Le\u00f3n y trabajar en el INE, del accidente en carretera a Monterrey.<\/p>\n\n\n\n<p>El autom\u00f3vil accidentado se trata de un Mazda 6 en color negro con Placas de circulacion del Estado de Nuevo Le\u00f3n: SZY-281-B.<\/p>\n\n\n\n<p>De manera extraoficial dej\u00f3 8 lesionados, lamentablemente una mujer perdi\u00f3 la vida.<\/p>\n\n\n\n<figure class=\"wp-block-embed is-type-rich is-provider-twitter wp-block-embed-twitter\"><div class=\"wp-block-embed__wrapper\">\n<blockquote class=\"twitter-tweet\" data-width=\"550\" data-dnt=\"true\"><p lang=\"es\" dir=\"ltr\">Corporaciones atendieron accidente entre unidad de Guardia Estatal y un Mazda 6  color negro con placas de Nuevo Le\u00f3n en carretera <a href=\"https:\/\/twitter.com\/hashtag\/CdVictoria?src=hash&amp;ref_src=twsrc%5Etfw\">#CdVictoria<\/a> &#8211; <a href=\"https:\/\/twitter.com\/hashtag\/Zaragoza?src=hash&amp;ref_src=twsrc%5Etfw\">#Zaragoza<\/a> a la altura del km 90 de <a href=\"https:\/\/twitter.com\/hashtag\/G%C3%BC%C3%A9mez?src=hash&amp;ref_src=twsrc%5Etfw\">#G\u00fc\u00e9mez<\/a>. Se reportan fallecidos y heridos. <a href=\"https:\/\/t.co\/UHUFfrg7gX\">pic.twitter.com\/UHUFfrg7gX<\/a><\/p>&mdash; ElGuzman (@FuriaNegra77) <a href=\"https:\/\/twitter.com\/FuriaNegra77\/status\/1799968771974840780?ref_src=twsrc%5Etfw\">June 10, 2024<\/a><\/blockquote><script async src=\"https:\/\/platform.twitter.com\/widgets.js\" charset=\"utf-8\"><\/script>\n<\/div><\/figure>\n","protected":false},"excerpt":{"rendered":"<p>Ciudad Victoria, Tamaulipas La vocer\u00eda inform\u00f3 que autoridades atendieron un accidente entre unidad de Guardia Estatal y veh\u00edculo particular en carretera Victoria &#8211; Zaragoza a la altura del kil\u00f3metro 90 de G\u00fc\u00e9mez. Trascendi\u00f3 que lleg\u00f3 paciente al Hospital General de Zona No. 1 IMSS en Ciudad Victoria, Tamps., con nombre Casta\u00f1eda Hernandez Anahi, refiri\u00f3 ser [&hellip;]<\/p>\n","protected":false},"author":5,"featured_media":61517,"comment_status":"open","ping_status":"open","sticky":false,"template":"","format":"standard","meta":{"_uf_show_specific_survey":0,"_uf_disable_surveys":false,"advanced_seo_description":"","jetpack_seo_html_title":"","jetpack_seo_noindex":false,"jetpack_post_was_ever_published":false,"_jetpack_newsletter_access":"","_jetpack_dont_email_post_to_subs":false,"_jetpack_newsletter_tier_id":0,"_jetpack_memberships_contains_paywalled_content":false,"_jetpack_memberships_contains_paid_content":false,"footnotes":"","jetpack_publicize_message":"","jetpack_publicize_feature_enabled":true,"jetpack_social_post_already_shared":true,"jetpack_social_options":{"image_generator_settings":{"template":"highway","default_image_id":0,"font":"","enabled":false},"version":2}},"categories":[1724,2],"tags":[415],"class_list":{"0":"post-61518","1":"post","2":"type-post","3":"status-publish","4":"format-standard","5":"has-post-thumbnail","7":"category-featured","8":"category-tamaulipas","9":"tag-accidente"},"jetpack_publicize_connections":[],"jetpack_featured_media_url":"https:\/\/i0.wp.com\/mexicocodigorojo.com.mx\/wp-content\/uploads\/2024\/06\/img_7733-1.jpg?fit=749%2C952&ssl=1","jetpack-related-posts":[{"id":24440,"url":"https:\/\/mexicocodigorojo.com.mx\/?p=24440","url_meta":{"origin":61518,"position":0},"title":"Carreterazo deja un muerto en la carretera Tula-Victoria","author":"Staff","date":"septiembre 30, 2019","format":false,"excerpt":"Ciudad Victoria, Tamaulipas.- Un tr\u00e1fico accidente entre un trailer y un veh\u00edculo compacto, cobr\u00f3 la vida de una persona. El accidente se report\u00f3 en el kil\u00f3metro 74 de la carretera Rumbo Nuevo tramo Tula-Ciudad Victoria. Participaron un veh\u00edculo mazada color negro en donde viajaba el ahora occiso y un tracto\u2026","rel":"","context":"En \u00abTamaulipas\u00bb","block_context":{"text":"Tamaulipas","link":"https:\/\/mexicocodigorojo.com.mx\/?cat=2"},"img":{"alt_text":"","src":"","width":0,"height":0},"classes":[]},{"id":3302,"url":"https:\/\/mexicocodigorojo.com.mx\/?p=3302","url_meta":{"origin":61518,"position":1},"title":"ACCIDENTE OCURRIDO EN EL TRAMO CARRETERO SAN FERNANDO &#8211; CIUDAD VICTORIA TAMAULIPAS","author":"Staff","date":"septiembre 18, 2018","format":false,"excerpt":"Alrededor de las 08:00am de hoy ocurri\u00f3 un accidente donde una pipa de la empresa TITSA se incendio en el Kil\u00f3metro 150 carretera Ciudad Victoria a San Fernando Tamaulipas esto a la altura de Las Norias. Este accidente provoco que la Vialidad estuviera completamente cerrada y que los Servicios de\u2026","rel":"","context":"En \u00abTamaulipas\u00bb","block_context":{"text":"Tamaulipas","link":"https:\/\/mexicocodigorojo.com.mx\/?cat=2"},"img":{"alt_text":"","src":"https:\/\/i0.wp.com\/mexicocodigorojo.com.mx\/wp-content\/uploads\/2018\/09\/IMG-20180918-WA0019-1.jpg?fit=900%2C1200&ssl=1&resize=350%2C200","width":350,"height":200,"srcset":"https:\/\/i0.wp.com\/mexicocodigorojo.com.mx\/wp-content\/uploads\/2018\/09\/IMG-20180918-WA0019-1.jpg?fit=900%2C1200&ssl=1&resize=350%2C200 1x, https:\/\/i0.wp.com\/mexicocodigorojo.com.mx\/wp-content\/uploads\/2018\/09\/IMG-20180918-WA0019-1.jpg?fit=900%2C1200&ssl=1&resize=525%2C300 1.5x, https:\/\/i0.wp.com\/mexicocodigorojo.com.mx\/wp-content\/uploads\/2018\/09\/IMG-20180918-WA0019-1.jpg?fit=900%2C1200&ssl=1&resize=700%2C400 2x"},"classes":[]},{"id":52493,"url":"https:\/\/mexicocodigorojo.com.mx\/?p=52493","url_meta":{"origin":61518,"position":2},"title":"Hallan calcinado a \u2018El Mijis\u2019, muri\u00f3 en accidente automovil\u00edstico en Tamaulipas, confirma Fiscal\u00eda","author":"Staff","date":"marzo 4, 2022","format":false,"excerpt":"Pedro C\u00e9sar Carrizales Becerra, alias \u2018El Mijis\u2019, falleci\u00f3 en un accidente automovil\u00edstico en Nuevo Laredo, Tamaulipas, confirmaron las pruebas antropol\u00f3gicas de identificaci\u00f3n humana y gen\u00e9tica realizadas por peritos forenses de la Guardia Nacional. Frida Guerrera, activista y amiga de \u2018El Mijis\u2019, explic\u00f3 que tras una reuni\u00f3n con autoridades de la\u2026","rel":"","context":"En \u00abFeatured\u00bb","block_context":{"text":"Featured","link":"https:\/\/mexicocodigorojo.com.mx\/?cat=1724"},"img":{"alt_text":"","src":"https:\/\/i0.wp.com\/mexicocodigorojo.com.mx\/wp-content\/uploads\/2022\/03\/mijis-1-960x506-1.jpg?fit=960%2C506&ssl=1&resize=350%2C200","width":350,"height":200,"srcset":"https:\/\/i0.wp.com\/mexicocodigorojo.com.mx\/wp-content\/uploads\/2022\/03\/mijis-1-960x506-1.jpg?fit=960%2C506&ssl=1&resize=350%2C200 1x, https:\/\/i0.wp.com\/mexicocodigorojo.com.mx\/wp-content\/uploads\/2022\/03\/mijis-1-960x506-1.jpg?fit=960%2C506&ssl=1&resize=525%2C300 1.5x, https:\/\/i0.wp.com\/mexicocodigorojo.com.mx\/wp-content\/uploads\/2022\/03\/mijis-1-960x506-1.jpg?fit=960%2C506&ssl=1&resize=700%2C400 2x"},"classes":[]},{"id":54547,"url":"https:\/\/mexicocodigorojo.com.mx\/?p=54547","url_meta":{"origin":61518,"position":3},"title":"23 heridos y un muerto tras accidente carretero en Tamaulipas","author":"Staff","date":"diciembre 9, 2022","format":false,"excerpt":"Ciudad Victoria.- Una persona muerta y 23 lesionados dej\u00f3 como saldo un choque de frente entre un veh\u00edculo compacto y un autob\u00fas de l\u00ednea. El percance fue reportado la tarde de este viernes en el kil\u00f3metro 15 de la carretera Matamoros en las desviaciones que conducen hacia la carretera a\u2026","rel":"","context":"En \u00abFeatured\u00bb","block_context":{"text":"Featured","link":"https:\/\/mexicocodigorojo.com.mx\/?cat=1724"},"img":{"alt_text":"","src":"https:\/\/i0.wp.com\/mexicocodigorojo.com.mx\/wp-content\/uploads\/2022\/12\/img_8387.jpg?fit=1200%2C900&ssl=1&resize=350%2C200","width":350,"height":200,"srcset":"https:\/\/i0.wp.com\/mexicocodigorojo.com.mx\/wp-content\/uploads\/2022\/12\/img_8387.jpg?fit=1200%2C900&ssl=1&resize=350%2C200 1x, https:\/\/i0.wp.com\/mexicocodigorojo.com.mx\/wp-content\/uploads\/2022\/12\/img_8387.jpg?fit=1200%2C900&ssl=1&resize=525%2C300 1.5x, https:\/\/i0.wp.com\/mexicocodigorojo.com.mx\/wp-content\/uploads\/2022\/12\/img_8387.jpg?fit=1200%2C900&ssl=1&resize=700%2C400 2x, https:\/\/i0.wp.com\/mexicocodigorojo.com.mx\/wp-content\/uploads\/2022\/12\/img_8387.jpg?fit=1200%2C900&ssl=1&resize=1050%2C600 3x"},"classes":[]},{"id":24358,"url":"https:\/\/mexicocodigorojo.com.mx\/?p=24358","url_meta":{"origin":61518,"position":4},"title":"Deja dos muertos accidente en carretera de Tamaulipas","author":"Staff","date":"septiembre 27, 2019","format":false,"excerpt":"Un tr\u00e1iler con doble contenedor a exceso de velocidad, provoc\u00f3 una carambola en la que dos personas murieron calcinadas Un choque m\u00faltiple\u00a0en el que particip\u00f3 una nodriza cargada con 12 veh\u00edculos de agencia, dej\u00f3 dos personas calcinadas, adem\u00e1s el cierre por espacio de cinco horas de la\u00a0carretera federal a Tampico,\u00a0en\u2026","rel":"","context":"En \u00abTamaulipas\u00bb","block_context":{"text":"Tamaulipas","link":"https:\/\/mexicocodigorojo.com.mx\/?cat=2"},"img":{"alt_text":"","src":"https:\/\/i0.wp.com\/mexicocodigorojo.com.mx\/wp-content\/uploads\/2019\/09\/2226901.jpg?fit=664%2C498&ssl=1&resize=350%2C200","width":350,"height":200,"srcset":"https:\/\/i0.wp.com\/mexicocodigorojo.com.mx\/wp-content\/uploads\/2019\/09\/2226901.jpg?fit=664%2C498&ssl=1&resize=350%2C200 1x, https:\/\/i0.wp.com\/mexicocodigorojo.com.mx\/wp-content\/uploads\/2019\/09\/2226901.jpg?fit=664%2C498&ssl=1&resize=525%2C300 1.5x"},"classes":[]},{"id":54397,"url":"https:\/\/mexicocodigorojo.com.mx\/?p=54397","url_meta":{"origin":61518,"position":5},"title":"Mueren siete militares tras accidente en Soto la Marina","author":"Staff","date":"noviembre 7, 2022","format":false,"excerpt":"Ciudad Victoria, Tamaulipas.- La Fiscal\u00eda General de Justicia del Estado de Tamaulipas informa que inici\u00f3 una investigaci\u00f3n derivado de los hechos ocurridos la madrugada de este domingo en el kil\u00f3metro 125 de la Carretera Soto La Marina - Reynosa, en el que lamentablemente fallecieron 7 elementos de la Secretar\u00eda de\u2026","rel":"","context":"En \u00abFeatured\u00bb","block_context":{"text":"Featured","link":"https:\/\/mexicocodigorojo.com.mx\/?cat=1724"},"img":{"alt_text":"","src":"https:\/\/i0.wp.com\/mexicocodigorojo.com.mx\/wp-content\/uploads\/2022\/11\/8fa645ff-eaaf-4dda-979e-a16acbb3965d.jpg?fit=1200%2C900&ssl=1&resize=350%2C200","width":350,"height":200,"srcset":"https:\/\/i0.wp.com\/mexicocodigorojo.com.mx\/wp-content\/uploads\/2022\/11\/8fa645ff-eaaf-4dda-979e-a16acbb3965d.jpg?fit=1200%2C900&ssl=1&resize=350%2C200 1x, https:\/\/i0.wp.com\/mexicocodigorojo.com.mx\/wp-content\/uploads\/2022\/11\/8fa645ff-eaaf-4dda-979e-a16acbb3965d.jpg?fit=1200%2C900&ssl=1&resize=525%2C300 1.5x, https:\/\/i0.wp.com\/mexicocodigorojo.com.mx\/wp-content\/uploads\/2022\/11\/8fa645ff-eaaf-4dda-979e-a16acbb3965d.jpg?fit=1200%2C900&ssl=1&resize=700%2C400 2x, https:\/\/i0.wp.com\/mexicocodigorojo.com.mx\/wp-content\/uploads\/2022\/11\/8fa645ff-eaaf-4dda-979e-a16acbb3965d.jpg?fit=1200%2C900&ssl=1&resize=1050%2C600 3x"},"classes":[]}],"jetpack_sharing_enabled":true,"jetpack_likes_enabled":true,"jetpack_shortlink":"https:\/\/wp.me\/p9TedA-g0e","_links":{"self":[{"href":"https:\/\/mexicocodigorojo.com.mx\/index.php?rest_route=\/wp\/v2\/posts\/61518","targetHints":{"allow":["GET"]}}],"collection":[{"href":"https:\/\/mexicocodigorojo.com.mx\/index.php?rest_route=\/wp\/v2\/posts"}],"about":[{"href":"https:\/\/mexicocodigorojo.com.mx\/index.php?rest_route=\/wp\/v2\/types\/post"}],"author":[{"embeddable":true,"href":"https:\/\/mexicocodigorojo.com.mx\/index.php?rest_route=\/wp\/v2\/users\/5"}],"replies":[{"embeddable":true,"href":"https:\/\/mexicocodigorojo.com.mx\/index.php?rest_route=%2Fwp%2Fv2%2Fcomments&post=61518"}],"version-history":[{"count":0,"href":"https:\/\/mexicocodigorojo.com.mx\/index.php?rest_route=\/wp\/v2\/posts\/61518\/revisions"}],"wp:featuredmedia":[{"embeddable":true,"href":"https:\/\/mexicocodigorojo.com.mx\/index.php?rest_route=\/wp\/v2\/media\/61517"}],"wp:attachment":[{"href":"https:\/\/mexicocodigorojo.com.mx\/index.php?rest_route=%2Fwp%2Fv2%2Fmedia&parent=61518"}],"wp:term":[{"taxonomy":"category","embeddable":true,"href":"https:\/\/mexicocodigorojo.com.mx\/index.php?rest_route=%2Fwp%2Fv2%2Fcategories&post=61518"},{"taxonomy":"post_tag","embeddable":true,"href":"https:\/\/mexicocodigorojo.com.mx\/index.php?rest_route=%2Fwp%2Fv2%2Ftags&post=61518"}],"curies":[{"name":"wp","href":"https:\/\/api.w.org\/{rel}","templated":true}]}}