{"id":61214,"date":"2024-05-30T14:17:25","date_gmt":"2024-05-30T20:17:25","guid":{"rendered":"https:\/\/mexicocodigorojo.com.mx\/?p=61214"},"modified":"2024-05-30T15:28:38","modified_gmt":"2024-05-30T21:28:38","slug":"atentado-contra-osberto-vera-gattas-y-americo-villarreal-los-senalados","status":"publish","type":"post","link":"https:\/\/mexicocodigorojo.com.mx\/?p=61214","title":{"rendered":"Atentado contra Osberto Vera: Lalo Gattas y Am\u00e9rico Villarreal los se\u00f1alados"},"content":{"rendered":"<p><strong>Ciudad Victoria, Tamaulipas &#8211;<\/strong> La violencia contra los periodistas en Tamaulipas sigue siendo un problema grave y frecuente, con ataques perpetrados tanto por autoridades como por particulares y grupos delictivos. Hoy por la ma\u00f1ana, un encapuchado rompi\u00f3 el parabrisas y las ventanas laterales del veh\u00edculo de Osberto Vera, influencer y aspirante a una regidur\u00eda por Movimiento Ciudadano, dejando una cartulina con el mensaje amenazante \u00abte va a llevar la verga\u00bb.<\/p>\n<p>Este incidente es parte de una serie de agresiones que buscan silenciar a los comunicadores durante el periodo de veda electoral. En esta ocasi\u00f3n, las acciones apuntan hacia Lalo Gattas, actual alcalde con licencia de Morena, quien enfrenta un rechazo creciente y la posibilidad de no ser reelecto. Desde abril de 2023, Gattas ha amenazado directamente a los hermanos Osberto y Dar\u00edo Vera, quienes han denunciado sus actos de corrupci\u00f3n.<\/p>\n<p>En varias conferencias de prensa, Lalo Gattas ha acusado a la familia Vera de liderar una campa\u00f1a de desprestigio en su contra. El 25 de abril de 2023, durante una conferencia improvisada, Gattas mencion\u00f3 que los ataques en su contra proven\u00edan de los Vera y otros periodistas, a quienes denomin\u00f3 como \u00ablas vacas locas\u00bb. Estas declaraciones derivaron en dos denuncias federales por criminalizaci\u00f3n y amenazas.<\/p>\n<blockquote class=\"twitter-tweet\" data-media-max-width=\"560\">\n<p dir=\"ltr\" lang=\"es\">En el pasado 25 de abril <a href=\"https:\/\/twitter.com\/SoyLaloGattas?ref_src=twsrc%5Etfw\">@SoyLaloGattas<\/a> llev\u00f3 a cabo un acto de criminalizaci\u00f3n al mencionar y hacer apolog\u00eda de delito e intimidaci\u00f3n dirigidos hacia periodistas, a quienes se\u00f1al\u00f3 como delincuencia organizada y amenaz\u00f3. <a href=\"https:\/\/twitter.com\/FGRMexico?ref_src=twsrc%5Etfw\">@FGRMexico<\/a> <a href=\"https:\/\/twitter.com\/article19mex?ref_src=twsrc%5Etfw\">@article19mex<\/a> <a href=\"https:\/\/twitter.com\/RSF_esp?ref_src=twsrc%5Etfw\">@RSF_esp<\/a> <a href=\"https:\/\/twitter.com\/CPJAmericas?ref_src=twsrc%5Etfw\">@CPJAmericas<\/a> <a href=\"https:\/\/twitter.com\/hashtag\/M%C3%A9xico?src=hash&amp;ref_src=twsrc%5Etfw\">#M\u00e9xico<\/a> <a href=\"https:\/\/t.co\/tHWkD79sTw\">pic.twitter.com\/tHWkD79sTw<\/a><\/p>\n<p>\u2014 Periodistas Desplazados y Agredidos A.C. (@AlertaAMPDA) <a href=\"https:\/\/twitter.com\/AlertaAMPDA\/status\/1691837589915865278?ref_src=twsrc%5Etfw\">August 16, 2023<\/a><\/p><\/blockquote>\n<p><script async src=\"https:\/\/platform.twitter.com\/widgets.js\" charset=\"utf-8\"><\/script><\/p>\n<p>La situaci\u00f3n empeor\u00f3 para Osberto Vera cuando, tras documentar la negligencia en el incendio de la Sierra Madre en Ciudad Victoria, comenzaron a recibir represalias como el despido de su esposa de un puesto en la estructura gubernamental y el cierre de negocios de su hermano. Osberto Vera denunci\u00f3 estos actos de hostigamiento en sus canales de comunicaci\u00f3n, destacando la creciente campa\u00f1a de acoso en su contra.<\/p>\n<p>Jes\u00fas Gonz\u00e1lez, abogado de la Asociaci\u00f3n Mexicana de Periodistas Desplazados y Agredidos (AMPDA), se\u00f1al\u00f3 que este ataque tiene responsables claros y exigi\u00f3 que el gobernador del estado tome medidas para proteger a los periodistas. \u00abLalo Gattas ya enfrenta tres denuncias y ahora se presenta una cuarta. No puede quedar impune y debe ser llevado ante la justicia\u00bb, afirm\u00f3 Gonz\u00e1lez de Leija.<\/p>\n<p>Durante el proceso electoral, los periodistas de la regi\u00f3n enfrentan constantes amenazas, comunicaciones intimidatorias y bloqueos informativos por parte de pol\u00edticos y, ahora, tambi\u00e9n del gobierno de Tamaulipas, que incumple su promesa de no convertir el estado en una zona de silencio.<\/p>\n<p><iframe loading=\"lazy\" style=\"border: none; overflow: hidden;\" src=\"https:\/\/www.facebook.com\/plugins\/post.php?href=https%3A%2F%2Fwww.facebook.com%2FOsbertoVeraMx%2Fposts%2Fpfbid0knAzdepsFVcgd3HGESn6FwkC9Q8Rc5AgJZQMhEN2w5hqnBzQHSMFcicqhtahuA7nl&amp;show_text=true&amp;width=500&amp;is_preview=true\" width=\"500\" height=\"250\" frameborder=\"0\" scrolling=\"no\" allowfullscreen=\"allowfullscreen\"><\/iframe><\/p>\n","protected":false},"excerpt":{"rendered":"<p>Ciudad Victoria, Tamaulipas &#8211; La violencia contra los periodistas en Tamaulipas sigue siendo un problema grave y frecuente, con ataques perpetrados tanto por autoridades como por particulares y grupos delictivos. Hoy por la ma\u00f1ana, un encapuchado rompi\u00f3 el parabrisas y las ventanas laterales del veh\u00edculo de Osberto Vera, influencer y aspirante a una regidur\u00eda por [&hellip;]<\/p>\n","protected":false},"author":21,"featured_media":61217,"comment_status":"open","ping_status":"open","sticky":false,"template":"","format":"standard","meta":{"_uf_show_specific_survey":0,"_uf_disable_surveys":false,"advanced_seo_description":"","jetpack_seo_html_title":"","jetpack_seo_noindex":false,"jetpack_seo_schema_type":"","_jetpack_newsletter_access":"","_jetpack_dont_email_post_to_subs":false,"_jetpack_newsletter_tier_id":0,"_jetpack_memberships_contains_paywalled_content":false,"_jetpack_feature_clip_id":0,"_jetpack_memberships_contains_paid_content":false,"footnotes":"","jetpack_publicize_message":"","jetpack_publicize_feature_enabled":true,"jetpack_social_post_already_shared":true,"jetpack_social_options":{"image_generator_settings":{"template":"highway","default_image_id":0,"font":"","enabled":false},"version":2},"jetpack_post_was_ever_published":false},"categories":[1724,2],"tags":[],"class_list":["post-61214","post","type-post","status-publish","format-standard","has-post-thumbnail","category-featured","category-tamaulipas"],"jetpack_publicize_connections":[],"jetpack-related-posts":[{"id":63492,"url":"https:\/\/mexicocodigorojo.com.mx\/?p=63492","url_meta":{"origin":61214,"position":0},"title":"Balacera en Paseo M\u00e9ndez sacude a la Comunidad Victorense en plena Navidad","author":"MexicoRojoCvmx","date":"diciembre 26, 2024","format":false,"excerpt":"Ciudad Victoria.- Hoy por la ma\u00f1ana, un lugar familiar y querido por los victorenses, Paseo M\u00e9ndez, se convirti\u00f3 en el escenario de un tr\u00e1gico suceso. Una balacera a las afueras del Pedregal cobr\u00f3 la vida de una persona, generando una ola de p\u00e1nico y preocupaci\u00f3n entre los presentes. El tiroteo\u2026","rel":"","context":"En \u00abFeatured\u00bb","block_context":{"text":"Featured","link":"https:\/\/mexicocodigorojo.com.mx\/?cat=1724"},"img":{"alt_text":"","src":"https:\/\/i0.wp.com\/mexicocodigorojo.com.mx\/wp-content\/uploads\/2024\/12\/WhatsApp-Image-2024-12-26-at-1.10.47-PM-scaled.jpeg?fit=1200%2C900&ssl=1&resize=350%2C200","width":350,"height":200,"srcset":"https:\/\/i0.wp.com\/mexicocodigorojo.com.mx\/wp-content\/uploads\/2024\/12\/WhatsApp-Image-2024-12-26-at-1.10.47-PM-scaled.jpeg?fit=1200%2C900&ssl=1&resize=350%2C200 1x, https:\/\/i0.wp.com\/mexicocodigorojo.com.mx\/wp-content\/uploads\/2024\/12\/WhatsApp-Image-2024-12-26-at-1.10.47-PM-scaled.jpeg?fit=1200%2C900&ssl=1&resize=525%2C300 1.5x, https:\/\/i0.wp.com\/mexicocodigorojo.com.mx\/wp-content\/uploads\/2024\/12\/WhatsApp-Image-2024-12-26-at-1.10.47-PM-scaled.jpeg?fit=1200%2C900&ssl=1&resize=700%2C400 2x, https:\/\/i0.wp.com\/mexicocodigorojo.com.mx\/wp-content\/uploads\/2024\/12\/WhatsApp-Image-2024-12-26-at-1.10.47-PM-scaled.jpeg?fit=1200%2C900&ssl=1&resize=1050%2C600 3x"},"classes":[]},{"id":59913,"url":"https:\/\/mexicocodigorojo.com.mx\/?p=59913","url_meta":{"origin":61214,"position":1},"title":"Hermano de alcalde de MORENA implicado en red de trata","author":"MexicoRojoCvmx","date":"abril 22, 2024","format":false,"excerpt":"Ciudad de M\u00e9xico. - La investigaci\u00f3n del \"caso Batarse\" ha sacado a la luz conexiones tenebrosas entre Mauricio Michel Gattas Baez, hermano del actual alcalde Lalo Gattas y aspirante a la reelecci\u00f3n por la alcald\u00eda de Ciudad Victoria, Tamaulipas, bajo la bandera de MORENA, y Fernando Arizpe, seg\u00fan una filtraci\u00f3n\u2026","rel":"","context":"En \u00abFeatured\u00bb","block_context":{"text":"Featured","link":"https:\/\/mexicocodigorojo.com.mx\/?cat=1724"},"img":{"alt_text":"","src":"https:\/\/i0.wp.com\/mexicocodigorojo.com.mx\/wp-content\/uploads\/2024\/04\/50d7453e-6dd2-4336-88ae-c00e80d288f1.jpg?fit=1016%2C757&ssl=1&resize=350%2C200","width":350,"height":200,"srcset":"https:\/\/i0.wp.com\/mexicocodigorojo.com.mx\/wp-content\/uploads\/2024\/04\/50d7453e-6dd2-4336-88ae-c00e80d288f1.jpg?fit=1016%2C757&ssl=1&resize=350%2C200 1x, https:\/\/i0.wp.com\/mexicocodigorojo.com.mx\/wp-content\/uploads\/2024\/04\/50d7453e-6dd2-4336-88ae-c00e80d288f1.jpg?fit=1016%2C757&ssl=1&resize=525%2C300 1.5x, https:\/\/i0.wp.com\/mexicocodigorojo.com.mx\/wp-content\/uploads\/2024\/04\/50d7453e-6dd2-4336-88ae-c00e80d288f1.jpg?fit=1016%2C757&ssl=1&resize=700%2C400 2x"},"classes":[]},{"id":58349,"url":"https:\/\/mexicocodigorojo.com.mx\/?p=58349","url_meta":{"origin":61214,"position":2},"title":"Va FGR tras alcalde ligado a huachicolero; ahora por amenazas","author":"MexicoRojoCvmx","date":"noviembre 28, 2023","format":false,"excerpt":"Ciudad de Victoria. - El actual alcalde de Victoria, Eduardo Gattas Baez, est\u00e1 bajo investigaci\u00f3n de la Fiscal\u00eda Especial para la Atenci\u00f3n de Delitos cometidos contra la Libertad de Expresi\u00f3n (Feadle) FGR, tras ser denunciado por 11 periodistas tamaulipecos por una serie de delitos que van desde amenazas hasta ataques\u2026","rel":"","context":"En \u00abFeatured\u00bb","block_context":{"text":"Featured","link":"https:\/\/mexicocodigorojo.com.mx\/?cat=1724"},"img":{"alt_text":"","src":"https:\/\/i0.wp.com\/mexicocodigorojo.com.mx\/wp-content\/uploads\/2023\/11\/Gattasdenunciado.jpg?fit=1100%2C666&ssl=1&resize=350%2C200","width":350,"height":200,"srcset":"https:\/\/i0.wp.com\/mexicocodigorojo.com.mx\/wp-content\/uploads\/2023\/11\/Gattasdenunciado.jpg?fit=1100%2C666&ssl=1&resize=350%2C200 1x, https:\/\/i0.wp.com\/mexicocodigorojo.com.mx\/wp-content\/uploads\/2023\/11\/Gattasdenunciado.jpg?fit=1100%2C666&ssl=1&resize=525%2C300 1.5x, https:\/\/i0.wp.com\/mexicocodigorojo.com.mx\/wp-content\/uploads\/2023\/11\/Gattasdenunciado.jpg?fit=1100%2C666&ssl=1&resize=700%2C400 2x, https:\/\/i0.wp.com\/mexicocodigorojo.com.mx\/wp-content\/uploads\/2023\/11\/Gattasdenunciado.jpg?fit=1100%2C666&ssl=1&resize=1050%2C600 3x"},"classes":[]},{"id":60965,"url":"https:\/\/mexicocodigorojo.com.mx\/?p=60965","url_meta":{"origin":61214,"position":3},"title":"Por adeudo con viuda de huachicolero; Gatt\u00e1s se juega la vida en reelecci\u00f3n; esta aplastado en encuestas","author":"MexicoRojoCvmx","date":"mayo 23, 2024","format":false,"excerpt":"Tamaulipas.- El alcalde con licencia de Ciudad Victoria, Tamaulipas, Eduardo Abraham Gatt\u00e1s B\u00e1ez, se encuentra desesperado ya que mantiene un fuerte adeudo de varios millones de d\u00f3lares con Perla Sharaza McDonald S\u00e1nchez, viuda de Sergio Carmona Angulo, financiero de Morena a trav\u00e9s de una red de huachicol que se extiende\u2026","rel":"","context":"En \u00abFeatured\u00bb","block_context":{"text":"Featured","link":"https:\/\/mexicocodigorojo.com.mx\/?cat=1724"},"img":{"alt_text":"","src":"https:\/\/i0.wp.com\/mexicocodigorojo.com.mx\/wp-content\/uploads\/2024\/05\/Sin-titulo-2-Recuperado-scaled.jpg?fit=1200%2C869&ssl=1&resize=350%2C200","width":350,"height":200,"srcset":"https:\/\/i0.wp.com\/mexicocodigorojo.com.mx\/wp-content\/uploads\/2024\/05\/Sin-titulo-2-Recuperado-scaled.jpg?fit=1200%2C869&ssl=1&resize=350%2C200 1x, https:\/\/i0.wp.com\/mexicocodigorojo.com.mx\/wp-content\/uploads\/2024\/05\/Sin-titulo-2-Recuperado-scaled.jpg?fit=1200%2C869&ssl=1&resize=525%2C300 1.5x, https:\/\/i0.wp.com\/mexicocodigorojo.com.mx\/wp-content\/uploads\/2024\/05\/Sin-titulo-2-Recuperado-scaled.jpg?fit=1200%2C869&ssl=1&resize=700%2C400 2x, https:\/\/i0.wp.com\/mexicocodigorojo.com.mx\/wp-content\/uploads\/2024\/05\/Sin-titulo-2-Recuperado-scaled.jpg?fit=1200%2C869&ssl=1&resize=1050%2C600 3x"},"classes":[]},{"id":49310,"url":"https:\/\/mexicocodigorojo.com.mx\/?p=49310","url_meta":{"origin":61214,"position":4},"title":"Asignan escoltas y veh\u00edculo blindado a esposa de Candidato de MORENA","author":"MexicoRojoCvmx","date":"mayo 26, 2021","format":false,"excerpt":"Ciudad Victoria.- Mientras Alma Rosa Barrag\u00e1n Santiago era asesinada, Luc\u00eda Rodr\u00edguez de Gattas, esposa de un candidato morenista a una Alcald\u00eda en Tamaulipas goza de protecci\u00f3n de escoltas y veh\u00edculos blindados. De acuerdo a testimonios y reportes, la mujer es Esposa de Eduardo Gattas, un antiguo priista que era operador\u2026","rel":"","context":"En \u00abFeatured\u00bb","block_context":{"text":"Featured","link":"https:\/\/mexicocodigorojo.com.mx\/?cat=1724"},"img":{"alt_text":"","src":"https:\/\/i0.wp.com\/mexicocodigorojo.com.mx\/wp-content\/uploads\/2021\/05\/escoltas.jpg?fit=1080%2C720&ssl=1&resize=350%2C200","width":350,"height":200,"srcset":"https:\/\/i0.wp.com\/mexicocodigorojo.com.mx\/wp-content\/uploads\/2021\/05\/escoltas.jpg?fit=1080%2C720&ssl=1&resize=350%2C200 1x, https:\/\/i0.wp.com\/mexicocodigorojo.com.mx\/wp-content\/uploads\/2021\/05\/escoltas.jpg?fit=1080%2C720&ssl=1&resize=525%2C300 1.5x, https:\/\/i0.wp.com\/mexicocodigorojo.com.mx\/wp-content\/uploads\/2021\/05\/escoltas.jpg?fit=1080%2C720&ssl=1&resize=700%2C400 2x, https:\/\/i0.wp.com\/mexicocodigorojo.com.mx\/wp-content\/uploads\/2021\/05\/escoltas.jpg?fit=1080%2C720&ssl=1&resize=1050%2C600 3x"},"classes":[]},{"id":52882,"url":"https:\/\/mexicocodigorojo.com.mx\/?p=52882","url_meta":{"origin":61214,"position":5},"title":"Guardias de Gattas someten a polic\u00eda estatal investigador de Tamaulipas","author":"Staff","date":"mayo 6, 2022","format":false,"excerpt":"Realizaban una diligencia por carpeta de investigaci\u00f3n en contra del alcalde de Ciudad Victoria Ciudad Victoria , 5 de Mayo de 2022 .-En una clara muestra de obstrucci\u00f3n de la justicia, esta tarde un elemento de la fiscal\u00eda anticorrupci\u00f3n fue sometido,despojado de su arma e ingresado de manera arbitraria a\u2026","rel":"","context":"En \u00abTamaulipas\u00bb","block_context":{"text":"Tamaulipas","link":"https:\/\/mexicocodigorojo.com.mx\/?cat=2"},"img":{"alt_text":"","src":"https:\/\/i0.wp.com\/mexicocodigorojo.com.mx\/wp-content\/uploads\/2022\/05\/IMG-20220505-WA0040.jpg?fit=768%2C1024&ssl=1&resize=350%2C200","width":350,"height":200,"srcset":"https:\/\/i0.wp.com\/mexicocodigorojo.com.mx\/wp-content\/uploads\/2022\/05\/IMG-20220505-WA0040.jpg?fit=768%2C1024&ssl=1&resize=350%2C200 1x, https:\/\/i0.wp.com\/mexicocodigorojo.com.mx\/wp-content\/uploads\/2022\/05\/IMG-20220505-WA0040.jpg?fit=768%2C1024&ssl=1&resize=525%2C300 1.5x, https:\/\/i0.wp.com\/mexicocodigorojo.com.mx\/wp-content\/uploads\/2022\/05\/IMG-20220505-WA0040.jpg?fit=768%2C1024&ssl=1&resize=700%2C400 2x"},"classes":[]}],"jetpack_sharing_enabled":true,"jetpack_likes_enabled":true,"jetpack_shortlink":"https:\/\/wp.me\/p9TedA-fVk","jetpack_featured_media_url":"https:\/\/i0.wp.com\/mexicocodigorojo.com.mx\/wp-content\/uploads\/2024\/05\/americoy-gattas.jpg?fit=1261%2C900&ssl=1","_links":{"self":[{"href":"https:\/\/mexicocodigorojo.com.mx\/index.php?rest_route=\/wp\/v2\/posts\/61214","targetHints":{"allow":["GET"]}}],"collection":[{"href":"https:\/\/mexicocodigorojo.com.mx\/index.php?rest_route=\/wp\/v2\/posts"}],"about":[{"href":"https:\/\/mexicocodigorojo.com.mx\/index.php?rest_route=\/wp\/v2\/types\/post"}],"author":[{"embeddable":true,"href":"https:\/\/mexicocodigorojo.com.mx\/index.php?rest_route=\/wp\/v2\/users\/21"}],"replies":[{"embeddable":true,"href":"https:\/\/mexicocodigorojo.com.mx\/index.php?rest_route=%2Fwp%2Fv2%2Fcomments&post=61214"}],"version-history":[{"count":4,"href":"https:\/\/mexicocodigorojo.com.mx\/index.php?rest_route=\/wp\/v2\/posts\/61214\/revisions"}],"predecessor-version":[{"id":61219,"href":"https:\/\/mexicocodigorojo.com.mx\/index.php?rest_route=\/wp\/v2\/posts\/61214\/revisions\/61219"}],"wp:featuredmedia":[{"embeddable":true,"href":"https:\/\/mexicocodigorojo.com.mx\/index.php?rest_route=\/wp\/v2\/media\/61217"}],"wp:attachment":[{"href":"https:\/\/mexicocodigorojo.com.mx\/index.php?rest_route=%2Fwp%2Fv2%2Fmedia&parent=61214"}],"wp:term":[{"taxonomy":"category","embeddable":true,"href":"https:\/\/mexicocodigorojo.com.mx\/index.php?rest_route=%2Fwp%2Fv2%2Fcategories&post=61214"},{"taxonomy":"post_tag","embeddable":true,"href":"https:\/\/mexicocodigorojo.com.mx\/index.php?rest_route=%2Fwp%2Fv2%2Ftags&post=61214"}],"curies":[{"name":"wp","href":"https:\/\/api.w.org\/{rel}","templated":true}]}}