{"id":61210,"date":"2024-05-30T14:03:47","date_gmt":"2024-05-30T20:03:47","guid":{"rendered":"https:\/\/mexicocodigorojo.com.mx\/?p=61210"},"modified":"2024-05-30T14:03:47","modified_gmt":"2024-05-30T20:03:47","slug":"fallece-guardia-estatal-por-heridas-tras-agresion-en-jimenez","status":"publish","type":"post","link":"https:\/\/mexicocodigorojo.com.mx\/?p=61210","title":{"rendered":"Fallece Guardia Estatal por Heridas tras agresi\u00f3n en Jim\u00e9nez"},"content":{"rendered":"\n<p>Despu\u00e9s de d\u00edas hospitalizado a pesar de los esfuerzos de m\u00e9dicos y enfermeras, Omar Hern\u00e1ndez Villegas pierde la vida.<\/p>\n\n\n\n<p>Ciudad Victoria, Tamaulipas, 30 de mayo de 2024. Un agente de la Secretar\u00eda de Seguridad P\u00fablica de Tamaulipas, identificado como el Polic\u00eda Estatal Ing. Omar Hern\u00e1ndez Villegas, falleci\u00f3 el jueves a causa de las heridas sufridas en un ataque armado mientras ejerc\u00eda funciones de guardaespaldas.<\/p>\n\n\n\n<p>El aspirante pol\u00edtico a quien Hern\u00e1ndez Villegas proteg\u00eda, comparti\u00f3 en redes sociales su pesar: \u00abCon un dolor en mi coraz\u00f3n y en el alma, lamento informar que mi escolta asignado por la Secretar\u00eda de Seguridad P\u00fablica acaba de fallecer, resultado del atentado armado en contra de mi equipo de campa\u00f1a\u00bb.<\/p>\n\n\n\n<p><strong>Te podr\u00eda interesar:<\/strong> <a href=\"https:\/\/mexicocodigorojo.com.mx\/?p=61118\" target=\"_blank\" rel=\"noreferrer noopener\">Rafaguean a candidato a regidor Dante Paulin de Movimiento Ciudadano en Jim\u00e9nez<\/a><\/p>\n\n\n\n<p>El pol\u00edtico destac\u00f3 la lealtad y vocaci\u00f3n del agente, agradeciendo su dedicaci\u00f3n y sacrificio: \u00abAgradezco tu lealtad y vocaci\u00f3n de servicio por protegerme y cumplir con tu honrado trabajo de servir como integrante de la seguridad p\u00fablica. Te debo mucho y estar\u00e9 eternamente agradecido por todo. Nos vemos pronto, amigo. Polic\u00eda Estatal Ing. Omar Hern\u00e1ndez Villegas, descanse en paz\u00bb.<\/p>\n\n\n\n<p>La agresi\u00f3n tuvo lugar el lunes por la tarde en la cabecera municipal de Jim\u00e9nez, y adem\u00e1s del tr\u00e1gico fallecimiento de Hern\u00e1ndez Villegas, resultaron heridas otras cuatro personas.<\/p>\n\n\n\n<figure class=\"wp-block-embed is-type-rich is-provider-twitter wp-block-embed-twitter\"><div class=\"wp-block-embed__wrapper\">\n<blockquote class=\"twitter-tweet\" data-width=\"550\" data-dnt=\"true\"><p lang=\"es\" dir=\"ltr\">Se lamenta el fallecimiento del polic\u00eda Omar Hern\u00e1ndez Villegas quien sufri\u00f3 un ataque en el municipio de <a href=\"https:\/\/twitter.com\/hashtag\/Jimenez?src=hash&amp;ref_src=twsrc%5Etfw\">#Jimenez<\/a>. <a href=\"https:\/\/t.co\/Ur6TqW5jff\">pic.twitter.com\/Ur6TqW5jff<\/a><\/p>&mdash; ElGuzman (@FuriaNegra77) <a href=\"https:\/\/twitter.com\/FuriaNegra77\/status\/1796270758517149872?ref_src=twsrc%5Etfw\">May 30, 2024<\/a><\/blockquote><script async src=\"https:\/\/platform.twitter.com\/widgets.js\" charset=\"utf-8\"><\/script>\n<\/div><\/figure>\n\n\n\n<p>Ese municipio mantiene una pelea entre dos grupos delictivos.<\/p>\n\n\n\n<figure class=\"wp-block-embed is-type-rich is-provider-twitter wp-block-embed-twitter\"><div class=\"wp-block-embed__wrapper\">\n<blockquote class=\"twitter-tweet\" data-width=\"550\" data-dnt=\"true\"><p lang=\"es\" dir=\"ltr\">El Flaco o el Gori de los Zetas presuntamente secuestro a trabajadores y clientes del restaurante el tinieblo de <a href=\"https:\/\/twitter.com\/hashtag\/Jim%C3%A9nez?src=hash&amp;ref_src=twsrc%5Etfw\">#Jim\u00e9nez<\/a> <a href=\"https:\/\/t.co\/Nv93mqnrgk\">pic.twitter.com\/Nv93mqnrgk<\/a><\/p>&mdash; ElGuzman (@FuriaNegra77) <a href=\"https:\/\/twitter.com\/FuriaNegra77\/status\/1779407702176809188?ref_src=twsrc%5Etfw\">April 14, 2024<\/a><\/blockquote><script async src=\"https:\/\/platform.twitter.com\/widgets.js\" charset=\"utf-8\"><\/script>\n<\/div><\/figure>\n\n\n\n<figure class=\"wp-block-embed is-type-rich is-provider-twitter wp-block-embed-twitter\"><div class=\"wp-block-embed__wrapper\">\n<blockquote class=\"twitter-tweet\" data-width=\"550\" data-dnt=\"true\"><p lang=\"es\" dir=\"ltr\">En <a href=\"https:\/\/twitter.com\/hashtag\/Tamaulipas?src=hash&amp;ref_src=twsrc%5Etfw\">#Tamaulipas<\/a>, reportan seis ejecutados con narco mensaje en \u201cLa Gallera\u201d en <a href=\"https:\/\/twitter.com\/hashtag\/SanFernando?src=hash&amp;ref_src=twsrc%5Etfw\">#SanFernando<\/a>. En la madrugada hubo reporte de enfrentamiento en la carretera <a href=\"https:\/\/twitter.com\/hashtag\/CdVictoria?src=hash&amp;ref_src=twsrc%5Etfw\">#CdVictoria<\/a>&#8211;<a href=\"https:\/\/twitter.com\/hashtag\/Matamoros?src=hash&amp;ref_src=twsrc%5Etfw\">#Matamoros<\/a> entre <a href=\"https:\/\/twitter.com\/hashtag\/Jimenez?src=hash&amp;ref_src=twsrc%5Etfw\">#Jimenez<\/a> y <a href=\"https:\/\/twitter.com\/hashtag\/SanFernando?src=hash&amp;ref_src=twsrc%5Etfw\">#SanFernando<\/a> altura de \u201cTres Palos\u201d. <a href=\"https:\/\/t.co\/SOJOkCVx31\">pic.twitter.com\/SOJOkCVx31<\/a><\/p>&mdash; ElGuzman (@FuriaNegra77) <a href=\"https:\/\/twitter.com\/FuriaNegra77\/status\/1734600476350357929?ref_src=twsrc%5Etfw\">December 12, 2023<\/a><\/blockquote><script async src=\"https:\/\/platform.twitter.com\/widgets.js\" charset=\"utf-8\"><\/script>\n<\/div><\/figure>\n","protected":false},"excerpt":{"rendered":"<p>Despu\u00e9s de d\u00edas hospitalizado a pesar de los esfuerzos de m\u00e9dicos y enfermeras, Omar Hern\u00e1ndez Villegas pierde la vida. Ciudad Victoria, Tamaulipas, 30 de mayo de 2024. Un agente de la Secretar\u00eda de Seguridad P\u00fablica de Tamaulipas, identificado como el Polic\u00eda Estatal Ing. Omar Hern\u00e1ndez Villegas, falleci\u00f3 el jueves a causa de las heridas sufridas [&hellip;]<\/p>\n","protected":false},"author":5,"featured_media":61207,"comment_status":"open","ping_status":"open","sticky":false,"template":"","format":"standard","meta":{"_uf_show_specific_survey":0,"_uf_disable_surveys":false,"advanced_seo_description":"","jetpack_seo_html_title":"","jetpack_seo_noindex":false,"jetpack_post_was_ever_published":false,"_jetpack_newsletter_access":"","_jetpack_dont_email_post_to_subs":false,"_jetpack_newsletter_tier_id":0,"_jetpack_memberships_contains_paywalled_content":false,"_jetpack_memberships_contains_paid_content":false,"footnotes":"","jetpack_publicize_message":"","jetpack_publicize_feature_enabled":true,"jetpack_social_post_already_shared":true,"jetpack_social_options":{"image_generator_settings":{"template":"highway","default_image_id":0,"font":"","enabled":false},"version":2}},"categories":[1724,2],"tags":[906],"class_list":{"0":"post-61210","1":"post","2":"type-post","3":"status-publish","4":"format-standard","5":"has-post-thumbnail","7":"category-featured","8":"category-tamaulipas","9":"tag-crimenorganizado"},"jetpack_publicize_connections":[],"jetpack_featured_media_url":"https:\/\/i0.wp.com\/mexicocodigorojo.com.mx\/wp-content\/uploads\/2024\/05\/img_6990-1.jpg?fit=720%2C463&ssl=1","jetpack-related-posts":[{"id":62704,"url":"https:\/\/mexicocodigorojo.com.mx\/?p=62704","url_meta":{"origin":61210,"position":0},"title":"Con Harfuch al mando, Tamaulipas se prepara para un cambio dr\u00e1stico en seguridad, afirma Am\u00e9rico Villarreal","author":"MexicoRojoCvmx","date":"septiembre 2, 2024","format":false,"excerpt":"Ciudad de M\u00e9xico.- En un esfuerzo por transformar la seguridad en Tamaulipas, el gobernador Am\u00e9rico Villarreal Anaya sostuvo una reuni\u00f3n clave con Omar Garc\u00eda Harfuch, quien asumir\u00e1 el cargo de secretario de Seguridad Ciudadana a partir de octubre. En este encuentro, ambos delinearon una serie de estrategias orientadas a combatir\u2026","rel":"","context":"En \u00abFeatured\u00bb","block_context":{"text":"Featured","link":"https:\/\/mexicocodigorojo.com.mx\/?cat=1724"},"img":{"alt_text":"","src":"https:\/\/i0.wp.com\/mexicocodigorojo.com.mx\/wp-content\/uploads\/2024\/09\/WhatsApp-Image-2024-09-02-at-7.18.16-PM.jpeg?fit=1200%2C801&ssl=1&resize=350%2C200","width":350,"height":200,"srcset":"https:\/\/i0.wp.com\/mexicocodigorojo.com.mx\/wp-content\/uploads\/2024\/09\/WhatsApp-Image-2024-09-02-at-7.18.16-PM.jpeg?fit=1200%2C801&ssl=1&resize=350%2C200 1x, https:\/\/i0.wp.com\/mexicocodigorojo.com.mx\/wp-content\/uploads\/2024\/09\/WhatsApp-Image-2024-09-02-at-7.18.16-PM.jpeg?fit=1200%2C801&ssl=1&resize=525%2C300 1.5x, https:\/\/i0.wp.com\/mexicocodigorojo.com.mx\/wp-content\/uploads\/2024\/09\/WhatsApp-Image-2024-09-02-at-7.18.16-PM.jpeg?fit=1200%2C801&ssl=1&resize=700%2C400 2x, https:\/\/i0.wp.com\/mexicocodigorojo.com.mx\/wp-content\/uploads\/2024\/09\/WhatsApp-Image-2024-09-02-at-7.18.16-PM.jpeg?fit=1200%2C801&ssl=1&resize=1050%2C600 3x"},"classes":[]},{"id":64093,"url":"https:\/\/mexicocodigorojo.com.mx\/?p=64093","url_meta":{"origin":61210,"position":1},"title":"Informaci\u00f3n de Inteligencia Naval permiti\u00f3 la Captura de \u201cEl Flaco\u201d o \u201cEl Gory\u201d en Los Almendros de Reynosa","author":"Staff","date":"abril 10, 2025","format":false,"excerpt":"Derivado de informaci\u00f3n de \"Inteligencia Naval\" de la Armada de M\u00e9xico, integrantes de la Polic\u00eda Estatal de Tamaulipas, detuvieron la madrugada de este mi\u00e9rcoles a Jorge Luis Ch\u00e1vez Hern\u00e1ndez, alias \"El Flaco\" y\/o \"El Gory\", considerado jefe Regional en San Fernando, integrante de la organizaci\u00f3n criminal \"Los Zetas Vieja Escuela\",\u2026","rel":"","context":"En \u00abFeatured\u00bb","block_context":{"text":"Featured","link":"https:\/\/mexicocodigorojo.com.mx\/?cat=1724"},"img":{"alt_text":"","src":"","width":0,"height":0},"classes":[]},{"id":9205,"url":"https:\/\/mexicocodigorojo.com.mx\/?p=9205","url_meta":{"origin":61210,"position":2},"title":"Mandan volando a un penal federal Eugenio Hern\u00e1ndez","author":"Staff","date":"noviembre 21, 2018","format":false,"excerpt":"Ciudad Victoria, Tamaulipas.- El Ex Gobernador de Tamaulipas, Eugenio Javier Hernandez Flores, fue excarcelado a las 20 horas de este martes, del Centro de Ejecuci\u00f3n de Sanciones (CEDES) de Victoria, inform\u00f3 a trav\u00e9s de un comunicado, la Secretaria de Seguridad P\u00fablica de Tamaulipas (SSP) La intenci\u00f3n, seg\u00fan el informe, es\u2026","rel":"","context":"En \u00abTamaulipas\u00bb","block_context":{"text":"Tamaulipas","link":"https:\/\/mexicocodigorojo.com.mx\/?cat=2"},"img":{"alt_text":"","src":"https:\/\/i0.wp.com\/mexicocodigorojo.com.mx\/wp-content\/uploads\/2018\/11\/img-20181121-wa00016131307587169325339.jpg?resize=350%2C200&ssl=1","width":350,"height":200,"srcset":"https:\/\/i0.wp.com\/mexicocodigorojo.com.mx\/wp-content\/uploads\/2018\/11\/img-20181121-wa00016131307587169325339.jpg?resize=350%2C200&ssl=1 1x, https:\/\/i0.wp.com\/mexicocodigorojo.com.mx\/wp-content\/uploads\/2018\/11\/img-20181121-wa00016131307587169325339.jpg?resize=525%2C300&ssl=1 1.5x, https:\/\/i0.wp.com\/mexicocodigorojo.com.mx\/wp-content\/uploads\/2018\/11\/img-20181121-wa00016131307587169325339.jpg?resize=700%2C400&ssl=1 2x, https:\/\/i0.wp.com\/mexicocodigorojo.com.mx\/wp-content\/uploads\/2018\/11\/img-20181121-wa00016131307587169325339.jpg?resize=1050%2C600&ssl=1 3x"},"classes":[]},{"id":57181,"url":"https:\/\/mexicocodigorojo.com.mx\/?p=57181","url_meta":{"origin":61210,"position":3},"title":"Militares y Polic\u00eda resguardan palacio de Gobierno en medio de protestas Magisteriales","author":"MexicoRojoCvmx","date":"septiembre 12, 2023","format":false,"excerpt":"Tamaulipas.- El Secretario General de Gobierno, H\u00e9ctor Villegas \"El Calabazo\", ha ordenado el despliegue de 300 elementos de la Secretar\u00eda de Seguridad P\u00fablica como unidades antimotines tanto en el interior como en el exterior de Palacio de Gobierno. Esta acci\u00f3n se produce en respuesta a la convocatoria del Sindicato Nacional\u2026","rel":"","context":"En \u00abFeatured\u00bb","block_context":{"text":"Featured","link":"https:\/\/mexicocodigorojo.com.mx\/?cat=1724"},"img":{"alt_text":"","src":"https:\/\/i0.wp.com\/mexicocodigorojo.com.mx\/wp-content\/uploads\/2023\/09\/fuerzasssp.jpg?fit=1024%2C576&ssl=1&resize=350%2C200","width":350,"height":200,"srcset":"https:\/\/i0.wp.com\/mexicocodigorojo.com.mx\/wp-content\/uploads\/2023\/09\/fuerzasssp.jpg?fit=1024%2C576&ssl=1&resize=350%2C200 1x, https:\/\/i0.wp.com\/mexicocodigorojo.com.mx\/wp-content\/uploads\/2023\/09\/fuerzasssp.jpg?fit=1024%2C576&ssl=1&resize=525%2C300 1.5x, https:\/\/i0.wp.com\/mexicocodigorojo.com.mx\/wp-content\/uploads\/2023\/09\/fuerzasssp.jpg?fit=1024%2C576&ssl=1&resize=700%2C400 2x"},"classes":[]},{"id":55773,"url":"https:\/\/mexicocodigorojo.com.mx\/?p=55773","url_meta":{"origin":61210,"position":4},"title":"Narcotr\u00e1fico y corrupci\u00f3n en R\u00edo Bravo: la lucha por el poder detr\u00e1s de las reformas del C\u00f3digo Municipal","author":"MexicoRojoCvmx","date":"marzo 29, 2023","format":false,"excerpt":"Ciudad de M\u00e9xico.- La violencia y la corrupci\u00f3n contin\u00faan afectando a R\u00edo Bravo, Tamaulipas, ubicada en la frontera con los Estados Unidos. En las \u00faltimas semanas, la ciudad ha experimentado dos incidentes importantes relacionados con el crimen organizado. El 16 de marzo de 2023, un guardia estatal fue asesinado a\u2026","rel":"","context":"En \u00abFeatured\u00bb","block_context":{"text":"Featured","link":"https:\/\/mexicocodigorojo.com.mx\/?cat=1724"},"img":{"alt_text":"","src":"https:\/\/i0.wp.com\/mexicocodigorojo.com.mx\/wp-content\/uploads\/2023\/03\/338310376_1282057549042753_6745817135098402751_n-696x522-1.jpg?fit=696%2C522&ssl=1&resize=350%2C200","width":350,"height":200,"srcset":"https:\/\/i0.wp.com\/mexicocodigorojo.com.mx\/wp-content\/uploads\/2023\/03\/338310376_1282057549042753_6745817135098402751_n-696x522-1.jpg?fit=696%2C522&ssl=1&resize=350%2C200 1x, https:\/\/i0.wp.com\/mexicocodigorojo.com.mx\/wp-content\/uploads\/2023\/03\/338310376_1282057549042753_6745817135098402751_n-696x522-1.jpg?fit=696%2C522&ssl=1&resize=525%2C300 1.5x"},"classes":[]},{"id":40017,"url":"https:\/\/mexicocodigorojo.com.mx\/?p=40017","url_meta":{"origin":61210,"position":5},"title":"La llamada del CJNG que habr\u00eda anticipado la ejecuci\u00f3n del juez Villegas: un \u201cataque de alto nivel\u201d","author":"Staff","date":"junio 19, 2020","format":false,"excerpt":"La semana pasada, el Centro Nacional de Inteligencia (CNI) intercept\u00f3 una llamada de supuestos sicarios del CJNG que advert\u00edan un ataque La\u00a0ejecuci\u00f3n del juez federal, Uriel Villegas Ortiz y de su esposa, Ver\u00f3nica Barajas, no es un homicidio m\u00e1s de los miles que se registran al mes: se trata de\u2026","rel":"","context":"En \u00abCiudad de M\u00e9xico\u00bb","block_context":{"text":"Ciudad de M\u00e9xico","link":"https:\/\/mexicocodigorojo.com.mx\/?cat=101"},"img":{"alt_text":"","src":"https:\/\/i0.wp.com\/mexicocodigorojo.com.mx\/wp-content\/uploads\/2020\/06\/GEXGT2O4XZHGXI47YDLH5TT3JE.jpg?fit=768%2C432&ssl=1&resize=350%2C200","width":350,"height":200,"srcset":"https:\/\/i0.wp.com\/mexicocodigorojo.com.mx\/wp-content\/uploads\/2020\/06\/GEXGT2O4XZHGXI47YDLH5TT3JE.jpg?fit=768%2C432&ssl=1&resize=350%2C200 1x, https:\/\/i0.wp.com\/mexicocodigorojo.com.mx\/wp-content\/uploads\/2020\/06\/GEXGT2O4XZHGXI47YDLH5TT3JE.jpg?fit=768%2C432&ssl=1&resize=525%2C300 1.5x, https:\/\/i0.wp.com\/mexicocodigorojo.com.mx\/wp-content\/uploads\/2020\/06\/GEXGT2O4XZHGXI47YDLH5TT3JE.jpg?fit=768%2C432&ssl=1&resize=700%2C400 2x"},"classes":[]}],"jetpack_sharing_enabled":true,"jetpack_likes_enabled":true,"jetpack_shortlink":"https:\/\/wp.me\/p9TedA-fVg","_links":{"self":[{"href":"https:\/\/mexicocodigorojo.com.mx\/index.php?rest_route=\/wp\/v2\/posts\/61210","targetHints":{"allow":["GET"]}}],"collection":[{"href":"https:\/\/mexicocodigorojo.com.mx\/index.php?rest_route=\/wp\/v2\/posts"}],"about":[{"href":"https:\/\/mexicocodigorojo.com.mx\/index.php?rest_route=\/wp\/v2\/types\/post"}],"author":[{"embeddable":true,"href":"https:\/\/mexicocodigorojo.com.mx\/index.php?rest_route=\/wp\/v2\/users\/5"}],"replies":[{"embeddable":true,"href":"https:\/\/mexicocodigorojo.com.mx\/index.php?rest_route=%2Fwp%2Fv2%2Fcomments&post=61210"}],"version-history":[{"count":0,"href":"https:\/\/mexicocodigorojo.com.mx\/index.php?rest_route=\/wp\/v2\/posts\/61210\/revisions"}],"wp:featuredmedia":[{"embeddable":true,"href":"https:\/\/mexicocodigorojo.com.mx\/index.php?rest_route=\/wp\/v2\/media\/61207"}],"wp:attachment":[{"href":"https:\/\/mexicocodigorojo.com.mx\/index.php?rest_route=%2Fwp%2Fv2%2Fmedia&parent=61210"}],"wp:term":[{"taxonomy":"category","embeddable":true,"href":"https:\/\/mexicocodigorojo.com.mx\/index.php?rest_route=%2Fwp%2Fv2%2Fcategories&post=61210"},{"taxonomy":"post_tag","embeddable":true,"href":"https:\/\/mexicocodigorojo.com.mx\/index.php?rest_route=%2Fwp%2Fv2%2Ftags&post=61210"}],"curies":[{"name":"wp","href":"https:\/\/api.w.org\/{rel}","templated":true}]}}