{"id":61208,"date":"2024-05-30T14:03:49","date_gmt":"2024-05-30T20:03:49","guid":{"rendered":"https:\/\/mexicocodigorojo.com.mx\/?p=61208"},"modified":"2024-05-30T14:03:49","modified_gmt":"2024-05-30T20:03:49","slug":"tamaulipas-amenazan-de-muerte-a-influencer-de-cd-victoria","status":"publish","type":"post","link":"https:\/\/mexicocodigorojo.com.mx\/?p=61208","title":{"rendered":"Tamaulipas | Amenazan de muerte a Influencer de Cd. Victoria"},"content":{"rendered":"<p>El creador de contenido, Osberto Vera, recibi\u00f3 amenazas y da\u00f1aron su veh\u00edculo la madrugada de este jueves.<\/p>\n<p>&nbsp;<\/p>\n<p>&nbsp;<\/p>\n<p>Ciudad Victoria,\u00a0Tamaulipas. \u2013 El\u00a0influencer\u00a0Osberto Vera recibi\u00f3 un\u00a0ataque\u00a0y\u00a0amenazas\u00a0en su domicilio durante la madrugada de este jueves..<\/p>\n<p>&nbsp;<\/p>\n<p>&nbsp;<\/p>\n<p>De acuerdo con los primeros reportes del\u00a0influencer, una persona descendi\u00f3 de un\u00a0veh\u00edculo\u00a0alrededor de las 4:00 de la madrugada y procedi\u00f3 a romper el parabrisas y vidrios de su\u00a0veh\u00edculo, donde tambi\u00e9n dej\u00f3 una cartulina color naranja con el mensaje:<\/p>\n<p>&nbsp;<\/p>\n<p>&nbsp;<\/p>\n<h1>\u00abTe va a llevar la verga\u00bb.<\/h1>\n<p>&nbsp;<\/p>\n<p>&nbsp;<\/p>\n<p>Expres\u00f3 que tiene\u00a0temor\u00a0por la vida de sus hijos y de su esposa, a quienes les ha causado crisis nerviosa por la\u00a0amenaza, adem\u00e1s dijo que solicitar\u00e1\u00a0protecci\u00f3n\u00a0a la Secretar\u00eda de Seguridad P\u00fablica (SSP).<\/p>\n<p>&nbsp;<\/p>\n<p>Cabe mencionar que d\u00edas antes del\u00a0ataque, el\u00a0influencer\u00a0realiz\u00f3 diversas\u00a0publicaciones\u00a0en contra del\u00a0candidato\u00a0a presidente municipal de Victoria por Movimiento Ciudadano, Luis Torre Aliy\u00e1n, por presuntos desencuentros.<\/p>\n<p>&nbsp;<\/p>\n<p>Lo que deriv\u00f3 a la renuncia de su candidatura a regidur\u00eda por la planilla de Torre Aliy\u00e1n.<\/p>\n","protected":false},"excerpt":{"rendered":"<p>El creador de contenido, Osberto Vera, recibi\u00f3 amenazas y da\u00f1aron su veh\u00edculo la madrugada de este jueves. &nbsp; &nbsp; Ciudad Victoria,\u00a0Tamaulipas. \u2013 El\u00a0influencer\u00a0Osberto Vera recibi\u00f3 un\u00a0ataque\u00a0y\u00a0amenazas\u00a0en su domicilio durante la madrugada de este jueves.. &nbsp; &nbsp; De acuerdo con los primeros reportes del\u00a0influencer, una persona descendi\u00f3 de un\u00a0veh\u00edculo\u00a0alrededor de las 4:00 de la madrugada y [&hellip;]<\/p>\n","protected":false},"author":16,"featured_media":61209,"comment_status":"open","ping_status":"open","sticky":false,"template":"","format":"standard","meta":{"_uf_show_specific_survey":0,"_uf_disable_surveys":false,"advanced_seo_description":"","jetpack_seo_html_title":"","jetpack_seo_noindex":false,"jetpack_post_was_ever_published":false,"_jetpack_newsletter_access":"","_jetpack_dont_email_post_to_subs":false,"_jetpack_newsletter_tier_id":0,"_jetpack_memberships_contains_paywalled_content":false,"_jetpack_memberships_contains_paid_content":false,"footnotes":"","jetpack_publicize_message":"","jetpack_publicize_feature_enabled":true,"jetpack_social_post_already_shared":true,"jetpack_social_options":{"image_generator_settings":{"template":"highway","default_image_id":0,"font":"","enabled":false},"version":2}},"categories":[1724,2],"tags":[906,510],"class_list":{"0":"post-61208","1":"post","2":"type-post","3":"status-publish","4":"format-standard","5":"has-post-thumbnail","7":"category-featured","8":"category-tamaulipas","9":"tag-crimenorganizado","10":"tag-nacional"},"jetpack_publicize_connections":[],"jetpack_featured_media_url":"https:\/\/i0.wp.com\/mexicocodigorojo.com.mx\/wp-content\/uploads\/2024\/05\/20240530_125818.jpg?fit=591%2C440&ssl=1","jetpack-related-posts":[{"id":61214,"url":"https:\/\/mexicocodigorojo.com.mx\/?p=61214","url_meta":{"origin":61208,"position":0},"title":"Atentado contra Osberto Vera: Lalo Gattas y Am\u00e9rico Villarreal los se\u00f1alados","author":"MexicoRojoCvmx","date":"mayo 30, 2024","format":false,"excerpt":"Ciudad Victoria, Tamaulipas - La violencia contra los periodistas en Tamaulipas sigue siendo un problema grave y frecuente, con ataques perpetrados tanto por autoridades como por particulares y grupos delictivos. Hoy por la ma\u00f1ana, un encapuchado rompi\u00f3 el parabrisas y las ventanas laterales del veh\u00edculo de Osberto Vera, influencer y\u2026","rel":"","context":"En \u00abFeatured\u00bb","block_context":{"text":"Featured","link":"https:\/\/mexicocodigorojo.com.mx\/?cat=1724"},"img":{"alt_text":"","src":"https:\/\/i0.wp.com\/mexicocodigorojo.com.mx\/wp-content\/uploads\/2024\/05\/americoy-gattas.jpg?fit=1200%2C856&ssl=1&resize=350%2C200","width":350,"height":200,"srcset":"https:\/\/i0.wp.com\/mexicocodigorojo.com.mx\/wp-content\/uploads\/2024\/05\/americoy-gattas.jpg?fit=1200%2C856&ssl=1&resize=350%2C200 1x, https:\/\/i0.wp.com\/mexicocodigorojo.com.mx\/wp-content\/uploads\/2024\/05\/americoy-gattas.jpg?fit=1200%2C856&ssl=1&resize=525%2C300 1.5x, https:\/\/i0.wp.com\/mexicocodigorojo.com.mx\/wp-content\/uploads\/2024\/05\/americoy-gattas.jpg?fit=1200%2C856&ssl=1&resize=700%2C400 2x, https:\/\/i0.wp.com\/mexicocodigorojo.com.mx\/wp-content\/uploads\/2024\/05\/americoy-gattas.jpg?fit=1200%2C856&ssl=1&resize=1050%2C600 3x"},"classes":[]},{"id":10825,"url":"https:\/\/mexicocodigorojo.com.mx\/?p=10825","url_meta":{"origin":61208,"position":1},"title":"EJECUTAN A JUEZ Y A UNA MP EN CIUDAD VICTORIA","author":"Staff","date":"diciembre 18, 2018","format":false,"excerpt":"Esta noche en Ciudad Victoria ejecutan a un Juez y a una MP en las calles del Fracc. Lomas del Santuario. El ataque fue cuando se transportaban en su veh\u00edculo. Ciudad Victoria, Tamaulipas.- La Procuradur\u00eda General de Justicia de Tamaulipas informa que fue abierta una carpeta de investigaci\u00f3n por el\u2026","rel":"","context":"En \u00abTamaulipas\u00bb","block_context":{"text":"Tamaulipas","link":"https:\/\/mexicocodigorojo.com.mx\/?cat=2"},"img":{"alt_text":"","src":"https:\/\/i0.wp.com\/mexicocodigorojo.com.mx\/wp-content\/uploads\/2018\/12\/img-20181217-wa0124787334324432168330.jpg?fit=774%2C1032&ssl=1&resize=350%2C200","width":350,"height":200,"srcset":"https:\/\/i0.wp.com\/mexicocodigorojo.com.mx\/wp-content\/uploads\/2018\/12\/img-20181217-wa0124787334324432168330.jpg?fit=774%2C1032&ssl=1&resize=350%2C200 1x, https:\/\/i0.wp.com\/mexicocodigorojo.com.mx\/wp-content\/uploads\/2018\/12\/img-20181217-wa0124787334324432168330.jpg?fit=774%2C1032&ssl=1&resize=525%2C300 1.5x, https:\/\/i0.wp.com\/mexicocodigorojo.com.mx\/wp-content\/uploads\/2018\/12\/img-20181217-wa0124787334324432168330.jpg?fit=774%2C1032&ssl=1&resize=700%2C400 2x"},"classes":[]},{"id":40837,"url":"https:\/\/mexicocodigorojo.com.mx\/?p=40837","url_meta":{"origin":61208,"position":2},"title":"Miguel Aleman en llamas: grupos criminales se enfrentaron durante tres horas en Tamaulipas","author":"Staff","date":"julio 14, 2020","format":false,"excerpt":"Los ataques comenzaron despu\u00e9s de medianoche entre presuntos sicarios del C\u00e1rtel del Noreste y el C\u00e1rtel del Golfo Durante m\u00e1s de tres horas, habitantes del municipio de Miguel Alem\u00e1n, en Tamaulipas, fueron testigos del horror al registrarse enfrentamientos entre grupos criminales. Te podr\u00eda interesar: MIGUEL ALEMAN TAMAULIPAS CARTEL DEL NORESTE\u2026","rel":"","context":"En \u00abTamaulipas\u00bb","block_context":{"text":"Tamaulipas","link":"https:\/\/mexicocodigorojo.com.mx\/?cat=2"},"img":{"alt_text":"","src":"https:\/\/i0.wp.com\/mexicocodigorojo.com.mx\/wp-content\/uploads\/2020\/07\/NCXJHXBBFNFEHPJNX3TMWYPBVU-1.jpg?fit=768%2C432&ssl=1&resize=350%2C200","width":350,"height":200,"srcset":"https:\/\/i0.wp.com\/mexicocodigorojo.com.mx\/wp-content\/uploads\/2020\/07\/NCXJHXBBFNFEHPJNX3TMWYPBVU-1.jpg?fit=768%2C432&ssl=1&resize=350%2C200 1x, https:\/\/i0.wp.com\/mexicocodigorojo.com.mx\/wp-content\/uploads\/2020\/07\/NCXJHXBBFNFEHPJNX3TMWYPBVU-1.jpg?fit=768%2C432&ssl=1&resize=525%2C300 1.5x, https:\/\/i0.wp.com\/mexicocodigorojo.com.mx\/wp-content\/uploads\/2020\/07\/NCXJHXBBFNFEHPJNX3TMWYPBVU-1.jpg?fit=768%2C432&ssl=1&resize=700%2C400 2x"},"classes":[]},{"id":7794,"url":"https:\/\/mexicocodigorojo.com.mx\/?p=7794","url_meta":{"origin":61208,"position":3},"title":"FUERZA TAMAULIPAS Y SEGURIDAD DE PEMEX ASEGURAN HUACHICOL EN TAMAULIPAS","author":"Staff","date":"noviembre 1, 2018","format":false,"excerpt":"Ciudad Victoria, Tamaulipas.- Elementos de la Polic\u00eda Estatal en coordinaci\u00f3n con personal de Seguridad F\u00edsica de Petr\u00f3leos Mexicanos (PEMEX), llevaron a cabo la madrugada de este jueves 1 de noviembre el aseguramiento de un autotanque con capacidad de 42 mil litros que se encontraba conectado a una toma clandestina de\u2026","rel":"","context":"En \u00abTamaulipas\u00bb","block_context":{"text":"Tamaulipas","link":"https:\/\/mexicocodigorojo.com.mx\/?cat=2"},"img":{"alt_text":"","src":"https:\/\/i0.wp.com\/mexicocodigorojo.com.mx\/wp-content\/uploads\/2018\/11\/img-20181101-wa00987095923308804913892.jpg?resize=350%2C200&ssl=1","width":350,"height":200,"srcset":"https:\/\/i0.wp.com\/mexicocodigorojo.com.mx\/wp-content\/uploads\/2018\/11\/img-20181101-wa00987095923308804913892.jpg?resize=350%2C200&ssl=1 1x, https:\/\/i0.wp.com\/mexicocodigorojo.com.mx\/wp-content\/uploads\/2018\/11\/img-20181101-wa00987095923308804913892.jpg?resize=525%2C300&ssl=1 1.5x, https:\/\/i0.wp.com\/mexicocodigorojo.com.mx\/wp-content\/uploads\/2018\/11\/img-20181101-wa00987095923308804913892.jpg?resize=700%2C400&ssl=1 2x"},"classes":[]},{"id":43375,"url":"https:\/\/mexicocodigorojo.com.mx\/?p=43375","url_meta":{"origin":61208,"position":4},"title":"(FOTOS) ATAQUE ARMADO EN CD VICTORIA TAMAULIPAS DEJA 2 PERSONAS SIN VIDA Y 1 HERIDA","author":"MexicoRojo","date":"septiembre 26, 2020","format":false,"excerpt":"Dos hombres sin vida y dos lesionados por arma de fuego es el saldo preliminar de una situaci\u00f3n de riesgo suscitada en la colonia la Moderna al sur oriente de esta capital, elementos de la Polic\u00eda Estatal llevan a cabo un operativo de patrullaje para tratar de dar con el\u2026","rel":"","context":"En \u00abFeatured\u00bb","block_context":{"text":"Featured","link":"https:\/\/mexicocodigorojo.com.mx\/?cat=1724"},"img":{"alt_text":"","src":"https:\/\/i0.wp.com\/secureservercdn.net\/166.62.108.22\/cg1.af3.myftpupload.com\/wp-content\/uploads\/2020\/09\/eiz-novxkaammtp6351536702456520283.jpg?resize=350%2C200&ssl=1","width":350,"height":200},"classes":[]},{"id":62660,"url":"https:\/\/mexicocodigorojo.com.mx\/?p=62660","url_meta":{"origin":61208,"position":5},"title":"Balean a ex alcalde de Padilla Eduardo \u201cLalo\u201d Alvarado en Victoria y asesinan a su hermano en El Barretal","author":"Staff","date":"agosto 22, 2024","format":false,"excerpt":"Los primeros reportes detallan que el exalcalde de Padilla fue atacado por un sujeto que le dispar\u00f3 directamente sin mediar palabra en al menos siete ocasiones, al menos tres impactaron en el cuerpo de Alvarado, uno en el t\u00f3rax, otro en el hombro y uno la pierna. https:\/\/twitter.com\/furianegra77\/status\/1826404167516377314?s=46&t=_-nmVSAP6YZgfYt1e4ddZg El acompa\u00f1ante\u2026","rel":"","context":"En \u00abFeatured\u00bb","block_context":{"text":"Featured","link":"https:\/\/mexicocodigorojo.com.mx\/?cat=1724"},"img":{"alt_text":"","src":"https:\/\/i0.wp.com\/mexicocodigorojo.com.mx\/wp-content\/uploads\/2024\/08\/img_4230-1.jpg?fit=750%2C452&ssl=1&resize=350%2C200","width":350,"height":200,"srcset":"https:\/\/i0.wp.com\/mexicocodigorojo.com.mx\/wp-content\/uploads\/2024\/08\/img_4230-1.jpg?fit=750%2C452&ssl=1&resize=350%2C200 1x, https:\/\/i0.wp.com\/mexicocodigorojo.com.mx\/wp-content\/uploads\/2024\/08\/img_4230-1.jpg?fit=750%2C452&ssl=1&resize=525%2C300 1.5x, https:\/\/i0.wp.com\/mexicocodigorojo.com.mx\/wp-content\/uploads\/2024\/08\/img_4230-1.jpg?fit=750%2C452&ssl=1&resize=700%2C400 2x"},"classes":[]}],"jetpack_sharing_enabled":true,"jetpack_likes_enabled":true,"jetpack_shortlink":"https:\/\/wp.me\/p9TedA-fVe","_links":{"self":[{"href":"https:\/\/mexicocodigorojo.com.mx\/index.php?rest_route=\/wp\/v2\/posts\/61208","targetHints":{"allow":["GET"]}}],"collection":[{"href":"https:\/\/mexicocodigorojo.com.mx\/index.php?rest_route=\/wp\/v2\/posts"}],"about":[{"href":"https:\/\/mexicocodigorojo.com.mx\/index.php?rest_route=\/wp\/v2\/types\/post"}],"author":[{"embeddable":true,"href":"https:\/\/mexicocodigorojo.com.mx\/index.php?rest_route=\/wp\/v2\/users\/16"}],"replies":[{"embeddable":true,"href":"https:\/\/mexicocodigorojo.com.mx\/index.php?rest_route=%2Fwp%2Fv2%2Fcomments&post=61208"}],"version-history":[{"count":1,"href":"https:\/\/mexicocodigorojo.com.mx\/index.php?rest_route=\/wp\/v2\/posts\/61208\/revisions"}],"predecessor-version":[{"id":61211,"href":"https:\/\/mexicocodigorojo.com.mx\/index.php?rest_route=\/wp\/v2\/posts\/61208\/revisions\/61211"}],"wp:featuredmedia":[{"embeddable":true,"href":"https:\/\/mexicocodigorojo.com.mx\/index.php?rest_route=\/wp\/v2\/media\/61209"}],"wp:attachment":[{"href":"https:\/\/mexicocodigorojo.com.mx\/index.php?rest_route=%2Fwp%2Fv2%2Fmedia&parent=61208"}],"wp:term":[{"taxonomy":"category","embeddable":true,"href":"https:\/\/mexicocodigorojo.com.mx\/index.php?rest_route=%2Fwp%2Fv2%2Fcategories&post=61208"},{"taxonomy":"post_tag","embeddable":true,"href":"https:\/\/mexicocodigorojo.com.mx\/index.php?rest_route=%2Fwp%2Fv2%2Ftags&post=61208"}],"curies":[{"name":"wp","href":"https:\/\/api.w.org\/{rel}","templated":true}]}}