{"id":61167,"date":"2024-05-28T22:32:28","date_gmt":"2024-05-29T04:32:28","guid":{"rendered":"https:\/\/mexicocodigorojo.com.mx\/?p=61167"},"modified":"2024-05-28T22:33:29","modified_gmt":"2024-05-29T04:33:29","slug":"asesinan-a-sindico-municipal-de-santiago-en-oaxaca","status":"publish","type":"post","link":"https:\/\/mexicocodigorojo.com.mx\/?p=61167","title":{"rendered":"Asesinan a s\u00edndico municipal de Santiago en Oaxaca"},"content":{"rendered":"\n<p>Lamentable situaci\u00f3n.\u00a0 <\/p>\n\n\n\n<p>Un s\u00edndico municipal fue asesinado el lunes a balazos en una comunidad del sur de M\u00e9xico, anunciaron autoridades estales.<\/p>\n\n\n\n<p>El incidente tuvo lugar por la tarde en el municipio de Santiago Amoltepec del estado sure\u00f1o de Oaxaca, donde un grupo de pobladores bale\u00f3 a varias personas en las inmediaciones del palacio municipal.<\/p>\n\n\n\n<p>En el hecho murieron el s\u00edndico de la alcald\u00eda de Santiago Amoltepec y otra persona, indic\u00f3 en un comunicado la Fiscal\u00eda de Oaxaca.<\/p>\n\n\n\n<blockquote class=\"wp-block-quote is-layout-flow wp-block-quote-is-layout-flow\">\n<p>Fiscal\u00eda de Oaxaca trabaja en estrecha coordinaci\u00f3n con SSPC, Guardia Nacional y SEDENA para preservar la paz social en la Sierra Sur tras agresi\u00f3n en Santiago Amoltepec. Derivado de los hechos, se confirma el fallecimiento de dos personas, entre ellas el S\u00edndico de Amoltepec\u2026\u00a0<a href=\"https:\/\/t.co\/MiV1DwkpVZ\">pic.twitter.com\/MiV1DwkpVZ<\/a>\u2014 Fiscal\u00eda General (@FISCALIA_GobOax)\u00a0<a href=\"https:\/\/twitter.com\/FISCALIA_GobOax\/status\/1795308791656820872?ref_src=twsrc%5Etfw\">May 28, 2024<\/a><\/p>\n<\/blockquote>\n\n\n\n<p>Las autoridades no han informado hasta el momento qu\u00e9 ocasion\u00f3 el ataque armado.<\/p>\n\n\n\n<blockquote class=\"wp-block-quote is-layout-flow wp-block-quote-is-layout-flow\">\n<p>Ultima Hora| Reportan un saldo preliminar de cinco v\u00edctimas afuera de la Unidad M\u00e9dica Rural de Santiago Amoltepec.<\/p>\n<\/blockquote>\n\n\n\n<p>Elementos del Ej\u00e9rcito, la Guardia Nacional y agentes estatales se trasladaron el lunes hacia Santiago Amoltepec, en la regi\u00f3n de la Sierra Sur de Oaxaca, para reestablecer el orden en la localidad.<\/p>\n\n\n\n<p>Con informacion de Proceso. <\/p>\n","protected":false},"excerpt":{"rendered":"<p>Lamentable situaci\u00f3n.\u00a0 Un s\u00edndico municipal fue asesinado el lunes a balazos en una comunidad del sur de M\u00e9xico, anunciaron autoridades estales. El incidente tuvo lugar por la tarde en el municipio de Santiago Amoltepec del estado sure\u00f1o de Oaxaca, donde un grupo de pobladores bale\u00f3 a varias personas en las inmediaciones del palacio municipal. En [&hellip;]<\/p>\n","protected":false},"author":22,"featured_media":61169,"comment_status":"open","ping_status":"open","sticky":false,"template":"","format":"standard","meta":{"_uf_show_specific_survey":0,"_uf_disable_surveys":false,"advanced_seo_description":"","jetpack_seo_html_title":"","jetpack_seo_noindex":false,"jetpack_post_was_ever_published":false,"_jetpack_newsletter_access":"","_jetpack_dont_email_post_to_subs":false,"_jetpack_newsletter_tier_id":0,"_jetpack_memberships_contains_paywalled_content":false,"_jetpack_memberships_contains_paid_content":false,"footnotes":"","jetpack_publicize_message":"","jetpack_publicize_feature_enabled":true,"jetpack_social_post_already_shared":true,"jetpack_social_options":{"image_generator_settings":{"template":"highway","default_image_id":0,"font":"","enabled":false},"version":2}},"categories":[1724,36],"tags":[858],"class_list":{"0":"post-61167","1":"post","2":"type-post","3":"status-publish","4":"format-standard","5":"has-post-thumbnail","7":"category-featured","8":"category-oaxaca","9":"tag-homicidio"},"jetpack_publicize_connections":[],"jetpack_featured_media_url":"https:\/\/i0.wp.com\/mexicocodigorojo.com.mx\/wp-content\/uploads\/2024\/05\/f608x342-199987_229710_80.jpeg?fit=608%2C342&ssl=1","jetpack-related-posts":[{"id":55473,"url":"https:\/\/mexicocodigorojo.com.mx\/?p=55473","url_meta":{"origin":61167,"position":0},"title":"Enfrentamiento deja al menos 5 personas asesinadas en Palacio Municipal de Santiago Amoltepec, Oaxaca","author":"MexicoRojoCvmx","date":"febrero 15, 2023","format":false,"excerpt":"Oaxaca de Ju\u00e1rez.\u2013 Al menos cinco personas asesinadas frente al Palacio Municipal de Santiago Amoltepec, comunidad de la Sierra Sur de Oaxaca, dej\u00f3 como saldo preliminar un enfrentamiento armado donde participaron hombres que portaban rifles de alto poder, de acuerdo con im\u00e1genes difundidas a trav\u00e9s de redes sociales. En dos\u2026","rel":"","context":"En \u00abFeatured\u00bb","block_context":{"text":"Featured","link":"https:\/\/mexicocodigorojo.com.mx\/?cat=1724"},"img":{"alt_text":"","src":"https:\/\/i0.wp.com\/mexicocodigorojo.com.mx\/wp-content\/uploads\/2023\/02\/amoltepec_oaxaca_enfrentamiento_.jpg?fit=1080%2C666&ssl=1&resize=350%2C200","width":350,"height":200,"srcset":"https:\/\/i0.wp.com\/mexicocodigorojo.com.mx\/wp-content\/uploads\/2023\/02\/amoltepec_oaxaca_enfrentamiento_.jpg?fit=1080%2C666&ssl=1&resize=350%2C200 1x, https:\/\/i0.wp.com\/mexicocodigorojo.com.mx\/wp-content\/uploads\/2023\/02\/amoltepec_oaxaca_enfrentamiento_.jpg?fit=1080%2C666&ssl=1&resize=525%2C300 1.5x, https:\/\/i0.wp.com\/mexicocodigorojo.com.mx\/wp-content\/uploads\/2023\/02\/amoltepec_oaxaca_enfrentamiento_.jpg?fit=1080%2C666&ssl=1&resize=700%2C400 2x, https:\/\/i0.wp.com\/mexicocodigorojo.com.mx\/wp-content\/uploads\/2023\/02\/amoltepec_oaxaca_enfrentamiento_.jpg?fit=1080%2C666&ssl=1&resize=1050%2C600 3x"},"classes":[]},{"id":11587,"url":"https:\/\/mexicocodigorojo.com.mx\/?p=11587","url_meta":{"origin":61167,"position":1},"title":"Asesinan a alcalde de Tlaxiaco, Oaxaca, minutos despu\u00e9s de rendir protesta","author":"Staff","date":"enero 2, 2019","format":false,"excerpt":"OAXACA, Oax.(apro).\u2013 El presidente municipal de Tlaxiaco, Alejandro Aparicio Santiago, fue asesinado en un ataque con arma de fuego al t\u00e9rmino de su toma de posesi\u00f3n. Los hechos ocurrieron este martes 1 de enero alrededor de las 11 horas, cuando el alcalde emanado del Movimiento de Regeneraci\u00f3n Nacional (Morena) realizaba\u2026","rel":"","context":"En \u00abOaxaca\u00bb","block_context":{"text":"Oaxaca","link":"https:\/\/mexicocodigorojo.com.mx\/?cat=36"},"img":{"alt_text":"","src":"https:\/\/i0.wp.com\/mexicocodigorojo.com.mx\/wp-content\/uploads\/2019\/01\/Alejandro-Aparicio-1078x808.jpg?fit=1078%2C808&ssl=1&resize=350%2C200","width":350,"height":200,"srcset":"https:\/\/i0.wp.com\/mexicocodigorojo.com.mx\/wp-content\/uploads\/2019\/01\/Alejandro-Aparicio-1078x808.jpg?fit=1078%2C808&ssl=1&resize=350%2C200 1x, https:\/\/i0.wp.com\/mexicocodigorojo.com.mx\/wp-content\/uploads\/2019\/01\/Alejandro-Aparicio-1078x808.jpg?fit=1078%2C808&ssl=1&resize=525%2C300 1.5x, https:\/\/i0.wp.com\/mexicocodigorojo.com.mx\/wp-content\/uploads\/2019\/01\/Alejandro-Aparicio-1078x808.jpg?fit=1078%2C808&ssl=1&resize=700%2C400 2x, https:\/\/i0.wp.com\/mexicocodigorojo.com.mx\/wp-content\/uploads\/2019\/01\/Alejandro-Aparicio-1078x808.jpg?fit=1078%2C808&ssl=1&resize=1050%2C600 3x"},"classes":[]},{"id":51544,"url":"https:\/\/mexicocodigorojo.com.mx\/?p=51544","url_meta":{"origin":61167,"position":2},"title":"Ejecutan a hijo de presidenta municipal de Santiago Jamiltepec y a dos escoltas","author":"Staff","date":"noviembre 14, 2021","format":false,"excerpt":"Sujetos armados asesinaron a disparos al hijo de la presidenta municipal de Santiago Jamiltepec, Oaxaca, hecho que ya es investigado por la Fiscal\u00eda General del Estado (FGE). https:\/\/twitter.com\/HdezTorres1\/status\/1459650089555795975?ref_src=twsrc%5Etfw%7Ctwcamp%5Etweetembed%7Ctwterm%5E1459650089555795975%7Ctwgr%5E%7Ctwcon%5Es1_&ref_url=https%3A%2F%2Flopezdoriga.com%2Fnacional%2Fasesinan-hijo-presidenta-municipal-santiago-jamiltepec-oaxaca%2F Rafael viajaba en compa\u00f1\u00eda de sus dos guardaespaldas cuando un comando les dio alcance en la comunidad de R\u00edo Grande y dispar\u00f3\u2026","rel":"","context":"En \u00abFeatured\u00bb","block_context":{"text":"Featured","link":"https:\/\/mexicocodigorojo.com.mx\/?cat=1724"},"img":{"alt_text":"","src":"https:\/\/i0.wp.com\/mexicocodigorojo.com.mx\/wp-content\/uploads\/2021\/11\/camioneta-en-la-que-asesinaron-al-hijo-de-la-alcaldesa-de-santiago-jamiltepec.jpg?fit=900%2C560&ssl=1&resize=350%2C200","width":350,"height":200,"srcset":"https:\/\/i0.wp.com\/mexicocodigorojo.com.mx\/wp-content\/uploads\/2021\/11\/camioneta-en-la-que-asesinaron-al-hijo-de-la-alcaldesa-de-santiago-jamiltepec.jpg?fit=900%2C560&ssl=1&resize=350%2C200 1x, https:\/\/i0.wp.com\/mexicocodigorojo.com.mx\/wp-content\/uploads\/2021\/11\/camioneta-en-la-que-asesinaron-al-hijo-de-la-alcaldesa-de-santiago-jamiltepec.jpg?fit=900%2C560&ssl=1&resize=525%2C300 1.5x, https:\/\/i0.wp.com\/mexicocodigorojo.com.mx\/wp-content\/uploads\/2021\/11\/camioneta-en-la-que-asesinaron-al-hijo-de-la-alcaldesa-de-santiago-jamiltepec.jpg?fit=900%2C560&ssl=1&resize=700%2C400 2x"},"classes":[]},{"id":64267,"url":"https:\/\/mexicocodigorojo.com.mx\/?p=64267","url_meta":{"origin":61167,"position":3},"title":"Asesinan a alcaldesa en Oaxaca: violencia pol\u00edtica sin freno","author":"Staff","date":"junio 16, 2025","format":false,"excerpt":"LILIA GEMA GARC\u00cdA SOTO, presidenta municipal de San Mateo Pi\u00f1as, fue asesinada a balazos este domingo dentro del Palacio Municipal. El crimen ocurri\u00f3 alrededor de las 11:00 horas, cuando un grupo armado irrumpi\u00f3 en la sede del ayuntamiento y abri\u00f3 fuego contra la edil y un funcionario municipal, quien tambi\u00e9n\u2026","rel":"","context":"En \u00abFeatured\u00bb","block_context":{"text":"Featured","link":"https:\/\/mexicocodigorojo.com.mx\/?cat=1724"},"img":{"alt_text":"","src":"https:\/\/i0.wp.com\/mexicocodigorojo.com.mx\/wp-content\/uploads\/2025\/06\/img_3848-1.jpg?fit=1200%2C1200&ssl=1&resize=350%2C200","width":350,"height":200,"srcset":"https:\/\/i0.wp.com\/mexicocodigorojo.com.mx\/wp-content\/uploads\/2025\/06\/img_3848-1.jpg?fit=1200%2C1200&ssl=1&resize=350%2C200 1x, https:\/\/i0.wp.com\/mexicocodigorojo.com.mx\/wp-content\/uploads\/2025\/06\/img_3848-1.jpg?fit=1200%2C1200&ssl=1&resize=525%2C300 1.5x, https:\/\/i0.wp.com\/mexicocodigorojo.com.mx\/wp-content\/uploads\/2025\/06\/img_3848-1.jpg?fit=1200%2C1200&ssl=1&resize=700%2C400 2x, https:\/\/i0.wp.com\/mexicocodigorojo.com.mx\/wp-content\/uploads\/2025\/06\/img_3848-1.jpg?fit=1200%2C1200&ssl=1&resize=1050%2C600 3x"},"classes":[]},{"id":63807,"url":"https:\/\/mexicocodigorojo.com.mx\/?p=63807","url_meta":{"origin":61167,"position":4},"title":"Aseguran cami\u00f3n con 3 toneladas de marihuana con valor de m\u00e1s de 11 mdp en Oaxaca","author":"Staff","date":"febrero 6, 2025","format":false,"excerpt":"Elementos del Ej\u00e9rcito Mexicano, Guardia Nacional, Ej\u00e9rcito Mexicano y de la Fiscal\u00eda General de la Rep\u00fablica,\u00a0detuvieron en Santiago Niltepec, Oaxaca, a una\u00a0persona a bordo de un cami\u00f3n\u00a0y le\u00a0aseguraron tres toneladas de marihuana. El costo de la droga asegurada es de 11.2 millones de pesos. Por otro lado, en acciones coordinadas\u2026","rel":"","context":"En \u00abFeatured\u00bb","block_context":{"text":"Featured","link":"https:\/\/mexicocodigorojo.com.mx\/?cat=1724"},"img":{"alt_text":"","src":"https:\/\/i0.wp.com\/mexicocodigorojo.com.mx\/wp-content\/uploads\/2025\/02\/040225_oaxaca_01-1.png?fit=1200%2C1020&ssl=1&resize=350%2C200","width":350,"height":200,"srcset":"https:\/\/i0.wp.com\/mexicocodigorojo.com.mx\/wp-content\/uploads\/2025\/02\/040225_oaxaca_01-1.png?fit=1200%2C1020&ssl=1&resize=350%2C200 1x, https:\/\/i0.wp.com\/mexicocodigorojo.com.mx\/wp-content\/uploads\/2025\/02\/040225_oaxaca_01-1.png?fit=1200%2C1020&ssl=1&resize=525%2C300 1.5x, https:\/\/i0.wp.com\/mexicocodigorojo.com.mx\/wp-content\/uploads\/2025\/02\/040225_oaxaca_01-1.png?fit=1200%2C1020&ssl=1&resize=700%2C400 2x, https:\/\/i0.wp.com\/mexicocodigorojo.com.mx\/wp-content\/uploads\/2025\/02\/040225_oaxaca_01-1.png?fit=1200%2C1020&ssl=1&resize=1050%2C600 3x"},"classes":[]},{"id":26400,"url":"https:\/\/mexicocodigorojo.com.mx\/?p=26400","url_meta":{"origin":61167,"position":5},"title":"Asesinan a ex alcalde de Santiago Llano Grande, Oaxaca","author":"Staff","date":"noviembre 4, 2019","format":false,"excerpt":"Juchit\u00e1n, Oax. Juan Gabriel Rodr\u00edguez Salinas, ex alcalde del municipio de Santiago Llano Grande en la costa de Oaxaca, fue asesinado a balazos cuando se encontraba a unos pasos de su vivienda, seg\u00fan reportes de las autoridades de justicia. Santiago Llano Grande es una localidad que se reconoce afromexicana y\u2026","rel":"","context":"En \u00abOaxaca\u00bb","block_context":{"text":"Oaxaca","link":"https:\/\/mexicocodigorojo.com.mx\/?cat=36"},"img":{"alt_text":"","src":"https:\/\/i0.wp.com\/mexicocodigorojo.com.mx\/wp-content\/uploads\/2019\/11\/image_large.jpg?fit=442%2C559&ssl=1&resize=350%2C200","width":350,"height":200},"classes":[]}],"jetpack_sharing_enabled":true,"jetpack_likes_enabled":true,"jetpack_shortlink":"https:\/\/wp.me\/p9TedA-fUz","_links":{"self":[{"href":"https:\/\/mexicocodigorojo.com.mx\/index.php?rest_route=\/wp\/v2\/posts\/61167","targetHints":{"allow":["GET"]}}],"collection":[{"href":"https:\/\/mexicocodigorojo.com.mx\/index.php?rest_route=\/wp\/v2\/posts"}],"about":[{"href":"https:\/\/mexicocodigorojo.com.mx\/index.php?rest_route=\/wp\/v2\/types\/post"}],"author":[{"embeddable":true,"href":"https:\/\/mexicocodigorojo.com.mx\/index.php?rest_route=\/wp\/v2\/users\/22"}],"replies":[{"embeddable":true,"href":"https:\/\/mexicocodigorojo.com.mx\/index.php?rest_route=%2Fwp%2Fv2%2Fcomments&post=61167"}],"version-history":[{"count":1,"href":"https:\/\/mexicocodigorojo.com.mx\/index.php?rest_route=\/wp\/v2\/posts\/61167\/revisions"}],"predecessor-version":[{"id":61168,"href":"https:\/\/mexicocodigorojo.com.mx\/index.php?rest_route=\/wp\/v2\/posts\/61167\/revisions\/61168"}],"wp:featuredmedia":[{"embeddable":true,"href":"https:\/\/mexicocodigorojo.com.mx\/index.php?rest_route=\/wp\/v2\/media\/61169"}],"wp:attachment":[{"href":"https:\/\/mexicocodigorojo.com.mx\/index.php?rest_route=%2Fwp%2Fv2%2Fmedia&parent=61167"}],"wp:term":[{"taxonomy":"category","embeddable":true,"href":"https:\/\/mexicocodigorojo.com.mx\/index.php?rest_route=%2Fwp%2Fv2%2Fcategories&post=61167"},{"taxonomy":"post_tag","embeddable":true,"href":"https:\/\/mexicocodigorojo.com.mx\/index.php?rest_route=%2Fwp%2Fv2%2Ftags&post=61167"}],"curies":[{"name":"wp","href":"https:\/\/api.w.org\/{rel}","templated":true}]}}