{"id":61151,"date":"2024-05-28T19:47:19","date_gmt":"2024-05-29T01:47:19","guid":{"rendered":"https:\/\/mexicocodigorojo.com.mx\/?p=61151"},"modified":"2024-05-28T19:48:17","modified_gmt":"2024-05-29T01:48:17","slug":"marinos-dejan-guardia-nacional","status":"publish","type":"post","link":"https:\/\/mexicocodigorojo.com.mx\/?p=61151","title":{"rendered":"Marinos dejan Guardia Nacional"},"content":{"rendered":"\n<p>Los soldados del Ej\u00e9rcito Mexicano se quedan solos en la GN, la Marina retira a 3 mil 671 elementos, muchos de mando, que hab\u00eda enviado desde 2019 a realizar labores de seguridad p\u00fablica.<\/p>\n\n\n\n<p>A ra\u00edz de una resoluci\u00f3n de la Suprema Corte de Justicia de la Naci\u00f3n (controversia constitucional 137\/2022), y cuya sentencia deb\u00eda cumplirse desde el 1 de enero pasado, la Secretar\u00eda de Marina-Armada de M\u00e9xico retirar\u00e1 de las filas de la Guardia Nacional a 3 mil 671 elementos que estaban en \u00e1reas estrat\u00e9gicas como v\u00edas de comunicaci\u00f3n terrestres y seguridad aeroportuaria.<\/p>\n\n\n\n<p>Un total de 102 de estos marinos eran los mandos superiores responsables de la buena operaci\u00f3n de la corporaci\u00f3n de seguridad p\u00fablica en sitios como los se\u00f1alados. Esos altos cargos pasar\u00e1n a manos de elementos de la Secretar\u00eda del Defensa Nacional.<\/p>\n\n\n\n<p>Los marinos \u201cveteranos\u201d destacan de entre las milicias mexicanas por un buen nivel acad\u00e9mico y de formaci\u00f3n, espacialmente los que han ascendido en la escala de mando.<\/p>\n\n\n\n<p>La Defensa ha previsto que en algunos lugares donde los marinos ser\u00e1n retirados no tendr\u00e1 personal de buen nivel para sustituir a los elementos de la Armada de M\u00e9xico, por lo que instruy\u00f3 (mediante orden escrita de la que Cr\u00f3nica posee copia) a que se \u201crealice un reajuste de los efectivos (\u2026) para cubrir los cargos que dejar\u00e1 vacante el personal (de Marina) que ser\u00e1 concentrado y, en caso de no contar con suficientes cuadros de mando, designe personal con menor jerarqu\u00eda\u201d.<\/p>\n\n\n\n<p>La resoluci\u00f3n de la Corte nace de una controversia constitucional interpuesta por senadores de oposici\u00f3n, esto luego de que con leyes y lineamientos se hiciera a un lado a la Secretar\u00eda de Seguridad y Protecci\u00f3n Ciudadana y se instaurara un organigrama en el que todas las operaciones de la Guardia Nacional depend\u00edan directamente del alto mando militar.<\/p>\n\n\n\n<p>La Corte analiz\u00f3 la militarizaci\u00f3n de facto que se estaba realizando en una instancia presuntamente civil, relegando a Rosa Icela Rodr\u00edguez, quien es formalmente la Comisionada a cargo de la Guardia. Finalmente, en abril de 2023, resolvi\u00f3 que la controversia constitucional era v\u00e1lida y le dio la raz\u00f3n a los senadores inconformes.<\/p>\n\n\n\n<p>La Secretar\u00eda de la Defensa Nacional ha debido asumir desde esta resoluci\u00f3n que su papel es transitorio y formativo, es decir, que interviene para permitir que la Guardia Nacional y su estructura civil maduren. La Marina, a ra\u00edz de la misma resoluci\u00f3n, opt\u00f3 por dar un paso de costado y dejar a la Sedena en control de ese proceso.<\/p>\n\n\n\n<p>La separaci\u00f3n de mandos militares cuya participaci\u00f3n en labores de seguridad p\u00fablica no est\u00e9 plenamente justificada debi\u00f3 darse desde el 1 de enero de 2024, esto para acatar al pie de la letra lo dictado por la Corte. No obstante, el proceso apenas inici\u00f3.<\/p>\n\n\n\n<p>La entrega de los puestos de vigilancia en carreteras, aduanas, aeropuertos y otros que hoy est\u00e1n bajo control de marinos deber\u00e1 darse a m\u00e1s tardar el 30 de mayo pr\u00f3ximo.<\/p>\n\n\n\n<p>La orden para reemplazar a los marinos, emitida espec\u00edficamente por la Jefatura General de Coordinaci\u00f3n Policial de la Guardia Nacional, est\u00e1 fechada el 17 de mayo pasado y se envi\u00f3 por escrito a todos los rincones del pa\u00eds despu\u00e9s de una serie de comunicaciones electr\u00f3nicas que advert\u00edan de la necesidad de prescindir de los marinos en la operaci\u00f3n cotidiana de la corporaci\u00f3n.<\/p>\n\n\n\n<p>La instrucci\u00f3n ha sido que el personal de Marina debe regresar a sus bases navales, lo que para muchos (m\u00e1s de mil) significar\u00e1 regresar a las entidades de las que salieron ya hace 5 a\u00f1os.<\/p>\n\n\n\n<p>Hay 8 mil 632 elementos m\u00e1s de la Guardia Nacional que pasaron por la Marina, pero se trata de j\u00f3venes reclutados directamente para incorporarse a labores de seguridad p\u00fablica, es decir, nunca tuvieron una verdadera formaci\u00f3n de marinos.<\/p>\n\n\n\n<p>Los estados que se ver\u00e1n afectados por la retirada de los marinos ser\u00e1n, entre otros, Baja California, Coahuila, Guerrero, Jalisco, Michoac\u00e1n, Zacatecas y Sonora.<\/p>\n\n\n\n<p>Con informaci\u00f3n de Cr\u00f3nica. <\/p>\n","protected":false},"excerpt":{"rendered":"<p>Los soldados del Ej\u00e9rcito Mexicano se quedan solos en la GN, la Marina retira a 3 mil 671 elementos, muchos de mando, que hab\u00eda enviado desde 2019 a realizar labores de seguridad p\u00fablica. A ra\u00edz de una resoluci\u00f3n de la Suprema Corte de Justicia de la Naci\u00f3n (controversia constitucional 137\/2022), y cuya sentencia deb\u00eda cumplirse [&hellip;]<\/p>\n","protected":false},"author":22,"featured_media":61150,"comment_status":"open","ping_status":"open","sticky":false,"template":"","format":"standard","meta":{"_uf_show_specific_survey":0,"_uf_disable_surveys":false,"advanced_seo_description":"","jetpack_seo_html_title":"","jetpack_seo_noindex":false,"jetpack_post_was_ever_published":false,"_jetpack_newsletter_access":"","_jetpack_dont_email_post_to_subs":false,"_jetpack_newsletter_tier_id":0,"_jetpack_memberships_contains_paywalled_content":false,"_jetpack_memberships_contains_paid_content":false,"footnotes":"","jetpack_publicize_message":"","jetpack_publicize_feature_enabled":true,"jetpack_social_post_already_shared":true,"jetpack_social_options":{"image_generator_settings":{"template":"highway","default_image_id":0,"font":"","enabled":false},"version":2}},"categories":[101,1724],"tags":[812,2536],"class_list":{"0":"post-61151","1":"post","2":"type-post","3":"status-publish","4":"format-standard","5":"has-post-thumbnail","7":"category-ciudad-de-mexico","8":"category-featured","9":"tag-guardianacional","10":"tag-marina-2"},"jetpack_publicize_connections":[],"jetpack_featured_media_url":"https:\/\/i0.wp.com\/mexicocodigorojo.com.mx\/wp-content\/uploads\/2024\/05\/664c00bec43c1.jpeg?fit=375%2C184&ssl=1","jetpack-related-posts":[{"id":40033,"url":"https:\/\/mexicocodigorojo.com.mx\/?p=40033","url_meta":{"origin":61151,"position":0},"title":"Atacan a elementos de la Marina en Sinaloa","author":"Staff","date":"junio 19, 2020","format":false,"excerpt":"Marina confirm\u00f3 a MILENIO que en el convoy iban integrantes de Sedena y de la Guardia Nacional y que de los 10 marinos que iban, uno est\u00e1 herido. Elementos de la Secretar\u00eda de Marina fueron agredidos a balazos por un grupo fuertemente armado, en un camino de terracer\u00eda entre los\u2026","rel":"","context":"En \u00abSinaloa\u00bb","block_context":{"text":"Sinaloa","link":"https:\/\/mexicocodigorojo.com.mx\/?cat=41"},"img":{"alt_text":"","src":"https:\/\/i0.wp.com\/mexicocodigorojo.com.mx\/wp-content\/uploads\/2020\/06\/Ea3rCrbXgAAqxLZ.jpg?fit=680%2C383&ssl=1&resize=350%2C200","width":350,"height":200,"srcset":"https:\/\/i0.wp.com\/mexicocodigorojo.com.mx\/wp-content\/uploads\/2020\/06\/Ea3rCrbXgAAqxLZ.jpg?fit=680%2C383&ssl=1&resize=350%2C200 1x, https:\/\/i0.wp.com\/mexicocodigorojo.com.mx\/wp-content\/uploads\/2020\/06\/Ea3rCrbXgAAqxLZ.jpg?fit=680%2C383&ssl=1&resize=525%2C300 1.5x"},"classes":[]},{"id":12339,"url":"https:\/\/mexicocodigorojo.com.mx\/?p=12339","url_meta":{"origin":61151,"position":1},"title":"LA SECRETAR\u00cdA DE MARINA-ARMADA DE M\u00c9XICO DESPLIEGA M\u00c1S DE 3 MIL ELEMENTOS NAVALES PARA EVITAR EL ROBO DE HIDROCARBUROS","author":"Staff","date":"enero 16, 2019","format":false,"excerpt":"Ciudad de M\u00e9xico.- En el marco de la implementaci\u00f3n del Plan Nacional de Paz y Seguridad 2018-2024 del Gobierno de M\u00e9xico, el personal de la Secretar\u00eda de Marina \u2013 Armada de M\u00e9xico realiza acciones de seguridad en instalaciones estrat\u00e9gicas de PEMEX, donde se ha logrado asegurar a la fecha, a\u2026","rel":"","context":"En \u00abTamaulipas\u00bb","block_context":{"text":"Tamaulipas","link":"https:\/\/mexicocodigorojo.com.mx\/?cat=2"},"img":{"alt_text":"","src":"","width":0,"height":0},"classes":[]},{"id":26761,"url":"https:\/\/mexicocodigorojo.com.mx\/?p=26761","url_meta":{"origin":61151,"position":2},"title":"Guardia Nacional entrar\u00e1 a Ciudad de M\u00e9xico hasta 2020","author":"Staff","date":"noviembre 9, 2019","format":false,"excerpt":"Guardia Nacional a\u00fan no est\u00e1 lista para ingresar, afirma Claudia Sheinbaum; ser\u00e1 hasta el 2020 que los 2 mil 700 elementos se incorporen La\u00a0Guardia Nacional\u00a0a\u00fan no est\u00e1 lista para ingresar a la\u00a0Ciudad de M\u00e9xico, por lo que ser\u00e1 hasta el\u00a02020\u00a0que los\u00a0dos mil 700\u00a0elementos designados para esta entidad se incorporar\u00e1n como\u2026","rel":"","context":"En \u00abCiudad de M\u00e9xico\u00bb","block_context":{"text":"Ciudad de M\u00e9xico","link":"https:\/\/mexicocodigorojo.com.mx\/?cat=101"},"img":{"alt_text":"","src":"https:\/\/i0.wp.com\/mexicocodigorojo.com.mx\/wp-content\/uploads\/2019\/11\/guardia-nacional-cdmx.jpg?fit=980%2C550&ssl=1&resize=350%2C200","width":350,"height":200,"srcset":"https:\/\/i0.wp.com\/mexicocodigorojo.com.mx\/wp-content\/uploads\/2019\/11\/guardia-nacional-cdmx.jpg?fit=980%2C550&ssl=1&resize=350%2C200 1x, https:\/\/i0.wp.com\/mexicocodigorojo.com.mx\/wp-content\/uploads\/2019\/11\/guardia-nacional-cdmx.jpg?fit=980%2C550&ssl=1&resize=525%2C300 1.5x, https:\/\/i0.wp.com\/mexicocodigorojo.com.mx\/wp-content\/uploads\/2019\/11\/guardia-nacional-cdmx.jpg?fit=980%2C550&ssl=1&resize=700%2C400 2x"},"classes":[]},{"id":19429,"url":"https:\/\/mexicocodigorojo.com.mx\/?p=19429","url_meta":{"origin":61151,"position":3},"title":"AMLO TOMA PROTESTA A ELEMENTOS DE LA GUARDIA NACIONAL","author":"Staff","date":"julio 1, 2019","format":false,"excerpt":"Este domingo 30 de junio se llev\u00f3 a cabo la ceremonia oficial de la inauguraci\u00f3n de la\u00a0Guardia Nacional, el evento, encabezado por el presidente de M\u00e9xico Andr\u00e9s Manuel L\u00f3pez Obrador dio a por elementos de la\u00a0Sedena,\u00a0la Marina\u00a0y la\u00a0Polic\u00eda Federal, de car\u00e1cter civil y la cual tiene el objetivo de salvaguardar\u2026","rel":"","context":"En \u00abCiudad de M\u00e9xico\u00bb","block_context":{"text":"Ciudad de M\u00e9xico","link":"https:\/\/mexicocodigorojo.com.mx\/?cat=101"},"img":{"alt_text":"","src":"https:\/\/i0.wp.com\/mexicocodigorojo.com.mx\/wp-content\/uploads\/2019\/07\/Captura-de-Pantalla-2019-06-30-a-las-10.12.45-1024x570.png?fit=1024%2C570&ssl=1&resize=350%2C200","width":350,"height":200,"srcset":"https:\/\/i0.wp.com\/mexicocodigorojo.com.mx\/wp-content\/uploads\/2019\/07\/Captura-de-Pantalla-2019-06-30-a-las-10.12.45-1024x570.png?fit=1024%2C570&ssl=1&resize=350%2C200 1x, https:\/\/i0.wp.com\/mexicocodigorojo.com.mx\/wp-content\/uploads\/2019\/07\/Captura-de-Pantalla-2019-06-30-a-las-10.12.45-1024x570.png?fit=1024%2C570&ssl=1&resize=525%2C300 1.5x, https:\/\/i0.wp.com\/mexicocodigorojo.com.mx\/wp-content\/uploads\/2019\/07\/Captura-de-Pantalla-2019-06-30-a-las-10.12.45-1024x570.png?fit=1024%2C570&ssl=1&resize=700%2C400 2x"},"classes":[]},{"id":39492,"url":"https:\/\/mexicocodigorojo.com.mx\/?p=39492","url_meta":{"origin":61151,"position":4},"title":"Emboscada a marinos en Michoac\u00e1n","author":"Staff","date":"junio 12, 2020","format":false,"excerpt":"Elementos de la Secretar\u00eda de Marina (Semar) y de la Guardia Nacional fueron emboscados en la comunidad de La Troje en el municipio de Chinicuila MICHOAC\u00c1N El pasado domingo elementos de la Secretar\u00eda de Marina\u00a0(Semar)\u00a0y de la\u00a0Guardia Nacional (GN)\u00a0fueron emboscados en la comunidad de La Troje en el municipio de\u00a0Chinicuila,\u2026","rel":"","context":"En \u00abMichoac\u00e1n\u00bb","block_context":{"text":"Michoac\u00e1n","link":"https:\/\/mexicocodigorojo.com.mx\/?cat=50"},"img":{"alt_text":"","src":"https:\/\/i0.wp.com\/mexicocodigorojo.com.mx\/wp-content\/uploads\/2020\/06\/EaO6yjTXQAIhTq1.jpg?fit=680%2C510&ssl=1&resize=350%2C200","width":350,"height":200,"srcset":"https:\/\/i0.wp.com\/mexicocodigorojo.com.mx\/wp-content\/uploads\/2020\/06\/EaO6yjTXQAIhTq1.jpg?fit=680%2C510&ssl=1&resize=350%2C200 1x, https:\/\/i0.wp.com\/mexicocodigorojo.com.mx\/wp-content\/uploads\/2020\/06\/EaO6yjTXQAIhTq1.jpg?fit=680%2C510&ssl=1&resize=525%2C300 1.5x"},"classes":[]},{"id":19842,"url":"https:\/\/mexicocodigorojo.com.mx\/?p=19842","url_meta":{"origin":61151,"position":5},"title":"Llega la Guardia Nacional a 25 estados del pa\u00eds","author":"Staff","date":"julio 9, 2019","format":false,"excerpt":"Desde que se inaugur\u00f3 oficialmente la Guardia Nacional, se han desplegado elementos en al menos 25 entidades del pa\u00eds. M\u00e9xico.- A poco m\u00e1s de una semana de la inauguraci\u00f3n oficial de la Guardia Nacional, su presencia ha llegado al menos a 25 estados del pa\u00eds, como parte de la nueva\u2026","rel":"","context":"En \u00abCiudad de M\u00e9xico\u00bb","block_context":{"text":"Ciudad de M\u00e9xico","link":"https:\/\/mexicocodigorojo.com.mx\/?cat=101"},"img":{"alt_text":"","src":"https:\/\/i0.wp.com\/mexicocodigorojo.com.mx\/wp-content\/uploads\/2019\/07\/gn_dbt.jpg_219914347.jpg?fit=960%2C540&ssl=1&resize=350%2C200","width":350,"height":200,"srcset":"https:\/\/i0.wp.com\/mexicocodigorojo.com.mx\/wp-content\/uploads\/2019\/07\/gn_dbt.jpg_219914347.jpg?fit=960%2C540&ssl=1&resize=350%2C200 1x, https:\/\/i0.wp.com\/mexicocodigorojo.com.mx\/wp-content\/uploads\/2019\/07\/gn_dbt.jpg_219914347.jpg?fit=960%2C540&ssl=1&resize=525%2C300 1.5x, https:\/\/i0.wp.com\/mexicocodigorojo.com.mx\/wp-content\/uploads\/2019\/07\/gn_dbt.jpg_219914347.jpg?fit=960%2C540&ssl=1&resize=700%2C400 2x"},"classes":[]}],"jetpack_sharing_enabled":true,"jetpack_likes_enabled":true,"jetpack_shortlink":"https:\/\/wp.me\/p9TedA-fUj","_links":{"self":[{"href":"https:\/\/mexicocodigorojo.com.mx\/index.php?rest_route=\/wp\/v2\/posts\/61151","targetHints":{"allow":["GET"]}}],"collection":[{"href":"https:\/\/mexicocodigorojo.com.mx\/index.php?rest_route=\/wp\/v2\/posts"}],"about":[{"href":"https:\/\/mexicocodigorojo.com.mx\/index.php?rest_route=\/wp\/v2\/types\/post"}],"author":[{"embeddable":true,"href":"https:\/\/mexicocodigorojo.com.mx\/index.php?rest_route=\/wp\/v2\/users\/22"}],"replies":[{"embeddable":true,"href":"https:\/\/mexicocodigorojo.com.mx\/index.php?rest_route=%2Fwp%2Fv2%2Fcomments&post=61151"}],"version-history":[{"count":1,"href":"https:\/\/mexicocodigorojo.com.mx\/index.php?rest_route=\/wp\/v2\/posts\/61151\/revisions"}],"predecessor-version":[{"id":61152,"href":"https:\/\/mexicocodigorojo.com.mx\/index.php?rest_route=\/wp\/v2\/posts\/61151\/revisions\/61152"}],"wp:featuredmedia":[{"embeddable":true,"href":"https:\/\/mexicocodigorojo.com.mx\/index.php?rest_route=\/wp\/v2\/media\/61150"}],"wp:attachment":[{"href":"https:\/\/mexicocodigorojo.com.mx\/index.php?rest_route=%2Fwp%2Fv2%2Fmedia&parent=61151"}],"wp:term":[{"taxonomy":"category","embeddable":true,"href":"https:\/\/mexicocodigorojo.com.mx\/index.php?rest_route=%2Fwp%2Fv2%2Fcategories&post=61151"},{"taxonomy":"post_tag","embeddable":true,"href":"https:\/\/mexicocodigorojo.com.mx\/index.php?rest_route=%2Fwp%2Fv2%2Ftags&post=61151"}],"curies":[{"name":"wp","href":"https:\/\/api.w.org\/{rel}","templated":true}]}}