{"id":61118,"date":"2024-05-27T19:16:00","date_gmt":"2024-05-28T01:16:00","guid":{"rendered":"https:\/\/mexicocodigorojo.com.mx\/?p=61118"},"modified":"2024-05-27T19:16:54","modified_gmt":"2024-05-28T01:16:54","slug":"rafaguean-a-candidato-a-regidor-dante-paulin-de-movimiento-ciudadano-en-jimenez","status":"publish","type":"post","link":"https:\/\/mexicocodigorojo.com.mx\/?p=61118","title":{"rendered":"Rafaguean a candidato a regidor Dante Paulin de Movimiento Ciudadano en Jim\u00e9nez"},"content":{"rendered":"\n<p>En un violento incidente ocurrido esta tarde en Jim\u00e9nez, Tamaulipas, el convoy del candidato a regidor Dante Paulin fue atacado por un grupo armado mientras se dirig\u00eda al cierre de campa\u00f1a, resultando gravemente herido.<\/p>\n\n\n\n<p>Los hechos ocurrieron cuando la camioneta de Dante Paulin, candidato a la primera regidur\u00eda de la alcald\u00eda, fue interceptada por el grupo armado. Los atacantes abrieron fuego contra el veh\u00edculo, hiriendo a los escoltas. Tras repeler el ataque, los escoltas fueron trasladados al puesto de atenci\u00f3n militar en Rayones, sobre la carretera que conecta Jim\u00e9nez con Ciudad Victoria.<\/p>\n\n\n\n<p>Es importante destacar que Jim\u00e9nez, un peque\u00f1o pueblo rural en Tamaulipas con aproximadamente 6,500 habitantes, se ha convertido en un nuevo epicentro de la disputa criminal entre c\u00e1rteles de la droga en la regi\u00f3n. En el pasado, este municipio ya hab\u00eda sido escenario de enfrentamientos entre el C\u00e1rtel del Golfo y Los Zetas. Sin embargo, en los \u00faltimos tiempos, la situaci\u00f3n ha escalado nuevamente debido a tensiones entre grupos criminales.<\/p>\n\n\n\n<p>Adem\u00e1s, en el contexto electoral, varios candidatos han solicitado protecci\u00f3n para hacer campa\u00f1a en Tamaulipas. Pedro Salazar, as\u00ed como la candidata de la alianza Morena-PT-Verde, Corina Garza Arreola, cuentan con acompa\u00f1amiento de seguridad debido a la violencia y los riesgos asociados con su participaci\u00f3n pol\u00edtica.<\/p>\n\n\n\n<p>La situaci\u00f3n en Jim\u00e9nez refleja la complejidad y los desaf\u00edos que enfrenta M\u00e9xico en materia de seguridad y libertad de expresi\u00f3n. Como periodista, es fundamental seguir informando sobre estos acontecimientos para mantener a la sociedad informada y promover la transparencia y la rendici\u00f3n de cuentas.<\/p>\n\n\n\n<figure class=\"wp-block-image size-large\"><img data-recalc-dims=\"1\" loading=\"lazy\" decoding=\"async\" width=\"696\" height=\"422\" data-attachment-id=\"61116\" data-permalink=\"https:\/\/mexicocodigorojo.com.mx\/?attachment_id=61116\" data-orig-file=\"https:\/\/i0.wp.com\/mexicocodigorojo.com.mx\/wp-content\/uploads\/2024\/05\/img-20240527-wa00603050643624569645281.jpg?fit=1599%2C969&amp;ssl=1\" data-orig-size=\"1599,969\" data-comments-opened=\"1\" data-image-meta=\"{&quot;aperture&quot;:&quot;0&quot;,&quot;credit&quot;:&quot;&quot;,&quot;camera&quot;:&quot;&quot;,&quot;caption&quot;:&quot;&quot;,&quot;created_timestamp&quot;:&quot;0&quot;,&quot;copyright&quot;:&quot;&quot;,&quot;focal_length&quot;:&quot;0&quot;,&quot;iso&quot;:&quot;0&quot;,&quot;shutter_speed&quot;:&quot;0&quot;,&quot;title&quot;:&quot;&quot;,&quot;orientation&quot;:&quot;0&quot;}\" data-image-title=\"img-20240527-wa00603050643624569645281.jpg\" data-image-description=\"\" data-image-caption=\"\" data-large-file=\"https:\/\/i0.wp.com\/mexicocodigorojo.com.mx\/wp-content\/uploads\/2024\/05\/img-20240527-wa00603050643624569645281.jpg?fit=696%2C422&amp;ssl=1\" src=\"https:\/\/i0.wp.com\/mexicocodigorojo.com.mx\/wp-content\/uploads\/2024\/05\/img-20240527-wa00603050643624569645281.jpg?resize=696%2C422&#038;ssl=1\" alt=\"\" class=\"wp-image-61116\" srcset=\"https:\/\/i0.wp.com\/mexicocodigorojo.com.mx\/wp-content\/uploads\/2024\/05\/img-20240527-wa00603050643624569645281.jpg?resize=1024%2C621&amp;ssl=1 1024w, https:\/\/i0.wp.com\/mexicocodigorojo.com.mx\/wp-content\/uploads\/2024\/05\/img-20240527-wa00603050643624569645281.jpg?resize=300%2C182&amp;ssl=1 300w, https:\/\/i0.wp.com\/mexicocodigorojo.com.mx\/wp-content\/uploads\/2024\/05\/img-20240527-wa00603050643624569645281.jpg?resize=768%2C465&amp;ssl=1 768w, https:\/\/i0.wp.com\/mexicocodigorojo.com.mx\/wp-content\/uploads\/2024\/05\/img-20240527-wa00603050643624569645281.jpg?resize=1536%2C931&amp;ssl=1 1536w, https:\/\/i0.wp.com\/mexicocodigorojo.com.mx\/wp-content\/uploads\/2024\/05\/img-20240527-wa00603050643624569645281.jpg?w=1599&amp;ssl=1 1599w, https:\/\/i0.wp.com\/mexicocodigorojo.com.mx\/wp-content\/uploads\/2024\/05\/img-20240527-wa00603050643624569645281.jpg?w=1392&amp;ssl=1 1392w\" sizes=\"auto, (max-width: 696px) 100vw, 696px\" \/><\/figure>\n","protected":false},"excerpt":{"rendered":"<p>En un violento incidente ocurrido esta tarde en Jim\u00e9nez, Tamaulipas, el convoy del candidato a regidor Dante Paulin fue atacado por un grupo armado mientras se dirig\u00eda al cierre de campa\u00f1a, resultando gravemente herido. Los hechos ocurrieron cuando la camioneta de Dante Paulin, candidato a la primera regidur\u00eda de la alcald\u00eda, fue interceptada por el [&hellip;]<\/p>\n","protected":false},"author":22,"featured_media":61117,"comment_status":"open","ping_status":"open","sticky":false,"template":"","format":"standard","meta":{"_uf_show_specific_survey":0,"_uf_disable_surveys":false,"advanced_seo_description":"","jetpack_seo_html_title":"","jetpack_seo_noindex":false,"jetpack_post_was_ever_published":false,"_jetpack_newsletter_access":"","_jetpack_dont_email_post_to_subs":false,"_jetpack_newsletter_tier_id":0,"_jetpack_memberships_contains_paywalled_content":false,"_jetpack_memberships_contains_paid_content":false,"footnotes":"","jetpack_publicize_message":"","jetpack_publicize_feature_enabled":true,"jetpack_social_post_already_shared":true,"jetpack_social_options":{"image_generator_settings":{"template":"highway","default_image_id":0,"font":"","enabled":false},"version":2}},"categories":[1724,2],"tags":[],"class_list":{"0":"post-61118","1":"post","2":"type-post","3":"status-publish","4":"format-standard","5":"has-post-thumbnail","7":"category-featured","8":"category-tamaulipas"},"jetpack_publicize_connections":[],"jetpack_featured_media_url":"https:\/\/i0.wp.com\/mexicocodigorojo.com.mx\/wp-content\/uploads\/2024\/05\/IMG-20240527-WA0057-scaled.jpg?fit=2560%2C1648&ssl=1","jetpack-related-posts":[{"id":61210,"url":"https:\/\/mexicocodigorojo.com.mx\/?p=61210","url_meta":{"origin":61118,"position":0},"title":"Fallece Guardia Estatal por Heridas tras agresi\u00f3n en Jim\u00e9nez","author":"Staff","date":"mayo 30, 2024","format":false,"excerpt":"Despu\u00e9s de d\u00edas hospitalizado a pesar de los esfuerzos de m\u00e9dicos y enfermeras, Omar Hern\u00e1ndez Villegas pierde la vida. Ciudad Victoria, Tamaulipas, 30 de mayo de 2024. Un agente de la Secretar\u00eda de Seguridad P\u00fablica de Tamaulipas, identificado como el Polic\u00eda Estatal Ing. Omar Hern\u00e1ndez Villegas, falleci\u00f3 el jueves a\u2026","rel":"","context":"En \u00abFeatured\u00bb","block_context":{"text":"Featured","link":"https:\/\/mexicocodigorojo.com.mx\/?cat=1724"},"img":{"alt_text":"","src":"https:\/\/i0.wp.com\/mexicocodigorojo.com.mx\/wp-content\/uploads\/2024\/05\/img_6990-1.jpg?fit=720%2C463&ssl=1&resize=350%2C200","width":350,"height":200,"srcset":"https:\/\/i0.wp.com\/mexicocodigorojo.com.mx\/wp-content\/uploads\/2024\/05\/img_6990-1.jpg?fit=720%2C463&ssl=1&resize=350%2C200 1x, https:\/\/i0.wp.com\/mexicocodigorojo.com.mx\/wp-content\/uploads\/2024\/05\/img_6990-1.jpg?fit=720%2C463&ssl=1&resize=525%2C300 1.5x, https:\/\/i0.wp.com\/mexicocodigorojo.com.mx\/wp-content\/uploads\/2024\/05\/img_6990-1.jpg?fit=720%2C463&ssl=1&resize=700%2C400 2x"},"classes":[]},{"id":49310,"url":"https:\/\/mexicocodigorojo.com.mx\/?p=49310","url_meta":{"origin":61118,"position":1},"title":"Asignan escoltas y veh\u00edculo blindado a esposa de Candidato de MORENA","author":"MexicoRojoCvmx","date":"mayo 26, 2021","format":false,"excerpt":"Ciudad Victoria.- Mientras Alma Rosa Barrag\u00e1n Santiago era asesinada, Luc\u00eda Rodr\u00edguez de Gattas, esposa de un candidato morenista a una Alcald\u00eda en Tamaulipas goza de protecci\u00f3n de escoltas y veh\u00edculos blindados. De acuerdo a testimonios y reportes, la mujer es Esposa de Eduardo Gattas, un antiguo priista que era operador\u2026","rel":"","context":"En \u00abFeatured\u00bb","block_context":{"text":"Featured","link":"https:\/\/mexicocodigorojo.com.mx\/?cat=1724"},"img":{"alt_text":"","src":"https:\/\/i0.wp.com\/mexicocodigorojo.com.mx\/wp-content\/uploads\/2021\/05\/escoltas.jpg?fit=1080%2C720&ssl=1&resize=350%2C200","width":350,"height":200,"srcset":"https:\/\/i0.wp.com\/mexicocodigorojo.com.mx\/wp-content\/uploads\/2021\/05\/escoltas.jpg?fit=1080%2C720&ssl=1&resize=350%2C200 1x, https:\/\/i0.wp.com\/mexicocodigorojo.com.mx\/wp-content\/uploads\/2021\/05\/escoltas.jpg?fit=1080%2C720&ssl=1&resize=525%2C300 1.5x, https:\/\/i0.wp.com\/mexicocodigorojo.com.mx\/wp-content\/uploads\/2021\/05\/escoltas.jpg?fit=1080%2C720&ssl=1&resize=700%2C400 2x, https:\/\/i0.wp.com\/mexicocodigorojo.com.mx\/wp-content\/uploads\/2021\/05\/escoltas.jpg?fit=1080%2C720&ssl=1&resize=1050%2C600 3x"},"classes":[]},{"id":20385,"url":"https:\/\/mexicocodigorojo.com.mx\/?p=20385","url_meta":{"origin":61118,"position":2},"title":"Intentan robar casa de Ang\u00e9lica Rivera ex de Pe\u00f1a Nieto","author":"Staff","date":"julio 19, 2019","format":false,"excerpt":"Sujetos armados intentaron ingresar y robar en el domicilio de la actriz y ex primera dama, Ang\u00e9lica Rivera, en Lomas de Chapultepec Sujetos armados intentaron ingresar y robar en el domicilio de la actriz y ex primera dama,\u00a0Ang\u00e9lica Rivera, en\u00a0Lomas de Chapultepec, en la alcald\u00eda\u00a0Miguel Hidalgo. \u00a0 Foto de Carlos\u2026","rel":"","context":"En \u00abCiudad de M\u00e9xico\u00bb","block_context":{"text":"Ciudad de M\u00e9xico","link":"https:\/\/mexicocodigorojo.com.mx\/?cat=101"},"img":{"alt_text":"","src":"https:\/\/i0.wp.com\/mexicocodigorojo.com.mx\/wp-content\/uploads\/2019\/07\/robo-casa-angelica-rivera.png?fit=980%2C550&ssl=1&resize=350%2C200","width":350,"height":200,"srcset":"https:\/\/i0.wp.com\/mexicocodigorojo.com.mx\/wp-content\/uploads\/2019\/07\/robo-casa-angelica-rivera.png?fit=980%2C550&ssl=1&resize=350%2C200 1x, https:\/\/i0.wp.com\/mexicocodigorojo.com.mx\/wp-content\/uploads\/2019\/07\/robo-casa-angelica-rivera.png?fit=980%2C550&ssl=1&resize=525%2C300 1.5x, https:\/\/i0.wp.com\/mexicocodigorojo.com.mx\/wp-content\/uploads\/2019\/07\/robo-casa-angelica-rivera.png?fit=980%2C550&ssl=1&resize=700%2C400 2x"},"classes":[]},{"id":48842,"url":"https:\/\/mexicocodigorojo.com.mx\/?p=48842","url_meta":{"origin":61118,"position":3},"title":"Postula Morena a candidato buscado por la DEA que pertenece al CJNG","author":"MexicoRojoCvmx","date":"abril 28, 2021","format":false,"excerpt":"Cd. de M\u00e9xico (28 abril 2021).- El candidato de Morena a la Alcald\u00eda de Huetamo, Michoac\u00e1n, Rogelio Portillo Jaramillo, es buscado por la Administraci\u00f3n para el Control de Drogas (DEA, por sus siglas en ingl\u00e9s) de Estados Unidos. La DEA lo busca por conspiraci\u00f3n para distribuir narc\u00f3ticos en Estados Unidos\u2026","rel":"","context":"En \u00abFeatured\u00bb","block_context":{"text":"Featured","link":"https:\/\/mexicocodigorojo.com.mx\/?cat=1724"},"img":{"alt_text":"","src":"https:\/\/i0.wp.com\/mexicocodigorojo.com.mx\/wp-content\/uploads\/2021\/04\/5021021.jpg?fit=960%2C640&ssl=1&resize=350%2C200","width":350,"height":200,"srcset":"https:\/\/i0.wp.com\/mexicocodigorojo.com.mx\/wp-content\/uploads\/2021\/04\/5021021.jpg?fit=960%2C640&ssl=1&resize=350%2C200 1x, https:\/\/i0.wp.com\/mexicocodigorojo.com.mx\/wp-content\/uploads\/2021\/04\/5021021.jpg?fit=960%2C640&ssl=1&resize=525%2C300 1.5x, https:\/\/i0.wp.com\/mexicocodigorojo.com.mx\/wp-content\/uploads\/2021\/04\/5021021.jpg?fit=960%2C640&ssl=1&resize=700%2C400 2x"},"classes":[]},{"id":50054,"url":"https:\/\/mexicocodigorojo.com.mx\/?p=50054","url_meta":{"origin":61118,"position":4},"title":"DOS EMBOSCADAS CONTRA POLIC\u00cdAS ESTATALES EN TAMAULIPAS","author":"Staff","date":"julio 9, 2021","format":false,"excerpt":"Agentes de la polic\u00eda estatal de Tamaulipas, quienes viajaban en un autob\u00fas fueron atacados por un grupo armado en el municipio de Nuevo Laredo. El segundo\u00a0 ataque fue en el municipio de Jim\u00e9nez. No se reportaron lesionados. Reportes polic\u00edacos indican que los hechos ocurrieron a las 21:30 horas de este\u2026","rel":"","context":"En \u00abFeatured\u00bb","block_context":{"text":"Featured","link":"https:\/\/mexicocodigorojo.com.mx\/?cat=1724"},"img":{"alt_text":"","src":"https:\/\/i0.wp.com\/mexicocodigorojo.com.mx\/wp-content\/uploads\/2021\/07\/EthfWTiXUAI-LKG.jpg?fit=1200%2C750&ssl=1&resize=350%2C200","width":350,"height":200,"srcset":"https:\/\/i0.wp.com\/mexicocodigorojo.com.mx\/wp-content\/uploads\/2021\/07\/EthfWTiXUAI-LKG.jpg?fit=1200%2C750&ssl=1&resize=350%2C200 1x, https:\/\/i0.wp.com\/mexicocodigorojo.com.mx\/wp-content\/uploads\/2021\/07\/EthfWTiXUAI-LKG.jpg?fit=1200%2C750&ssl=1&resize=525%2C300 1.5x, https:\/\/i0.wp.com\/mexicocodigorojo.com.mx\/wp-content\/uploads\/2021\/07\/EthfWTiXUAI-LKG.jpg?fit=1200%2C750&ssl=1&resize=700%2C400 2x, https:\/\/i0.wp.com\/mexicocodigorojo.com.mx\/wp-content\/uploads\/2021\/07\/EthfWTiXUAI-LKG.jpg?fit=1200%2C750&ssl=1&resize=1050%2C600 3x"},"classes":[]},{"id":57669,"url":"https:\/\/mexicocodigorojo.com.mx\/?p=57669","url_meta":{"origin":61118,"position":5},"title":"DEJAN DOS DECAPITADOS EN JIMENEZ Y PONEN AL DESCUBIERTO APOYO DE MARINOS A LOS ZETAS","author":"Staff","date":"octubre 16, 2023","format":false,"excerpt":"Jimenez, Tamaulipas. 16 octubre 2023.- Este domingo alrededor de las 8:30 p.m. fue reportado al C4 personas sin vida en la carretera a Matamoros en el Km 114 por lo que corporaciones fueron a revisar. Al llegar, elementos del ejercito y de la guardia estatal tomaron conocimiento y confirmaron el\u2026","rel":"","context":"En \u00abFeatured\u00bb","block_context":{"text":"Featured","link":"https:\/\/mexicocodigorojo.com.mx\/?cat=1724"},"img":{"alt_text":"","src":"https:\/\/i0.wp.com\/mexicocodigorojo.com.mx\/wp-content\/uploads\/2023\/10\/jimenez-decapitados.jpg?fit=1200%2C697&ssl=1&resize=350%2C200","width":350,"height":200,"srcset":"https:\/\/i0.wp.com\/mexicocodigorojo.com.mx\/wp-content\/uploads\/2023\/10\/jimenez-decapitados.jpg?fit=1200%2C697&ssl=1&resize=350%2C200 1x, https:\/\/i0.wp.com\/mexicocodigorojo.com.mx\/wp-content\/uploads\/2023\/10\/jimenez-decapitados.jpg?fit=1200%2C697&ssl=1&resize=525%2C300 1.5x, https:\/\/i0.wp.com\/mexicocodigorojo.com.mx\/wp-content\/uploads\/2023\/10\/jimenez-decapitados.jpg?fit=1200%2C697&ssl=1&resize=700%2C400 2x, https:\/\/i0.wp.com\/mexicocodigorojo.com.mx\/wp-content\/uploads\/2023\/10\/jimenez-decapitados.jpg?fit=1200%2C697&ssl=1&resize=1050%2C600 3x"},"classes":[]}],"jetpack_sharing_enabled":true,"jetpack_likes_enabled":true,"jetpack_shortlink":"https:\/\/wp.me\/p9TedA-fTM","_links":{"self":[{"href":"https:\/\/mexicocodigorojo.com.mx\/index.php?rest_route=\/wp\/v2\/posts\/61118","targetHints":{"allow":["GET"]}}],"collection":[{"href":"https:\/\/mexicocodigorojo.com.mx\/index.php?rest_route=\/wp\/v2\/posts"}],"about":[{"href":"https:\/\/mexicocodigorojo.com.mx\/index.php?rest_route=\/wp\/v2\/types\/post"}],"author":[{"embeddable":true,"href":"https:\/\/mexicocodigorojo.com.mx\/index.php?rest_route=\/wp\/v2\/users\/22"}],"replies":[{"embeddable":true,"href":"https:\/\/mexicocodigorojo.com.mx\/index.php?rest_route=%2Fwp%2Fv2%2Fcomments&post=61118"}],"version-history":[{"count":1,"href":"https:\/\/mexicocodigorojo.com.mx\/index.php?rest_route=\/wp\/v2\/posts\/61118\/revisions"}],"predecessor-version":[{"id":61119,"href":"https:\/\/mexicocodigorojo.com.mx\/index.php?rest_route=\/wp\/v2\/posts\/61118\/revisions\/61119"}],"wp:featuredmedia":[{"embeddable":true,"href":"https:\/\/mexicocodigorojo.com.mx\/index.php?rest_route=\/wp\/v2\/media\/61117"}],"wp:attachment":[{"href":"https:\/\/mexicocodigorojo.com.mx\/index.php?rest_route=%2Fwp%2Fv2%2Fmedia&parent=61118"}],"wp:term":[{"taxonomy":"category","embeddable":true,"href":"https:\/\/mexicocodigorojo.com.mx\/index.php?rest_route=%2Fwp%2Fv2%2Fcategories&post=61118"},{"taxonomy":"post_tag","embeddable":true,"href":"https:\/\/mexicocodigorojo.com.mx\/index.php?rest_route=%2Fwp%2Fv2%2Ftags&post=61118"}],"curies":[{"name":"wp","href":"https:\/\/api.w.org\/{rel}","templated":true}]}}