{"id":60937,"date":"2024-05-22T22:50:29","date_gmt":"2024-05-23T04:50:29","guid":{"rendered":"https:\/\/mexicocodigorojo.com.mx\/?p=60937"},"modified":"2024-05-22T22:51:01","modified_gmt":"2024-05-23T04:51:01","slug":"paola-suarez-sufre-amenazas-durante-su-campana-para-diputacion-en-guanajuato","status":"publish","type":"post","link":"https:\/\/mexicocodigorojo.com.mx\/?p=60937","title":{"rendered":"Paola Su\u00e1rez sufre amenazas durante su campa\u00f1a para diputaci\u00f3n en Guanajuato"},"content":{"rendered":"\n<p>Paola Su\u00e1rez es una influencer conocida por ser parte de Las Perdidas; sin embargo, decidi\u00f3 incursionar en la pol\u00edtica y buscar una diputaci\u00f3n por Coecillo en Guanajuato con el Partido del Trabajo. La creadora de contenido en redes sociales recientemente denunci\u00f3 que ha recibido diversas amenazas en su contra.<\/p>\n\n\n\n<figure class=\"wp-block-image size-large\"><img data-recalc-dims=\"1\" loading=\"lazy\" decoding=\"async\" width=\"300\" height=\"181\" data-attachment-id=\"60935\" data-permalink=\"https:\/\/mexicocodigorojo.com.mx\/?attachment_id=60935\" data-orig-file=\"https:\/\/i0.wp.com\/mexicocodigorojo.com.mx\/wp-content\/uploads\/2024\/05\/images-374770360313946923943.jpg?fit=714%2C430&amp;ssl=1\" data-orig-size=\"714,430\" data-comments-opened=\"1\" data-image-meta=\"{&quot;aperture&quot;:&quot;0&quot;,&quot;credit&quot;:&quot;&quot;,&quot;camera&quot;:&quot;&quot;,&quot;caption&quot;:&quot;&quot;,&quot;created_timestamp&quot;:&quot;0&quot;,&quot;copyright&quot;:&quot;&quot;,&quot;focal_length&quot;:&quot;0&quot;,&quot;iso&quot;:&quot;0&quot;,&quot;shutter_speed&quot;:&quot;0&quot;,&quot;title&quot;:&quot;&quot;,&quot;orientation&quot;:&quot;0&quot;}\" data-image-title=\"images-374770360313946923943.jpg\" data-image-description=\"\" data-image-caption=\"\" data-large-file=\"https:\/\/i0.wp.com\/mexicocodigorojo.com.mx\/wp-content\/uploads\/2024\/05\/images-374770360313946923943.jpg?fit=696%2C419&amp;ssl=1\" src=\"https:\/\/i0.wp.com\/mexicocodigorojo.com.mx\/wp-content\/uploads\/2024\/05\/images-374770360313946923943.jpg?resize=300%2C181&#038;ssl=1\" alt=\"\" class=\"wp-image-60935\" srcset=\"https:\/\/i0.wp.com\/mexicocodigorojo.com.mx\/wp-content\/uploads\/2024\/05\/images-374770360313946923943.jpg?resize=300%2C181&amp;ssl=1 300w, https:\/\/i0.wp.com\/mexicocodigorojo.com.mx\/wp-content\/uploads\/2024\/05\/images-374770360313946923943.jpg?w=714&amp;ssl=1 714w\" sizes=\"auto, (max-width: 300px) 100vw, 300px\" \/><\/figure>\n\n\n\n<p>Durante una conferencia de prensa, Paola Su\u00e1rez asegur\u00f3 estar angustiada por recibir mensajes amenazantes en contra de su persona, pero reiter\u00f3 que continuar\u00e1 en la campa\u00f1a y que ya inici\u00f3 un proceso legal por lo ocurrido.<\/p>\n\n\n\n<p>Cabe se\u00f1alar que la candidata del PT no detall\u00f3 el tipo de advertencias violentas que ha recibido, pero mencion\u00f3 que las amenazas no s\u00f3lo son contra su persona, si no tambi\u00e9n hacia sus familiares. <em>\u201cEstoy preocupada y nerviosa porque una amenaza como estas entre partidos pol\u00edticos cuando se ve que uno va a ganar te empiezan a amenazar\u201d.<\/em><\/p>\n\n\n\n<p>De igual forma, Paolita Su\u00e1rez llam\u00f3 al voto el pr\u00f3ximo 2 de junio e invit\u00f3 a las personas a no sentirse intimidadas por ejercer su derecho de participar en las elecciones de Guanajuato. Tambi\u00e9n dijo que sus compa\u00f1eros del Partido del Trabajo le han brindado tanto apoyo como acompa\u00f1amiento.<\/p>\n\n\n\n<p><em>\u201cVamos a hacer un cambio muy padre, saben que me tienen a m\u00ed como la voz del barrio, saben que soy del Coecillo y que estoy por el Distrito 7, cualquier cosa que me quieran decir lo pueden hacer, no les puedo estar diciendo que hablar\u00e9 como una diputada o un candidato profesional pero les hablo como una ciudadana m\u00e1s\u00bb.<\/em><\/p>\n\n\n\n<p><em> <\/em><\/p>\n\n\n\n<figure class=\"wp-block-image size-large\"><img data-recalc-dims=\"1\" loading=\"lazy\" decoding=\"async\" width=\"300\" height=\"225\" data-attachment-id=\"60936\" data-permalink=\"https:\/\/mexicocodigorojo.com.mx\/?attachment_id=60936\" data-orig-file=\"https:\/\/i0.wp.com\/mexicocodigorojo.com.mx\/wp-content\/uploads\/2024\/05\/images-363344289747170837506.jpg?fit=640%2C480&amp;ssl=1\" data-orig-size=\"640,480\" data-comments-opened=\"1\" data-image-meta=\"{&quot;aperture&quot;:&quot;0&quot;,&quot;credit&quot;:&quot;&quot;,&quot;camera&quot;:&quot;&quot;,&quot;caption&quot;:&quot;&quot;,&quot;created_timestamp&quot;:&quot;0&quot;,&quot;copyright&quot;:&quot;&quot;,&quot;focal_length&quot;:&quot;0&quot;,&quot;iso&quot;:&quot;0&quot;,&quot;shutter_speed&quot;:&quot;0&quot;,&quot;title&quot;:&quot;&quot;,&quot;orientation&quot;:&quot;0&quot;}\" data-image-title=\"images-363344289747170837506.jpg\" data-image-description=\"\" data-image-caption=\"\" data-large-file=\"https:\/\/i0.wp.com\/mexicocodigorojo.com.mx\/wp-content\/uploads\/2024\/05\/images-363344289747170837506.jpg?fit=640%2C480&amp;ssl=1\" src=\"https:\/\/i0.wp.com\/mexicocodigorojo.com.mx\/wp-content\/uploads\/2024\/05\/images-363344289747170837506.jpg?resize=300%2C225&#038;ssl=1\" alt=\"\" class=\"wp-image-60936\" srcset=\"https:\/\/i0.wp.com\/mexicocodigorojo.com.mx\/wp-content\/uploads\/2024\/05\/images-363344289747170837506.jpg?resize=300%2C225&amp;ssl=1 300w, https:\/\/i0.wp.com\/mexicocodigorojo.com.mx\/wp-content\/uploads\/2024\/05\/images-363344289747170837506.jpg?w=640&amp;ssl=1 640w\" sizes=\"auto, (max-width: 300px) 100vw, 300px\" \/><\/figure>\n\n\n\n<p><strong><em>Paola Su\u00e1rez busca mejorar condiciones para trabajadoras sexuales y comunidad LGBT<\/em><\/strong><\/p>\n\n\n\n<p><br>La influencer Paola Su\u00e1rez inici\u00f3 su campa\u00f1a hace cerca de dos meses en Le\u00f3n, recorriendo un tianguis acompa\u00f1ada por su equipo de trabajo, simpatizantes y hasta ocho elementos de la Guardia Nacional. Durante este tiempo, ha estado promoviendo sus propuestas con el fin de beneficiar a los miembros de su comunidad, as\u00ed como a sus vecinos.<\/p>\n\n\n\n<p>Entre sus objetivos principales, Su\u00e1rez enfatiza la necesidad de apoyar a las mujeres, principalmente a las integrantes de la comunidad trans, en su derecho a trabajar en las calles con seguridad. \u201c<em>El apoyo es para que a mis compa\u00f1eras las dejen trabajar en la calle\u201d, subray\u00f3. Este planteamiento nace de su propia experiencia, ya que en su pasado, tanto ella como su grupo de amigas se dedicaban a la prostituci\u00f3n y enfrentaban abusos por parte de las autoridades. \u201cCuando trabajaba en las calles, la polic\u00eda nos trataba muy mal (\u2026); ahorita ya casi no pasa eso, pero si podemos cambiar eso para que a mis compa\u00f1eras las dejen trabajar en las calles, es el objetivo\u201d<\/em>, expres\u00f3.<\/p>\n\n\n\n<p>Su campa\u00f1a no solo busca representar a todo el distrito, sino tambi\u00e9n velar especialmente por la comunidad LGBT y la comunidad de El Coecillo, lugar que la vio crecer y que est\u00e1 presente en su eslogan de campa\u00f1a. <em>\u201cYo nada m\u00e1s voy por la comunidad trans, lo que me vio crecer que es el Coecillo\u201d<\/em>, afirm\u00f3 Su\u00e1rez. El Coecillo es una localidad conocida por su historia y su v\u00ednculo con las tradiciones locales, incluyendo eventos culturales y festividades que reflejan la rica herencia cultural de la regi\u00f3n.<\/p>\n\n\n\n<p>El municipio de Le\u00f3n, en el estado de Guanajuato, es una de las ciudades m\u00e1s importantes de la regi\u00f3n debido a su significativo papel en la industria del calzado a nivel nacional e internacional. La zona de El Coecillo es una de las muchas comunidades que conforman esta extensa urbe y que experimenta el dinamismo econ\u00f3mico, social y cultural de la ciudad.<\/p>\n\n\n\n<p>Paola Su\u00e1rez salt\u00f3 a la fama digital en 2017 junto a Wendy Guevara como parte del grupo de creadoras de contenido \u201cLas Perdidas\u201d. En un video viral, relataron c\u00f3mo hab\u00edan sido abandonadas en un cerro por unos hombres con quienes hab\u00edan salido. Este episodio las catapult\u00f3 a la fama digital y, desde entonces, Su\u00e1rez ha sabido capitalizar su popularidad.<\/p>\n\n\n\n<p>(Infobae).- <\/p>\n\n\n\n<p><\/p>\n","protected":false},"excerpt":{"rendered":"<p>Paola Su\u00e1rez es una influencer conocida por ser parte de Las Perdidas; sin embargo, decidi\u00f3 incursionar en la pol\u00edtica y buscar una diputaci\u00f3n por Coecillo en Guanajuato con el Partido del Trabajo. La creadora de contenido en redes sociales recientemente denunci\u00f3 que ha recibido diversas amenazas en su contra. Durante una conferencia de prensa, Paola [&hellip;]<\/p>\n","protected":false},"author":22,"featured_media":60932,"comment_status":"open","ping_status":"open","sticky":false,"template":"","format":"standard","meta":{"_uf_show_specific_survey":0,"_uf_disable_surveys":false,"advanced_seo_description":"","jetpack_seo_html_title":"","jetpack_seo_noindex":false,"jetpack_post_was_ever_published":false,"_jetpack_newsletter_access":"","_jetpack_dont_email_post_to_subs":false,"_jetpack_newsletter_tier_id":0,"_jetpack_memberships_contains_paywalled_content":false,"_jetpack_memberships_contains_paid_content":false,"footnotes":"","jetpack_publicize_message":"","jetpack_publicize_feature_enabled":true,"jetpack_social_post_already_shared":true,"jetpack_social_options":{"image_generator_settings":{"template":"highway","default_image_id":0,"font":"","enabled":false},"version":2}},"categories":[1724,18],"tags":[1449,887,949],"class_list":{"0":"post-60937","1":"post","2":"type-post","3":"status-publish","4":"format-standard","5":"has-post-thumbnail","7":"category-featured","8":"category-guanajuato","9":"tag-amenazas","10":"tag-diputados","11":"tag-elecciones"},"jetpack_publicize_connections":[],"jetpack_featured_media_url":"https:\/\/i0.wp.com\/mexicocodigorojo.com.mx\/wp-content\/uploads\/2024\/05\/Screenshot_20240522_234413_Gallery.jpg?fit=1899%2C1080&ssl=1","jetpack-related-posts":[{"id":62195,"url":"https:\/\/mexicocodigorojo.com.mx\/?p=62195","url_meta":{"origin":60937,"position":0},"title":"Vinculan a proceso a elemento de la Marina por amenazar a periodista","author":"Staff","date":"julio 12, 2024","format":false,"excerpt":"Hermosillo.- Luego de que el director del diario digital Cajeme News, Ren\u00e9 D\u00edaz, denunciara que en los \u00faltimos meses ha recibido amenazas de un elemento de la Marina con base en la Polic\u00eda Municipal de Cajeme, la FGR inici\u00f3 una carpeta de investigaci\u00f3n. Las primeras amenazas ocurrieron el a\u00f1o pasado\u2026","rel":"","context":"En \u00abFeatured\u00bb","block_context":{"text":"Featured","link":"https:\/\/mexicocodigorojo.com.mx\/?cat=1724"},"img":{"alt_text":"","src":"https:\/\/mexicocodigorojo.com.mx\/wp-content\/uploads\/2024\/07\/54CP3Z2WENGHXHKIDNMICX4O3Q.avif","width":350,"height":200,"srcset":"https:\/\/mexicocodigorojo.com.mx\/wp-content\/uploads\/2024\/07\/54CP3Z2WENGHXHKIDNMICX4O3Q.avif 1x, https:\/\/mexicocodigorojo.com.mx\/wp-content\/uploads\/2024\/07\/54CP3Z2WENGHXHKIDNMICX4O3Q.avif 1.5x, https:\/\/mexicocodigorojo.com.mx\/wp-content\/uploads\/2024\/07\/54CP3Z2WENGHXHKIDNMICX4O3Q.avif 2x, https:\/\/mexicocodigorojo.com.mx\/wp-content\/uploads\/2024\/07\/54CP3Z2WENGHXHKIDNMICX4O3Q.avif 3x"},"classes":[]},{"id":49334,"url":"https:\/\/mexicocodigorojo.com.mx\/?p=49334","url_meta":{"origin":60937,"position":1},"title":"Sufre agresi\u00f3n candidata del Verde en Ac\u00e1mbaro","author":"Staff","date":"mayo 27, 2021","format":false,"excerpt":"Ac\u00e1mbaro, Gto.-\u00a0Sarah\u00ed Figueroa Ram\u00edrez,\u00a0candidata\u00a0por el\u00a0partido Verde\u00a0a la\u00a0diputaci\u00f3n local\u00a0distrito XXII, fue v\u00edctima de una agresi\u00f3n momentos despu\u00e9s de asistir a un mitin en la comunidad de\u00a0San Mateo T\u00f3cuaro, en el\u00a0municipio de Ac\u00e1mbaro. La contendiente result\u00f3 ilesa, as\u00ed como sus acompa\u00f1antes. Las autoridades confirmaron que hay\u00a0tres detenidos: dos\u00a0hombres\u00a0y una\u00a0mujer, presuntos responsables del\u2026","rel":"","context":"En \u00abFeatured\u00bb","block_context":{"text":"Featured","link":"https:\/\/mexicocodigorojo.com.mx\/?cat=1724"},"img":{"alt_text":"","src":"https:\/\/i0.wp.com\/mexicocodigorojo.com.mx\/wp-content\/uploads\/2021\/05\/mypost20210526t233052.968-focus-0.44-0.46-983-557.jpg?fit=983%2C557&ssl=1&resize=350%2C200","width":350,"height":200,"srcset":"https:\/\/i0.wp.com\/mexicocodigorojo.com.mx\/wp-content\/uploads\/2021\/05\/mypost20210526t233052.968-focus-0.44-0.46-983-557.jpg?fit=983%2C557&ssl=1&resize=350%2C200 1x, https:\/\/i0.wp.com\/mexicocodigorojo.com.mx\/wp-content\/uploads\/2021\/05\/mypost20210526t233052.968-focus-0.44-0.46-983-557.jpg?fit=983%2C557&ssl=1&resize=525%2C300 1.5x, https:\/\/i0.wp.com\/mexicocodigorojo.com.mx\/wp-content\/uploads\/2021\/05\/mypost20210526t233052.968-focus-0.44-0.46-983-557.jpg?fit=983%2C557&ssl=1&resize=700%2C400 2x"},"classes":[]},{"id":61214,"url":"https:\/\/mexicocodigorojo.com.mx\/?p=61214","url_meta":{"origin":60937,"position":2},"title":"Atentado contra Osberto Vera: Lalo Gattas y Am\u00e9rico Villarreal los se\u00f1alados","author":"MexicoRojoCvmx","date":"mayo 30, 2024","format":false,"excerpt":"Ciudad Victoria, Tamaulipas - La violencia contra los periodistas en Tamaulipas sigue siendo un problema grave y frecuente, con ataques perpetrados tanto por autoridades como por particulares y grupos delictivos. Hoy por la ma\u00f1ana, un encapuchado rompi\u00f3 el parabrisas y las ventanas laterales del veh\u00edculo de Osberto Vera, influencer y\u2026","rel":"","context":"En \u00abFeatured\u00bb","block_context":{"text":"Featured","link":"https:\/\/mexicocodigorojo.com.mx\/?cat=1724"},"img":{"alt_text":"","src":"https:\/\/i0.wp.com\/mexicocodigorojo.com.mx\/wp-content\/uploads\/2024\/05\/americoy-gattas.jpg?fit=1200%2C856&ssl=1&resize=350%2C200","width":350,"height":200,"srcset":"https:\/\/i0.wp.com\/mexicocodigorojo.com.mx\/wp-content\/uploads\/2024\/05\/americoy-gattas.jpg?fit=1200%2C856&ssl=1&resize=350%2C200 1x, https:\/\/i0.wp.com\/mexicocodigorojo.com.mx\/wp-content\/uploads\/2024\/05\/americoy-gattas.jpg?fit=1200%2C856&ssl=1&resize=525%2C300 1.5x, https:\/\/i0.wp.com\/mexicocodigorojo.com.mx\/wp-content\/uploads\/2024\/05\/americoy-gattas.jpg?fit=1200%2C856&ssl=1&resize=700%2C400 2x, https:\/\/i0.wp.com\/mexicocodigorojo.com.mx\/wp-content\/uploads\/2024\/05\/americoy-gattas.jpg?fit=1200%2C856&ssl=1&resize=1050%2C600 3x"},"classes":[]},{"id":59018,"url":"https:\/\/mexicocodigorojo.com.mx\/?p=59018","url_meta":{"origin":60937,"position":3},"title":"Asesinan a l\u00edder buscadora en Tecate","author":"Staff","date":"febrero 9, 2024","format":false,"excerpt":"En Tecate, Baja California, fue asesinada la activista y l\u00edder del colectivo Uni\u00f3n y Fuerza por Nuestros desaparecidos, Angelita Meraz Le\u00f3n. Los hechos ocurrieron el 8 de febrero por la tarde, mientras la activista se encontraba en la est\u00e9tica donde trabajaba. Un hombre armado ingres\u00f3 al inmueble y dispar\u00f3 de\u2026","rel":"","context":"En \u00abBaja California\u00bb","block_context":{"text":"Baja California","link":"https:\/\/mexicocodigorojo.com.mx\/?cat=130"},"img":{"alt_text":"","src":"https:\/\/i0.wp.com\/mexicocodigorojo.com.mx\/wp-content\/uploads\/2024\/02\/asesinan-a-lider-buscadora-en-tecate-baja-california-496478.png?fit=800%2C600&ssl=1&resize=350%2C200","width":350,"height":200,"srcset":"https:\/\/i0.wp.com\/mexicocodigorojo.com.mx\/wp-content\/uploads\/2024\/02\/asesinan-a-lider-buscadora-en-tecate-baja-california-496478.png?fit=800%2C600&ssl=1&resize=350%2C200 1x, https:\/\/i0.wp.com\/mexicocodigorojo.com.mx\/wp-content\/uploads\/2024\/02\/asesinan-a-lider-buscadora-en-tecate-baja-california-496478.png?fit=800%2C600&ssl=1&resize=525%2C300 1.5x, https:\/\/i0.wp.com\/mexicocodigorojo.com.mx\/wp-content\/uploads\/2024\/02\/asesinan-a-lider-buscadora-en-tecate-baja-california-496478.png?fit=800%2C600&ssl=1&resize=700%2C400 2x"},"classes":[]},{"id":14059,"url":"https:\/\/mexicocodigorojo.com.mx\/?p=14059","url_meta":{"origin":60937,"position":4},"title":"SANGANLE AL TOPON; C\u00e1rtel Santa Rosa de Lima le Manda Mensaje al CJNG","author":"Staff","date":"febrero 14, 2019","format":false,"excerpt":"SANGANLE AL TOPON C\u00e1rtel Santa Rosa de Lima le Manda Mensaje a el CJNG Una grabaci\u00f3n del C\u00e1rtel Santa Rosa de Lima est\u00e1 causando sensaci\u00f3n en la red debido a que el grupo envi\u00f3 una contundente advertencia al C\u00e1rtel Jalisco Nueva Generaci\u00f3n (CJNG). A finales de enero, una narcomanta y\u2026","rel":"","context":"En \u00abGuanajuato\u00bb","block_context":{"text":"Guanajuato","link":"https:\/\/mexicocodigorojo.com.mx\/?cat=18"},"img":{"alt_text":"","src":"","width":0,"height":0},"classes":[]},{"id":47398,"url":"https:\/\/mexicocodigorojo.com.mx\/?p=47398","url_meta":{"origin":60937,"position":5},"title":"Indagan amenazas contra subsecretario y custodios","author":"MexicoRojoCvmx","date":"marzo 2, 2021","format":false,"excerpt":"Cd. de M\u00e9xico (02 marzo 2021).- La Jefa de Gobierno, Claudia Sheinbaum, inform\u00f3 que un grupo de alto perfil investiga las amenazas contra custodios y el subsecretario del Sistema Penitenciario, Hazael Ru\u00edz. Ayer, un cr\u00e1neo y la piel que le desprendieron del rostro, junto con una lona con amenazas contra\u2026","rel":"","context":"En \u00abCiudad de M\u00e9xico\u00bb","block_context":{"text":"Ciudad de M\u00e9xico","link":"https:\/\/mexicocodigorojo.com.mx\/?cat=101"},"img":{"alt_text":"","src":"https:\/\/i0.wp.com\/mexicocodigorojo.com.mx\/wp-content\/uploads\/2021\/03\/4984101.jpg?fit=960%2C640&ssl=1&resize=350%2C200","width":350,"height":200,"srcset":"https:\/\/i0.wp.com\/mexicocodigorojo.com.mx\/wp-content\/uploads\/2021\/03\/4984101.jpg?fit=960%2C640&ssl=1&resize=350%2C200 1x, https:\/\/i0.wp.com\/mexicocodigorojo.com.mx\/wp-content\/uploads\/2021\/03\/4984101.jpg?fit=960%2C640&ssl=1&resize=525%2C300 1.5x, https:\/\/i0.wp.com\/mexicocodigorojo.com.mx\/wp-content\/uploads\/2021\/03\/4984101.jpg?fit=960%2C640&ssl=1&resize=700%2C400 2x"},"classes":[]}],"jetpack_sharing_enabled":true,"jetpack_likes_enabled":true,"jetpack_shortlink":"https:\/\/wp.me\/p9TedA-fQR","_links":{"self":[{"href":"https:\/\/mexicocodigorojo.com.mx\/index.php?rest_route=\/wp\/v2\/posts\/60937","targetHints":{"allow":["GET"]}}],"collection":[{"href":"https:\/\/mexicocodigorojo.com.mx\/index.php?rest_route=\/wp\/v2\/posts"}],"about":[{"href":"https:\/\/mexicocodigorojo.com.mx\/index.php?rest_route=\/wp\/v2\/types\/post"}],"author":[{"embeddable":true,"href":"https:\/\/mexicocodigorojo.com.mx\/index.php?rest_route=\/wp\/v2\/users\/22"}],"replies":[{"embeddable":true,"href":"https:\/\/mexicocodigorojo.com.mx\/index.php?rest_route=%2Fwp%2Fv2%2Fcomments&post=60937"}],"version-history":[{"count":1,"href":"https:\/\/mexicocodigorojo.com.mx\/index.php?rest_route=\/wp\/v2\/posts\/60937\/revisions"}],"predecessor-version":[{"id":60938,"href":"https:\/\/mexicocodigorojo.com.mx\/index.php?rest_route=\/wp\/v2\/posts\/60937\/revisions\/60938"}],"wp:featuredmedia":[{"embeddable":true,"href":"https:\/\/mexicocodigorojo.com.mx\/index.php?rest_route=\/wp\/v2\/media\/60932"}],"wp:attachment":[{"href":"https:\/\/mexicocodigorojo.com.mx\/index.php?rest_route=%2Fwp%2Fv2%2Fmedia&parent=60937"}],"wp:term":[{"taxonomy":"category","embeddable":true,"href":"https:\/\/mexicocodigorojo.com.mx\/index.php?rest_route=%2Fwp%2Fv2%2Fcategories&post=60937"},{"taxonomy":"post_tag","embeddable":true,"href":"https:\/\/mexicocodigorojo.com.mx\/index.php?rest_route=%2Fwp%2Fv2%2Ftags&post=60937"}],"curies":[{"name":"wp","href":"https:\/\/api.w.org\/{rel}","templated":true}]}}