{"id":60775,"date":"2024-05-18T17:45:45","date_gmt":"2024-05-18T23:45:45","guid":{"rendered":"https:\/\/mexicocodigorojo.com.mx\/?p=60775"},"modified":"2024-05-18T17:45:45","modified_gmt":"2024-05-18T23:45:45","slug":"operativo-para-rescatar-a-migrantes-en-durango-desata-el-caos-en-escuelas-y-panico-en-las-familias","status":"publish","type":"post","link":"https:\/\/mexicocodigorojo.com.mx\/?p=60775","title":{"rendered":"Operativo para rescatar a migrantes en Durango desata el caos en escuelas y p\u00e1nico en las familias"},"content":{"rendered":"<p class=\"default__StyledText-kkhi2r-0 cGAawy body-paragraph\"><b>M\u00e1s de 80 migrantes<\/b>\u00a0<b>fueron rescatados<\/b>\u00a0de una casa de seguridad en\u00a0Durango\u00a0a trav\u00e9s de un operativo federal que adem\u00e1s,\u00a0<b>sembr\u00f3 el terror en cientos de menores<\/b>\u00a0de k\u00ednder, primaria y secundaria de escuelas contiguas al inmueble.<\/p>\n<p class=\"default__StyledText-kkhi2r-0 cGAawy body-paragraph\">El medio d\u00eda de este viernes se realiz\u00f3 un operativo federal para el rescate de cuando menos 80 migrantes que estaban en una casa de seguridad, pr\u00e1cticamente a un lado de la escuela secundaria Jaime Torres Bodet y la escuela primaria Vicente Guerrero y un k\u00ednder, las cuales entraron en p\u00e1nico ante la posibilidad de una balacera.<\/p>\n<div id=\"arcad-feature-2309\" class=\"default__StyledAdUnit-ijbiyl-0 bWigPu arcad-feature margin-md-bottom \">\n<div id=\"\" class=\"arcad-container\">\n<div id=\"lazy_3\">\n<div id=\"inread_oop\" class=\"arcad ad-1x1\" data-google-query-id=\"CI6JpL_4l4YDFYcLigMd4EYH8A\">\n<p class=\"default__StyledText-kkhi2r-0 cGAawy body-paragraph\">El operativo corri\u00f3 a cargo de la Secretar\u00eda de la Defensa Nacional y la\u00a0Guardia Nacional,\u00a0que llen\u00f3 de veh\u00edculos oficiales la calle Arquitectos, entre Divisi\u00f3n Durango y Riel, en la Colonia 16 de septiembre de la ciudad de Durango.<\/p>\n<p class=\"default__StyledText-kkhi2r-0 cGAawy body-paragraph\">En el mismo fueron rescatados, migrantes procedentes de\u00a0<b>Venezuela<\/b>,\u00a0<b>Honduras<\/b>,\u00a0<b>Guatemala<\/b>,\u00a0<b>Colombia<\/b>, cuyas condiciones, hasta el momento no han sido dadas a conocer por las autoridades.<\/p>\n<p class=\"default__StyledText-kkhi2r-0 cGAawy body-paragraph\">Maestros vecinos y alumnos de las escuelas mencionadas, se atemorizaron ante la aparici\u00f3n de veh\u00edculos artillados con elementos del Ej\u00e9rcito y Guardia Nacional, que cerraron las calles con sendas armas largas.<\/p>\n<p class=\"default__StyledText-kkhi2r-0 cGAawy body-paragraph\">Ante la peligrosidad del operativo los maestros y directivos sobre todo de la escuela primaria se horrorizaron ante la posibilidad de que hubiera una balacera y por medio de audios de WhatsApp alertaron a los padres de familia y les urgieron a recoger a sus hijos. Precisaron que en caso de desatarse un enfrentamiento armado, estar\u00edan listos para seguir un protocolo y llevar \u201cpecho tierra\u201d a los ni\u00f1os por su protecci\u00f3n.<\/p>\n<p class=\"default__StyledText-kkhi2r-0 cGAawy body-paragraph\">\u201cHay un operativo federal aqu\u00ed a un costado del k\u00ednder y la primaria, y est\u00e1n bloqueados era una cuadra, ahorita son cuatro cuadras, lo que a m\u00ed me informan es que es un operativo porque tienen migrantes resguardados ah\u00ed&#8230; Y lo m\u00e1s seguro de acuerdo a lo que dice Sedena, es que pueden darse hasta balazos&#8230; Si pueden venir por ellos ahorita, no tendremos problema en entregarlos&#8230; si llega a haber un enfrentamiento con balazos, lo que pedir\u00eda es que nos resguardemos en los salones y nos echamos pecho tierra, no hay de otra&#8230;\u201d, asever\u00f3 un profesor que logr\u00f3 alertar a los padres de familia.<\/p>\n<p class=\"default__StyledText-kkhi2r-0 cGAawy body-paragraph fi-aic_280\">El operativo dur\u00f3 algunas horas y se logr\u00f3 rescatar a los migrantes sin impactos de fuego, se sabe fueron trasladados y puestos a disposici\u00f3n del\u00a0Instituto Nacional de Migraci\u00f3n.<\/p>\n<p class=\"default__StyledText-kkhi2r-0 cGAawy body-paragraph\">Los vecinos se\u00f1alaron que desde hace tiempo se ve\u00eda una actividad sospechosa en esa vivienda, con la entrada y salida de hombres que evidentemente no eran mexicanos.<\/p>\n<\/div>\n<\/div>\n<\/div>\n<\/div>\n","protected":false},"excerpt":{"rendered":"<p>M\u00e1s de 80 migrantes\u00a0fueron rescatados\u00a0de una casa de seguridad en\u00a0Durango\u00a0a trav\u00e9s de un operativo federal que adem\u00e1s,\u00a0sembr\u00f3 el terror en cientos de menores\u00a0de k\u00ednder, primaria y secundaria de escuelas contiguas al inmueble. El medio d\u00eda de este viernes se realiz\u00f3 un operativo federal para el rescate de cuando menos 80 migrantes que estaban en una [&hellip;]<\/p>\n","protected":false},"author":5,"featured_media":60776,"comment_status":"open","ping_status":"open","sticky":false,"template":"","format":"standard","meta":{"_uf_show_specific_survey":0,"_uf_disable_surveys":false,"advanced_seo_description":"","jetpack_seo_html_title":"","jetpack_seo_noindex":false,"jetpack_post_was_ever_published":false,"_jetpack_newsletter_access":"","_jetpack_dont_email_post_to_subs":false,"_jetpack_newsletter_tier_id":0,"_jetpack_memberships_contains_paywalled_content":false,"_jetpack_memberships_contains_paid_content":false,"footnotes":"","jetpack_publicize_message":"","jetpack_publicize_feature_enabled":true,"jetpack_social_post_already_shared":true,"jetpack_social_options":{"image_generator_settings":{"template":"highway","default_image_id":0,"font":"","enabled":false},"version":2}},"categories":[293,1724],"tags":[2188],"class_list":{"0":"post-60775","1":"post","2":"type-post","3":"status-publish","4":"format-standard","5":"has-post-thumbnail","7":"category-durango","8":"category-featured","9":"tag-migrantes-2"},"jetpack_publicize_connections":[],"jetpack_featured_media_url":"https:\/\/i0.wp.com\/mexicocodigorojo.com.mx\/wp-content\/uploads\/2024\/05\/Ejercito-mexicano-realiza-operativo-en-la-ciudad-de-Durango.jpeg?fit=768%2C479&ssl=1","jetpack-related-posts":[{"id":15392,"url":"https:\/\/mexicocodigorojo.com.mx\/?p=15392","url_meta":{"origin":60775,"position":0},"title":"Operativo para hallar con vida a desaparecidos en Tamaulipas","author":"Staff","date":"marzo 15, 2019","format":false,"excerpt":"CIUDAD DE M\u00c9XICO.- Autoridades de los gobiernos federal y de Tamaulipas trabajan de manera conjunta para dar con el paradero de los 22 migrantes desaparecidos desde el pasado jueves 7 de marzo, cuando fueron obligados a descender de un autob\u00fas cerca de la ciudad de Reynosa. Luego de que la\u2026","rel":"","context":"En \u00abTamaulipas\u00bb","block_context":{"text":"Tamaulipas","link":"https:\/\/mexicocodigorojo.com.mx\/?cat=2"},"img":{"alt_text":"","src":"https:\/\/i0.wp.com\/mexicocodigorojo.com.mx\/wp-content\/uploads\/2019\/03\/operativo-1.jpg?fit=1078%2C676&ssl=1&resize=350%2C200","width":350,"height":200,"srcset":"https:\/\/i0.wp.com\/mexicocodigorojo.com.mx\/wp-content\/uploads\/2019\/03\/operativo-1.jpg?fit=1078%2C676&ssl=1&resize=350%2C200 1x, https:\/\/i0.wp.com\/mexicocodigorojo.com.mx\/wp-content\/uploads\/2019\/03\/operativo-1.jpg?fit=1078%2C676&ssl=1&resize=525%2C300 1.5x, https:\/\/i0.wp.com\/mexicocodigorojo.com.mx\/wp-content\/uploads\/2019\/03\/operativo-1.jpg?fit=1078%2C676&ssl=1&resize=700%2C400 2x, https:\/\/i0.wp.com\/mexicocodigorojo.com.mx\/wp-content\/uploads\/2019\/03\/operativo-1.jpg?fit=1078%2C676&ssl=1&resize=1050%2C600 3x"},"classes":[]},{"id":51050,"url":"https:\/\/mexicocodigorojo.com.mx\/?p=51050","url_meta":{"origin":60775,"position":1},"title":"Polic\u00eda de Apodaca en operativo conjunto con Migraci\u00f3n rescatan a 77 migrantes","author":"Staff","date":"septiembre 7, 2021","format":false,"excerpt":"Un grupo de 77 migrantes fue rescatado en una casa, donde estaban sin comida y hacinados, mediante un operativo realizado por polic\u00edas de la Guardia de Proximidad de Apodaca. El hallazgo del grupo de hondure\u00f1os, salvadore\u00f1os y guatemaltecos se realiz\u00f3 en coordinaci\u00f3n con personal del Instituto Nacional de Migraci\u00f3n y\u2026","rel":"","context":"En \u00abFeatured\u00bb","block_context":{"text":"Featured","link":"https:\/\/mexicocodigorojo.com.mx\/?cat=1724"},"img":{"alt_text":"","src":"https:\/\/i0.wp.com\/mexicocodigorojo.com.mx\/wp-content\/uploads\/2021\/09\/IMG-20210907-WA0018.jpg?fit=1200%2C897&ssl=1&resize=350%2C200","width":350,"height":200,"srcset":"https:\/\/i0.wp.com\/mexicocodigorojo.com.mx\/wp-content\/uploads\/2021\/09\/IMG-20210907-WA0018.jpg?fit=1200%2C897&ssl=1&resize=350%2C200 1x, https:\/\/i0.wp.com\/mexicocodigorojo.com.mx\/wp-content\/uploads\/2021\/09\/IMG-20210907-WA0018.jpg?fit=1200%2C897&ssl=1&resize=525%2C300 1.5x, https:\/\/i0.wp.com\/mexicocodigorojo.com.mx\/wp-content\/uploads\/2021\/09\/IMG-20210907-WA0018.jpg?fit=1200%2C897&ssl=1&resize=700%2C400 2x, https:\/\/i0.wp.com\/mexicocodigorojo.com.mx\/wp-content\/uploads\/2021\/09\/IMG-20210907-WA0018.jpg?fit=1200%2C897&ssl=1&resize=1050%2C600 3x"},"classes":[]},{"id":14762,"url":"https:\/\/mexicocodigorojo.com.mx\/?p=14762","url_meta":{"origin":60775,"position":2},"title":"RESCATAN A MIGRANTES EN REYNOSA","author":"Staff","date":"febrero 27, 2019","format":false,"excerpt":"REYNOSA, TAM.- Agentes de la Polic\u00eda Federal rescataron a un grupo de migrantes a los que manten\u00edan en una vivienda del fraccionamiento Puerta Grande en esta ciudad. Entre el grupo se encontraban ciudadanos de origen centroamericano, entre ellos de Honduras, Guatemala y El Salvador. Con la informaci\u00f3n en su poder\u2026","rel":"","context":"En \u00abTamaulipas\u00bb","block_context":{"text":"Tamaulipas","link":"https:\/\/mexicocodigorojo.com.mx\/?cat=2"},"img":{"alt_text":"","src":"","width":0,"height":0},"classes":[]},{"id":46990,"url":"https:\/\/mexicocodigorojo.com.mx\/?p=46990","url_meta":{"origin":60775,"position":3},"title":"Rescata SSP a 233 migrantes abandonados en un tr\u00e1iler, en Las Choapas","author":"Staff","date":"febrero 15, 2021","format":false,"excerpt":"Las Choapas, Ver., 15 de febrero de 2021.- Derivado del Operativo Interestatal Veracruz-Tabasco, la Secretar\u00eda de Seguridad P\u00fablica (SSP), a trav\u00e9s de la Polic\u00eda Estatal, rescat\u00f3 a 233 migrantes procedentes de Guatemala, El Salvador, Honduras, Nicaragua y Belice. Los hechos ocurrieron durante la madrugada de este lunes, cuando las fuerzas\u2026","rel":"","context":"En \u00abFeatured\u00bb","block_context":{"text":"Featured","link":"https:\/\/mexicocodigorojo.com.mx\/?cat=1724"},"img":{"alt_text":"","src":"https:\/\/i0.wp.com\/secureservercdn.net\/166.62.108.22\/cg1.af3.myftpupload.com\/wp-content\/uploads\/2021\/02\/img-20210215-wa0207746975574.jpg?resize=350%2C200&ssl=1","width":350,"height":200,"srcset":"https:\/\/i0.wp.com\/secureservercdn.net\/166.62.108.22\/cg1.af3.myftpupload.com\/wp-content\/uploads\/2021\/02\/img-20210215-wa0207746975574.jpg?resize=350%2C200&ssl=1 1x, https:\/\/i0.wp.com\/secureservercdn.net\/166.62.108.22\/cg1.af3.myftpupload.com\/wp-content\/uploads\/2021\/02\/img-20210215-wa0207746975574.jpg?resize=525%2C300&ssl=1 1.5x, https:\/\/i0.wp.com\/secureservercdn.net\/166.62.108.22\/cg1.af3.myftpupload.com\/wp-content\/uploads\/2021\/02\/img-20210215-wa0207746975574.jpg?resize=700%2C400&ssl=1 2x"},"classes":[]},{"id":22283,"url":"https:\/\/mexicocodigorojo.com.mx\/?p=22283","url_meta":{"origin":60775,"position":4},"title":"Rescata Polic\u00eda Federal a 33 migrantes que viajaban en la caja de un trailer en Tamaulipas","author":"Staff","date":"agosto 19, 2019","format":false,"excerpt":"Se logr\u00f3 el rescate de 27 Hondure\u00f1os, 5 Nicarag\u00fcenses y 1 Guatemalteco Gonz\u00e1lez, Tamaulipas.- Mediante la implementaci\u00f3n del operativo \u201csellamiento Gama\u201d, en atenci\u00f3n al flujo migratorio irregular, elementos de la Polic\u00eda Federal llevaron acabo el aseguramiento de 33 migrantes de origen centroamericano. El rescate se registr\u00f3 en el kil\u00f3metro 000+000\u2026","rel":"","context":"En \u00abTamaulipas\u00bb","block_context":{"text":"Tamaulipas","link":"https:\/\/mexicocodigorojo.com.mx\/?cat=2"},"img":{"alt_text":"","src":"https:\/\/i0.wp.com\/mexicocodigorojo.com.mx\/wp-content\/uploads\/2019\/08\/Captura-de-Pantalla-2019-08-18-a-las-13.35.18-768x405.png?fit=768%2C405&ssl=1&resize=350%2C200","width":350,"height":200,"srcset":"https:\/\/i0.wp.com\/mexicocodigorojo.com.mx\/wp-content\/uploads\/2019\/08\/Captura-de-Pantalla-2019-08-18-a-las-13.35.18-768x405.png?fit=768%2C405&ssl=1&resize=350%2C200 1x, https:\/\/i0.wp.com\/mexicocodigorojo.com.mx\/wp-content\/uploads\/2019\/08\/Captura-de-Pantalla-2019-08-18-a-las-13.35.18-768x405.png?fit=768%2C405&ssl=1&resize=525%2C300 1.5x, https:\/\/i0.wp.com\/mexicocodigorojo.com.mx\/wp-content\/uploads\/2019\/08\/Captura-de-Pantalla-2019-08-18-a-las-13.35.18-768x405.png?fit=768%2C405&ssl=1&resize=700%2C400 2x"},"classes":[]},{"id":54094,"url":"https:\/\/mexicocodigorojo.com.mx\/?p=54094","url_meta":{"origin":60775,"position":5},"title":"Motosicarios matan a balazos a subdirectora de primaria y dejan herido a un ni\u00f1o en Veracruz: VIDEO","author":"MexicoRojoCvmx","date":"septiembre 21, 2022","format":false,"excerpt":"Una maestra fue asesinada a tiros y un ni\u00f1o herido de bala frente a una escuela p\u00fablica en la ciudad de Xalapa, capital de Veracruz. Los sucesos ocurrieron la ma\u00f1ana de hoy a la altura de la escuela primaria Ruiz Cortines, ubicada en la colonia Aguacatal. La v\u00edctima mortal era\u2026","rel":"","context":"En \u00abFeatured\u00bb","block_context":{"text":"Featured","link":"https:\/\/mexicocodigorojo.com.mx\/?cat=1724"},"img":{"alt_text":"","src":"https:\/\/i0.wp.com\/mexicocodigorojo.com.mx\/wp-content\/uploads\/2022\/09\/Captura-de-pantalla-2022-09-21-101209.jpg?fit=1102%2C716&ssl=1&resize=350%2C200","width":350,"height":200,"srcset":"https:\/\/i0.wp.com\/mexicocodigorojo.com.mx\/wp-content\/uploads\/2022\/09\/Captura-de-pantalla-2022-09-21-101209.jpg?fit=1102%2C716&ssl=1&resize=350%2C200 1x, https:\/\/i0.wp.com\/mexicocodigorojo.com.mx\/wp-content\/uploads\/2022\/09\/Captura-de-pantalla-2022-09-21-101209.jpg?fit=1102%2C716&ssl=1&resize=525%2C300 1.5x, https:\/\/i0.wp.com\/mexicocodigorojo.com.mx\/wp-content\/uploads\/2022\/09\/Captura-de-pantalla-2022-09-21-101209.jpg?fit=1102%2C716&ssl=1&resize=700%2C400 2x, https:\/\/i0.wp.com\/mexicocodigorojo.com.mx\/wp-content\/uploads\/2022\/09\/Captura-de-pantalla-2022-09-21-101209.jpg?fit=1102%2C716&ssl=1&resize=1050%2C600 3x"},"classes":[]}],"jetpack_sharing_enabled":true,"jetpack_likes_enabled":true,"jetpack_shortlink":"https:\/\/wp.me\/p9TedA-fOf","_links":{"self":[{"href":"https:\/\/mexicocodigorojo.com.mx\/index.php?rest_route=\/wp\/v2\/posts\/60775","targetHints":{"allow":["GET"]}}],"collection":[{"href":"https:\/\/mexicocodigorojo.com.mx\/index.php?rest_route=\/wp\/v2\/posts"}],"about":[{"href":"https:\/\/mexicocodigorojo.com.mx\/index.php?rest_route=\/wp\/v2\/types\/post"}],"author":[{"embeddable":true,"href":"https:\/\/mexicocodigorojo.com.mx\/index.php?rest_route=\/wp\/v2\/users\/5"}],"replies":[{"embeddable":true,"href":"https:\/\/mexicocodigorojo.com.mx\/index.php?rest_route=%2Fwp%2Fv2%2Fcomments&post=60775"}],"version-history":[{"count":1,"href":"https:\/\/mexicocodigorojo.com.mx\/index.php?rest_route=\/wp\/v2\/posts\/60775\/revisions"}],"predecessor-version":[{"id":60777,"href":"https:\/\/mexicocodigorojo.com.mx\/index.php?rest_route=\/wp\/v2\/posts\/60775\/revisions\/60777"}],"wp:featuredmedia":[{"embeddable":true,"href":"https:\/\/mexicocodigorojo.com.mx\/index.php?rest_route=\/wp\/v2\/media\/60776"}],"wp:attachment":[{"href":"https:\/\/mexicocodigorojo.com.mx\/index.php?rest_route=%2Fwp%2Fv2%2Fmedia&parent=60775"}],"wp:term":[{"taxonomy":"category","embeddable":true,"href":"https:\/\/mexicocodigorojo.com.mx\/index.php?rest_route=%2Fwp%2Fv2%2Fcategories&post=60775"},{"taxonomy":"post_tag","embeddable":true,"href":"https:\/\/mexicocodigorojo.com.mx\/index.php?rest_route=%2Fwp%2Fv2%2Ftags&post=60775"}],"curies":[{"name":"wp","href":"https:\/\/api.w.org\/{rel}","templated":true}]}}