{"id":60730,"date":"2024-05-17T23:27:32","date_gmt":"2024-05-18T05:27:32","guid":{"rendered":"https:\/\/mexicocodigorojo.com.mx\/?p=60730"},"modified":"2024-05-17T23:31:49","modified_gmt":"2024-05-18T05:31:49","slug":"roger-le-confiesa-a-su-madre-su-asesinato-del-caso-de-belen-y-tomas","status":"publish","type":"post","link":"https:\/\/mexicocodigorojo.com.mx\/?p=60730","title":{"rendered":"Roger le confiesa a su madre su asesinato del caso de &#8216;Bel\u00e9n y Tomas&#8217;"},"content":{"rendered":"\n<p class=\"wp-block-paragraph\">Despu\u00e9s de la desaparici\u00f3n y asesinato de los hermanos Bel\u00e9n y Tom\u00e1s, la pareja de la joven identificado como Roger de 32 a\u00f1os fue detenido y vinculado a proceso por la responsabilidad de este crimen al ser trasladado a la Ciudad de M\u00e9xico.<\/p>\n\n\n\n<p class=\"wp-block-paragraph\">El caso acapar\u00f3 la atenci\u00f3n debido a que Mar\u00eda Bel\u00e9n fue hallada muerta junto a su hermano por lo que esto levant\u00f3 las sospechas y la Fiscal\u00eda de Justicia de la Ciudad de M\u00e9xico comenz\u00f3 la investigaci\u00f3n por feminicidio de quien fuera su pareja y por el homicidio y desaparici\u00f3n del cu\u00f1ado.<\/p>\n\n\n\n<p class=\"wp-block-paragraph\">Roger se ocultaba en Acapulco y ah\u00ed lo detuvieron para trasladarlo a la Ciudad de M\u00e9xico en donde comenz\u00f3 su proceso las autoridades investigan el crimen, sin embargo dentro de este proceso se filtr\u00f3 un escabroso mensaje que \u00e9l le hizo a su madre en lo que parece una llamada telef\u00f3nica<\/p>\n\n\n\n<p class=\"wp-block-paragraph\"><strong>As\u00ed fue como Roger le confes\u00f3 el crimen a su madre<\/strong><br>En el audio que se dio a conocer en la semana de su vinculaci\u00f3n a proceso se escucha al presunto feminicida sostener una conversaci\u00f3n a su madre respondi\u00e9ndole el porqu\u00e9 estaba detenido en esta llamada le expone: \u00abNo te preocupes, ma es detenci\u00f3n porque mira nunca te he dicho qu\u00e9 paso\u00bb.<\/p>\n\n\n\n<p class=\"wp-block-paragraph\">Con estas palabras que \u00e9l dice de manera c\u00e1lida seg\u00fan su tono de voz le comienza a exponer: \u00ab\u00bfTe acuerdas de esta Bel\u00e9n y Tom\u00e1s?, pues yo los mat\u00e9, entonces por eso es que me est\u00e1n deteniendo a m\u00ed pero no te preocupes\u00bb se escucha en este audio.<\/p>\n\n\n\n<p class=\"wp-block-paragraph\">Pese al audio que se filtr\u00f3 donde confiesa el crimen, las autoridades no se han pronunciado por un cambio dentro de la investigaci\u00f3n o la sentencia. A Roger le dan 13 d\u00edas para presentar pruebas y que se aliste su defensa para llevar a cabo las audiencias principales en donde se defina su situaci\u00f3n jur\u00eddica.<\/p>\n\n\n\n<figure class=\"wp-block-image size-large\"><img data-recalc-dims=\"1\" loading=\"lazy\" decoding=\"async\" width=\"300\" height=\"148\" data-attachment-id=\"60728\" data-permalink=\"https:\/\/mexicocodigorojo.com.mx\/?attachment_id=60728\" data-orig-file=\"https:\/\/i0.wp.com\/mexicocodigorojo.com.mx\/wp-content\/uploads\/2024\/05\/images-149158035201019136364.jpg?fit=475%2C234&amp;ssl=1\" data-orig-size=\"475,234\" data-comments-opened=\"1\" data-image-meta=\"{&quot;aperture&quot;:&quot;0&quot;,&quot;credit&quot;:&quot;&quot;,&quot;camera&quot;:&quot;&quot;,&quot;caption&quot;:&quot;&quot;,&quot;created_timestamp&quot;:&quot;0&quot;,&quot;copyright&quot;:&quot;&quot;,&quot;focal_length&quot;:&quot;0&quot;,&quot;iso&quot;:&quot;0&quot;,&quot;shutter_speed&quot;:&quot;0&quot;,&quot;title&quot;:&quot;&quot;,&quot;orientation&quot;:&quot;0&quot;}\" data-image-title=\"images-149158035201019136364.jpg\" data-image-description=\"\" data-image-caption=\"\" data-large-file=\"https:\/\/i0.wp.com\/mexicocodigorojo.com.mx\/wp-content\/uploads\/2024\/05\/images-149158035201019136364.jpg?fit=475%2C234&amp;ssl=1\" src=\"https:\/\/i0.wp.com\/mexicocodigorojo.com.mx\/wp-content\/uploads\/2024\/05\/images-149158035201019136364.jpg?resize=300%2C148&#038;ssl=1\" alt=\"\" class=\"wp-image-60728\" srcset=\"https:\/\/i0.wp.com\/mexicocodigorojo.com.mx\/wp-content\/uploads\/2024\/05\/images-149158035201019136364.jpg?resize=300%2C148&amp;ssl=1 300w, https:\/\/i0.wp.com\/mexicocodigorojo.com.mx\/wp-content\/uploads\/2024\/05\/images-149158035201019136364.jpg?w=475&amp;ssl=1 475w\" sizes=\"auto, (max-width: 300px) 100vw, 300px\" \/><\/figure>\n\n\n\n<p class=\"wp-block-paragraph\">La madre del joven lo cuestion\u00f3 por la forma en que lo hab\u00edan tratado al ser detenido: \u201c\u00bfTe golpearon mi amor?\u201d, le dijo.<\/p>\n\n\n\n<p class=\"wp-block-paragraph\">Y ante la pregunta Roger le pide que le hable su amigo a quien llama \u201cel gordo\u201d quien presuntamente podr\u00eda apoyarle con un abogado.<\/p>\n\n\n\n<p class=\"wp-block-paragraph\">\u201cS\u00ed mi amor, ya est\u00e1 todo todo\u201d, reitera la mujer en la conversaci\u00f3n y tras la dura confesi\u00f3n de su hijo.<\/p>\n\n\n\n<p class=\"wp-block-paragraph\"><strong>\u00bfQu\u00e9 pas\u00f3 con Bel\u00e9n novia de Roger \u201cN\u201d y presuntamente asesinada por \u00e9l?<\/strong><br>A inicios de marzo de 2024 la novia, Mar\u00eda Elena Bel\u00e9n quien llevaba una relaci\u00f3n de dos a\u00f1os con Roger fu soportada como desaparecida, mientras que su hermano Jos\u00e9 Tom\u00e1s desapareci\u00f3 d\u00edas antes en el Pueblo de Santo, Tlalpan. A finales del mismo mes los localizaron con varias heridas de bala en Xalatlaco, Estado de M\u00e9xico.<\/p>\n\n\n\n<p class=\"wp-block-paragraph\">Los restos de los j\u00f3venes se hallaron en bolsas de pl\u00e1stico y las autoridades al identificarlos los llevaron al INCIFO de Toluca en espera de que los familiares acudieran para reclamarlos. La familia detall\u00f3 que la pareja de la v\u00edctima ten\u00eda antecedentes penales.<\/p>\n\n\n\n<p class=\"wp-block-paragraph\">Con informaci\u00f3n de El Heraldo.- <\/p>\n","protected":false},"excerpt":{"rendered":"<p>Despu\u00e9s de la desaparici\u00f3n y asesinato de los hermanos Bel\u00e9n y Tom\u00e1s, la pareja de la joven identificado como Roger de 32 a\u00f1os fue detenido y vinculado a proceso por la responsabilidad de este crimen al ser trasladado a la Ciudad de M\u00e9xico. El caso acapar\u00f3 la atenci\u00f3n debido a que Mar\u00eda Bel\u00e9n fue hallada [&hellip;]<\/p>\n","protected":false},"author":22,"featured_media":60729,"comment_status":"open","ping_status":"open","sticky":false,"template":"","format":"standard","meta":{"_uf_show_specific_survey":0,"_uf_disable_surveys":false,"advanced_seo_description":"","jetpack_seo_html_title":"","jetpack_seo_noindex":false,"jetpack_seo_schema_type":"","_jetpack_newsletter_access":"","_jetpack_dont_email_post_to_subs":false,"_jetpack_newsletter_tier_id":0,"_jetpack_memberships_contains_paywalled_content":false,"_jetpack_feature_clip_id":0,"_jetpack_memberships_contains_paid_content":false,"footnotes":"","jetpack_publicize_message":"","jetpack_publicize_feature_enabled":true,"jetpack_social_post_already_shared":true,"jetpack_social_options":{"image_generator_settings":{"template":"highway","default_image_id":0,"font":"","enabled":false},"version":2},"jetpack_post_was_ever_published":false},"categories":[101,1724],"tags":[858],"class_list":["post-60730","post","type-post","status-publish","format-standard","has-post-thumbnail","category-ciudad-de-mexico","category-featured","tag-homicidio"],"jetpack_publicize_connections":[],"jetpack-related-posts":[{"id":33572,"url":"https:\/\/mexicocodigorojo.com.mx\/?p=33572","url_meta":{"origin":60730,"position":0},"title":"Detienen a piloto de Sedena por el asesinato de su novia","author":"Staff","date":"febrero 26, 2020","format":false,"excerpt":"Kevin Alfredo fue detenido por la fiscal\u00eda de Tec\u00e1mac, luego de presuntamente matar a su pareja sentimental, quien estaba embarazada PACHUCA.- El pasado 15 de febrero\u00a0Yunitzi Dayana\u00a0\"N\", de 21 a\u00f1os de edad, fue reportada como desaparecida en\u00a0Tec\u00e1mac,\u00a0Estado de M\u00e9xico; sin embargo, fue encontrada sin vida por lo que investigan a\u2026","rel":"","context":"En \u00abEstado de M\u00e9xico\u00bb","block_context":{"text":"Estado de M\u00e9xico","link":"https:\/\/mexicocodigorojo.com.mx\/?cat=53"},"img":{"alt_text":"","src":"https:\/\/i0.wp.com\/mexicocodigorojo.com.mx\/wp-content\/uploads\/2020\/02\/oficialsedenaasesinanoviahidalgoibanbalneario-focus-0-0-983-557.jpg?fit=983%2C557&ssl=1&resize=350%2C200","width":350,"height":200,"srcset":"https:\/\/i0.wp.com\/mexicocodigorojo.com.mx\/wp-content\/uploads\/2020\/02\/oficialsedenaasesinanoviahidalgoibanbalneario-focus-0-0-983-557.jpg?fit=983%2C557&ssl=1&resize=350%2C200 1x, https:\/\/i0.wp.com\/mexicocodigorojo.com.mx\/wp-content\/uploads\/2020\/02\/oficialsedenaasesinanoviahidalgoibanbalneario-focus-0-0-983-557.jpg?fit=983%2C557&ssl=1&resize=525%2C300 1.5x, https:\/\/i0.wp.com\/mexicocodigorojo.com.mx\/wp-content\/uploads\/2020\/02\/oficialsedenaasesinanoviahidalgoibanbalneario-focus-0-0-983-557.jpg?fit=983%2C557&ssl=1&resize=700%2C400 2x"},"classes":[]},{"id":34405,"url":"https:\/\/mexicocodigorojo.com.mx\/?p=34405","url_meta":{"origin":60730,"position":1},"title":"Detenido expolic\u00eda por asesinar a su novia en la Ciudad de M\u00e9xico","author":"Staff","date":"marzo 9, 2020","format":false,"excerpt":"Ana L\u00f3pez Montes de Oca fue reportada como desaparecida en Cuajimalpa tras denunciar un ataque; d\u00edas despu\u00e9s su cuerpo fue hallado dentro de una maleta Autoridades de la Ciudad de M\u00e9xico detuvieron a un\u00a0expolic\u00eda\u00a0por su probable responsabilidad en el\u00a0asesinato\u00a0de su\u00a0novia, ocurrido en diciembre de 2019. El 1 de diciembre pasado\u00a0Ana\u2026","rel":"","context":"En \u00abCiudad de M\u00e9xico\u00bb","block_context":{"text":"Ciudad de M\u00e9xico","link":"https:\/\/mexicocodigorojo.com.mx\/?cat=101"},"img":{"alt_text":"","src":"https:\/\/i0.wp.com\/mexicocodigorojo.com.mx\/wp-content\/uploads\/2020\/03\/ana-lopez-montes-de-oca.jpg?fit=980%2C550&ssl=1&resize=350%2C200","width":350,"height":200,"srcset":"https:\/\/i0.wp.com\/mexicocodigorojo.com.mx\/wp-content\/uploads\/2020\/03\/ana-lopez-montes-de-oca.jpg?fit=980%2C550&ssl=1&resize=350%2C200 1x, https:\/\/i0.wp.com\/mexicocodigorojo.com.mx\/wp-content\/uploads\/2020\/03\/ana-lopez-montes-de-oca.jpg?fit=980%2C550&ssl=1&resize=525%2C300 1.5x, https:\/\/i0.wp.com\/mexicocodigorojo.com.mx\/wp-content\/uploads\/2020\/03\/ana-lopez-montes-de-oca.jpg?fit=980%2C550&ssl=1&resize=700%2C400 2x"},"classes":[]},{"id":21444,"url":"https:\/\/mexicocodigorojo.com.mx\/?p=21444","url_meta":{"origin":60730,"position":2},"title":"A proceso conductora que mat\u00f3 a abuelita en Coyoac\u00e1n","author":"Staff","date":"agosto 7, 2019","format":false,"excerpt":"Este mi\u00e9rcoles fue vinculada a proceso\u00a0Natalia \u201cN\u201d, la mujer que el pasado fin de semana\u00a0atropell\u00f3 a tres personas en la colonia Santa \u00darsula Coapa, en\u00a0Coyoac\u00e1n,\u00a0Ciudad de M\u00e9xico. Manejaba en\u00a0estado de ebriedad\u00a0en compa\u00f1\u00eda de su madre, presuntamente hu\u00edan tras no pagar la cuenta en un restaurante. En estos hechos, una mujer\u2026","rel":"","context":"En \u00abCiudad de M\u00e9xico\u00bb","block_context":{"text":"Ciudad de M\u00e9xico","link":"https:\/\/mexicocodigorojo.com.mx\/?cat=101"},"img":{"alt_text":"","src":"https:\/\/i0.wp.com\/mexicocodigorojo.com.mx\/wp-content\/uploads\/2019\/08\/mujer-mato-abuelita.jpg?fit=1045%2C602&ssl=1&resize=350%2C200","width":350,"height":200,"srcset":"https:\/\/i0.wp.com\/mexicocodigorojo.com.mx\/wp-content\/uploads\/2019\/08\/mujer-mato-abuelita.jpg?fit=1045%2C602&ssl=1&resize=350%2C200 1x, https:\/\/i0.wp.com\/mexicocodigorojo.com.mx\/wp-content\/uploads\/2019\/08\/mujer-mato-abuelita.jpg?fit=1045%2C602&ssl=1&resize=525%2C300 1.5x, https:\/\/i0.wp.com\/mexicocodigorojo.com.mx\/wp-content\/uploads\/2019\/08\/mujer-mato-abuelita.jpg?fit=1045%2C602&ssl=1&resize=700%2C400 2x"},"classes":[]},{"id":40040,"url":"https:\/\/mexicocodigorojo.com.mx\/?p=40040","url_meta":{"origin":60730,"position":3},"title":"Tom\u00e1s Zer\u00f3n solicita amparo para no ser detenido por delitos relacionados con el caso Ayotzinapa","author":"Staff","date":"junio 19, 2020","format":false,"excerpt":"Tom\u00e1s Zer\u00f3n solicit\u00f3 un amparo para no ser detenido por los delitos de desaparici\u00f3n forzada, tortura y contra la administraci\u00f3n de justicia. El exdirector de la Agencia de Investigaci\u00f3n Criminal (AIC), Tom\u00e1s Zer\u00f3n, solicit\u00f3 un amparo para no ser detenido por diversos delitos relacionados con la desaparici\u00f3n de los 43\u2026","rel":"","context":"En \u00abCiudad de M\u00e9xico\u00bb","block_context":{"text":"Ciudad de M\u00e9xico","link":"https:\/\/mexicocodigorojo.com.mx\/?cat=101"},"img":{"alt_text":"","src":"https:\/\/i0.wp.com\/mexicocodigorojo.com.mx\/wp-content\/uploads\/2020\/06\/tomas_zeron_amparo_ayotzinapa-e1592524925563.jpeg?fit=998%2C518&ssl=1&resize=350%2C200","width":350,"height":200,"srcset":"https:\/\/i0.wp.com\/mexicocodigorojo.com.mx\/wp-content\/uploads\/2020\/06\/tomas_zeron_amparo_ayotzinapa-e1592524925563.jpeg?fit=998%2C518&ssl=1&resize=350%2C200 1x, https:\/\/i0.wp.com\/mexicocodigorojo.com.mx\/wp-content\/uploads\/2020\/06\/tomas_zeron_amparo_ayotzinapa-e1592524925563.jpeg?fit=998%2C518&ssl=1&resize=525%2C300 1.5x, https:\/\/i0.wp.com\/mexicocodigorojo.com.mx\/wp-content\/uploads\/2020\/06\/tomas_zeron_amparo_ayotzinapa-e1592524925563.jpeg?fit=998%2C518&ssl=1&resize=700%2C400 2x"},"classes":[]},{"id":4092,"url":"https:\/\/mexicocodigorojo.com.mx\/?p=4092","url_meta":{"origin":60730,"position":4},"title":"Tom\u00e1s Yarrington y Eugenio Hern\u00e1ndez son denunciados en La Haya por desaparici\u00f3n forzada","author":"Staff","date":"septiembre 25, 2018","format":false,"excerpt":"REYNOSA, Tamps. (apro).- La asociaci\u00f3n Justicia Tamaulipas present\u00f3 una denuncia ante la Corte Internacional de Justicia de La Haya en contra de los exgobernadores Tom\u00e1s Yarrington y Eugenio Hern\u00e1ndez por delitos de lesa humanidad. El pasado martes 10, Geovanni Francesco Barrios Moreno, presidente del organismo ciudadano radicado en esta frontera,\u2026","rel":"","context":"En \u00abInternacional\u00bb","block_context":{"text":"Internacional","link":"https:\/\/mexicocodigorojo.com.mx\/?cat=14"},"img":{"alt_text":"","src":"https:\/\/i0.wp.com\/mexicocodigorojo.com.mx\/wp-content\/uploads\/2018\/09\/gobers-1078x750.jpg?fit=1078%2C750&ssl=1&resize=350%2C200","width":350,"height":200,"srcset":"https:\/\/i0.wp.com\/mexicocodigorojo.com.mx\/wp-content\/uploads\/2018\/09\/gobers-1078x750.jpg?fit=1078%2C750&ssl=1&resize=350%2C200 1x, https:\/\/i0.wp.com\/mexicocodigorojo.com.mx\/wp-content\/uploads\/2018\/09\/gobers-1078x750.jpg?fit=1078%2C750&ssl=1&resize=525%2C300 1.5x, https:\/\/i0.wp.com\/mexicocodigorojo.com.mx\/wp-content\/uploads\/2018\/09\/gobers-1078x750.jpg?fit=1078%2C750&ssl=1&resize=700%2C400 2x, https:\/\/i0.wp.com\/mexicocodigorojo.com.mx\/wp-content\/uploads\/2018\/09\/gobers-1078x750.jpg?fit=1078%2C750&ssl=1&resize=1050%2C600 3x"},"classes":[]},{"id":33368,"url":"https:\/\/mexicocodigorojo.com.mx\/?p=33368","url_meta":{"origin":60730,"position":5},"title":"Detienen a tres presuntos feminicidas en el Estado de M\u00e9xico","author":"Staff","date":"febrero 24, 2020","format":false,"excerpt":"Tres individuos fueron vinculados a proceso por los delitos de feminicidio y feminicidio en grado de tentativa en Estado de M\u00e9xico Tres individuos fueron vinculados a proceso por los\u00a0delitos de feminicidio y feminicidio en grado de tentativa, por un juez tras las investigaciones de Agentes del Ministerio P\u00fablico (AMP) de\u2026","rel":"","context":"En \u00abEstado de M\u00e9xico\u00bb","block_context":{"text":"Estado de M\u00e9xico","link":"https:\/\/mexicocodigorojo.com.mx\/?cat=53"},"img":{"alt_text":"","src":"https:\/\/i0.wp.com\/mexicocodigorojo.com.mx\/wp-content\/uploads\/2020\/02\/presuntos-femincidas.png?fit=980%2C550&ssl=1&resize=350%2C200","width":350,"height":200,"srcset":"https:\/\/i0.wp.com\/mexicocodigorojo.com.mx\/wp-content\/uploads\/2020\/02\/presuntos-femincidas.png?fit=980%2C550&ssl=1&resize=350%2C200 1x, https:\/\/i0.wp.com\/mexicocodigorojo.com.mx\/wp-content\/uploads\/2020\/02\/presuntos-femincidas.png?fit=980%2C550&ssl=1&resize=525%2C300 1.5x, https:\/\/i0.wp.com\/mexicocodigorojo.com.mx\/wp-content\/uploads\/2020\/02\/presuntos-femincidas.png?fit=980%2C550&ssl=1&resize=700%2C400 2x"},"classes":[]}],"jetpack_sharing_enabled":true,"jetpack_likes_enabled":true,"jetpack_shortlink":"https:\/\/wp.me\/p9TedA-fNw","jetpack_featured_media_url":"https:\/\/i0.wp.com\/mexicocodigorojo.com.mx\/wp-content\/uploads\/2024\/05\/f425x230-942907_956889_0.jpg?fit=425%2C230&ssl=1","_links":{"self":[{"href":"https:\/\/mexicocodigorojo.com.mx\/index.php?rest_route=\/wp\/v2\/posts\/60730","targetHints":{"allow":["GET"]}}],"collection":[{"href":"https:\/\/mexicocodigorojo.com.mx\/index.php?rest_route=\/wp\/v2\/posts"}],"about":[{"href":"https:\/\/mexicocodigorojo.com.mx\/index.php?rest_route=\/wp\/v2\/types\/post"}],"author":[{"embeddable":true,"href":"https:\/\/mexicocodigorojo.com.mx\/index.php?rest_route=\/wp\/v2\/users\/22"}],"replies":[{"embeddable":true,"href":"https:\/\/mexicocodigorojo.com.mx\/index.php?rest_route=%2Fwp%2Fv2%2Fcomments&post=60730"}],"version-history":[{"count":1,"href":"https:\/\/mexicocodigorojo.com.mx\/index.php?rest_route=\/wp\/v2\/posts\/60730\/revisions"}],"predecessor-version":[{"id":60731,"href":"https:\/\/mexicocodigorojo.com.mx\/index.php?rest_route=\/wp\/v2\/posts\/60730\/revisions\/60731"}],"wp:featuredmedia":[{"embeddable":true,"href":"https:\/\/mexicocodigorojo.com.mx\/index.php?rest_route=\/wp\/v2\/media\/60729"}],"wp:attachment":[{"href":"https:\/\/mexicocodigorojo.com.mx\/index.php?rest_route=%2Fwp%2Fv2%2Fmedia&parent=60730"}],"wp:term":[{"taxonomy":"category","embeddable":true,"href":"https:\/\/mexicocodigorojo.com.mx\/index.php?rest_route=%2Fwp%2Fv2%2Fcategories&post=60730"},{"taxonomy":"post_tag","embeddable":true,"href":"https:\/\/mexicocodigorojo.com.mx\/index.php?rest_route=%2Fwp%2Fv2%2Ftags&post=60730"}],"curies":[{"name":"wp","href":"https:\/\/api.w.org\/{rel}","templated":true}]}}