{"id":6052,"date":"2018-10-15T03:25:49","date_gmt":"2018-10-15T03:25:49","guid":{"rendered":"https:\/\/mexicocodigorojo.com.mx\/?p=6052"},"modified":"2018-10-15T03:25:49","modified_gmt":"2018-10-15T03:25:49","slug":"presumen-homicidio-del-padre-reportado-como-desaparecido","status":"publish","type":"post","link":"https:\/\/mexicocodigorojo.com.mx\/?p=6052","title":{"rendered":"PRESUMEN HOMICIDIO DEL PADRE REPORTADO COMO DESAPARECIDO"},"content":{"rendered":"<p>El padre \u00cdcmar Arturo Orta, quien fue reportado como desaparecido, podr\u00eda haber sido asesinado en Playas de Rosarito, seg\u00fan inform\u00f3 la Procuradur\u00eda General de Justicia del Estado (PGJE).<\/p>\n<div class=\"nota\" style=\"box-sizing:border-boxcolor:rgb(51,51,51); font-family:\" slabo13pxserif=\"slabo13pxserif\" _14px=\"font-size:_14px\" normal=\"white-space:normal\" _400=\"font-weight:_400\" _2=\"widows:_2\" _0px=\"_-webkit-text-stroke-width:_0px\" none=\"text-transform:none\" rgb255255255=\"background-color:rgb255255255\" initial=\"text-decoration-color:initial\" center=\"text-align:center\">\n<p style=\"box-sizing:border-box; margin:0px0px10px;\">A trav\u00e9s de redes sociales, se inform\u00f3 que el p\u00e1rroco de la iglesia San Luis Rey de Francia no hab\u00eda sido visto desde la noche del jueves 11 de octubre y que su carro tampoco hab\u00eda sido encontrado.<\/p>\n<p style=\"box-sizing:border-box; margin:0px0px10px;\">Por su parte, esta noche, por medio de un bolet\u00edn de prensa, la PGJE detall\u00f3 que la Unidad de Personas No Localizadas realiz\u00f3 labores de b\u00fasqueda y cruz\u00f3 datos sobre una posible relaci\u00f3n con el hallazgo de un cuerpo en Playas de Rosarito.<\/p>\n<p class=\"m_-8412765001433854657ydpaa00c985MsoNormal\" style=\"box-sizing:border-box; margin:0px0px10px;\">Se trata de la localizaci\u00f3n del cuerpo de un hombre durante los primeros minutos del viernes 12 de octubre -horas despu\u00e9s de que fuera visto por \u00faltima ocasi\u00f3n- dentro de un veh\u00edculo en la calle Circuito Alegre esquina con calle Rosarito de la colonia Rancho Chula Vista.<\/p>\n<p style=\"box-sizing:border-box; margin:0px0px10px;\">Aunque el veh\u00edculo estaba en colisi\u00f3n con un talud, \u201cal interior se encontraba una persona entre 40 y 45 a\u00f1os con varias heridas de arma de fuego\u201d, describi\u00f3 la Procuradur\u00eda.<\/p>\n<p style=\"box-sizing:border-box; margin:0px0px10px;\">No obstante, la dependencia estatal se\u00f1al\u00f3 que \u201chasta el momento el Ministerio P\u00fablico se encuentra en espera del reconocimiento de la persona localizada, misma que pudiera tratarse del p\u00e1rroco\u201d.<\/p>\n<p style=\"box-sizing:border-box; margin:0px0px10px;\">El Arzobispo de Tijuana, Francisco Moreno Barr\u00f3n dirigi\u00f3 un mensaje para informar de la muerte del p\u00e1rroco, en el cual expres\u00f3 que \u201cse est\u00e1n realizando las investigaciones para saber las causas de su muerte\u201d.<\/p>\n<p style=\"box-sizing:border-box; margin:0px0px10px;\">Se dirigi\u00f3 espec\u00edficamente a la comunidad de la parroquia San Luis de Francia para decirles lo siguiente:<\/p>\n<p style=\"box-sizing:border-box; margin:0px0px10px; text-align:center;\"><strong><i>\u201cYo s\u00e9 que la muerte del Padre Arturo es una p\u00e9rdida muy grande para nuestra Arquidi\u00f3cesis, pero sobre todo es una aflicci\u00f3n muy grande para ustedes que fueron su comunidad parroquial, para ustedes que siguen siendo su comunidad parroquial, porque \u00e9l seguir\u00e1 vivo en medio de ustedes. Ustedes los van a mantener vivo en su mente y en su coraz\u00f3n\u201d.<\/i><\/strong><\/p>\n<\/div>\n","protected":false},"excerpt":{"rendered":"<p>El padre \u00cdcmar Arturo Orta, quien fue reportado como desaparecido, podr\u00eda haber sido asesinado en Playas de Rosarito, seg\u00fan inform\u00f3 la Procuradur\u00eda General de Justicia del Estado (PGJE). A trav\u00e9s de redes sociales, se inform\u00f3 que el p\u00e1rroco de la iglesia San Luis Rey de Francia no hab\u00eda sido visto desde la noche del jueves [&hellip;]<\/p>\n","protected":false},"author":5,"featured_media":0,"comment_status":"open","ping_status":"open","sticky":false,"template":"","format":"standard","meta":{"_uf_show_specific_survey":0,"_uf_disable_surveys":false,"advanced_seo_description":"","jetpack_seo_html_title":"","jetpack_seo_noindex":false,"jetpack_post_was_ever_published":false,"_jetpack_newsletter_access":"","_jetpack_dont_email_post_to_subs":false,"_jetpack_newsletter_tier_id":0,"_jetpack_memberships_contains_paywalled_content":false,"_jetpack_memberships_contains_paid_content":false,"footnotes":"","jetpack_publicize_message":"","jetpack_publicize_feature_enabled":true,"jetpack_social_post_already_shared":false,"jetpack_social_options":{"image_generator_settings":{"template":"highway","default_image_id":0,"font":"","enabled":false},"version":2}},"categories":[130],"tags":[12],"class_list":{"0":"post-6052","1":"post","2":"type-post","3":"status-publish","4":"format-standard","6":"category-baja-california","7":"tag-crimen-organizado"},"jetpack_publicize_connections":[],"jetpack_featured_media_url":"","jetpack-related-posts":[{"id":28282,"url":"https:\/\/mexicocodigorojo.com.mx\/?p=28282","url_meta":{"origin":6052,"position":0},"title":"Luego de 3 d\u00edas de haber desaparecido, localizan el cuerpo de Ana Isabel","author":"Staff","date":"diciembre 5, 2019","format":false,"excerpt":"Luegos de tres d\u00edas de haber desaparecido, el cuerpo de\u00a0Ana Isabel L\u00f3pez Montes de Oca, fue encontrado sin vida; la v\u00edctima hab\u00eda reportado constantes agresiones y amenazas Luego de tres d\u00edas de haberse reportado como\u00a0desaparecida, el cuerpo de\u00a0Ana Isabel L\u00f3pez Montes de Oca, fue encontrado\u00a0sin vida. El d\u00eda que la\u2026","rel":"","context":"En \u00abCiudad de M\u00e9xico\u00bb","block_context":{"text":"Ciudad de M\u00e9xico","link":"https:\/\/mexicocodigorojo.com.mx\/?cat=101"},"img":{"alt_text":"","src":"https:\/\/i0.wp.com\/mexicocodigorojo.com.mx\/wp-content\/uploads\/2019\/12\/ana_isabel.jpg_112278454.jpg?fit=1069%2C563&ssl=1&resize=350%2C200","width":350,"height":200,"srcset":"https:\/\/i0.wp.com\/mexicocodigorojo.com.mx\/wp-content\/uploads\/2019\/12\/ana_isabel.jpg_112278454.jpg?fit=1069%2C563&ssl=1&resize=350%2C200 1x, https:\/\/i0.wp.com\/mexicocodigorojo.com.mx\/wp-content\/uploads\/2019\/12\/ana_isabel.jpg_112278454.jpg?fit=1069%2C563&ssl=1&resize=525%2C300 1.5x, https:\/\/i0.wp.com\/mexicocodigorojo.com.mx\/wp-content\/uploads\/2019\/12\/ana_isabel.jpg_112278454.jpg?fit=1069%2C563&ssl=1&resize=700%2C400 2x, https:\/\/i0.wp.com\/mexicocodigorojo.com.mx\/wp-content\/uploads\/2019\/12\/ana_isabel.jpg_112278454.jpg?fit=1069%2C563&ssl=1&resize=1050%2C600 3x"},"classes":[]},{"id":22595,"url":"https:\/\/mexicocodigorojo.com.mx\/?p=22595","url_meta":{"origin":6052,"position":1},"title":"ASEGURAN POLIC\u00cdAS ESTATALES UN VEH\u00cdCULO EN REYNOSA","author":"Staff","date":"agosto 23, 2019","format":false,"excerpt":"Reynosa, Tamaulipas.- El Gobierno del Estado a trav\u00e9s de la Secretar\u00eda de Seguridad P\u00fablica informa que, la noche de este jueves 22 de agosto en este municipio, Polic\u00edas Estatales recuperaron un veh\u00edculo que contaba con reporte de robo. Siendo las 11:00 horas, elementos estatales que realizaban recorridos de seguridad y\u2026","rel":"","context":"En \u00abTamaulipas\u00bb","block_context":{"text":"Tamaulipas","link":"https:\/\/mexicocodigorojo.com.mx\/?cat=2"},"img":{"alt_text":"","src":"https:\/\/i0.wp.com\/mexicocodigorojo.com.mx\/wp-content\/uploads\/2019\/08\/82314c79-32a0-447a-a071-8c19808f0fcd.jpg?fit=774%2C840&ssl=1&resize=350%2C200","width":350,"height":200,"srcset":"https:\/\/i0.wp.com\/mexicocodigorojo.com.mx\/wp-content\/uploads\/2019\/08\/82314c79-32a0-447a-a071-8c19808f0fcd.jpg?fit=774%2C840&ssl=1&resize=350%2C200 1x, https:\/\/i0.wp.com\/mexicocodigorojo.com.mx\/wp-content\/uploads\/2019\/08\/82314c79-32a0-447a-a071-8c19808f0fcd.jpg?fit=774%2C840&ssl=1&resize=525%2C300 1.5x, https:\/\/i0.wp.com\/mexicocodigorojo.com.mx\/wp-content\/uploads\/2019\/08\/82314c79-32a0-447a-a071-8c19808f0fcd.jpg?fit=774%2C840&ssl=1&resize=700%2C400 2x"},"classes":[]},{"id":18854,"url":"https:\/\/mexicocodigorojo.com.mx\/?p=18854","url_meta":{"origin":6052,"position":2},"title":"JALISCO: LOCALIZAN CON VIDA A JESSY PACHECO, ESTUDIANTE ESTADOUNIDENSE DESAPARECIDO","author":"Staff","date":"junio 22, 2019","format":false,"excerpt":"Enrique Alfaro inform\u00f3 que fue hallado el estudiante estadounidense Jessy Pacheco, reportado como desaparecido el pasado 16 de junio, en Jalisco El gobernador del estado de Jalisco, Enrique Alfaro, inform\u00f3 que el\u00a0estudiante estadounidenseJessy Pacheco, reportado como\u00a0desaparecido\u00a0el pasado 16 de junio, fue rescatado \u201csano y salvo\u201d. A trav\u00e9s de su cuenta\u2026","rel":"","context":"En \u00abJalisco\u00bb","block_context":{"text":"Jalisco","link":"https:\/\/mexicocodigorojo.com.mx\/?cat=8"},"img":{"alt_text":"","src":"https:\/\/i0.wp.com\/mexicocodigorojo.com.mx\/wp-content\/uploads\/2019\/06\/Jessy-Pacheco-estudiante-1.jpg?fit=930%2C523&ssl=1&resize=350%2C200","width":350,"height":200,"srcset":"https:\/\/i0.wp.com\/mexicocodigorojo.com.mx\/wp-content\/uploads\/2019\/06\/Jessy-Pacheco-estudiante-1.jpg?fit=930%2C523&ssl=1&resize=350%2C200 1x, https:\/\/i0.wp.com\/mexicocodigorojo.com.mx\/wp-content\/uploads\/2019\/06\/Jessy-Pacheco-estudiante-1.jpg?fit=930%2C523&ssl=1&resize=525%2C300 1.5x, https:\/\/i0.wp.com\/mexicocodigorojo.com.mx\/wp-content\/uploads\/2019\/06\/Jessy-Pacheco-estudiante-1.jpg?fit=930%2C523&ssl=1&resize=700%2C400 2x"},"classes":[]},{"id":34396,"url":"https:\/\/mexicocodigorojo.com.mx\/?p=34396","url_meta":{"origin":6052,"position":3},"title":"Hallan asesinado a subsecretario en Coahuila","author":"Staff","date":"marzo 9, 2020","format":false,"excerpt":"Autoridades de Coahuila encontraron sin vida a Jos\u00e9 Pablo Ram\u00edrez Ortega, subsecretario de Infraestructura de Carreteras y Caminos El\u00a0subsecretario\u00a0de\u00a0Infraestructura de Carreteras y Caminos\u00a0en\u00a0Coahuila,\u00a0Jos\u00e9 Pablo Ram\u00edrez Ortega, fue localizado\u00a0muerto\u00a0la v\u00edspera a bordo de su camioneta, en el municipio de\u00a0Ramos Arizpe, inform\u00f3 la Fiscal\u00eda General estatal. De acuerdo con la informaci\u00f3n dada\u2026","rel":"","context":"En \u00abCoahuila\u00bb","block_context":{"text":"Coahuila","link":"https:\/\/mexicocodigorojo.com.mx\/?cat=27"},"img":{"alt_text":"","src":"https:\/\/i0.wp.com\/mexicocodigorojo.com.mx\/wp-content\/uploads\/2020\/03\/jose-pablo-ramirez-subsecretario-coahuila.jpg?fit=980%2C550&ssl=1&resize=350%2C200","width":350,"height":200,"srcset":"https:\/\/i0.wp.com\/mexicocodigorojo.com.mx\/wp-content\/uploads\/2020\/03\/jose-pablo-ramirez-subsecretario-coahuila.jpg?fit=980%2C550&ssl=1&resize=350%2C200 1x, https:\/\/i0.wp.com\/mexicocodigorojo.com.mx\/wp-content\/uploads\/2020\/03\/jose-pablo-ramirez-subsecretario-coahuila.jpg?fit=980%2C550&ssl=1&resize=525%2C300 1.5x, https:\/\/i0.wp.com\/mexicocodigorojo.com.mx\/wp-content\/uploads\/2020\/03\/jose-pablo-ramirez-subsecretario-coahuila.jpg?fit=980%2C550&ssl=1&resize=700%2C400 2x"},"classes":[]},{"id":43024,"url":"https:\/\/mexicocodigorojo.com.mx\/?p=43024","url_meta":{"origin":6052,"position":4},"title":"Encuentran muerto a un desaparecido","author":"Staff","date":"septiembre 10, 2020","format":false,"excerpt":"San Fernando, Tam. Un pescador reportado como\u00a0desaparecido\u00a0ante las autoridades de la Fiscal\u00eda General de Justicia, este martes fue encontrado sin vida frente al poblado pesquero de Enramadas del municipio de Soto La Marina. Un grupo de pescadores que zarparon de esa comunidad pesquera a realizar sus actividades en altamar, encontraron\u2026","rel":"","context":"En \u00abFeatured\u00bb","block_context":{"text":"Featured","link":"https:\/\/mexicocodigorojo.com.mx\/?cat=1724"},"img":{"alt_text":"","src":"https:\/\/i0.wp.com\/mexicocodigorojo.com.mx\/wp-content\/uploads\/2020\/09\/cropw628h524muerto1-focus-0-0-628-524.jpg?fit=628%2C524&ssl=1&resize=350%2C200","width":350,"height":200,"srcset":"https:\/\/i0.wp.com\/mexicocodigorojo.com.mx\/wp-content\/uploads\/2020\/09\/cropw628h524muerto1-focus-0-0-628-524.jpg?fit=628%2C524&ssl=1&resize=350%2C200 1x, https:\/\/i0.wp.com\/mexicocodigorojo.com.mx\/wp-content\/uploads\/2020\/09\/cropw628h524muerto1-focus-0-0-628-524.jpg?fit=628%2C524&ssl=1&resize=525%2C300 1.5x"},"classes":[]},{"id":62993,"url":"https:\/\/mexicocodigorojo.com.mx\/?p=62993","url_meta":{"origin":6052,"position":5},"title":"Hallan a dos personas asesinadas en Reynosa, uno era chofer de \u2018DIDI\u2019","author":"Staff","date":"octubre 9, 2024","format":false,"excerpt":"Reynosa, Tamaulipas - El cuerpo de Ra\u00fal \u201cC\u201d, un chofer de la plataforma Didi reportado como desaparecido el pasado domingo, fue encontrado en un terreno del fraccionamiento Reynosa con signos de violencia y en avanzado estado de descomposici\u00f3n. La Fiscal\u00eda General de Justicia localiz\u00f3 el cad\u00e1ver el martes en la\u2026","rel":"","context":"En \u00abFeatured\u00bb","block_context":{"text":"Featured","link":"https:\/\/mexicocodigorojo.com.mx\/?cat=1724"},"img":{"alt_text":"","src":"https:\/\/i0.wp.com\/mexicocodigorojo.com.mx\/wp-content\/uploads\/2024\/10\/img_7649-1.jpg?fit=1200%2C675&ssl=1&resize=350%2C200","width":350,"height":200,"srcset":"https:\/\/i0.wp.com\/mexicocodigorojo.com.mx\/wp-content\/uploads\/2024\/10\/img_7649-1.jpg?fit=1200%2C675&ssl=1&resize=350%2C200 1x, https:\/\/i0.wp.com\/mexicocodigorojo.com.mx\/wp-content\/uploads\/2024\/10\/img_7649-1.jpg?fit=1200%2C675&ssl=1&resize=525%2C300 1.5x, https:\/\/i0.wp.com\/mexicocodigorojo.com.mx\/wp-content\/uploads\/2024\/10\/img_7649-1.jpg?fit=1200%2C675&ssl=1&resize=700%2C400 2x, https:\/\/i0.wp.com\/mexicocodigorojo.com.mx\/wp-content\/uploads\/2024\/10\/img_7649-1.jpg?fit=1200%2C675&ssl=1&resize=1050%2C600 3x"},"classes":[]}],"jetpack_sharing_enabled":true,"jetpack_likes_enabled":true,"jetpack_shortlink":"https:\/\/wp.me\/p9TedA-1zC","_links":{"self":[{"href":"https:\/\/mexicocodigorojo.com.mx\/index.php?rest_route=\/wp\/v2\/posts\/6052","targetHints":{"allow":["GET"]}}],"collection":[{"href":"https:\/\/mexicocodigorojo.com.mx\/index.php?rest_route=\/wp\/v2\/posts"}],"about":[{"href":"https:\/\/mexicocodigorojo.com.mx\/index.php?rest_route=\/wp\/v2\/types\/post"}],"author":[{"embeddable":true,"href":"https:\/\/mexicocodigorojo.com.mx\/index.php?rest_route=\/wp\/v2\/users\/5"}],"replies":[{"embeddable":true,"href":"https:\/\/mexicocodigorojo.com.mx\/index.php?rest_route=%2Fwp%2Fv2%2Fcomments&post=6052"}],"version-history":[{"count":0,"href":"https:\/\/mexicocodigorojo.com.mx\/index.php?rest_route=\/wp\/v2\/posts\/6052\/revisions"}],"wp:attachment":[{"href":"https:\/\/mexicocodigorojo.com.mx\/index.php?rest_route=%2Fwp%2Fv2%2Fmedia&parent=6052"}],"wp:term":[{"taxonomy":"category","embeddable":true,"href":"https:\/\/mexicocodigorojo.com.mx\/index.php?rest_route=%2Fwp%2Fv2%2Fcategories&post=6052"},{"taxonomy":"post_tag","embeddable":true,"href":"https:\/\/mexicocodigorojo.com.mx\/index.php?rest_route=%2Fwp%2Fv2%2Ftags&post=6052"}],"curies":[{"name":"wp","href":"https:\/\/api.w.org\/{rel}","templated":true}]}}