{"id":60497,"date":"2024-05-08T07:15:26","date_gmt":"2024-05-08T13:15:26","guid":{"rendered":"https:\/\/mexicocodigorojo.com.mx\/?p=60497"},"modified":"2024-05-13T07:16:37","modified_gmt":"2024-05-13T13:16:37","slug":"infonavit-remata-casas","status":"publish","type":"post","link":"https:\/\/mexicocodigorojo.com.mx\/?p=60497","title":{"rendered":"\u00a1Infonavit REMATA casas!"},"content":{"rendered":"\n<p>Tu sue\u00f1o de tener un hogar podria cumplirse, a continuacion te compartimos la noticia. <\/p>\n\n\n\n<p>Es bien sabido que los precios actuales de las casas est\u00e1n tan elevados que, para miles de personas, parecer\u00eda muy dif\u00edcil o imposible lograr conseguir una vivienda propia, pero con el programa de \u2018Regeneraci\u00f3n Comunitaria\u2019 que ha puesto en marcha el Infonavit, las posibilidades aumentan pues, es un proyecto pensado en quienes no pueden acceder a un inmueble nuevo.<\/p>\n\n\n\n<p>La venta de residencias a un precio mucho m\u00e1s asequible es posible con este programa que tiene como objetivo mejorar la calidad de vida en comunidades marginadas mediante la construcci\u00f3n y rehabilitaci\u00f3n de viviendas, as\u00ed como la mejora de espacios p\u00fablicos e infraestructuras b\u00e1sicas.<\/p>\n\n\n\n<p><strong>\u00bfC\u00f3mo se puede acceder a comprar una de las viviendas abandonadas del Infonavit?<\/strong><br>Las viviendas que entran en este programa son aquellas que se encuentran deshabitadas, abandonadas, vandalizadas o en posesi\u00f3n de terceros sin el consentimiento del propietario leg\u00edtimo, es decir, invadidas ilegalmente.<\/p>\n\n\n\n<p>Estas propiedades son recuperadas por el Infonavit cuando los due\u00f1os originales no pueden pagar sus cr\u00e9ditos hipotecarios y se ofrecen a un costo accesible para quienes deseen compra y restaurar las propiedades, una opci\u00f3n viable para aquellas personas que desean adquirir una vivienda sin realizar una gran inversi\u00f3n inicial, ya que estas propiedades tienen m\u00e1s bajos.<\/p>\n\n\n\n<p><strong>\u00bfCu\u00e1les son los requisitos para comprar una casa abandonada del Infonavit?<\/strong><br>Vale la pena mencionar que es indispensable cumplir con los requisitos establecidos por el programa del Infonavit, los cuales son que la vivienda debe contar con un Dictamen T\u00e9cnico de Calidad con al menos 70 puntos de calificaci\u00f3n Infonavit y un aval\u00fao.<\/p>\n\n\n\n<p>Las reparaciones realizadas en la casa no deben afectar ninguna estructura original y el monto m\u00ednimo a gastar en reparaciones debe ser de 10 mil pesos, con un m\u00e1ximo del 80% del valor de la operaci\u00f3n, contemplando que el valor m\u00e1ximo de las reparaciones puede ser hasta el 90% del saldo de la subcuenta de vivienda en la Afore del interesado.<\/p>\n\n\n\n<p>Es fundamental tambi\u00e9n asegurarse de la legalidad de la compra de una casa abandonada y para ello, es necesario ser derechohabiente del Infonavit y verificar la legitimidad de las propiedades que se ofertan, lo cual se puede hacer directamente en el instituto.<\/p>\n\n\n\n<p>Muchas personas podr\u00edan intentar vender estas casas sin una valoraci\u00f3n legal adecuada, lo que podr\u00eda acarrear problemas legales en el futuro, es por ello que resulta esencial realizar una investigaci\u00f3n exhaustiva y consultar con las autoridades pertinentes para evitar cualquier inconveniente legal.<\/p>\n\n\n\n<p>Con informaci\u00f3n de FAMA.- <\/p>\n","protected":false},"excerpt":{"rendered":"<p>Tu sue\u00f1o de tener un hogar podria cumplirse, a continuacion te compartimos la noticia. Es bien sabido que los precios actuales de las casas est\u00e1n tan elevados que, para miles de personas, parecer\u00eda muy dif\u00edcil o imposible lograr conseguir una vivienda propia, pero con el programa de \u2018Regeneraci\u00f3n Comunitaria\u2019 que ha puesto en marcha el [&hellip;]<\/p>\n","protected":false},"author":22,"featured_media":60496,"comment_status":"open","ping_status":"open","sticky":false,"template":"","format":"standard","meta":{"_uf_show_specific_survey":0,"_uf_disable_surveys":false,"advanced_seo_description":"","jetpack_seo_html_title":"","jetpack_seo_noindex":false,"jetpack_post_was_ever_published":false,"_jetpack_newsletter_access":"","_jetpack_dont_email_post_to_subs":false,"_jetpack_newsletter_tier_id":0,"_jetpack_memberships_contains_paywalled_content":false,"_jetpack_memberships_contains_paid_content":false,"footnotes":"","jetpack_publicize_message":"","jetpack_publicize_feature_enabled":true,"jetpack_social_post_already_shared":true,"jetpack_social_options":{"image_generator_settings":{"template":"highway","default_image_id":0,"font":"","enabled":false},"version":2}},"categories":[101,1724],"tags":[1830],"class_list":{"0":"post-60497","1":"post","2":"type-post","3":"status-publish","4":"format-standard","5":"has-post-thumbnail","7":"category-ciudad-de-mexico","8":"category-featured","9":"tag-casa"},"jetpack_publicize_connections":[],"jetpack_featured_media_url":"https:\/\/i0.wp.com\/mexicocodigorojo.com.mx\/wp-content\/uploads\/2024\/05\/infonavit-remata-casas-abandonadas-puedes.jpg?fit=320%2C200&ssl=1","jetpack-related-posts":[{"id":9890,"url":"https:\/\/mexicocodigorojo.com.mx\/?p=9890","url_meta":{"origin":60497,"position":0},"title":"Busca Diputado Zertuche Zuani traer a migrantes centroamericanos con casa y trabajo","author":"Staff","date":"diciembre 4, 2018","format":false,"excerpt":"Ofrece empleos en maquiladoras y viviendas abandonadas del Infonavit para que arriben a esta frontera Reynosa, Tam. El Diputado Federal de MORENA por el Segundo Distrito Electoral, Armando Zertuche Zuani, ofreci\u00f3 a las autoridades federales 10 mil empleos e igual n\u00famero de viviendas abandonadas del Infonavit para los migrantes centroamericanos\u2026","rel":"","context":"En \u00abTamaulipas\u00bb","block_context":{"text":"Tamaulipas","link":"https:\/\/mexicocodigorojo.com.mx\/?cat=2"},"img":{"alt_text":"","src":"https:\/\/i0.wp.com\/mexicocodigorojo.com.mx\/wp-content\/uploads\/2018\/12\/img-20181204-wa00796460823537193748194.jpg?resize=350%2C200&ssl=1","width":350,"height":200,"srcset":"https:\/\/i0.wp.com\/mexicocodigorojo.com.mx\/wp-content\/uploads\/2018\/12\/img-20181204-wa00796460823537193748194.jpg?resize=350%2C200&ssl=1 1x, https:\/\/i0.wp.com\/mexicocodigorojo.com.mx\/wp-content\/uploads\/2018\/12\/img-20181204-wa00796460823537193748194.jpg?resize=525%2C300&ssl=1 1.5x, https:\/\/i0.wp.com\/mexicocodigorojo.com.mx\/wp-content\/uploads\/2018\/12\/img-20181204-wa00796460823537193748194.jpg?resize=700%2C400&ssl=1 2x"},"classes":[]},{"id":5605,"url":"https:\/\/mexicocodigorojo.com.mx\/?p=5605","url_meta":{"origin":60497,"position":1},"title":"&#8216;El Mijis&#8217; propone que reos cuenten con IMSS e Infonavit","author":"Staff","date":"octubre 8, 2018","format":false,"excerpt":"El diputado local de Morena en San Luis Potos\u00ed, Pedro C\u00e9sar Carrizales 'El Mijis' dijo que busca impulsar una iniciativa que permita que algunos reos puedan acceder a la seguridad social y puedan adquirir una vivienda mientras cumplan con su condena. En entrevista con MVS Noticias, el diputado explic\u00f3 que\u2026","rel":"","context":"En \u00abFeatured\u00bb","block_context":{"text":"Featured","link":"https:\/\/mexicocodigorojo.com.mx\/?cat=1724"},"img":{"alt_text":"","src":"","width":0,"height":0},"classes":[]},{"id":18809,"url":"https:\/\/mexicocodigorojo.com.mx\/?p=18809","url_meta":{"origin":60497,"position":2},"title":"Sicarios en Sonora disparan contra viviendas y queman seis veh\u00edculos","author":"Staff","date":"junio 21, 2019","format":false,"excerpt":"Autoridades municipales\u00a0de Rosario informaron que un grupo de personas armadas abri\u00f3 fuego contra viviendas y quem\u00f3 al menos seis veh\u00edculos En\u00a0Sonora,\u00a0autoridades municipales\u00a0de Rosario\u00a0informaron que la madrugada de este viernes un\u00a0grupo de personas armadas\u00a0abri\u00f3 fuego contra viviendas y quem\u00f3 al menos seis veh\u00edculos, sin que se registraran\u00a0muertos o lesionados. En la\u2026","rel":"","context":"En \u00abSonora\u00bb","block_context":{"text":"Sonora","link":"https:\/\/mexicocodigorojo.com.mx\/?cat=115"},"img":{"alt_text":"","src":"https:\/\/i0.wp.com\/mexicocodigorojo.com.mx\/wp-content\/uploads\/2019\/06\/rosario-sonora.jpg?fit=980%2C550&ssl=1&resize=350%2C200","width":350,"height":200,"srcset":"https:\/\/i0.wp.com\/mexicocodigorojo.com.mx\/wp-content\/uploads\/2019\/06\/rosario-sonora.jpg?fit=980%2C550&ssl=1&resize=350%2C200 1x, https:\/\/i0.wp.com\/mexicocodigorojo.com.mx\/wp-content\/uploads\/2019\/06\/rosario-sonora.jpg?fit=980%2C550&ssl=1&resize=525%2C300 1.5x, https:\/\/i0.wp.com\/mexicocodigorojo.com.mx\/wp-content\/uploads\/2019\/06\/rosario-sonora.jpg?fit=980%2C550&ssl=1&resize=700%2C400 2x"},"classes":[]},{"id":57511,"url":"https:\/\/mexicocodigorojo.com.mx\/?p=57511","url_meta":{"origin":60497,"position":3},"title":"Ind\u00edgenas de Chiapas aseguran que el Gobierno Federal los abandono","author":"Staff","date":"octubre 3, 2023","format":false,"excerpt":"Ind\u00edgenas tzeltales y tojolabales se manifestaron en el municipio de Altamirano,\u00a0en Chiapas,\u00a0para denunciar la omisi\u00f3n del Gobierno del presidente\u00a0Andr\u00e9s Manuel L\u00f3pez Obrador\u00a0ante la ola de violencia que se vive en la regi\u00f3n, luego del incendio de m\u00e1s de una decena casas y 10 carros, perpetrado por\u00a0grupos de autodefensas. \u201cSabemos que\u2026","rel":"","context":"En \u00abChiapas\u00bb","block_context":{"text":"Chiapas","link":"https:\/\/mexicocodigorojo.com.mx\/?cat=75"},"img":{"alt_text":"","src":"https:\/\/i0.wp.com\/mexicocodigorojo.com.mx\/wp-content\/uploads\/2023\/10\/rss-efe1767c22c419c85c8bb10361c2b960f6d3eb65cd9w.jpg?fit=1200%2C757&ssl=1&resize=350%2C200","width":350,"height":200,"srcset":"https:\/\/i0.wp.com\/mexicocodigorojo.com.mx\/wp-content\/uploads\/2023\/10\/rss-efe1767c22c419c85c8bb10361c2b960f6d3eb65cd9w.jpg?fit=1200%2C757&ssl=1&resize=350%2C200 1x, https:\/\/i0.wp.com\/mexicocodigorojo.com.mx\/wp-content\/uploads\/2023\/10\/rss-efe1767c22c419c85c8bb10361c2b960f6d3eb65cd9w.jpg?fit=1200%2C757&ssl=1&resize=525%2C300 1.5x, https:\/\/i0.wp.com\/mexicocodigorojo.com.mx\/wp-content\/uploads\/2023\/10\/rss-efe1767c22c419c85c8bb10361c2b960f6d3eb65cd9w.jpg?fit=1200%2C757&ssl=1&resize=700%2C400 2x, https:\/\/i0.wp.com\/mexicocodigorojo.com.mx\/wp-content\/uploads\/2023\/10\/rss-efe1767c22c419c85c8bb10361c2b960f6d3eb65cd9w.jpg?fit=1200%2C757&ssl=1&resize=1050%2C600 3x"},"classes":[]},{"id":18902,"url":"https:\/\/mexicocodigorojo.com.mx\/?p=18902","url_meta":{"origin":60497,"position":4},"title":"Pelea de Narcos en Rosario Tesopaco deja autos incendiados y casas baleadas","author":"Staff","date":"junio 22, 2019","format":false,"excerpt":"ROSARIO TESOPACO, Son.- Habitantes de esta poblaci\u00f3n vivieron un infierno esta ma\u00f1ana, pues durante aproximadamente dos horas, grupos antag\u00f3nicos del crimen organizado se enfrentaron a balazos. Tras la reyerta \u2013sin muertos, seg\u00fan las autoridades estatales; cinco fallecidos y una docena de lesionados, de acuerdo con medios locales\u2013 s\u00f3lo quedaron las\u2026","rel":"","context":"En \u00abSonora\u00bb","block_context":{"text":"Sonora","link":"https:\/\/mexicocodigorojo.com.mx\/?cat=115"},"img":{"alt_text":"","src":"https:\/\/i0.wp.com\/mexicocodigorojo.com.mx\/wp-content\/uploads\/2019\/06\/WhatsApp-Image-2019-06-21-at-18.08.32-1078x720.jpeg?fit=1078%2C720&ssl=1&resize=350%2C200","width":350,"height":200,"srcset":"https:\/\/i0.wp.com\/mexicocodigorojo.com.mx\/wp-content\/uploads\/2019\/06\/WhatsApp-Image-2019-06-21-at-18.08.32-1078x720.jpeg?fit=1078%2C720&ssl=1&resize=350%2C200 1x, https:\/\/i0.wp.com\/mexicocodigorojo.com.mx\/wp-content\/uploads\/2019\/06\/WhatsApp-Image-2019-06-21-at-18.08.32-1078x720.jpeg?fit=1078%2C720&ssl=1&resize=525%2C300 1.5x, https:\/\/i0.wp.com\/mexicocodigorojo.com.mx\/wp-content\/uploads\/2019\/06\/WhatsApp-Image-2019-06-21-at-18.08.32-1078x720.jpeg?fit=1078%2C720&ssl=1&resize=700%2C400 2x, https:\/\/i0.wp.com\/mexicocodigorojo.com.mx\/wp-content\/uploads\/2019\/06\/WhatsApp-Image-2019-06-21-at-18.08.32-1078x720.jpeg?fit=1078%2C720&ssl=1&resize=1050%2C600 3x"},"classes":[]},{"id":39233,"url":"https:\/\/mexicocodigorojo.com.mx\/?p=39233","url_meta":{"origin":60497,"position":5},"title":"ATAQUE ARMADO EN ZAMORA MICHOACAN EJECUTAN A 1 F\u00c9MINA &#038; DEJAN HERIDO DE GRAVEDAD","author":"MexicoRojo","date":"junio 8, 2020","format":false,"excerpt":"BALEAN A SUJETO Y A UNA JOVENCITA, EN EL INFONAVIT LA PRADERA, LA MUJER MURI\u00d3 \u00a0 \u00a0 \u00a0 *Al parecer el ataque era dirigido al sujeto de apodo \"El Negro\", qui\u00e9n recibi\u00f3 cuatro tiros. \u00a0 \u00a0 \u00a0 \u00a0 \u00a0 ZAMORA, MICH.- Otro hecho violento, una joven mujer perdi\u00f3 la vida\u2026","rel":"","context":"En \u00abMichoac\u00e1n\u00bb","block_context":{"text":"Michoac\u00e1n","link":"https:\/\/mexicocodigorojo.com.mx\/?cat=50"},"img":{"alt_text":"","src":"https:\/\/i0.wp.com\/mexicocodigorojo.com.mx\/wp-content\/uploads\/2020\/06\/Polish_20200608_014959813.jpg?fit=1200%2C800&ssl=1&resize=350%2C200","width":350,"height":200,"srcset":"https:\/\/i0.wp.com\/mexicocodigorojo.com.mx\/wp-content\/uploads\/2020\/06\/Polish_20200608_014959813.jpg?fit=1200%2C800&ssl=1&resize=350%2C200 1x, https:\/\/i0.wp.com\/mexicocodigorojo.com.mx\/wp-content\/uploads\/2020\/06\/Polish_20200608_014959813.jpg?fit=1200%2C800&ssl=1&resize=525%2C300 1.5x, https:\/\/i0.wp.com\/mexicocodigorojo.com.mx\/wp-content\/uploads\/2020\/06\/Polish_20200608_014959813.jpg?fit=1200%2C800&ssl=1&resize=700%2C400 2x, https:\/\/i0.wp.com\/mexicocodigorojo.com.mx\/wp-content\/uploads\/2020\/06\/Polish_20200608_014959813.jpg?fit=1200%2C800&ssl=1&resize=1050%2C600 3x"},"classes":[]}],"jetpack_sharing_enabled":true,"jetpack_likes_enabled":true,"jetpack_shortlink":"https:\/\/wp.me\/p9TedA-fJL","_links":{"self":[{"href":"https:\/\/mexicocodigorojo.com.mx\/index.php?rest_route=\/wp\/v2\/posts\/60497","targetHints":{"allow":["GET"]}}],"collection":[{"href":"https:\/\/mexicocodigorojo.com.mx\/index.php?rest_route=\/wp\/v2\/posts"}],"about":[{"href":"https:\/\/mexicocodigorojo.com.mx\/index.php?rest_route=\/wp\/v2\/types\/post"}],"author":[{"embeddable":true,"href":"https:\/\/mexicocodigorojo.com.mx\/index.php?rest_route=\/wp\/v2\/users\/22"}],"replies":[{"embeddable":true,"href":"https:\/\/mexicocodigorojo.com.mx\/index.php?rest_route=%2Fwp%2Fv2%2Fcomments&post=60497"}],"version-history":[{"count":1,"href":"https:\/\/mexicocodigorojo.com.mx\/index.php?rest_route=\/wp\/v2\/posts\/60497\/revisions"}],"predecessor-version":[{"id":60498,"href":"https:\/\/mexicocodigorojo.com.mx\/index.php?rest_route=\/wp\/v2\/posts\/60497\/revisions\/60498"}],"wp:featuredmedia":[{"embeddable":true,"href":"https:\/\/mexicocodigorojo.com.mx\/index.php?rest_route=\/wp\/v2\/media\/60496"}],"wp:attachment":[{"href":"https:\/\/mexicocodigorojo.com.mx\/index.php?rest_route=%2Fwp%2Fv2%2Fmedia&parent=60497"}],"wp:term":[{"taxonomy":"category","embeddable":true,"href":"https:\/\/mexicocodigorojo.com.mx\/index.php?rest_route=%2Fwp%2Fv2%2Fcategories&post=60497"},{"taxonomy":"post_tag","embeddable":true,"href":"https:\/\/mexicocodigorojo.com.mx\/index.php?rest_route=%2Fwp%2Fv2%2Ftags&post=60497"}],"curies":[{"name":"wp","href":"https:\/\/api.w.org\/{rel}","templated":true}]}}