{"id":60405,"date":"2024-05-04T23:19:28","date_gmt":"2024-05-05T05:19:28","guid":{"rendered":"https:\/\/mexicocodigorojo.com.mx\/?p=60405"},"modified":"2024-05-09T23:21:34","modified_gmt":"2024-05-10T05:21:34","slug":"muere-familia-de-turistas-de-ecatepec-se-ahogan-en-playa-de-tuxpan","status":"publish","type":"post","link":"https:\/\/mexicocodigorojo.com.mx\/?p=60405","title":{"rendered":"Muere familia de turistas de Ecatepec: se ahogan en playa de Tuxpan"},"content":{"rendered":"\n<p>Cuatro miembros de una famila de Ecatepec, Estado de M\u00e9xico, lamentablemente murieron ahogados en playas de Tuxpan, Veracruz.<\/p>\n\n\n\n<p>La familia del Edomex se encontraba sobre la zona de las escolleras de la playa Barra Norte, cuando una gran ola los arrastr\u00f3 mar adentro, entre ellos a un menor de 15 a\u00f1os.<\/p>\n\n\n\n<p>Ante lo ocurrido, elementos de la Secretar\u00eda de Marina (Semar), la Secretar\u00eda de Seguridad P\u00fablica, Polic\u00edas Municipales y de Protecci\u00f3n Civil ingresaron al mar para rescatar a tres cuerpos, los cuales fueron trasladados al SEMEFO.<\/p>\n\n\n\n<p>Tambi\u00e9n acordonaron la zona para que personal de la Unidad Integral de Procuraci\u00f3n de Justicia realizara las diligencias.<\/p>\n\n\n\n<p>Asimismo, autoridades desplegaron un operativo para la b\u00fasqueda del cuarto integrante de la familia del Edomex.<\/p>\n\n\n\n<p>Con informaci\u00f3n EFE.- <\/p>\n","protected":false},"excerpt":{"rendered":"<p>Cuatro miembros de una famila de Ecatepec, Estado de M\u00e9xico, lamentablemente murieron ahogados en playas de Tuxpan, Veracruz. La familia del Edomex se encontraba sobre la zona de las escolleras de la playa Barra Norte, cuando una gran ola los arrastr\u00f3 mar adentro, entre ellos a un menor de 15 a\u00f1os. Ante lo ocurrido, elementos [&hellip;]<\/p>\n","protected":false},"author":22,"featured_media":60404,"comment_status":"open","ping_status":"open","sticky":false,"template":"","format":"standard","meta":{"_uf_show_specific_survey":0,"_uf_disable_surveys":false,"advanced_seo_description":"","jetpack_seo_html_title":"","jetpack_seo_noindex":false,"jetpack_post_was_ever_published":false,"_jetpack_newsletter_access":"","_jetpack_dont_email_post_to_subs":false,"_jetpack_newsletter_tier_id":0,"_jetpack_memberships_contains_paywalled_content":false,"_jetpack_memberships_contains_paid_content":false,"footnotes":"","jetpack_publicize_message":"","jetpack_publicize_feature_enabled":true,"jetpack_social_post_already_shared":true,"jetpack_social_options":{"image_generator_settings":{"template":"highway","default_image_id":0,"font":"","enabled":false},"version":2}},"categories":[1724,22],"tags":[2518],"class_list":{"0":"post-60405","1":"post","2":"type-post","3":"status-publish","4":"format-standard","5":"has-post-thumbnail","7":"category-featured","8":"category-veracruz","9":"tag-ahogado"},"jetpack_publicize_connections":[],"jetpack_featured_media_url":"https:\/\/i0.wp.com\/mexicocodigorojo.com.mx\/wp-content\/uploads\/2024\/05\/3111874.webp?fit=420%2C340&ssl=1","jetpack-related-posts":[{"id":51384,"url":"https:\/\/mexicocodigorojo.com.mx\/?p=51384","url_meta":{"origin":60405,"position":0},"title":"Aseguran a 67 migrantes centroamericanos en Tuxpan","author":"Staff","date":"octubre 28, 2021","format":false,"excerpt":"La Secretar\u00eda de Seguridad P\u00fablica de Veracruz (SSP) realiz\u00f3 una requisa en el hotel Espa\u00f1a de la ciudad de Tuxpan, al norte de Veracruz, donde asegur\u00f3 a un total de 67 migrantes centroamericanos. Los migrantes, originarios de Guatemala, El Salvador y Honduras, fueron puestos a disposici\u00f3n del Instituto Nacional de\u2026","rel":"","context":"En \u00abFeatured\u00bb","block_context":{"text":"Featured","link":"https:\/\/mexicocodigorojo.com.mx\/?cat=1724"},"img":{"alt_text":"","src":"https:\/\/i0.wp.com\/mexicocodigorojo.com.mx\/wp-content\/uploads\/2021\/10\/f800x450-145188_196634_5050.jpg?fit=800%2C450&ssl=1&resize=350%2C200","width":350,"height":200,"srcset":"https:\/\/i0.wp.com\/mexicocodigorojo.com.mx\/wp-content\/uploads\/2021\/10\/f800x450-145188_196634_5050.jpg?fit=800%2C450&ssl=1&resize=350%2C200 1x, https:\/\/i0.wp.com\/mexicocodigorojo.com.mx\/wp-content\/uploads\/2021\/10\/f800x450-145188_196634_5050.jpg?fit=800%2C450&ssl=1&resize=525%2C300 1.5x, https:\/\/i0.wp.com\/mexicocodigorojo.com.mx\/wp-content\/uploads\/2021\/10\/f800x450-145188_196634_5050.jpg?fit=800%2C450&ssl=1&resize=700%2C400 2x"},"classes":[]},{"id":23624,"url":"https:\/\/mexicocodigorojo.com.mx\/?p=23624","url_meta":{"origin":60405,"position":1},"title":"Localizan cabeza en Bar de Cerro Azul","author":"Staff","date":"septiembre 13, 2019","format":false,"excerpt":"Cerro Azul, Veracruz, Este miercoles fue reportado a las fuerzas del orden en la zona centro una cabeza humana al interior de un bar. Los hechos se registraron en la colonia Nueva Mirador al interior del bar 'El Garcia' donde fue localizada una cabeza sobre una mesa. Autoridades arribaron para\u2026","rel":"","context":"En \u00abVeracruz\u00bb","block_context":{"text":"Veracruz","link":"https:\/\/mexicocodigorojo.com.mx\/?cat=22"},"img":{"alt_text":"","src":"https:\/\/i0.wp.com\/mexicocodigorojo.com.mx\/wp-content\/uploads\/2019\/09\/cerro.jpg?fit=785%2C504&ssl=1&resize=350%2C200","width":350,"height":200,"srcset":"https:\/\/i0.wp.com\/mexicocodigorojo.com.mx\/wp-content\/uploads\/2019\/09\/cerro.jpg?fit=785%2C504&ssl=1&resize=350%2C200 1x, https:\/\/i0.wp.com\/mexicocodigorojo.com.mx\/wp-content\/uploads\/2019\/09\/cerro.jpg?fit=785%2C504&ssl=1&resize=525%2C300 1.5x, https:\/\/i0.wp.com\/mexicocodigorojo.com.mx\/wp-content\/uploads\/2019\/09\/cerro.jpg?fit=785%2C504&ssl=1&resize=700%2C400 2x"},"classes":[]},{"id":15838,"url":"https:\/\/mexicocodigorojo.com.mx\/?p=15838","url_meta":{"origin":60405,"position":2},"title":"En mayo inicia construcci\u00f3n de base de la Guardia Nacional en Ecatepec","author":"Staff","date":"marzo 29, 2019","format":false,"excerpt":"Se re\u00fane alcalde Fernando Vilchis con mandos de la SEDENA. ECATEPEC, Edom\u00e9x, 26 de marzo de 2019.- Durante los meses de febrero y marzo la cifra de homicidios dolosos en Ecatepec disminuy\u00f3 40%, de acuerdo con cifras del Centro Nacional de Planeaci\u00f3n, An\u00e1lisis e Informaci\u00f3n para el Combate a la\u2026","rel":"","context":"En \u00abEstado de M\u00e9xico\u00bb","block_context":{"text":"Estado de M\u00e9xico","link":"https:\/\/mexicocodigorojo.com.mx\/?cat=53"},"img":{"alt_text":"","src":"https:\/\/i0.wp.com\/mexicocodigorojo.com.mx\/wp-content\/uploads\/2019\/03\/img-20190328-wa01067295722946460498946.jpg?fit=1200%2C767&ssl=1&resize=350%2C200","width":350,"height":200,"srcset":"https:\/\/i0.wp.com\/mexicocodigorojo.com.mx\/wp-content\/uploads\/2019\/03\/img-20190328-wa01067295722946460498946.jpg?fit=1200%2C767&ssl=1&resize=350%2C200 1x, https:\/\/i0.wp.com\/mexicocodigorojo.com.mx\/wp-content\/uploads\/2019\/03\/img-20190328-wa01067295722946460498946.jpg?fit=1200%2C767&ssl=1&resize=525%2C300 1.5x, https:\/\/i0.wp.com\/mexicocodigorojo.com.mx\/wp-content\/uploads\/2019\/03\/img-20190328-wa01067295722946460498946.jpg?fit=1200%2C767&ssl=1&resize=700%2C400 2x, https:\/\/i0.wp.com\/mexicocodigorojo.com.mx\/wp-content\/uploads\/2019\/03\/img-20190328-wa01067295722946460498946.jpg?fit=1200%2C767&ssl=1&resize=1050%2C600 3x"},"classes":[]},{"id":23284,"url":"https:\/\/mexicocodigorojo.com.mx\/?p=23284","url_meta":{"origin":60405,"position":3},"title":"Video; Localizan a \u00a0&#8216;El Jarocho&#8217;\u00a0 colgado en puente de Tuxpan, Veracruz","author":"Staff","date":"septiembre 9, 2019","format":false,"excerpt":"Tuxpan, Veracruz.- Un\u00a0hombre\u00a0identificado hasta el momento solo como\u00a0'El Jarocho'\u00a0amaneci\u00f3\u00a0colgado\u00a0del barandal de un puente en la ciudad de\u00a0Tuxpan. Se presume que se trata de la misma persona que aparece en un video publicado ayer, quien es interrogado por hombres armados los cuales aseguran que 'El\u00a0Jarocho', pertenece a un grupo criminal. Los\u2026","rel":"","context":"En \u00abVeracruz\u00bb","block_context":{"text":"Veracruz","link":"https:\/\/mexicocodigorojo.com.mx\/?cat=22"},"img":{"alt_text":"","src":"https:\/\/i0.wp.com\/mexicocodigorojo.com.mx\/wp-content\/uploads\/2019\/09\/2_6.jpg_112278454.jpg?fit=1069%2C563&ssl=1&resize=350%2C200","width":350,"height":200,"srcset":"https:\/\/i0.wp.com\/mexicocodigorojo.com.mx\/wp-content\/uploads\/2019\/09\/2_6.jpg_112278454.jpg?fit=1069%2C563&ssl=1&resize=350%2C200 1x, https:\/\/i0.wp.com\/mexicocodigorojo.com.mx\/wp-content\/uploads\/2019\/09\/2_6.jpg_112278454.jpg?fit=1069%2C563&ssl=1&resize=525%2C300 1.5x, https:\/\/i0.wp.com\/mexicocodigorojo.com.mx\/wp-content\/uploads\/2019\/09\/2_6.jpg_112278454.jpg?fit=1069%2C563&ssl=1&resize=700%2C400 2x, https:\/\/i0.wp.com\/mexicocodigorojo.com.mx\/wp-content\/uploads\/2019\/09\/2_6.jpg_112278454.jpg?fit=1069%2C563&ssl=1&resize=1050%2C600 3x"},"classes":[]},{"id":33948,"url":"https:\/\/mexicocodigorojo.com.mx\/?p=33948","url_meta":{"origin":60405,"position":4},"title":"En balacera cae \u2018El Pel\u00f3n de Abasolo del Valle\u2019, l\u00edder del &#8216;CJNG&#8217; en Veracruz","author":"Staff","date":"marzo 1, 2020","format":false,"excerpt":"La Secretar\u00eda de Seguridad P\u00fablica de Veracruz indic\u00f3 que Reynaldo \"N\", alias 'El Pel\u00f3n de Abasolo del Valle', fue abatido este s\u00e1bado Personal de la Secretar\u00eda de Seguridad P\u00fablica (SSP) de\u00a0Veracruz, a trav\u00e9s de Fuerza Civil,\u00a0abati\u00f3\u00a0este s\u00e1bado a\u00a0Reynaldo \u201cN\u201d, alias \u2018El Quemado\u2018, presunto l\u00edder del\u00a0C\u00e1rtel Jalisco Nueva Generaci\u00f3n(CJNG), resultando lesionados\u2026","rel":"","context":"En \u00abVeracruz\u00bb","block_context":{"text":"Veracruz","link":"https:\/\/mexicocodigorojo.com.mx\/?cat=22"},"img":{"alt_text":"","src":"https:\/\/i0.wp.com\/mexicocodigorojo.com.mx\/wp-content\/uploads\/2020\/03\/ER_l1i0UYAETQHn.jpg?fit=960%2C774&ssl=1&resize=350%2C200","width":350,"height":200,"srcset":"https:\/\/i0.wp.com\/mexicocodigorojo.com.mx\/wp-content\/uploads\/2020\/03\/ER_l1i0UYAETQHn.jpg?fit=960%2C774&ssl=1&resize=350%2C200 1x, https:\/\/i0.wp.com\/mexicocodigorojo.com.mx\/wp-content\/uploads\/2020\/03\/ER_l1i0UYAETQHn.jpg?fit=960%2C774&ssl=1&resize=525%2C300 1.5x, https:\/\/i0.wp.com\/mexicocodigorojo.com.mx\/wp-content\/uploads\/2020\/03\/ER_l1i0UYAETQHn.jpg?fit=960%2C774&ssl=1&resize=700%2C400 2x"},"classes":[]},{"id":52375,"url":"https:\/\/mexicocodigorojo.com.mx\/?p=52375","url_meta":{"origin":60405,"position":5},"title":"Emboscan a Polic\u00edas en Tuxpan, hay un oficial muerto","author":"Staff","date":"febrero 21, 2022","format":false,"excerpt":"Una patrulla de la Fuerza Civil fue atacada a disparos por sujetos a bordo de al menos tres veh\u00edculos. Los hechos ocurrieron la tarde del s\u00e1bado en la\u00a0colonia La Rivera\u00a0del municipio de\u00a0Tuxpan. Agentes municipales, estatales y de la Guardia Nacional acordonaron el lugar en espera de la autoridad competente para\u2026","rel":"","context":"En \u00abFeatured\u00bb","block_context":{"text":"Featured","link":"https:\/\/mexicocodigorojo.com.mx\/?cat=1724"},"img":{"alt_text":"","src":"https:\/\/i0.wp.com\/mexicocodigorojo.com.mx\/wp-content\/uploads\/2022\/02\/FMA0ge9X0AM_Pdq.jpg?fit=1200%2C900&ssl=1&resize=350%2C200","width":350,"height":200,"srcset":"https:\/\/i0.wp.com\/mexicocodigorojo.com.mx\/wp-content\/uploads\/2022\/02\/FMA0ge9X0AM_Pdq.jpg?fit=1200%2C900&ssl=1&resize=350%2C200 1x, https:\/\/i0.wp.com\/mexicocodigorojo.com.mx\/wp-content\/uploads\/2022\/02\/FMA0ge9X0AM_Pdq.jpg?fit=1200%2C900&ssl=1&resize=525%2C300 1.5x, https:\/\/i0.wp.com\/mexicocodigorojo.com.mx\/wp-content\/uploads\/2022\/02\/FMA0ge9X0AM_Pdq.jpg?fit=1200%2C900&ssl=1&resize=700%2C400 2x, https:\/\/i0.wp.com\/mexicocodigorojo.com.mx\/wp-content\/uploads\/2022\/02\/FMA0ge9X0AM_Pdq.jpg?fit=1200%2C900&ssl=1&resize=1050%2C600 3x"},"classes":[]}],"jetpack_sharing_enabled":true,"jetpack_likes_enabled":true,"jetpack_shortlink":"https:\/\/wp.me\/p9TedA-fIh","_links":{"self":[{"href":"https:\/\/mexicocodigorojo.com.mx\/index.php?rest_route=\/wp\/v2\/posts\/60405","targetHints":{"allow":["GET"]}}],"collection":[{"href":"https:\/\/mexicocodigorojo.com.mx\/index.php?rest_route=\/wp\/v2\/posts"}],"about":[{"href":"https:\/\/mexicocodigorojo.com.mx\/index.php?rest_route=\/wp\/v2\/types\/post"}],"author":[{"embeddable":true,"href":"https:\/\/mexicocodigorojo.com.mx\/index.php?rest_route=\/wp\/v2\/users\/22"}],"replies":[{"embeddable":true,"href":"https:\/\/mexicocodigorojo.com.mx\/index.php?rest_route=%2Fwp%2Fv2%2Fcomments&post=60405"}],"version-history":[{"count":1,"href":"https:\/\/mexicocodigorojo.com.mx\/index.php?rest_route=\/wp\/v2\/posts\/60405\/revisions"}],"predecessor-version":[{"id":60406,"href":"https:\/\/mexicocodigorojo.com.mx\/index.php?rest_route=\/wp\/v2\/posts\/60405\/revisions\/60406"}],"wp:featuredmedia":[{"embeddable":true,"href":"https:\/\/mexicocodigorojo.com.mx\/index.php?rest_route=\/wp\/v2\/media\/60404"}],"wp:attachment":[{"href":"https:\/\/mexicocodigorojo.com.mx\/index.php?rest_route=%2Fwp%2Fv2%2Fmedia&parent=60405"}],"wp:term":[{"taxonomy":"category","embeddable":true,"href":"https:\/\/mexicocodigorojo.com.mx\/index.php?rest_route=%2Fwp%2Fv2%2Fcategories&post=60405"},{"taxonomy":"post_tag","embeddable":true,"href":"https:\/\/mexicocodigorojo.com.mx\/index.php?rest_route=%2Fwp%2Fv2%2Ftags&post=60405"}],"curies":[{"name":"wp","href":"https:\/\/api.w.org\/{rel}","templated":true}]}}