{"id":60359,"date":"2024-05-08T16:20:01","date_gmt":"2024-05-08T22:20:01","guid":{"rendered":"https:\/\/mexicocodigorojo.com.mx\/?p=60359"},"modified":"2024-05-08T16:20:01","modified_gmt":"2024-05-08T22:20:01","slug":"sinaloa-de-tu-papa-joaquin-guzman-hoy-se-cumplen-16-anos-de-la-muerte-de-edgar-guzman-el-moreno-en-culiacan","status":"publish","type":"post","link":"https:\/\/mexicocodigorojo.com.mx\/?p=60359","title":{"rendered":"SINALOA | \u00abDE TU PAPA JOAQUIN GUZMAN\u00bb HOY SE CUMPLEN 16 A\u00d1OS DE LA MUERTE DE EDGAR GUZMAN \u00abEL MORENO\u00bb EN CULIACAN"},"content":{"rendered":"<p>Al clarear el alba, un paisaje frondoso y colorido llama la atenci\u00f3n sobre lo negro del asfalto afuera de conocida plaza comercial al norte de Culiac\u00e1n.<br \/>\nUn arco se alza majestuoso rodeando una cruz, decorados los dos de blanco y rojo. A los lados, dos letras grandes, la E y la G, y en la base, una leyenda resalta en una cinta dorada:<\/p>\n<p>&nbsp;<\/p>\n<p>&nbsp;<\/p>\n<blockquote><p><strong>\u00abDE TU PAP\u00c1 JOAQU\u00cdN GUZM\u00c1N\u00bb.<\/strong><\/p><\/blockquote>\n<p>&nbsp;<\/p>\n<p>&nbsp;<\/p>\n<p>Hoy es 8 de mayo, hace 16 a\u00f1os que Edgar Guzm\u00e1n vivi\u00f3 sus \u00faltimos momentos en este lugar. Desde ese d\u00eda de 2008, su recuerdo es plasmado con cientos de rosas rojas y blancas.<\/p>\n<p>&nbsp;<\/p>\n<p>&nbsp;<\/p>\n<p>La sola menci\u00f3n de su nombre resuena en las mentes de los sinaloenses y en todo M\u00e9xico, pero m\u00e1s cimbra los corazones de sus familiares y personas cercanas.<\/p>\n<p>&nbsp;<\/p>\n<p>Aquel d\u00eda, ya entrando la noche, las huellas tr\u00e1gicas quedaron en el lugar donde el joven dej\u00f3 su \u00faltimo aliento.<\/p>\n<p>&nbsp;<\/p>\n<p>El estruendo de las balas y proyectiles incluso m\u00e1s grandes, estremeci\u00f3 los alrededores y marc\u00f3 otra etapa en la vida de su familia, en el entorno de Sinaloa y de todo el pa\u00eds mexicano.<br \/>\nEl trago amargo se marc\u00f3 en orificios de distintos tama\u00f1os y hasta un gran boquete en la marquesina de la fachada en la plaza comercial, y justo ah\u00ed, en lo negro del pavimento verti\u00f3 su sangre el joven, roja como hoy las rosas lo recuerdan.<\/p>\n<p>&nbsp;<\/p>\n<p>&nbsp;<\/p>\n<p>A 16 a\u00f1os, al hueco que dej\u00f3 su ausencia, varias cosas dif\u00edciles y dolorosas se han sumado para la familia. Su pap\u00e1 y un hermano lo recuerdan desde atr\u00e1s de las rejas, y su abuela Consuelo ya no est\u00e1, quiz\u00e1 se fue a hacerle compa\u00f1\u00eda si existe otra vida despu\u00e9s de este plano terrenal.<\/p>\n<p>&nbsp;<\/p>\n<p>&nbsp;<\/p>\n<p>Este d\u00eda, el lugar donde Edgar vio su \u00faltima luz est\u00e1 cubierto de esas rosas rojas y blancas que adornan solemnes el arco y la cruz. Esta noche seguramente se iluminar\u00e1 con veladoras. En contraste con los destellos que marcaron su tr\u00e1gico final, cada a\u00f1o se acompa\u00f1a con luces de afecto, amor y cari\u00f1o por parte de sus dolientes.<\/p>\n<p>&nbsp;<\/p>\n<p>Las personas que pasan a un lado se detienen a admirar la escena. Le toman fotograf\u00edas, videos, im\u00e1genes para el recuerdo. Don Luis, el hombre que cuida siempre el lugar, lo asea y lo mantiene decente, confirma diciendo:<\/p>\n<p>\u00abHoy es, ahora es el d\u00eda, tiene que estar bien limpiecito\u00bb.<\/p>\n<p>&nbsp;<\/p>\n<p>&nbsp;<\/p>\n<p>FOTOS \ud83d\udc49 <a href=\"https:\/\/t.me\/mexicorojo\/6414?single\">https:\/\/t.me\/mexicorojo\/6414?single<\/a><\/p>\n","protected":false},"excerpt":{"rendered":"<p>Al clarear el alba, un paisaje frondoso y colorido llama la atenci\u00f3n sobre lo negro del asfalto afuera de conocida plaza comercial al norte de Culiac\u00e1n. Un arco se alza majestuoso rodeando una cruz, decorados los dos de blanco y rojo. A los lados, dos letras grandes, la E y la G, y en la [&hellip;]<\/p>\n","protected":false},"author":16,"featured_media":60360,"comment_status":"open","ping_status":"open","sticky":false,"template":"","format":"standard","meta":{"_uf_show_specific_survey":0,"_uf_disable_surveys":false,"advanced_seo_description":"","jetpack_seo_html_title":"","jetpack_seo_noindex":false,"jetpack_post_was_ever_published":false,"_jetpack_newsletter_access":"","_jetpack_dont_email_post_to_subs":false,"_jetpack_newsletter_tier_id":0,"_jetpack_memberships_contains_paywalled_content":false,"_jetpack_memberships_contains_paid_content":false,"footnotes":"","jetpack_publicize_message":"","jetpack_publicize_feature_enabled":true,"jetpack_social_post_already_shared":true,"jetpack_social_options":{"image_generator_settings":{"template":"highway","default_image_id":0,"font":"","enabled":false},"version":2}},"categories":[1724,41],"tags":[906,510],"class_list":{"0":"post-60359","1":"post","2":"type-post","3":"status-publish","4":"format-standard","5":"has-post-thumbnail","7":"category-featured","8":"category-sinaloa","9":"tag-crimenorganizado","10":"tag-nacional"},"jetpack_publicize_connections":[],"jetpack_featured_media_url":"https:\/\/i0.wp.com\/mexicocodigorojo.com.mx\/wp-content\/uploads\/2024\/05\/FB_IMG_1715206040627.jpg?fit=720%2C324&ssl=1","jetpack-related-posts":[{"id":25264,"url":"https:\/\/mexicocodigorojo.com.mx\/?p=25264","url_meta":{"origin":60359,"position":0},"title":"VIDEO DEL INTERIOR DEL MAUSOLEO DE EDGAR GUZM\u00c1N HIJO DE \u00abEL CHAPO\u00bb","author":"Staff","date":"octubre 12, 2019","format":false,"excerpt":"En un video que se comenzar\u00e1 a compartir en grupos de whatsapp se filtraron una im\u00e1genes en video del interior del mausoleo donde descansan los restos de \"Edgar Guzm\u00e1n L\u00f3pez\" uno de los hijos de \"Joaqu\u00edn Archivaldo Guzm\u00e1n Loera\" \"El Chapo\" ex jefe del Cartel De Sinaloa. \u00a0 \u00a0 \u00a0\u2026","rel":"","context":"En \u00abSinaloa\u00bb","block_context":{"text":"Sinaloa","link":"https:\/\/mexicocodigorojo.com.mx\/?cat=41"},"img":{"alt_text":"","src":"https:\/\/i0.wp.com\/mexicocodigorojo.com.mx\/wp-content\/uploads\/2018\/10\/edgarelmorenoguzman7016708-277x300.jpg?resize=350%2C200&ssl=1","width":350,"height":200},"classes":[]},{"id":38891,"url":"https:\/\/mexicocodigorojo.com.mx\/?p=38891","url_meta":{"origin":60359,"position":1},"title":"DECORAN CENOTAFILO DE EDGAR GUZMAN HIJO DE EL CHAPO POR SU CUMPLEA\u00d1OS EN CULIACAN SINALOA","author":"MexicoRojo","date":"mayo 31, 2020","format":false,"excerpt":"Culiac\u00e1n Sinaloa.- Se cumplieron doce a\u00f1os de que fuera sido abatido el hijo de el ex l\u00edder del Cartel De Sinaloa \u00c9dgar Guzm\u00e1n Salazar alias El Moreno este 8 de Mayo. \u00a0 \u00a0 \u00a0 \u00a0 \u00a0 \u00a0 \u00a0 \u00a0 \u00a0 \u00a0 Este 30 de mayo del 2020 es recordado por\u2026","rel":"","context":"En \u00abSinaloa\u00bb","block_context":{"text":"Sinaloa","link":"https:\/\/mexicocodigorojo.com.mx\/?cat=41"},"img":{"alt_text":"","src":"https:\/\/i0.wp.com\/mexicocodigorojo.com.mx\/wp-content\/uploads\/2020\/05\/Polish_20200530_232221704.jpg?fit=709%2C886&ssl=1&resize=350%2C200","width":350,"height":200,"srcset":"https:\/\/i0.wp.com\/mexicocodigorojo.com.mx\/wp-content\/uploads\/2020\/05\/Polish_20200530_232221704.jpg?fit=709%2C886&ssl=1&resize=350%2C200 1x, https:\/\/i0.wp.com\/mexicocodigorojo.com.mx\/wp-content\/uploads\/2020\/05\/Polish_20200530_232221704.jpg?fit=709%2C886&ssl=1&resize=525%2C300 1.5x, https:\/\/i0.wp.com\/mexicocodigorojo.com.mx\/wp-content\/uploads\/2020\/05\/Polish_20200530_232221704.jpg?fit=709%2C886&ssl=1&resize=700%2C400 2x"},"classes":[]},{"id":63665,"url":"https:\/\/mexicocodigorojo.com.mx\/?p=63665","url_meta":{"origin":60359,"position":2},"title":"NARCO TERRORISMO: Con coche bomba explotaron el cenotafio del hijo de \u00abEl Chapo\u00bb Guzm\u00e1n en Culiac\u00e1n","author":"Staff","date":"enero 24, 2025","format":false,"excerpt":"Durante la ma\u00f1ana de este jueves 23 de enero se registr\u00f3 una fuerte\u00a0explosi\u00f3n,\u00a0en conocido\u00a0cenotafio\u00a0de uno de los\u00a0hijos\u00a0de Joaqu\u00edn \"El Chapo\" Guzm\u00e1n\u00a0Loera, esto ocurri\u00f3 en el estacionamiento del City Club. La\u00a0explosi\u00f3n\u00a0se escuch\u00f3 antes de las 8 de la ma\u00f1ana y hasta el momento las\u00a0autoridades\u00a0investigan\u00a0qu\u00e9 fue lo que ocurri\u00f3 con exactitud. \u00bfDe\u2026","rel":"","context":"En \u00abFeatured\u00bb","block_context":{"text":"Featured","link":"https:\/\/mexicocodigorojo.com.mx\/?cat=1724"},"img":{"alt_text":"","src":"https:\/\/i0.wp.com\/mexicocodigorojo.com.mx\/wp-content\/uploads\/2025\/01\/cruz-4-focus-0-0-966-544.jpg?fit=966%2C544&ssl=1&resize=350%2C200","width":350,"height":200,"srcset":"https:\/\/i0.wp.com\/mexicocodigorojo.com.mx\/wp-content\/uploads\/2025\/01\/cruz-4-focus-0-0-966-544.jpg?fit=966%2C544&ssl=1&resize=350%2C200 1x, https:\/\/i0.wp.com\/mexicocodigorojo.com.mx\/wp-content\/uploads\/2025\/01\/cruz-4-focus-0-0-966-544.jpg?fit=966%2C544&ssl=1&resize=525%2C300 1.5x, https:\/\/i0.wp.com\/mexicocodigorojo.com.mx\/wp-content\/uploads\/2025\/01\/cruz-4-focus-0-0-966-544.jpg?fit=966%2C544&ssl=1&resize=700%2C400 2x"},"classes":[]},{"id":44897,"url":"https:\/\/mexicocodigorojo.com.mx\/?p=44897","url_meta":{"origin":60359,"position":3},"title":"VIDEO EN CULIACAN SINALOA DECORAN CON ROSAS ROJAS &#038; BLANCAS EL ALTAR DE EL MORENO HIJO DE EL CHAPO","author":"MexicoRojo","date":"noviembre 5, 2020","format":false,"excerpt":"Como cada a\u00f1o en la \u00e9poca de D\u00eda de Muertos, el sitio donde \u00c9dgar Guzm\u00e1n L\u00f3pez, alias el Negro hijo del narcotraficante Joaqu\u00edn \u201cel Chapo\u201d Guzm\u00e1n quien fue asesinado en 2008 durante un crimen a\u00fan no esclarecido a consecuencia de los enfrentamientos entre el C\u00e1rtel de Sinaloa (CDS) y el\u2026","rel":"","context":"En \u00abFeatured\u00bb","block_context":{"text":"Featured","link":"https:\/\/mexicocodigorojo.com.mx\/?cat=1724"},"img":{"alt_text":"","src":"","width":0,"height":0},"classes":[]},{"id":7577,"url":"https:\/\/mexicocodigorojo.com.mx\/?p=7577","url_meta":{"origin":60359,"position":4},"title":"EL DIA QUE \u00abEL CHAPO\u00bb GUZMAN DEJO SIN ROSAS A TODO CULIACAN","author":"Staff","date":"octubre 29, 2018","format":false,"excerpt":"EL DIA QUE \"EL CHAPO\" GUZMAN DEJO SIN ROSAS A TODO CULIACAN El Chapo Guzm\u00e1n fue uno de los l\u00edderes del crimen organizado m\u00e1s peligrosos de M\u00e9xico y en ese contexto sufri\u00f3 una terrible p\u00e9rdida: asesinaron a su hijo. Dicho homicidio dio lugar a una historia que ahora se escucha\u2026","rel":"","context":"En \u00abInternacional\u00bb","block_context":{"text":"Internacional","link":"https:\/\/mexicocodigorojo.com.mx\/?cat=14"},"img":{"alt_text":"","src":"https:\/\/i0.wp.com\/mexicocodigorojo.com.mx\/wp-content\/uploads\/2018\/10\/chaporosas.1.jpg?fit=980%2C735&ssl=1&resize=350%2C200","width":350,"height":200,"srcset":"https:\/\/i0.wp.com\/mexicocodigorojo.com.mx\/wp-content\/uploads\/2018\/10\/chaporosas.1.jpg?fit=980%2C735&ssl=1&resize=350%2C200 1x, https:\/\/i0.wp.com\/mexicocodigorojo.com.mx\/wp-content\/uploads\/2018\/10\/chaporosas.1.jpg?fit=980%2C735&ssl=1&resize=525%2C300 1.5x, https:\/\/i0.wp.com\/mexicocodigorojo.com.mx\/wp-content\/uploads\/2018\/10\/chaporosas.1.jpg?fit=980%2C735&ssl=1&resize=700%2C400 2x"},"classes":[]},{"id":62437,"url":"https:\/\/mexicocodigorojo.com.mx\/?p=62437","url_meta":{"origin":60359,"position":5},"title":"FOTOS Y VIDEOS &#8211; DESTROZAN CAPILLA DE FAMILIARES DE &#8216;LOS DAMASOS&#8217; EN CULIACAN SINALOA","author":"MexicoRojo","date":"julio 30, 2024","format":false,"excerpt":"FOTOS Y VIDEOS - DESTROZAN CAPILLA DE FAMILIARES DE 'LOS DAMASOS' EN CULIACAN SINALOA \u00a0 \u00a0 Culiac\u00e1n, Sinaloa.- La lujosa y enorme capilla donde yacen sepultados familiares del narcotraficante D\u00e1maso L\u00f3pez N\u00fa\u00f1ez, alias El Licenciado, quien fuera uno de los l\u00edderes del C\u00e1rtel de Sinaloa y compadre de Joaqu\u00edn El\u2026","rel":"","context":"En \u00abFeatured\u00bb","block_context":{"text":"Featured","link":"https:\/\/mexicocodigorojo.com.mx\/?cat=1724"},"img":{"alt_text":"","src":"https:\/\/i0.wp.com\/mexicocodigorojo.com.mx\/wp-content\/uploads\/2024\/07\/20240730_114511.jpg?fit=1200%2C900&ssl=1&resize=350%2C200","width":350,"height":200,"srcset":"https:\/\/i0.wp.com\/mexicocodigorojo.com.mx\/wp-content\/uploads\/2024\/07\/20240730_114511.jpg?fit=1200%2C900&ssl=1&resize=350%2C200 1x, https:\/\/i0.wp.com\/mexicocodigorojo.com.mx\/wp-content\/uploads\/2024\/07\/20240730_114511.jpg?fit=1200%2C900&ssl=1&resize=525%2C300 1.5x, https:\/\/i0.wp.com\/mexicocodigorojo.com.mx\/wp-content\/uploads\/2024\/07\/20240730_114511.jpg?fit=1200%2C900&ssl=1&resize=700%2C400 2x, https:\/\/i0.wp.com\/mexicocodigorojo.com.mx\/wp-content\/uploads\/2024\/07\/20240730_114511.jpg?fit=1200%2C900&ssl=1&resize=1050%2C600 3x"},"classes":[]}],"jetpack_sharing_enabled":true,"jetpack_likes_enabled":true,"jetpack_shortlink":"https:\/\/wp.me\/p9TedA-fHx","_links":{"self":[{"href":"https:\/\/mexicocodigorojo.com.mx\/index.php?rest_route=\/wp\/v2\/posts\/60359","targetHints":{"allow":["GET"]}}],"collection":[{"href":"https:\/\/mexicocodigorojo.com.mx\/index.php?rest_route=\/wp\/v2\/posts"}],"about":[{"href":"https:\/\/mexicocodigorojo.com.mx\/index.php?rest_route=\/wp\/v2\/types\/post"}],"author":[{"embeddable":true,"href":"https:\/\/mexicocodigorojo.com.mx\/index.php?rest_route=\/wp\/v2\/users\/16"}],"replies":[{"embeddable":true,"href":"https:\/\/mexicocodigorojo.com.mx\/index.php?rest_route=%2Fwp%2Fv2%2Fcomments&post=60359"}],"version-history":[{"count":1,"href":"https:\/\/mexicocodigorojo.com.mx\/index.php?rest_route=\/wp\/v2\/posts\/60359\/revisions"}],"predecessor-version":[{"id":60361,"href":"https:\/\/mexicocodigorojo.com.mx\/index.php?rest_route=\/wp\/v2\/posts\/60359\/revisions\/60361"}],"wp:featuredmedia":[{"embeddable":true,"href":"https:\/\/mexicocodigorojo.com.mx\/index.php?rest_route=\/wp\/v2\/media\/60360"}],"wp:attachment":[{"href":"https:\/\/mexicocodigorojo.com.mx\/index.php?rest_route=%2Fwp%2Fv2%2Fmedia&parent=60359"}],"wp:term":[{"taxonomy":"category","embeddable":true,"href":"https:\/\/mexicocodigorojo.com.mx\/index.php?rest_route=%2Fwp%2Fv2%2Fcategories&post=60359"},{"taxonomy":"post_tag","embeddable":true,"href":"https:\/\/mexicocodigorojo.com.mx\/index.php?rest_route=%2Fwp%2Fv2%2Ftags&post=60359"}],"curies":[{"name":"wp","href":"https:\/\/api.w.org\/{rel}","templated":true}]}}