{"id":60302,"date":"2024-05-04T23:19:20","date_gmt":"2024-05-05T05:19:20","guid":{"rendered":"https:\/\/mexicocodigorojo.com.mx\/?p=60302"},"modified":"2024-05-06T23:21:28","modified_gmt":"2024-05-07T05:21:28","slug":"vampiro-dj-asesinado-en-tehuantepec-oaxaca","status":"publish","type":"post","link":"https:\/\/mexicocodigorojo.com.mx\/?p=60302","title":{"rendered":"&#8216;Vampiro DJ&#8217; Asesinado en Tehuantepec, Oaxaca"},"content":{"rendered":"\n<p>Al caer la madrugada de este s\u00e1bado fue asesinado en Tehuantepec, Oaxaca, el locutor y DJ Samuel L\u00f3pez conocido como \u201cVampiro DJ\u201d.<\/p>\n\n\n\n<p>Este terrible hecho dio lugar al deceso del locutor a sus 42 a\u00f1os de edad afuera de su domicilio en la colonia Benito Ju\u00e1rez. Hasta el momento se desconoce informaci\u00f3n sobre qui\u00e9n o qui\u00e9nes lo mataron, ni tampoco las causas.<\/p>\n\n\n\n<p>Samuel L\u00f3pez laboraba en una radio comunitaria en su tierra natal, por lo que este crimen ha conmocionado a la ciudadan\u00eda, quienes lamentaron el deceso.<\/p>\n\n\n\n<p>Amigos y compa\u00f1eros lamentaron la noticia y enviaron condolencias a sus familiares.<\/p>\n\n\n\n<p>Vampiro DJ trabajaba por las ma\u00f1anas como locutor y por las tardes y noches era m\u00fasico independiente.<\/p>\n\n\n\n<p>Samuel L\u00f3pez laboraba en una radio comunitaria en su tierra natal, por lo que este crimen ha conmocionado a la ciudadan\u00eda, quienes lamentaron el deceso.<\/p>\n\n\n\n<p>Integrantes de la familia radiodifusora BBM Noticias, Heraldo Radio Istmo y Brava Radio 105.6 FM enviaron el p\u00e9same para la familia y lamentaron el deceso de qui\u00e9n fuera su amigo, compa\u00f1ero y hermano de la locuci\u00f3n.<\/p>\n\n\n\n<p>Alberto Fern\u00e1ndez Portilla, director de BBM Noticias y Brava Radio XHSCCK 105.6 dijo que Samuel L\u00f3pez trabaj\u00f3 como operador y locutor en diversas radios y en el primer a\u00f1o de la estaci\u00f3n Brava Noticias.<\/p>\n\n\n\n<p>\u201cEra un amigo cercano en nuestros afectos, estamos tristes por el deceso, descanse en paz\u201d, se\u00f1al\u00f3.<\/p>\n\n\n\n<figure class=\"wp-block-image size-large\"><img data-recalc-dims=\"1\" loading=\"lazy\" decoding=\"async\" width=\"576\" height=\"1024\" data-attachment-id=\"60300\" data-permalink=\"https:\/\/mexicocodigorojo.com.mx\/?attachment_id=60300\" data-orig-file=\"https:\/\/i0.wp.com\/mexicocodigorojo.com.mx\/wp-content\/uploads\/2024\/05\/condolencias-samuel-lopez5056120741437902657.jpg?fit=1080%2C1920&amp;ssl=1\" data-orig-size=\"1080,1920\" data-comments-opened=\"1\" data-image-meta=\"{&quot;aperture&quot;:&quot;0&quot;,&quot;credit&quot;:&quot;&quot;,&quot;camera&quot;:&quot;&quot;,&quot;caption&quot;:&quot;&quot;,&quot;created_timestamp&quot;:&quot;0&quot;,&quot;copyright&quot;:&quot;&quot;,&quot;focal_length&quot;:&quot;0&quot;,&quot;iso&quot;:&quot;0&quot;,&quot;shutter_speed&quot;:&quot;0&quot;,&quot;title&quot;:&quot;&quot;,&quot;orientation&quot;:&quot;0&quot;}\" data-image-title=\"condolencias-samuel-lopez5056120741437902657.jpg\" data-image-description=\"\" data-image-caption=\"\" data-large-file=\"https:\/\/i0.wp.com\/mexicocodigorojo.com.mx\/wp-content\/uploads\/2024\/05\/condolencias-samuel-lopez5056120741437902657.jpg?fit=576%2C1024&amp;ssl=1\" src=\"https:\/\/i0.wp.com\/mexicocodigorojo.com.mx\/wp-content\/uploads\/2024\/05\/condolencias-samuel-lopez5056120741437902657.jpg?resize=576%2C1024&#038;ssl=1\" alt=\"\" class=\"wp-image-60300\" srcset=\"https:\/\/i0.wp.com\/mexicocodigorojo.com.mx\/wp-content\/uploads\/2024\/05\/condolencias-samuel-lopez5056120741437902657.jpg?resize=576%2C1024&amp;ssl=1 576w, https:\/\/i0.wp.com\/mexicocodigorojo.com.mx\/wp-content\/uploads\/2024\/05\/condolencias-samuel-lopez5056120741437902657.jpg?resize=169%2C300&amp;ssl=1 169w, https:\/\/i0.wp.com\/mexicocodigorojo.com.mx\/wp-content\/uploads\/2024\/05\/condolencias-samuel-lopez5056120741437902657.jpg?resize=768%2C1365&amp;ssl=1 768w, https:\/\/i0.wp.com\/mexicocodigorojo.com.mx\/wp-content\/uploads\/2024\/05\/condolencias-samuel-lopez5056120741437902657.jpg?resize=864%2C1536&amp;ssl=1 864w, https:\/\/i0.wp.com\/mexicocodigorojo.com.mx\/wp-content\/uploads\/2024\/05\/condolencias-samuel-lopez5056120741437902657.jpg?w=1080&amp;ssl=1 1080w\" sizes=\"auto, (max-width: 576px) 100vw, 576px\" \/><\/figure>\n\n\n\n<p>Amigos cercanos tambi\u00e9n se sumaron a las condolencias y pidieron pronta resignaci\u00f3n para sus familiares.<\/p>\n\n\n\n<p>Las autoridades de Justicia ya investigan el suceso para dar con los responsables de este homicidio.<\/p>\n\n\n\n<p>Con informaci\u00f3n de EFE.- <\/p>\n","protected":false},"excerpt":{"rendered":"<p>Al caer la madrugada de este s\u00e1bado fue asesinado en Tehuantepec, Oaxaca, el locutor y DJ Samuel L\u00f3pez conocido como \u201cVampiro DJ\u201d. Este terrible hecho dio lugar al deceso del locutor a sus 42 a\u00f1os de edad afuera de su domicilio en la colonia Benito Ju\u00e1rez. Hasta el momento se desconoce informaci\u00f3n sobre qui\u00e9n o [&hellip;]<\/p>\n","protected":false},"author":22,"featured_media":60301,"comment_status":"open","ping_status":"open","sticky":false,"template":"","format":"standard","meta":{"_uf_show_specific_survey":0,"_uf_disable_surveys":false,"advanced_seo_description":"","jetpack_seo_html_title":"","jetpack_seo_noindex":false,"jetpack_post_was_ever_published":false,"_jetpack_newsletter_access":"","_jetpack_dont_email_post_to_subs":false,"_jetpack_newsletter_tier_id":0,"_jetpack_memberships_contains_paywalled_content":false,"_jetpack_memberships_contains_paid_content":false,"footnotes":"","jetpack_publicize_message":"","jetpack_publicize_feature_enabled":true,"jetpack_social_post_already_shared":true,"jetpack_social_options":{"image_generator_settings":{"template":"highway","default_image_id":0,"font":"","enabled":false},"version":2}},"categories":[1724,36],"tags":[858],"class_list":{"0":"post-60302","1":"post","2":"type-post","3":"status-publish","4":"format-standard","5":"has-post-thumbnail","7":"category-featured","8":"category-oaxaca","9":"tag-homicidio"},"jetpack_publicize_connections":[],"jetpack_featured_media_url":"https:\/\/i0.wp.com\/mexicocodigorojo.com.mx\/wp-content\/uploads\/2024\/05\/samuel-lopez-dj-vampiro-2-05052024.jpeg?fit=1200%2C750&ssl=1","jetpack-related-posts":[{"id":14270,"url":"https:\/\/mexicocodigorojo.com.mx\/?p=14270","url_meta":{"origin":60302,"position":0},"title":"(VIDEO) Comando asesina a locutor Reynaldo L\u00f3pez y deja mal herido a reportero en Sonora","author":"Staff","date":"febrero 17, 2019","format":false,"excerpt":"(VIDEO) Comando asesina a locutor Reynaldo L\u00f3pez y deja mal herido a reportero en Sonora. Elementos de la Fiscal\u00eda General de Justicia de la entidad reportaron al menos 35 casquillos percutidos en el bulevar Serna, lugar del ataque Un comando armado asesin\u00f3 al locutor Reynaldo L\u00f3pez y dej\u00f3 muy mal\u2026","rel":"","context":"En \u00abSonora\u00bb","block_context":{"text":"Sonora","link":"https:\/\/mexicocodigorojo.com.mx\/?cat=115"},"img":{"alt_text":"","src":"https:\/\/i0.wp.com\/mexicocodigorojo.com.mx\/wp-content\/uploads\/2019\/02\/img_20190217_0818291537311291.jpg?resize=350%2C200&ssl=1","width":350,"height":200,"srcset":"https:\/\/i0.wp.com\/mexicocodigorojo.com.mx\/wp-content\/uploads\/2019\/02\/img_20190217_0818291537311291.jpg?resize=350%2C200&ssl=1 1x, https:\/\/i0.wp.com\/mexicocodigorojo.com.mx\/wp-content\/uploads\/2019\/02\/img_20190217_0818291537311291.jpg?resize=525%2C300&ssl=1 1.5x, https:\/\/i0.wp.com\/mexicocodigorojo.com.mx\/wp-content\/uploads\/2019\/02\/img_20190217_0818291537311291.jpg?resize=700%2C400&ssl=1 2x, https:\/\/i0.wp.com\/mexicocodigorojo.com.mx\/wp-content\/uploads\/2019\/02\/img_20190217_0818291537311291.jpg?resize=1050%2C600&ssl=1 3x"},"classes":[]},{"id":722,"url":"https:\/\/mexicocodigorojo.com.mx\/?p=722","url_meta":{"origin":60302,"position":1},"title":"Matan en emboscada a cinco militantes de Morena; un candidato a diputado en Oaxaca, entre las v\u00edctimas","author":"Staff","date":"junio 28, 2018","format":false,"excerpt":"OAXACA, Oax. (apro).- La tarde de este lunes militantes de Morena fueron emboscados en la poblaci\u00f3n de Yogana Ejutla, con un saldo de cinco muertos, entre ellos el candidato a diputado local por la coalici\u00f3n Juntos Haremos Historia, Emigdio L\u00f3pez Avenda\u00f1o. El candidato al Senado de la Rep\u00fablica, Salom\u00f3n Jara\u2026","rel":"","context":"En \u00abOaxaca\u00bb","block_context":{"text":"Oaxaca","link":"https:\/\/mexicocodigorojo.com.mx\/?cat=36"},"img":{"alt_text":"","src":"https:\/\/i0.wp.com\/mexicocodigorojo.com.mx\/wp-content\/uploads\/2018\/06\/morena.jpg?fit=702%2C367&ssl=1&resize=350%2C200","width":350,"height":200,"srcset":"https:\/\/i0.wp.com\/mexicocodigorojo.com.mx\/wp-content\/uploads\/2018\/06\/morena.jpg?fit=702%2C367&ssl=1&resize=350%2C200 1x, https:\/\/i0.wp.com\/mexicocodigorojo.com.mx\/wp-content\/uploads\/2018\/06\/morena.jpg?fit=702%2C367&ssl=1&resize=525%2C300 1.5x, https:\/\/i0.wp.com\/mexicocodigorojo.com.mx\/wp-content\/uploads\/2018\/06\/morena.jpg?fit=702%2C367&ssl=1&resize=700%2C400 2x"},"classes":[]},{"id":13917,"url":"https:\/\/mexicocodigorojo.com.mx\/?p=13917","url_meta":{"origin":60302,"position":2},"title":"EN TABASCO ASESINARON AL 2do PERIODISTA DEL 2019 Y EL 4to DEL GOBIERNO DEL PRESIDENTE AMLO","author":"Staff","date":"febrero 10, 2019","format":false,"excerpt":"EN TABASCO ASESINARON AL 2do PERIODISTA DEL 2019 Y EL 4to DEL GOBIERNO DEL PRESIDENTE AMLO \u00b7 El cuarto en lo que va de la administraci\u00f3n de L\u00f3pez Obrador. *** Asesinan periodista en Tabasco; el segundo en lo que va del a\u00f1o. El periodista Jes\u00fas Ramos Rodr\u00edguez, locutor de noticias\u2026","rel":"","context":"En \u00abTabasco\u00bb","block_context":{"text":"Tabasco","link":"https:\/\/mexicocodigorojo.com.mx\/?cat=116"},"img":{"alt_text":"","src":"","width":0,"height":0},"classes":[]},{"id":16954,"url":"https:\/\/mexicocodigorojo.com.mx\/?p=16954","url_meta":{"origin":60302,"position":3},"title":"En 72 horas, ejecutan a 10 personas, dos eran polic\u00edas, en Oaxaca","author":"Staff","date":"mayo 2, 2019","format":false,"excerpt":"OAXACA, Oax. \u2013 Al menos 10 personas fueron ejecutadas en las \u00faltimas 72 horas entre las que se encuentran dos polic\u00edas viales en Juxtlahuaca, un joven rematado en el interior de la cl\u00ednica del IMSS en Mat\u00edas Romero, cuatro en la capital y una mujer decapitada en Tuxtepec pese a\u2026","rel":"","context":"En \u00abOaxaca\u00bb","block_context":{"text":"Oaxaca","link":"https:\/\/mexicocodigorojo.com.mx\/?cat=36"},"img":{"alt_text":"","src":"https:\/\/i0.wp.com\/mexicocodigorojo.com.mx\/wp-content\/uploads\/2019\/05\/asesinatopoliciasoaxaca.jpg?fit=679%2C400&ssl=1&resize=350%2C200","width":350,"height":200,"srcset":"https:\/\/i0.wp.com\/mexicocodigorojo.com.mx\/wp-content\/uploads\/2019\/05\/asesinatopoliciasoaxaca.jpg?fit=679%2C400&ssl=1&resize=350%2C200 1x, https:\/\/i0.wp.com\/mexicocodigorojo.com.mx\/wp-content\/uploads\/2019\/05\/asesinatopoliciasoaxaca.jpg?fit=679%2C400&ssl=1&resize=525%2C300 1.5x"},"classes":[]},{"id":18285,"url":"https:\/\/mexicocodigorojo.com.mx\/?p=18285","url_meta":{"origin":60302,"position":4},"title":"Hallan los restos de siete personas embolsadas en la Cuenca del Papaloapan","author":"Staff","date":"junio 12, 2019","format":false,"excerpt":"OAXACA, Oax.- La Fiscal\u00eda General de Oaxaca confirm\u00f3 el hallazgo de nueve bolsas de pl\u00e1stico con los restos de siete cuerpos, de los cuales cinco son hombres y dos mujeres, en la Cuenca del Papaloapan. Los cuerpos descuartizados fueron localizados durante la madrugada de este s\u00e1bado en el Ejido la\u2026","rel":"","context":"En \u00abOaxaca\u00bb","block_context":{"text":"Oaxaca","link":"https:\/\/mexicocodigorojo.com.mx\/?cat=36"},"img":{"alt_text":"","src":"https:\/\/i0.wp.com\/mexicocodigorojo.com.mx\/wp-content\/uploads\/2019\/06\/Papaloapan-1078x808.jpg?fit=1078%2C808&ssl=1&resize=350%2C200","width":350,"height":200,"srcset":"https:\/\/i0.wp.com\/mexicocodigorojo.com.mx\/wp-content\/uploads\/2019\/06\/Papaloapan-1078x808.jpg?fit=1078%2C808&ssl=1&resize=350%2C200 1x, https:\/\/i0.wp.com\/mexicocodigorojo.com.mx\/wp-content\/uploads\/2019\/06\/Papaloapan-1078x808.jpg?fit=1078%2C808&ssl=1&resize=525%2C300 1.5x, https:\/\/i0.wp.com\/mexicocodigorojo.com.mx\/wp-content\/uploads\/2019\/06\/Papaloapan-1078x808.jpg?fit=1078%2C808&ssl=1&resize=700%2C400 2x, https:\/\/i0.wp.com\/mexicocodigorojo.com.mx\/wp-content\/uploads\/2019\/06\/Papaloapan-1078x808.jpg?fit=1078%2C808&ssl=1&resize=1050%2C600 3x"},"classes":[]},{"id":36547,"url":"https:\/\/mexicocodigorojo.com.mx\/?p=36547","url_meta":{"origin":60302,"position":5},"title":"Destituyen a funcionario con COVID-19 que habr\u00eda tosido a personal de Salud en Oaxaca","author":"Staff","date":"abril 8, 2020","format":false,"excerpt":"Autoridades de Salud de Oaxaca informaron la destituci\u00f3n de un funcionario, diagnosticado con COVID-19, que tosi\u00f3 y escupi\u00f3 en un hospital del ISSSTE Los\u00a0Servicios de Salud de Oaxaca (SSO)\u00a0informaron la destituci\u00f3n de Daniel L\u00f3pez Regalado, jefe de la Jurisdicci\u00f3n Sanitaria n\u00famero 2, con sede en el\u00a0Istmo de Tehuantepec, luego de\u2026","rel":"","context":"En \u00abOaxaca\u00bb","block_context":{"text":"Oaxaca","link":"https:\/\/mexicocodigorojo.com.mx\/?cat=36"},"img":{"alt_text":"","src":"https:\/\/i0.wp.com\/mexicocodigorojo.com.mx\/wp-content\/uploads\/2020\/04\/daniel-lopez-regalado-oaxaca.jpg?fit=980%2C550&ssl=1&resize=350%2C200","width":350,"height":200,"srcset":"https:\/\/i0.wp.com\/mexicocodigorojo.com.mx\/wp-content\/uploads\/2020\/04\/daniel-lopez-regalado-oaxaca.jpg?fit=980%2C550&ssl=1&resize=350%2C200 1x, https:\/\/i0.wp.com\/mexicocodigorojo.com.mx\/wp-content\/uploads\/2020\/04\/daniel-lopez-regalado-oaxaca.jpg?fit=980%2C550&ssl=1&resize=525%2C300 1.5x, https:\/\/i0.wp.com\/mexicocodigorojo.com.mx\/wp-content\/uploads\/2020\/04\/daniel-lopez-regalado-oaxaca.jpg?fit=980%2C550&ssl=1&resize=700%2C400 2x"},"classes":[]}],"jetpack_sharing_enabled":true,"jetpack_likes_enabled":true,"jetpack_shortlink":"https:\/\/wp.me\/p9TedA-fGC","_links":{"self":[{"href":"https:\/\/mexicocodigorojo.com.mx\/index.php?rest_route=\/wp\/v2\/posts\/60302","targetHints":{"allow":["GET"]}}],"collection":[{"href":"https:\/\/mexicocodigorojo.com.mx\/index.php?rest_route=\/wp\/v2\/posts"}],"about":[{"href":"https:\/\/mexicocodigorojo.com.mx\/index.php?rest_route=\/wp\/v2\/types\/post"}],"author":[{"embeddable":true,"href":"https:\/\/mexicocodigorojo.com.mx\/index.php?rest_route=\/wp\/v2\/users\/22"}],"replies":[{"embeddable":true,"href":"https:\/\/mexicocodigorojo.com.mx\/index.php?rest_route=%2Fwp%2Fv2%2Fcomments&post=60302"}],"version-history":[{"count":2,"href":"https:\/\/mexicocodigorojo.com.mx\/index.php?rest_route=\/wp\/v2\/posts\/60302\/revisions"}],"predecessor-version":[{"id":60304,"href":"https:\/\/mexicocodigorojo.com.mx\/index.php?rest_route=\/wp\/v2\/posts\/60302\/revisions\/60304"}],"wp:featuredmedia":[{"embeddable":true,"href":"https:\/\/mexicocodigorojo.com.mx\/index.php?rest_route=\/wp\/v2\/media\/60301"}],"wp:attachment":[{"href":"https:\/\/mexicocodigorojo.com.mx\/index.php?rest_route=%2Fwp%2Fv2%2Fmedia&parent=60302"}],"wp:term":[{"taxonomy":"category","embeddable":true,"href":"https:\/\/mexicocodigorojo.com.mx\/index.php?rest_route=%2Fwp%2Fv2%2Fcategories&post=60302"},{"taxonomy":"post_tag","embeddable":true,"href":"https:\/\/mexicocodigorojo.com.mx\/index.php?rest_route=%2Fwp%2Fv2%2Ftags&post=60302"}],"curies":[{"name":"wp","href":"https:\/\/api.w.org\/{rel}","templated":true}]}}