{"id":60010,"date":"2024-04-27T11:55:27","date_gmt":"2024-04-27T17:55:27","guid":{"rendered":"https:\/\/mexicocodigorojo.com.mx\/?p=60010"},"modified":"2024-04-27T16:18:19","modified_gmt":"2024-04-27T22:18:19","slug":"secuestran-a-12-personas-en-anahuac-nl","status":"publish","type":"post","link":"https:\/\/mexicocodigorojo.com.mx\/?p=60010","title":{"rendered":"Secuestran a 12 personas en An\u00e1huac, NL"},"content":{"rendered":"\n<p>An\u00e1huac, Nuevo Le\u00f3n.- <\/p>\n\n\n\n<p>Este domingo la Fiscal\u00eda General de Justicia del Estado de Nuevo Le\u00f3n comunic\u00f3 sobre la privaci\u00f3n ilegal de la libertad de 12 personas, en el municipio de An\u00e1huac, Nuevo Le\u00f3n.<\/p>\n\n\n\n<p>Seg\u00fan el reporte recibido hasta las 21:00 horas, los hechos ocurrieron cerca de las 16:00 horas en el mencionado municipio al norte del Estado, espec\u00edficamente en el cruce de las calles Ingenieros e Hidalgo, esto ya en la zona centro.<\/p>\n\n\n\n<p>El reporte compartido por la mencionada autoridad, se\u00f1ala que desde la central de radio de Seguridad P\u00fablica de An\u00e1huac se dio el informe de la privaci\u00f3n ilegal de la libertad de 12 personas, todas ellas aparentemente del sexo masculino.<\/p>\n\n\n\n<p>Todos ellos, ser\u00edan trabajadores de una empresa constructora en dicha zona, pero hasta el momento se desconoce el nombre de la misma, o el motivo de los hechos.<\/p>\n\n\n\n<p>Se mencion\u00f3 tambi\u00e9n que, un grupo de personas que portaban armas de fuego, habr\u00eda ingresado al lugar a la fuerza para llevarse a las 12 v\u00edctimas en contra de su voluntad y, por el horario de lo ocurrido, se presume que esto pudo ser a la vista del resto de los trabajadores.<\/p>\n\n\n\n<p>Derivado de los hechos mencionados, la Fiscal\u00eda inici\u00f3 una carpeta de investigaci\u00f3n con las labores de indagatoria a\u00fan en proceso, por lo que se espera que en las pr\u00f3ximas horas ocurra alguna actualizaci\u00f3n de parte de las autoridades.<\/p>\n\n\n\n<p>Apenas el pasado jueves 18 de abril, se inform\u00f3 de la liberaci\u00f3n de Humberto Villarreal S\u00e1nchez, un joven de 22 a\u00f1os que fue secuestrado junto a 32 personas m\u00e1s, est\u00e1s en diferentes puntos de los municipios de Salinas Victoria y Ci\u00e9nega de Flores.<\/p>\n\n\n\n<p>Fue entre el 23 y 29 de marzo que la Fiscal\u00eda inform\u00f3 los secuestros, primero de 17 personas entre las cuales se encontraban menores de edad y, posteriormente, la cifra creci\u00f3 a 32.<\/p>\n\n\n\n<p>Con informaci\u00f3n de EFE.- <\/p>\n","protected":false},"excerpt":{"rendered":"<p>An\u00e1huac, Nuevo Le\u00f3n.- Este domingo la Fiscal\u00eda General de Justicia del Estado de Nuevo Le\u00f3n comunic\u00f3 sobre la privaci\u00f3n ilegal de la libertad de 12 personas, en el municipio de An\u00e1huac, Nuevo Le\u00f3n. Seg\u00fan el reporte recibido hasta las 21:00 horas, los hechos ocurrieron cerca de las 16:00 horas en el mencionado municipio al norte [&hellip;]<\/p>\n","protected":false},"author":22,"featured_media":60019,"comment_status":"open","ping_status":"open","sticky":false,"template":"","format":"standard","meta":{"_uf_show_specific_survey":0,"_uf_disable_surveys":false,"advanced_seo_description":"","jetpack_seo_html_title":"","jetpack_seo_noindex":false,"jetpack_post_was_ever_published":false,"_jetpack_newsletter_access":"","_jetpack_dont_email_post_to_subs":false,"_jetpack_newsletter_tier_id":0,"_jetpack_memberships_contains_paywalled_content":false,"_jetpack_memberships_contains_paid_content":false,"footnotes":"","jetpack_publicize_message":"","jetpack_publicize_feature_enabled":true,"jetpack_social_post_already_shared":true,"jetpack_social_options":{"image_generator_settings":{"template":"highway","default_image_id":0,"font":"","enabled":false},"version":2}},"categories":[1724,29],"tags":[2171],"class_list":{"0":"post-60010","1":"post","2":"type-post","3":"status-publish","4":"format-standard","5":"has-post-thumbnail","7":"category-featured","8":"category-nuevo-leon","9":"tag-secuestro-2"},"jetpack_publicize_connections":[],"jetpack_featured_media_url":"https:\/\/i0.wp.com\/mexicocodigorojo.com.mx\/wp-content\/uploads\/2024\/04\/f425x230-245451_259433_5050.png?fit=425%2C230&ssl=1","jetpack-related-posts":[{"id":26662,"url":"https:\/\/mexicocodigorojo.com.mx\/?p=26662","url_meta":{"origin":60010,"position":0},"title":"Usan narcos camionetas de &#8216;Fuerzas Especiales&#8217;: cinco abatidos en Nuevo Le\u00f3n","author":"Staff","date":"noviembre 7, 2019","format":false,"excerpt":"Delincuentes abatidos en Lampazos, Nuevo Le\u00f3n, viajaban en veh\u00edculos rotulados con letras en color blanco Lampazos.-\u00a0Los delincuentes que atacaron a elementos de Fuerza Civil en la zona norte del Estado iban en un convoy de tres camionetas que portaban la leyenda \"Fuerzas Especiales\" y despu\u00e9s del enfrentamiento, en donde murieron\u2026","rel":"","context":"En \u00abNuevo Le\u00f3n\u00bb","block_context":{"text":"Nuevo Le\u00f3n","link":"https:\/\/mexicocodigorojo.com.mx\/?cat=29"},"img":{"alt_text":"","src":"https:\/\/i0.wp.com\/mexicocodigorojo.com.mx\/wp-content\/uploads\/2019\/11\/cropw0h0fuerzasespeciales-focus-0-0-940-615.jpg?fit=940%2C615&ssl=1&resize=350%2C200","width":350,"height":200,"srcset":"https:\/\/i0.wp.com\/mexicocodigorojo.com.mx\/wp-content\/uploads\/2019\/11\/cropw0h0fuerzasespeciales-focus-0-0-940-615.jpg?fit=940%2C615&ssl=1&resize=350%2C200 1x, https:\/\/i0.wp.com\/mexicocodigorojo.com.mx\/wp-content\/uploads\/2019\/11\/cropw0h0fuerzasespeciales-focus-0-0-940-615.jpg?fit=940%2C615&ssl=1&resize=525%2C300 1.5x, https:\/\/i0.wp.com\/mexicocodigorojo.com.mx\/wp-content\/uploads\/2019\/11\/cropw0h0fuerzasespeciales-focus-0-0-940-615.jpg?fit=940%2C615&ssl=1&resize=700%2C400 2x"},"classes":[]},{"id":18683,"url":"https:\/\/mexicocodigorojo.com.mx\/?p=18683","url_meta":{"origin":60010,"position":1},"title":"SICARIOS DEL CDN INSTALAN RETEN FALSO EN ANAHUAC NUEVO LEON &#038; SE TOPAN CON LA FUERZA CIVIL","author":"Staff","date":"junio 20, 2019","format":false,"excerpt":"Anahuac Nuevo Leon.- El enfrentamiento a balazos en An\u00e1huac se debi\u00f3 al reporte de civiles armados que instalaron un ret\u00e9n a la entrada del municipio y recibieron con fuego a los polic\u00edas de esa localidad. El director de la Agencia Estatal de Investigaciones, Esteban Cant\u00fa Montes detall\u00f3 que en el\u2026","rel":"","context":"En \u00abTamaulipas\u00bb","block_context":{"text":"Tamaulipas","link":"https:\/\/mexicocodigorojo.com.mx\/?cat=2"},"img":{"alt_text":"","src":"","width":0,"height":0},"classes":[]},{"id":29775,"url":"https:\/\/mexicocodigorojo.com.mx\/?p=29775","url_meta":{"origin":60010,"position":2},"title":"El C\u00e1rtel del Noreste ataco a polic\u00edas de An\u00e1huac, Nuevo Le\u00f3n","author":"Staff","date":"enero 8, 2020","format":false,"excerpt":"An\u00e1huac, Nuevo Le\u00f3n.- Polic\u00edas de Fuerza Civil fueron atacados por hombres armados a bordo de una camioneta, en el municipio de An\u00e1huac. Los oficiales presuntamente detectaron un veh\u00edculo Chevrolet Silverado, cuyos tripulantes, al verlos, emprendieron la huida, lo que desat\u00f3 una persecuci\u00f3n a balazos. Los hechos se registraron en la\u2026","rel":"","context":"En \u00abNuevo Le\u00f3n\u00bb","block_context":{"text":"Nuevo Le\u00f3n","link":"https:\/\/mexicocodigorojo.com.mx\/?cat=29"},"img":{"alt_text":"","src":"https:\/\/i0.wp.com\/mexicocodigorojo.com.mx\/wp-content\/uploads\/2020\/01\/collage-nuevo-le%C3%B3n.jpg?fit=640%2C399&ssl=1&resize=350%2C200","width":350,"height":200,"srcset":"https:\/\/i0.wp.com\/mexicocodigorojo.com.mx\/wp-content\/uploads\/2020\/01\/collage-nuevo-le%C3%B3n.jpg?fit=640%2C399&ssl=1&resize=350%2C200 1x, https:\/\/i0.wp.com\/mexicocodigorojo.com.mx\/wp-content\/uploads\/2020\/01\/collage-nuevo-le%C3%B3n.jpg?fit=640%2C399&ssl=1&resize=525%2C300 1.5x"},"classes":[]},{"id":54102,"url":"https:\/\/mexicocodigorojo.com.mx\/?p=54102","url_meta":{"origin":60010,"position":3},"title":"V\u00eddeo; Atacan convoy de vacunaci\u00f3n; muere polic\u00eda en Nuevo Le\u00f3n","author":"Staff","date":"septiembre 20, 2022","format":false,"excerpt":"Un\u00a0polic\u00eda de Fuerza Civil\u00a0muri\u00f3 ayer tras un ataque del crimen organizado que alcanz\u00f3 a un\u00a0convoy de ni\u00f1os y sus padres\u00a0del programa de\u00a0vacunaci\u00f3n\u00a0transfronteriza que circulaba sobre la carretera al Puente Colombia, en el Municipio de An\u00e1huac. https:\/\/twitter.com\/MexicoRojo1\/status\/1572749494684614656 El\u00a0atentado\u00a0se dio en la zona donde el pasado 26 de junio la corporaci\u00f3n sufri\u00f3\u2026","rel":"","context":"En \u00abFeatured\u00bb","block_context":{"text":"Featured","link":"https:\/\/mexicocodigorojo.com.mx\/?cat=1724"},"img":{"alt_text":"","src":"https:\/\/i0.wp.com\/mexicocodigorojo.com.mx\/wp-content\/uploads\/2022\/09\/convoy-formaba-campana-transfronteria-carretera.jpeg?fit=1200%2C900&ssl=1&resize=350%2C200","width":350,"height":200,"srcset":"https:\/\/i0.wp.com\/mexicocodigorojo.com.mx\/wp-content\/uploads\/2022\/09\/convoy-formaba-campana-transfronteria-carretera.jpeg?fit=1200%2C900&ssl=1&resize=350%2C200 1x, https:\/\/i0.wp.com\/mexicocodigorojo.com.mx\/wp-content\/uploads\/2022\/09\/convoy-formaba-campana-transfronteria-carretera.jpeg?fit=1200%2C900&ssl=1&resize=525%2C300 1.5x, https:\/\/i0.wp.com\/mexicocodigorojo.com.mx\/wp-content\/uploads\/2022\/09\/convoy-formaba-campana-transfronteria-carretera.jpeg?fit=1200%2C900&ssl=1&resize=700%2C400 2x, https:\/\/i0.wp.com\/mexicocodigorojo.com.mx\/wp-content\/uploads\/2022\/09\/convoy-formaba-campana-transfronteria-carretera.jpeg?fit=1200%2C900&ssl=1&resize=1050%2C600 3x"},"classes":[]},{"id":58460,"url":"https:\/\/mexicocodigorojo.com.mx\/?p=58460","url_meta":{"origin":60010,"position":4},"title":"Palacios confirma ataque del &#8216;CDN&#8217; contra Fuerza Civil en An\u00e1huac, muere victima colateral","author":"Staff","date":"diciembre 6, 2023","format":false,"excerpt":"Un convoy de Fuerza Civil a bordo de patrullas de nominadas Black Mambas y un cami\u00f3n de personal fueron atacados por un grupo de la delincuencia organizada en el municipio de An\u00e1huac, Nuevo Le\u00f3n, resultando un ciudadano muerto y otro herido. Al salir de la reuni\u00f3n en la materia de\u2026","rel":"","context":"En \u00abFeatured\u00bb","block_context":{"text":"Featured","link":"https:\/\/mexicocodigorojo.com.mx\/?cat=1724"},"img":{"alt_text":"","src":"https:\/\/i0.wp.com\/mexicocodigorojo.com.mx\/wp-content\/uploads\/2023\/12\/gerardo-palacios-pamanes-cortesia_8_0_1184_747.jpg?fit=1184%2C747&ssl=1&resize=350%2C200","width":350,"height":200,"srcset":"https:\/\/i0.wp.com\/mexicocodigorojo.com.mx\/wp-content\/uploads\/2023\/12\/gerardo-palacios-pamanes-cortesia_8_0_1184_747.jpg?fit=1184%2C747&ssl=1&resize=350%2C200 1x, https:\/\/i0.wp.com\/mexicocodigorojo.com.mx\/wp-content\/uploads\/2023\/12\/gerardo-palacios-pamanes-cortesia_8_0_1184_747.jpg?fit=1184%2C747&ssl=1&resize=525%2C300 1.5x, https:\/\/i0.wp.com\/mexicocodigorojo.com.mx\/wp-content\/uploads\/2023\/12\/gerardo-palacios-pamanes-cortesia_8_0_1184_747.jpg?fit=1184%2C747&ssl=1&resize=700%2C400 2x, https:\/\/i0.wp.com\/mexicocodigorojo.com.mx\/wp-content\/uploads\/2023\/12\/gerardo-palacios-pamanes-cortesia_8_0_1184_747.jpg?fit=1184%2C747&ssl=1&resize=1050%2C600 3x"},"classes":[]},{"id":56631,"url":"https:\/\/mexicocodigorojo.com.mx\/?p=56631","url_meta":{"origin":60010,"position":5},"title":"El &#8216;CDN&#8217; asesino a polic\u00edas en Coahuila y atac\u00f3 a Fuerza Civil en Nuevo Le\u00f3n","author":"Staff","date":"julio 27, 2023","format":false,"excerpt":"El secretario de Seguridad del estado, Gerardo Palacios P\u00e1manes inform\u00f3 de la agresi\u00f3n a las instalaciones de Fuerza Civil en Colombia, Nuevo Le\u00f3n Monterrey, Nuevo Le\u00f3n.- Un grupo de hombres armados atac\u00f3 la ma\u00f1ana de este mi\u00e9rcoles las instalaciones de\u00a0Fuerza Civil\u00a0en la congregaci\u00f3n\u00a0Colombia, presuntamente despu\u00e9s de un enfrentamiento armado del\u2026","rel":"","context":"En \u00abCoahuila\u00bb","block_context":{"text":"Coahuila","link":"https:\/\/mexicocodigorojo.com.mx\/?cat=27"},"img":{"alt_text":"","src":"https:\/\/i0.wp.com\/mexicocodigorojo.com.mx\/wp-content\/uploads\/2023\/07\/zonacolombia.webp?fit=942%2C532&ssl=1&resize=350%2C200","width":350,"height":200,"srcset":"https:\/\/i0.wp.com\/mexicocodigorojo.com.mx\/wp-content\/uploads\/2023\/07\/zonacolombia.webp?fit=942%2C532&ssl=1&resize=350%2C200 1x, https:\/\/i0.wp.com\/mexicocodigorojo.com.mx\/wp-content\/uploads\/2023\/07\/zonacolombia.webp?fit=942%2C532&ssl=1&resize=525%2C300 1.5x, https:\/\/i0.wp.com\/mexicocodigorojo.com.mx\/wp-content\/uploads\/2023\/07\/zonacolombia.webp?fit=942%2C532&ssl=1&resize=700%2C400 2x"},"classes":[]}],"jetpack_sharing_enabled":true,"jetpack_likes_enabled":true,"jetpack_shortlink":"https:\/\/wp.me\/p9TedA-fBU","_links":{"self":[{"href":"https:\/\/mexicocodigorojo.com.mx\/index.php?rest_route=\/wp\/v2\/posts\/60010","targetHints":{"allow":["GET"]}}],"collection":[{"href":"https:\/\/mexicocodigorojo.com.mx\/index.php?rest_route=\/wp\/v2\/posts"}],"about":[{"href":"https:\/\/mexicocodigorojo.com.mx\/index.php?rest_route=\/wp\/v2\/types\/post"}],"author":[{"embeddable":true,"href":"https:\/\/mexicocodigorojo.com.mx\/index.php?rest_route=\/wp\/v2\/users\/22"}],"replies":[{"embeddable":true,"href":"https:\/\/mexicocodigorojo.com.mx\/index.php?rest_route=%2Fwp%2Fv2%2Fcomments&post=60010"}],"version-history":[{"count":1,"href":"https:\/\/mexicocodigorojo.com.mx\/index.php?rest_route=\/wp\/v2\/posts\/60010\/revisions"}],"predecessor-version":[{"id":60011,"href":"https:\/\/mexicocodigorojo.com.mx\/index.php?rest_route=\/wp\/v2\/posts\/60010\/revisions\/60011"}],"wp:featuredmedia":[{"embeddable":true,"href":"https:\/\/mexicocodigorojo.com.mx\/index.php?rest_route=\/wp\/v2\/media\/60019"}],"wp:attachment":[{"href":"https:\/\/mexicocodigorojo.com.mx\/index.php?rest_route=%2Fwp%2Fv2%2Fmedia&parent=60010"}],"wp:term":[{"taxonomy":"category","embeddable":true,"href":"https:\/\/mexicocodigorojo.com.mx\/index.php?rest_route=%2Fwp%2Fv2%2Fcategories&post=60010"},{"taxonomy":"post_tag","embeddable":true,"href":"https:\/\/mexicocodigorojo.com.mx\/index.php?rest_route=%2Fwp%2Fv2%2Ftags&post=60010"}],"curies":[{"name":"wp","href":"https:\/\/api.w.org\/{rel}","templated":true}]}}