{"id":60005,"date":"2024-04-27T11:28:38","date_gmt":"2024-04-27T17:28:38","guid":{"rendered":"https:\/\/mexicocodigorojo.com.mx\/?p=60005"},"modified":"2024-04-27T11:29:32","modified_gmt":"2024-04-27T17:29:32","slug":"madres-buscadoras-encuentran-restos-humanos-en-una-fosa-clandestina-en-queretaro","status":"publish","type":"post","link":"https:\/\/mexicocodigorojo.com.mx\/?p=60005","title":{"rendered":"Madres buscadoras encuentran restos humanos en una fosa clandestina en Quer\u00e9taro"},"content":{"rendered":"\n<p class=\"wp-block-paragraph\">San Juan del R\u00edo, Quer\u00e9taro.-<\/p>\n\n\n\n<p class=\"wp-block-paragraph\">Por parte de un colectivo local de b\u00fasqueda de personas desparecidas, se report\u00f3 el hallazgo de posibles restos humanos, esto ocurrido en la comunidad de Santa B\u00e1rbara la Cueva, ubicada en los l\u00edmites de San Juan del R\u00edo \u2014el segundo municipio en importancia en el estado de Quer\u00e9taro\u2014 con el Estado de M\u00e9xico. <\/p>\n\n\n\n<p class=\"wp-block-paragraph\">El equipo de la Fiscal\u00eda Especializada en Desaparici\u00f3n de Personas de la entidad, compuesto por personal policial, pericial y ministerial, acudi\u00f3 de inmediato al sitio para iniciar las investigaciones pertinentes.<\/p>\n\n\n\n<p class=\"wp-block-paragraph\">Sin embargo, las labores de procesamiento en el lugar se vieron interrumpidas varias horas.<\/p>\n\n\n\n<p class=\"wp-block-paragraph\">Seg\u00fan informa la propia fiscal\u00eda en un comunicado, el acceso al sitio del descubrimiento fue bloqueado por personas presentes en la zona.<\/p>\n\n\n\n<p class=\"wp-block-paragraph\">Esto impidi\u00f3 avanzar con las diligencias necesarias para trasladar los indicios a un laboratorio para su an\u00e1lisis cient\u00edfico.<\/p>\n\n\n\n<p class=\"wp-block-paragraph\">En el lugar estuvo presente el Alto Comisionado de la ONU, quien acompa\u00f1a al colectivo de b\u00fasqueda.<\/p>\n\n\n\n<p class=\"wp-block-paragraph\">Las autoridades han dialogado con \u00e9l para explicar la importancia de comenzar los trabajos de procesamiento lo antes posible, destacando que la luz del d\u00eda es crucial para llevar a cabo eficientemente estas tareas.<\/p>\n\n\n\n<p class=\"wp-block-paragraph\">Varias horas despu\u00e9s del comunicado, la fiscal\u00eda estatal inform\u00f3 que \u201cse ha comenzado con el procesamiento del lugar de hallazgos de restos humanos, en la comunidad de Santa B\u00e1rbara la Cueva, en el municipio de San Juan del R\u00edo\u201d.<\/p>\n\n\n\n<p class=\"wp-block-paragraph\">Conforme a los protocolos de investigaci\u00f3n, los indicios que se localicen ser\u00e1n trasladados para su an\u00e1lisis cient\u00edfico.<\/p>\n\n\n\n<p class=\"wp-block-paragraph\">Los resultados ser\u00e1n informados de acuerdo con los procedimientos penales.<\/p>\n\n\n\n<p class=\"wp-block-paragraph\">A pesar de que el Mapa de Hallazgos de Fosas Clandestinas de la Comisi\u00f3n Nacional de B\u00fasqueda del Gobierno Federal no registra fosas ilegales en Quer\u00e9taro hasta abril de 2023, varios colectivos locales sostienen que s\u00ed se han encontrado fosas en distintas partes del estado.<\/p>\n\n\n\n<p class=\"wp-block-paragraph\">El colectivo inform\u00f3 en su p\u00e1gina oficial de Facebook que el pasado 18 de abril, coincidiendo con el inicio de sus actividades de rastreo, descubrieron varios restos \u00f3seos en una zona complicada entre cerros, situada a pocos metros de las v\u00edas del tren.<\/p>\n\n\n\n<p class=\"wp-block-paragraph\">Los restos encontrados podr\u00edan corresponder a una o varias personas desaparecidas, seg\u00fan indicaron en la publicaci\u00f3n.<\/p>\n\n\n\n<p class=\"wp-block-paragraph\">Esta \u00e1rea de dif\u00edcil acceso ha sido el foco de recientes b\u00fasquedas por parte del grupo, que contin\u00faa sus esfuerzos para esclarecer casos de desapariciones en la regi\u00f3n.<\/p>\n\n\n\n<p class=\"wp-block-paragraph\">Con informaci\u00f3n de EFE.- <\/p>\n","protected":false},"excerpt":{"rendered":"<p>San Juan del R\u00edo, Quer\u00e9taro.- Por parte de un colectivo local de b\u00fasqueda de personas desparecidas, se report\u00f3 el hallazgo de posibles restos humanos, esto ocurrido en la comunidad de Santa B\u00e1rbara la Cueva, ubicada en los l\u00edmites de San Juan del R\u00edo \u2014el segundo municipio en importancia en el estado de Quer\u00e9taro\u2014 con el [&hellip;]<\/p>\n","protected":false},"author":22,"featured_media":60004,"comment_status":"open","ping_status":"open","sticky":false,"template":"","format":"standard","meta":{"_uf_show_specific_survey":0,"_uf_disable_surveys":false,"advanced_seo_description":"","jetpack_seo_html_title":"","jetpack_seo_noindex":false,"jetpack_seo_schema_type":"","_jetpack_newsletter_access":"","_jetpack_dont_email_post_to_subs":false,"_jetpack_newsletter_tier_id":0,"_jetpack_memberships_contains_paywalled_content":false,"_jetpack_feature_clip_id":0,"_jetpack_memberships_contains_paid_content":false,"footnotes":"","jetpack_publicize_message":"","jetpack_publicize_feature_enabled":true,"jetpack_social_post_already_shared":true,"jetpack_social_options":{"image_generator_settings":{"template":"highway","default_image_id":0,"font":"","enabled":false},"version":2},"jetpack_post_was_ever_published":false},"categories":[1724,109],"tags":[1387],"class_list":["post-60005","post","type-post","status-publish","format-standard","has-post-thumbnail","category-featured","category-queretaro","tag-fosaclandestina"],"jetpack_publicize_connections":[],"jetpack-related-posts":[{"id":25211,"url":"https:\/\/mexicocodigorojo.com.mx\/?p=25211","url_meta":{"origin":60005,"position":0},"title":"Tren embiste cami\u00f3n de pasajeros en Quer\u00e9taro; 8 muertos","author":"Staff","date":"octubre 11, 2019","format":false,"excerpt":"El cami\u00f3n intent\u00f3 ganarle el paso al tren, lo que provoc\u00f3 que la bestia de acero arrollara la unidad, cobrando la vida de ocho personas, entre ellos menores de edad, y siete heridos Quer\u00e9taro.- Esta ma\u00f1ana un tren embisti\u00f3 un cami\u00f3n de pasajeros, dejando un saldo de ocho personas sin\u2026","rel":"","context":"En \u00abQuer\u00e9taro\u00bb","block_context":{"text":"Quer\u00e9taro","link":"https:\/\/mexicocodigorojo.com.mx\/?cat=109"},"img":{"alt_text":"","src":"https:\/\/i0.wp.com\/mexicocodigorojo.com.mx\/wp-content\/uploads\/2019\/10\/tren_arrolla_a_camion_en_queretaro_crop1570814562394.jpg_219914347.jpg?fit=960%2C540&ssl=1&resize=350%2C200","width":350,"height":200,"srcset":"https:\/\/i0.wp.com\/mexicocodigorojo.com.mx\/wp-content\/uploads\/2019\/10\/tren_arrolla_a_camion_en_queretaro_crop1570814562394.jpg_219914347.jpg?fit=960%2C540&ssl=1&resize=350%2C200 1x, https:\/\/i0.wp.com\/mexicocodigorojo.com.mx\/wp-content\/uploads\/2019\/10\/tren_arrolla_a_camion_en_queretaro_crop1570814562394.jpg_219914347.jpg?fit=960%2C540&ssl=1&resize=525%2C300 1.5x, https:\/\/i0.wp.com\/mexicocodigorojo.com.mx\/wp-content\/uploads\/2019\/10\/tren_arrolla_a_camion_en_queretaro_crop1570814562394.jpg_219914347.jpg?fit=960%2C540&ssl=1&resize=700%2C400 2x"},"classes":[]},{"id":58799,"url":"https:\/\/mexicocodigorojo.com.mx\/?p=58799","url_meta":{"origin":60005,"position":1},"title":"Acusan de huachicoleros a los 9 asesinados en San Juan del R\u00edo, Quer\u00e9taro.","author":"MexicoRojo","date":"enero 10, 2024","format":false,"excerpt":"Se sospecha eran rivales del \u201cFaustino\u201d, un cabecilla regional de huachicoleros detenido en noviembre.Al parecer, algunas de las v\u00edctimas eran del estado de Hidalgo. \u00a0 Dentro de cajuelas en dos camionetas con placas del estado de Hidalgo fueron localizados maniatados y amordazados los cuerpos de nueve personas atr\u00e1s del fraccionamiento\u2026","rel":"","context":"En \u00abFeatured\u00bb","block_context":{"text":"Featured","link":"https:\/\/mexicocodigorojo.com.mx\/?cat=1724"},"img":{"alt_text":"","src":"https:\/\/i0.wp.com\/mexicocodigorojo.com.mx\/wp-content\/uploads\/2024\/01\/20240110_132636.jpg?fit=1200%2C900&ssl=1&resize=350%2C200","width":350,"height":200,"srcset":"https:\/\/i0.wp.com\/mexicocodigorojo.com.mx\/wp-content\/uploads\/2024\/01\/20240110_132636.jpg?fit=1200%2C900&ssl=1&resize=350%2C200 1x, https:\/\/i0.wp.com\/mexicocodigorojo.com.mx\/wp-content\/uploads\/2024\/01\/20240110_132636.jpg?fit=1200%2C900&ssl=1&resize=525%2C300 1.5x, https:\/\/i0.wp.com\/mexicocodigorojo.com.mx\/wp-content\/uploads\/2024\/01\/20240110_132636.jpg?fit=1200%2C900&ssl=1&resize=700%2C400 2x, https:\/\/i0.wp.com\/mexicocodigorojo.com.mx\/wp-content\/uploads\/2024\/01\/20240110_132636.jpg?fit=1200%2C900&ssl=1&resize=1050%2C600 3x"},"classes":[]},{"id":23299,"url":"https:\/\/mexicocodigorojo.com.mx\/?p=23299","url_meta":{"origin":60005,"position":2},"title":"Lesionan a militares en intento de robo a tren en Quer\u00e9taro","author":"Staff","date":"septiembre 9, 2019","format":false,"excerpt":"Sedena asegur\u00f3 que los militares actuaron conforme al protocolo de la Ley Nacional sobre el Uso de la Fuerza, al ver en peligro su integridad Elementos de la Secretar\u00eda de la Defensa Nacional (Sedena) sostuvieron un\u00a0enfrentamiento\u00a0con pobladores de\u00a0San Juan del R\u00edo Quer\u00e9taro, que dej\u00f3 tres militares y dos civiles heridos.\u2026","rel":"","context":"En \u00abQuer\u00e9taro\u00bb","block_context":{"text":"Quer\u00e9taro","link":"https:\/\/mexicocodigorojo.com.mx\/?cat=109"},"img":{"alt_text":"","src":"https:\/\/i0.wp.com\/mexicocodigorojo.com.mx\/wp-content\/uploads\/2019\/09\/militares-y-civiles-heridos-por-enfrentamiento-en-queretaro.jpg?fit=980%2C550&ssl=1&resize=350%2C200","width":350,"height":200,"srcset":"https:\/\/i0.wp.com\/mexicocodigorojo.com.mx\/wp-content\/uploads\/2019\/09\/militares-y-civiles-heridos-por-enfrentamiento-en-queretaro.jpg?fit=980%2C550&ssl=1&resize=350%2C200 1x, https:\/\/i0.wp.com\/mexicocodigorojo.com.mx\/wp-content\/uploads\/2019\/09\/militares-y-civiles-heridos-por-enfrentamiento-en-queretaro.jpg?fit=980%2C550&ssl=1&resize=525%2C300 1.5x, https:\/\/i0.wp.com\/mexicocodigorojo.com.mx\/wp-content\/uploads\/2019\/09\/militares-y-civiles-heridos-por-enfrentamiento-en-queretaro.jpg?fit=980%2C550&ssl=1&resize=700%2C400 2x"},"classes":[]},{"id":34389,"url":"https:\/\/mexicocodigorojo.com.mx\/?p=34389","url_meta":{"origin":60005,"position":3},"title":"Emboscan a polic\u00edas en Quer\u00e9taro","author":"Staff","date":"marzo 9, 2020","format":false,"excerpt":"La agresi\u00f3n a los polic\u00edas provino de civiles armados en la carretera federal 45, en los l\u00edmites entre Hidalgo y Quer\u00e9taro Un\u00a0elemento policiaco\u00a0del municipio de\u00a0Nopala\u00a0de Villagr\u00e1n, Hidalgo,\u00a0muri\u00f3\u00a0por\u00a0disparos de arma de fuego\u00a0en el interior de su patrulla, que fue ubicada en\u00a0San Juan del R\u00edo,\u00a0Quer\u00e9taro. Elementos de\u00a0Polic\u00eda Estatal\u00a0(PoEs) queretana atendieron esta ma\u00f1ana\u2026","rel":"","context":"En \u00abQuer\u00e9taro\u00bb","block_context":{"text":"Quer\u00e9taro","link":"https:\/\/mexicocodigorojo.com.mx\/?cat=109"},"img":{"alt_text":"","src":"https:\/\/i0.wp.com\/secureservercdn.net\/166.62.108.22\/cg1.af3.myftpupload.com\/wp-content\/uploads\/2020\/03\/2d87c69c-cc9b-4a42-90ce-a9dffe0d6143.jpg?resize=350%2C200&ssl=1","width":350,"height":200,"srcset":"https:\/\/i0.wp.com\/secureservercdn.net\/166.62.108.22\/cg1.af3.myftpupload.com\/wp-content\/uploads\/2020\/03\/2d87c69c-cc9b-4a42-90ce-a9dffe0d6143.jpg?resize=350%2C200&ssl=1 1x, https:\/\/i0.wp.com\/secureservercdn.net\/166.62.108.22\/cg1.af3.myftpupload.com\/wp-content\/uploads\/2020\/03\/2d87c69c-cc9b-4a42-90ce-a9dffe0d6143.jpg?resize=525%2C300&ssl=1 1.5x, https:\/\/i0.wp.com\/secureservercdn.net\/166.62.108.22\/cg1.af3.myftpupload.com\/wp-content\/uploads\/2020\/03\/2d87c69c-cc9b-4a42-90ce-a9dffe0d6143.jpg?resize=700%2C400&ssl=1 2x, https:\/\/i0.wp.com\/secureservercdn.net\/166.62.108.22\/cg1.af3.myftpupload.com\/wp-content\/uploads\/2020\/03\/2d87c69c-cc9b-4a42-90ce-a9dffe0d6143.jpg?resize=1050%2C600&ssl=1 3x"},"classes":[]},{"id":63514,"url":"https:\/\/mexicocodigorojo.com.mx\/?p=63514","url_meta":{"origin":60005,"position":4},"title":"Operativo en San Juan del R\u00edo Deja un Muerto y Siete Detenidos por Fuerzas Federales","author":"MexicoRojoCvmx","date":"enero 9, 2025","format":false,"excerpt":"San Juan del R\u00edo, Quer\u00e9taro.\u2014 Un enfrentamiento registrado la ma\u00f1ana de este jueves entre civiles armados y fuerzas de la Guardia Nacional junto al Ej\u00e9rcito Mexicano ha culminado con la muerte de un civil y la detenci\u00f3n de siete individuos en la avenida Monterrey, comunidad de Cazadero, en el municipio\u2026","rel":"","context":"En \u00abFeatured\u00bb","block_context":{"text":"Featured","link":"https:\/\/mexicocodigorojo.com.mx\/?cat=1724"},"img":{"alt_text":"","src":"https:\/\/i0.wp.com\/mexicocodigorojo.com.mx\/wp-content\/uploads\/2025\/01\/photo-2025-01-09-10-50-21-2_4_1000x563.jpeg?fit=1000%2C563&ssl=1&resize=350%2C200","width":350,"height":200,"srcset":"https:\/\/i0.wp.com\/mexicocodigorojo.com.mx\/wp-content\/uploads\/2025\/01\/photo-2025-01-09-10-50-21-2_4_1000x563.jpeg?fit=1000%2C563&ssl=1&resize=350%2C200 1x, https:\/\/i0.wp.com\/mexicocodigorojo.com.mx\/wp-content\/uploads\/2025\/01\/photo-2025-01-09-10-50-21-2_4_1000x563.jpeg?fit=1000%2C563&ssl=1&resize=525%2C300 1.5x, https:\/\/i0.wp.com\/mexicocodigorojo.com.mx\/wp-content\/uploads\/2025\/01\/photo-2025-01-09-10-50-21-2_4_1000x563.jpeg?fit=1000%2C563&ssl=1&resize=700%2C400 2x"},"classes":[]},{"id":64126,"url":"https:\/\/mexicocodigorojo.com.mx\/?p=64126","url_meta":{"origin":60005,"position":5},"title":"Cae \u201cAjenjo\u201d, jefe de plaza del C\u00e1rtel Nuevo Imperio, en operativo en Quer\u00e9taro","author":"MexicoRojoCvmx","date":"mayo 2, 2025","format":false,"excerpt":"San Juan del R\u00edo, Quer\u00e9taro. \u2014 En un golpe conjunto al crimen organizado, autoridades federales y estatales detuvieron en Quer\u00e9taro a Armando Rueda Rivera, alias \u201cAjenjo\u201d, presunto jefe de plaza del grupo delictivo C\u00e1rtel Nuevo Imperio en la alcald\u00eda Azcapotzalco, bajo las \u00f3rdenes de un sujeto identificado como \u201cGeneral Milton\u201d.\u2026","rel":"","context":"En \u00abFeatured\u00bb","block_context":{"text":"Featured","link":"https:\/\/mexicocodigorojo.com.mx\/?cat=1724"},"img":{"alt_text":"","src":"https:\/\/i0.wp.com\/mexicocodigorojo.com.mx\/wp-content\/uploads\/2025\/05\/Captura-de-pantalla-2025-05-02-122353.jpg?fit=1093%2C654&ssl=1&resize=350%2C200","width":350,"height":200,"srcset":"https:\/\/i0.wp.com\/mexicocodigorojo.com.mx\/wp-content\/uploads\/2025\/05\/Captura-de-pantalla-2025-05-02-122353.jpg?fit=1093%2C654&ssl=1&resize=350%2C200 1x, https:\/\/i0.wp.com\/mexicocodigorojo.com.mx\/wp-content\/uploads\/2025\/05\/Captura-de-pantalla-2025-05-02-122353.jpg?fit=1093%2C654&ssl=1&resize=525%2C300 1.5x, https:\/\/i0.wp.com\/mexicocodigorojo.com.mx\/wp-content\/uploads\/2025\/05\/Captura-de-pantalla-2025-05-02-122353.jpg?fit=1093%2C654&ssl=1&resize=700%2C400 2x, https:\/\/i0.wp.com\/mexicocodigorojo.com.mx\/wp-content\/uploads\/2025\/05\/Captura-de-pantalla-2025-05-02-122353.jpg?fit=1093%2C654&ssl=1&resize=1050%2C600 3x"},"classes":[]}],"jetpack_sharing_enabled":true,"jetpack_likes_enabled":true,"jetpack_shortlink":"https:\/\/wp.me\/p9TedA-fBP","jetpack_featured_media_url":"https:\/\/i0.wp.com\/mexicocodigorojo.com.mx\/wp-content\/uploads\/2024\/04\/fosa-clandestina-queretaro-1024x529-1.jpg?fit=1024%2C529&ssl=1","_links":{"self":[{"href":"https:\/\/mexicocodigorojo.com.mx\/index.php?rest_route=\/wp\/v2\/posts\/60005","targetHints":{"allow":["GET"]}}],"collection":[{"href":"https:\/\/mexicocodigorojo.com.mx\/index.php?rest_route=\/wp\/v2\/posts"}],"about":[{"href":"https:\/\/mexicocodigorojo.com.mx\/index.php?rest_route=\/wp\/v2\/types\/post"}],"author":[{"embeddable":true,"href":"https:\/\/mexicocodigorojo.com.mx\/index.php?rest_route=\/wp\/v2\/users\/22"}],"replies":[{"embeddable":true,"href":"https:\/\/mexicocodigorojo.com.mx\/index.php?rest_route=%2Fwp%2Fv2%2Fcomments&post=60005"}],"version-history":[{"count":1,"href":"https:\/\/mexicocodigorojo.com.mx\/index.php?rest_route=\/wp\/v2\/posts\/60005\/revisions"}],"predecessor-version":[{"id":60006,"href":"https:\/\/mexicocodigorojo.com.mx\/index.php?rest_route=\/wp\/v2\/posts\/60005\/revisions\/60006"}],"wp:featuredmedia":[{"embeddable":true,"href":"https:\/\/mexicocodigorojo.com.mx\/index.php?rest_route=\/wp\/v2\/media\/60004"}],"wp:attachment":[{"href":"https:\/\/mexicocodigorojo.com.mx\/index.php?rest_route=%2Fwp%2Fv2%2Fmedia&parent=60005"}],"wp:term":[{"taxonomy":"category","embeddable":true,"href":"https:\/\/mexicocodigorojo.com.mx\/index.php?rest_route=%2Fwp%2Fv2%2Fcategories&post=60005"},{"taxonomy":"post_tag","embeddable":true,"href":"https:\/\/mexicocodigorojo.com.mx\/index.php?rest_route=%2Fwp%2Fv2%2Ftags&post=60005"}],"curies":[{"name":"wp","href":"https:\/\/api.w.org\/{rel}","templated":true}]}}