{"id":59905,"date":"2024-04-22T14:58:22","date_gmt":"2024-04-22T20:58:22","guid":{"rendered":"https:\/\/mexicocodigorojo.com.mx\/?p=59905"},"modified":"2024-04-22T15:00:10","modified_gmt":"2024-04-22T21:00:10","slug":"guadalajara-estudiantes-paran-actividades-por-segundo-dia-consecutivo-para-exigir-la-localizacion-de-su-companero-desparecido","status":"publish","type":"post","link":"https:\/\/mexicocodigorojo.com.mx\/?p=59905","title":{"rendered":"Guadalajara: Estudiantes paran actividades por segundo dia consecutivo para exigir la localizaci\u00f3n de su compa\u00f1ero desparecido"},"content":{"rendered":"\n<p>Guadalajara, Jalisco.\u2013 <\/p>\n\n\n\n<p>Cientos de alumnos de la Univeraidad de Guadalajada pararon actividades por segundo dia consecutivo para exigir la localizaci\u00f3n con vida de su compa\u00f1ero Aldo Gonz\u00e1lez Sevilla. <\/p>\n\n\n\n<p>A ellos se les unieron m\u00e1s estudiantes de los diferentes campus metropolitanos y regionales donde acordaron que durante una hora saldr\u00edan de los salones, y algunos incluso se fueron hasta las calles, para lanzar consignas exigiendo la localizaci\u00f3n del joven de 18 a\u00f1os que estudia el segundo semestre de la carrera t\u00e9cnica en Pr\u00f3tesis Dental.<\/p>\n\n\n\n<p>El secretario general de la Universidad de Guadalajara, Guillermo G\u00f3mez Mata, indic\u00f3 que la expectativa de la comunidad universitaria es que no sea necesaria la realizaci\u00f3n de m\u00e1s paros estudiantiles, y eso ser\u00e1 porque Aldo ser\u00e1 localizado.<\/p>\n\n\n\n<p>\u201cBueno, por lo pronto pensando en positivo queremos que valga la redundancia, pensar que no habr\u00e1 necesidad de otros paros\u201d, dijo el funcionario universitario.<\/p>\n\n\n\n<p>Los familiares del joven desaparecido organizaron otra movilizaci\u00f3n programada para este s\u00e1bado, invitando a los automovilistas para que a la 1:00 de la tarde hagan sonar el claxon de sus autos en se\u00f1al de solidaridad.<\/p>\n\n\n\n<p>Aldo Gonz\u00e1lez Sevilla fue visto por \u00faltima vez el pasado 13 de abril cuando sali\u00f3 de la zona metropolitana de Guadalajara con rumbo a su natal Tepatitl\u00e1n para encontrarse con su familia; sin embargo, el joven nunca lleg\u00f3.<\/p>\n\n\n\n<p>La fiscal\u00eda de Jalisco inform\u00f3 en sus redes sociales que ya se realizan diversos operativos para dar con el paradero del estudiante, pero no se ha precisado si existe la sospecha de una ausencia voluntaria o si el joven pudo ser v\u00edctima de un delito.<\/p>\n\n\n\n<p>Con informaci\u00f3n de EFE.- <\/p>\n","protected":false},"excerpt":{"rendered":"<p>Guadalajara, Jalisco.\u2013 Cientos de alumnos de la Univeraidad de Guadalajada pararon actividades por segundo dia consecutivo para exigir la localizaci\u00f3n con vida de su compa\u00f1ero Aldo Gonz\u00e1lez Sevilla. A ellos se les unieron m\u00e1s estudiantes de los diferentes campus metropolitanos y regionales donde acordaron que durante una hora saldr\u00edan de los salones, y algunos incluso [&hellip;]<\/p>\n","protected":false},"author":22,"featured_media":59904,"comment_status":"open","ping_status":"open","sticky":false,"template":"","format":"standard","meta":{"_uf_show_specific_survey":0,"_uf_disable_surveys":false,"advanced_seo_description":"","jetpack_seo_html_title":"","jetpack_seo_noindex":false,"jetpack_post_was_ever_published":false,"_jetpack_newsletter_access":"","_jetpack_dont_email_post_to_subs":false,"_jetpack_newsletter_tier_id":0,"_jetpack_memberships_contains_paywalled_content":false,"_jetpack_memberships_contains_paid_content":false,"footnotes":"","jetpack_publicize_message":"","jetpack_publicize_feature_enabled":true,"jetpack_social_post_already_shared":true,"jetpack_social_options":{"image_generator_settings":{"template":"highway","default_image_id":0,"font":"","enabled":false},"version":2}},"categories":[1724,8],"tags":[997],"class_list":{"0":"post-59905","1":"post","2":"type-post","3":"status-publish","4":"format-standard","5":"has-post-thumbnail","7":"category-featured","8":"category-jalisco","9":"tag-desaparecido"},"jetpack_publicize_connections":[],"jetpack_featured_media_url":"https:\/\/i0.wp.com\/mexicocodigorojo.com.mx\/wp-content\/uploads\/2024\/04\/aldo-gonzalez-sevilla-desaparecido-1024x529-1.jpg?fit=1024%2C529&ssl=1","jetpack-related-posts":[{"id":55284,"url":"https:\/\/mexicocodigorojo.com.mx\/?p=55284","url_meta":{"origin":59905,"position":0},"title":"Bloquean carretera en Zacatecas para exigir la localizaci\u00f3n del menor Tadeo","author":"Staff","date":"enero 11, 2023","format":false,"excerpt":"En el segundo d\u00eda de protestas por la desaparici\u00f3n del ni\u00f1o Tadeo, la\u00a0Guardia Nacional\u00a0inform\u00f3 sobre el bloqueo en la carretera Aguascalientes-Zacatecas, en su tramo entre Arcinas y Osiris, llevado a cabo por habitantes para exigir la localizaci\u00f3n del menor. De acuerdo con medios locales, el menor, de nombre\u00a0Tadeo, tiene m\u00e1s\u2026","rel":"","context":"En \u00abFeatured\u00bb","block_context":{"text":"Featured","link":"https:\/\/mexicocodigorojo.com.mx\/?cat=1724"},"img":{"alt_text":"","src":"https:\/\/i0.wp.com\/mexicocodigorojo.com.mx\/wp-content\/uploads\/2023\/01\/protesta-desaparicion-tadeo-zacatecas.jpg?fit=1200%2C620&ssl=1&resize=350%2C200","width":350,"height":200,"srcset":"https:\/\/i0.wp.com\/mexicocodigorojo.com.mx\/wp-content\/uploads\/2023\/01\/protesta-desaparicion-tadeo-zacatecas.jpg?fit=1200%2C620&ssl=1&resize=350%2C200 1x, https:\/\/i0.wp.com\/mexicocodigorojo.com.mx\/wp-content\/uploads\/2023\/01\/protesta-desaparicion-tadeo-zacatecas.jpg?fit=1200%2C620&ssl=1&resize=525%2C300 1.5x, https:\/\/i0.wp.com\/mexicocodigorojo.com.mx\/wp-content\/uploads\/2023\/01\/protesta-desaparicion-tadeo-zacatecas.jpg?fit=1200%2C620&ssl=1&resize=700%2C400 2x, https:\/\/i0.wp.com\/mexicocodigorojo.com.mx\/wp-content\/uploads\/2023\/01\/protesta-desaparicion-tadeo-zacatecas.jpg?fit=1200%2C620&ssl=1&resize=1050%2C600 3x"},"classes":[]},{"id":10874,"url":"https:\/\/mexicocodigorojo.com.mx\/?p=10874","url_meta":{"origin":59905,"position":1},"title":"Dejan por tercer d\u00eda consecutivo Restos Humanos en Bolsas Negras en la Col. 5 de mayo en Guadalajara","author":"Staff","date":"diciembre 19, 2018","format":false,"excerpt":"Dejan por tercer d\u00eda consecutivo Restos Humanos en Bolsas Negras en la Col. 5 de mayo en Guadalajara Por tercer d\u00eda consecutivo, la polic\u00eda encontr\u00f3 restos humanos depositados en la colonia 5 de Mayo, Guadalajara, la ma\u00f1ana de este martes. Aproximadamente a las 5:30 horas, la Comisar\u00eda de la Polic\u00eda\u2026","rel":"","context":"En \u00abFeatured\u00bb","block_context":{"text":"Featured","link":"https:\/\/mexicocodigorojo.com.mx\/?cat=1724"},"img":{"alt_text":"","src":"https:\/\/i0.wp.com\/mexicocodigorojo.com.mx\/wp-content\/uploads\/2018\/12\/fb_img_15452086953051023682601.jpg?resize=350%2C200&ssl=1","width":350,"height":200},"classes":[]},{"id":20704,"url":"https:\/\/mexicocodigorojo.com.mx\/?p=20704","url_meta":{"origin":59905,"position":2},"title":"Polic\u00edas golpean y desaparecen a cuatro en Guadalajara, Jalisco","author":"Staff","date":"julio 28, 2019","format":false,"excerpt":"Las v\u00edctimas no fueron llevadas a la comisar\u00eda para su proceso, de acuerdo con compa\u00f1eros de los desaparecidos. Guadalajara.- Cuatro j\u00f3venes fueron arrestados, golpeados y posteriormente desaparecidos hace unas horas por polic\u00edas municipales y estatales, a ra\u00edz de una manifestaci\u00f3n organizada en Plaza Guadalajara, denunciaron compa\u00f1eros de los afectados, quienes\u2026","rel":"","context":"En \u00abJalisco\u00bb","block_context":{"text":"Jalisco","link":"https:\/\/mexicocodigorojo.com.mx\/?cat=8"},"img":{"alt_text":"","src":"https:\/\/i0.wp.com\/mexicocodigorojo.com.mx\/wp-content\/uploads\/2019\/07\/collage_gdl_crop1564197363414.png_1727466156.png?fit=960%2C540&ssl=1&resize=350%2C200","width":350,"height":200,"srcset":"https:\/\/i0.wp.com\/mexicocodigorojo.com.mx\/wp-content\/uploads\/2019\/07\/collage_gdl_crop1564197363414.png_1727466156.png?fit=960%2C540&ssl=1&resize=350%2C200 1x, https:\/\/i0.wp.com\/mexicocodigorojo.com.mx\/wp-content\/uploads\/2019\/07\/collage_gdl_crop1564197363414.png_1727466156.png?fit=960%2C540&ssl=1&resize=525%2C300 1.5x, https:\/\/i0.wp.com\/mexicocodigorojo.com.mx\/wp-content\/uploads\/2019\/07\/collage_gdl_crop1564197363414.png_1727466156.png?fit=960%2C540&ssl=1&resize=700%2C400 2x"},"classes":[]},{"id":39430,"url":"https:\/\/mexicocodigorojo.com.mx\/?p=39430","url_meta":{"origin":59905,"position":3},"title":"Enrique Alfaro pide a FGR atraer investigaciones sobre protestas en Guadalajara","author":"Staff","date":"junio 10, 2020","format":false,"excerpt":"El gobernador de Jalisco coment\u00f3 que el fiscal del estado ya se encuentra en la Ciudad de M\u00e9xico para poner a disposici\u00f3n de la FGR todos los elementos de prueba Enrique Alfaro, gobernador de Jalisco, pidi\u00f3 a la\u00a0Fiscal\u00eda General de la a Rep\u00fablica\u00a0(FGR) atraer las investigaciones por los hechos ocurridos\u2026","rel":"","context":"En \u00abJalisco\u00bb","block_context":{"text":"Jalisco","link":"https:\/\/mexicocodigorojo.com.mx\/?cat=8"},"img":{"alt_text":"","src":"https:\/\/i0.wp.com\/mexicocodigorojo.com.mx\/wp-content\/uploads\/2020\/06\/jalisco-protestas-giovanni-lopez-2.jpg?fit=980%2C550&ssl=1&resize=350%2C200","width":350,"height":200,"srcset":"https:\/\/i0.wp.com\/mexicocodigorojo.com.mx\/wp-content\/uploads\/2020\/06\/jalisco-protestas-giovanni-lopez-2.jpg?fit=980%2C550&ssl=1&resize=350%2C200 1x, https:\/\/i0.wp.com\/mexicocodigorojo.com.mx\/wp-content\/uploads\/2020\/06\/jalisco-protestas-giovanni-lopez-2.jpg?fit=980%2C550&ssl=1&resize=525%2C300 1.5x, https:\/\/i0.wp.com\/mexicocodigorojo.com.mx\/wp-content\/uploads\/2020\/06\/jalisco-protestas-giovanni-lopez-2.jpg?fit=980%2C550&ssl=1&resize=700%2C400 2x"},"classes":[]},{"id":49072,"url":"https:\/\/mexicocodigorojo.com.mx\/?p=49072","url_meta":{"origin":59905,"position":4},"title":"Hallan sin vida a tres hermanos en Jalisco","author":"Staff","date":"mayo 10, 2021","format":false,"excerpt":"Los hermanos\u00a0Ana Karen\u00a0(24 a\u00f1os),\u00a0Luis \u00c1ngel\u00a0(32 a\u00f1os) y\u00a0Jos\u00e9 Alberto Gonz\u00e1lez Moreno\u00a0(29 a\u00f1os), fueron\u00a0localizados muertos\u00a0en el kil\u00f3metro 27 de la carretera a Colotl\u00e1n, en el municipio de\u00a0San Crist\u00f3bal de la Barranca; los tres fueron\u00a0privados de la libertad\u00a0por un comando que irrumpi\u00f3 en su casa en el barrio de San Andr\u00e9s la noche\u2026","rel":"","context":"En \u00abFeatured\u00bb","block_context":{"text":"Featured","link":"https:\/\/mexicocodigorojo.com.mx\/?cat=1724"},"img":{"alt_text":"","src":"https:\/\/i0.wp.com\/mexicocodigorojo.com.mx\/wp-content\/uploads\/2021\/05\/Ligan-triple-crimen-en-Jal.jpg?fit=1200%2C800&ssl=1&resize=350%2C200","width":350,"height":200,"srcset":"https:\/\/i0.wp.com\/mexicocodigorojo.com.mx\/wp-content\/uploads\/2021\/05\/Ligan-triple-crimen-en-Jal.jpg?fit=1200%2C800&ssl=1&resize=350%2C200 1x, https:\/\/i0.wp.com\/mexicocodigorojo.com.mx\/wp-content\/uploads\/2021\/05\/Ligan-triple-crimen-en-Jal.jpg?fit=1200%2C800&ssl=1&resize=525%2C300 1.5x, https:\/\/i0.wp.com\/mexicocodigorojo.com.mx\/wp-content\/uploads\/2021\/05\/Ligan-triple-crimen-en-Jal.jpg?fit=1200%2C800&ssl=1&resize=700%2C400 2x, https:\/\/i0.wp.com\/mexicocodigorojo.com.mx\/wp-content\/uploads\/2021\/05\/Ligan-triple-crimen-en-Jal.jpg?fit=1200%2C800&ssl=1&resize=1050%2C600 3x"},"classes":[]},{"id":37735,"url":"https:\/\/mexicocodigorojo.com.mx\/?p=37735","url_meta":{"origin":59905,"position":5},"title":"Hallan fosa clandestina con al menos 25 cad\u00e1veres en Jalisco","author":"Staff","date":"mayo 11, 2020","format":false,"excerpt":"Al interior de una finca en el municipio de El Salto, Jalisco, autoridades hallaron los cad\u00e1veres de 25 personas y cinco bolsas con restos humanos En una\u00a0finca\u00a0de la\u00a0colonia La Piedrera, en el municipio de El Salto, al sureste de la Zona Metropolitana de Guadalajara, fueron localizados los\u00a0cuerpos\u00a0de 25 personas y\u2026","rel":"","context":"En \u00abFeatured\u00bb","block_context":{"text":"Featured","link":"https:\/\/mexicocodigorojo.com.mx\/?cat=1724"},"img":{"alt_text":"","src":"https:\/\/i0.wp.com\/mexicocodigorojo.com.mx\/wp-content\/uploads\/2020\/05\/fosa-clandestina-jalisco-bolsas-restos-humanos.jpg?fit=980%2C550&ssl=1&resize=350%2C200","width":350,"height":200,"srcset":"https:\/\/i0.wp.com\/mexicocodigorojo.com.mx\/wp-content\/uploads\/2020\/05\/fosa-clandestina-jalisco-bolsas-restos-humanos.jpg?fit=980%2C550&ssl=1&resize=350%2C200 1x, https:\/\/i0.wp.com\/mexicocodigorojo.com.mx\/wp-content\/uploads\/2020\/05\/fosa-clandestina-jalisco-bolsas-restos-humanos.jpg?fit=980%2C550&ssl=1&resize=525%2C300 1.5x, https:\/\/i0.wp.com\/mexicocodigorojo.com.mx\/wp-content\/uploads\/2020\/05\/fosa-clandestina-jalisco-bolsas-restos-humanos.jpg?fit=980%2C550&ssl=1&resize=700%2C400 2x"},"classes":[]}],"jetpack_sharing_enabled":true,"jetpack_likes_enabled":true,"jetpack_shortlink":"https:\/\/wp.me\/p9TedA-fAd","_links":{"self":[{"href":"https:\/\/mexicocodigorojo.com.mx\/index.php?rest_route=\/wp\/v2\/posts\/59905","targetHints":{"allow":["GET"]}}],"collection":[{"href":"https:\/\/mexicocodigorojo.com.mx\/index.php?rest_route=\/wp\/v2\/posts"}],"about":[{"href":"https:\/\/mexicocodigorojo.com.mx\/index.php?rest_route=\/wp\/v2\/types\/post"}],"author":[{"embeddable":true,"href":"https:\/\/mexicocodigorojo.com.mx\/index.php?rest_route=\/wp\/v2\/users\/22"}],"replies":[{"embeddable":true,"href":"https:\/\/mexicocodigorojo.com.mx\/index.php?rest_route=%2Fwp%2Fv2%2Fcomments&post=59905"}],"version-history":[{"count":1,"href":"https:\/\/mexicocodigorojo.com.mx\/index.php?rest_route=\/wp\/v2\/posts\/59905\/revisions"}],"predecessor-version":[{"id":59906,"href":"https:\/\/mexicocodigorojo.com.mx\/index.php?rest_route=\/wp\/v2\/posts\/59905\/revisions\/59906"}],"wp:featuredmedia":[{"embeddable":true,"href":"https:\/\/mexicocodigorojo.com.mx\/index.php?rest_route=\/wp\/v2\/media\/59904"}],"wp:attachment":[{"href":"https:\/\/mexicocodigorojo.com.mx\/index.php?rest_route=%2Fwp%2Fv2%2Fmedia&parent=59905"}],"wp:term":[{"taxonomy":"category","embeddable":true,"href":"https:\/\/mexicocodigorojo.com.mx\/index.php?rest_route=%2Fwp%2Fv2%2Fcategories&post=59905"},{"taxonomy":"post_tag","embeddable":true,"href":"https:\/\/mexicocodigorojo.com.mx\/index.php?rest_route=%2Fwp%2Fv2%2Ftags&post=59905"}],"curies":[{"name":"wp","href":"https:\/\/api.w.org\/{rel}","templated":true}]}}