{"id":59835,"date":"2024-04-19T09:45:29","date_gmt":"2024-04-19T15:45:29","guid":{"rendered":"https:\/\/mexicocodigorojo.com.mx\/?p=59835"},"modified":"2024-04-19T09:45:29","modified_gmt":"2024-04-19T15:45:29","slug":"guerrero-video-sicarios-dejan-restos-mutilados-de-eduardo-bello-valente-el-rino-jefe-de-escoltas-del-alcalde-de-san-marcos-tomas-hernandez-palma","status":"publish","type":"post","link":"https:\/\/mexicocodigorojo.com.mx\/?p=59835","title":{"rendered":"Guerrero | Video Sicarios dejan restos mutilados de Eduardo Bello Valente \u00abEl Rino\u00bb, jefe de escoltas del alcalde de San Marcos, Tom\u00e1s Hern\u00e1ndez Palma"},"content":{"rendered":"<p>Este jueves el cuerpo del jefe de escoltas de Tom\u00e1s Hern\u00e1ndez Palma presidente municipal de San Marcos, Guerrero fue localizado dec@pitado y con mensajes del crimen organizado.<\/p>\n<p>&nbsp;<\/p>\n<p>El hallazgo se realizo aproximadamente a las seis de la ma\u00f1ana en este municipio de la\u00a0costa chica de Guerrero\u00a0en la\u00a0calle Emiliano Zapata, entre las\u00a0calles Vicente Guerrero\u00a0y\u00a020 de Noviembre\u00a0de la\u00a0colonia Santa Cruz, a espaldas de la\u00a0Bodega\u00a0Aurrer\u00e1.<\/p>\n<p>&nbsp;<\/p>\n<p>El mensaje, firmado por \u00abYa saben quien!!\u00bb, acusa que al\u00a0jefe de escoltas\u00a0le pas\u00f3 eso por una traici\u00f3n y advierten que eso le ocurrir\u00e1 a todos los que hagan lo mismo, \u00absea quien sea y del nivel que sea\u00bb.<\/p>\n<p>&nbsp;<\/p>\n<p>La zona fue acordonada y personal de\u00a0la\u00a0Fiscal\u00eda General del Estado\u00a0(FGE) realiz\u00f3 las diligencias que continuaban hasta pasadas las 9 de la ma\u00f1ana, donde asegur\u00f3 las cartulinas con el mensaje.<\/p>\n<p>&nbsp;<\/p>\n<p>&nbsp;<\/p>\n<p>El cad\u00e1ver fue identificado como\u00a0Eduardo Bello Valente, de 27 a\u00f1os, alias\u00a0El Rino,\u00a0jefe de escoltas del alcalde.<\/p>\n<p>&nbsp;<\/p>\n<p>Los restos fueron trasladados a las instalaciones del\u00a0 Servicio M\u00e9dico Forense de Acapulco.<br \/>\nTom\u00e1s Hern\u00e1ndez Palma, ya fue electo como presidente municipal en dos ocasiones, en el periodo 2019-2021, y en el actual, del 2021 al 2024, mismo que finaliza el pr\u00f3ximo 30 de septiembre.<\/p>\n<p>&nbsp;<\/p>\n<p>Seg\u00fan los reportes policiacos,\u00a0El Rino\u00a0habr\u00eda sido levantado el mi\u00e9rcoles por la tarde por un grupo de Sicarios fuertemente armados.<\/p>\n<p>&nbsp;<\/p>\n<p>&nbsp;<\/p>\n<p>VIDEO \ud83d\udc49 <a href=\"https:\/\/t.me\/mexicorojo\/6110?single\">https:\/\/t.me\/mexicorojo\/6110?single<\/a><\/p>\n","protected":false},"excerpt":{"rendered":"<p>Este jueves el cuerpo del jefe de escoltas de Tom\u00e1s Hern\u00e1ndez Palma presidente municipal de San Marcos, Guerrero fue localizado dec@pitado y con mensajes del crimen organizado. &nbsp; El hallazgo se realizo aproximadamente a las seis de la ma\u00f1ana en este municipio de la\u00a0costa chica de Guerrero\u00a0en la\u00a0calle Emiliano Zapata, entre las\u00a0calles Vicente Guerrero\u00a0y\u00a020 de [&hellip;]<\/p>\n","protected":false},"author":16,"featured_media":59836,"comment_status":"open","ping_status":"open","sticky":false,"template":"","format":"standard","meta":{"_uf_show_specific_survey":0,"_uf_disable_surveys":false,"advanced_seo_description":"","jetpack_seo_html_title":"","jetpack_seo_noindex":false,"jetpack_post_was_ever_published":false,"_jetpack_newsletter_access":"","_jetpack_dont_email_post_to_subs":false,"_jetpack_newsletter_tier_id":0,"_jetpack_memberships_contains_paywalled_content":false,"_jetpack_memberships_contains_paid_content":false,"footnotes":"","jetpack_publicize_message":"","jetpack_publicize_feature_enabled":true,"jetpack_social_post_already_shared":true,"jetpack_social_options":{"image_generator_settings":{"template":"highway","default_image_id":0,"font":"","enabled":false},"version":2}},"categories":[26],"tags":[906,510],"class_list":{"0":"post-59835","1":"post","2":"type-post","3":"status-publish","4":"format-standard","5":"has-post-thumbnail","7":"category-guerrero","8":"tag-crimenorganizado","9":"tag-nacional"},"jetpack_publicize_connections":[],"jetpack_featured_media_url":"https:\/\/i0.wp.com\/mexicocodigorojo.com.mx\/wp-content\/uploads\/2024\/04\/20240419_084132.jpg?fit=720%2C474&ssl=1","jetpack-related-posts":[{"id":55687,"url":"https:\/\/mexicocodigorojo.com.mx\/?p=55687","url_meta":{"origin":59835,"position":0},"title":"Elementos del Ej\u00e9rcito abaten a \u201cEl Gordo\u201d, jefe de plaza de la Familia Michoacana","author":"Staff","date":"marzo 19, 2023","format":false,"excerpt":"Elementos del\u00a0Ej\u00e9rcito\u00a0lograron abatir este fin de semana al jefe de plaza de la\u00a0Familia Michoacana\u00a0en Guerrero,\u00a0Orbel\u00edn Hern\u00e1ndez Pe\u00f1aloza,\u00a0conocido como \u201cEl Gordo\u201d. Fuentes oficiales confirmaron a\u00a0Latinus\u00a0que\u00a0Hern\u00e1ndez Pe\u00f1aloza\u00a0fue detenido el pasado 17 de marzo durante un enfrentamiento mientras los\u00a0elementos\u00a0hac\u00edan un recorrido de vigilancia en la comunidad El Pescado que dej\u00f3 como saldo cinco\u2026","rel":"","context":"En \u00abFeatured\u00bb","block_context":{"text":"Featured","link":"https:\/\/mexicocodigorojo.com.mx\/?cat=1724"},"img":{"alt_text":"","src":"https:\/\/i0.wp.com\/mexicocodigorojo.com.mx\/wp-content\/uploads\/2023\/03\/FrsyO3aXwAIVwHi.png?fit=750%2C375&ssl=1&resize=350%2C200","width":350,"height":200,"srcset":"https:\/\/i0.wp.com\/mexicocodigorojo.com.mx\/wp-content\/uploads\/2023\/03\/FrsyO3aXwAIVwHi.png?fit=750%2C375&ssl=1&resize=350%2C200 1x, https:\/\/i0.wp.com\/mexicocodigorojo.com.mx\/wp-content\/uploads\/2023\/03\/FrsyO3aXwAIVwHi.png?fit=750%2C375&ssl=1&resize=525%2C300 1.5x, https:\/\/i0.wp.com\/mexicocodigorojo.com.mx\/wp-content\/uploads\/2023\/03\/FrsyO3aXwAIVwHi.png?fit=750%2C375&ssl=1&resize=700%2C400 2x"},"classes":[]},{"id":54469,"url":"https:\/\/mexicocodigorojo.com.mx\/?p=54469","url_meta":{"origin":59835,"position":1},"title":"Balean a Secretario de Seguridad de Coyuca, en Guerrero","author":"MexicoRojoCvmx","date":"diciembre 2, 2022","format":false,"excerpt":"El Secretario de Seguridad P\u00fablica del Municipio de Coyuca de Ben\u00edtez, David Borja Padilla, result\u00f3 herido a balazos por un grupo armado cuando lo atacaron en la carretera Acapulco-Zihuatanejo, en Guerrero. Seg\u00fan los reportes, el jefe policiaco viajaba con su grupo de escoltas en un camioneta Nissan tipo NP300, con\u2026","rel":"","context":"En \u00abFeatured\u00bb","block_context":{"text":"Featured","link":"https:\/\/mexicocodigorojo.com.mx\/?cat=1724"},"img":{"alt_text":"","src":"https:\/\/i0.wp.com\/mexicocodigorojo.com.mx\/wp-content\/uploads\/2022\/12\/5388394.jpg?fit=960%2C640&ssl=1&resize=350%2C200","width":350,"height":200,"srcset":"https:\/\/i0.wp.com\/mexicocodigorojo.com.mx\/wp-content\/uploads\/2022\/12\/5388394.jpg?fit=960%2C640&ssl=1&resize=350%2C200 1x, https:\/\/i0.wp.com\/mexicocodigorojo.com.mx\/wp-content\/uploads\/2022\/12\/5388394.jpg?fit=960%2C640&ssl=1&resize=525%2C300 1.5x, https:\/\/i0.wp.com\/mexicocodigorojo.com.mx\/wp-content\/uploads\/2022\/12\/5388394.jpg?fit=960%2C640&ssl=1&resize=700%2C400 2x"},"classes":[]},{"id":9117,"url":"https:\/\/mexicocodigorojo.com.mx\/?p=9117","url_meta":{"origin":59835,"position":2},"title":"V\u00cdDEOS; ATAQUE ARMADO EN TAXCO, GUERRERO UN PARAM\u00c9DICO Y TRES POLIC\u00cdAS MUERTOS","author":"Staff","date":"noviembre 19, 2018","format":false,"excerpt":"Chilpancingo, Guerrero a 18 de noviembre del 2018. En la cancha de la localidad de San Juan Tener\u00eda, municipio de Taxco, civiles armados dispararon contra polic\u00edas estatales e integrantes de la Cruz Roja, con un saldo de tres elementos policiales y un param\u00e9dico privados de la vida, y seis lesionados\u2026","rel":"","context":"En \u00abGuerrero\u00bb","block_context":{"text":"Guerrero","link":"https:\/\/mexicocodigorojo.com.mx\/?cat=26"},"img":{"alt_text":"","src":"https:\/\/i0.wp.com\/mexicocodigorojo.com.mx\/wp-content\/uploads\/2018\/11\/img_20181119_011740649326568984988404.jpg?resize=350%2C200&ssl=1","width":350,"height":200,"srcset":"https:\/\/i0.wp.com\/mexicocodigorojo.com.mx\/wp-content\/uploads\/2018\/11\/img_20181119_011740649326568984988404.jpg?resize=350%2C200&ssl=1 1x, https:\/\/i0.wp.com\/mexicocodigorojo.com.mx\/wp-content\/uploads\/2018\/11\/img_20181119_011740649326568984988404.jpg?resize=525%2C300&ssl=1 1.5x, https:\/\/i0.wp.com\/mexicocodigorojo.com.mx\/wp-content\/uploads\/2018\/11\/img_20181119_011740649326568984988404.jpg?resize=700%2C400&ssl=1 2x"},"classes":[]},{"id":22136,"url":"https:\/\/mexicocodigorojo.com.mx\/?p=22136","url_meta":{"origin":59835,"position":3},"title":"Localizan a madre e hijo asesinados en basurero de San Marcos, Guerrero","author":"Staff","date":"agosto 16, 2019","format":false,"excerpt":"San Marcos Guerrero.-\u00a0Este mi\u00e9rcoles, mientras en la capital de Guerrero, se celebraba la\u00a0sesi\u00f3n de la Mesa de Coordinaci\u00f3n Estatal para la Construcci\u00f3n de la Paz, junto a mandos de\u00a0SEDENA, SEMAR y la SSPGRO y representantes del Gobierno Federal abordamos los temas prioritarios en el estado,\u00a0fueron encontrados en la comunidad de\u2026","rel":"","context":"En \u00abGuerrero\u00bb","block_context":{"text":"Guerrero","link":"https:\/\/mexicocodigorojo.com.mx\/?cat=26"},"img":{"alt_text":"","src":"https:\/\/i0.wp.com\/mexicocodigorojo.com.mx\/wp-content\/uploads\/2019\/08\/WhatsApp-Image-2019-08-15-at-10.34.48.jpeg?fit=899%2C1200&ssl=1&resize=350%2C200","width":350,"height":200,"srcset":"https:\/\/i0.wp.com\/mexicocodigorojo.com.mx\/wp-content\/uploads\/2019\/08\/WhatsApp-Image-2019-08-15-at-10.34.48.jpeg?fit=899%2C1200&ssl=1&resize=350%2C200 1x, https:\/\/i0.wp.com\/mexicocodigorojo.com.mx\/wp-content\/uploads\/2019\/08\/WhatsApp-Image-2019-08-15-at-10.34.48.jpeg?fit=899%2C1200&ssl=1&resize=525%2C300 1.5x, https:\/\/i0.wp.com\/mexicocodigorojo.com.mx\/wp-content\/uploads\/2019\/08\/WhatsApp-Image-2019-08-15-at-10.34.48.jpeg?fit=899%2C1200&ssl=1&resize=700%2C400 2x"},"classes":[]},{"id":2157,"url":"https:\/\/mexicocodigorojo.com.mx\/?p=2157","url_meta":{"origin":59835,"position":4},"title":"Asesinan A Balazos A Una Persona En La Colonia Palma Sola En Acapulco Guerrero","author":"Staff","date":"septiembre 5, 2018","format":false,"excerpt":"Chilpancingo, Gro.Un hombre fue atacado y asesinado a balazos durante la tarde de este martes en la colonia Palma Sola, en el puerto de Acapulco. El ahora occiso es de una edad aproximada a los 40 a\u00f1os de edad, quien vest\u00eda playera rayada, de colores verde, amarillo, blanco y azul,\u2026","rel":"","context":"En \u00abGuerrero\u00bb","block_context":{"text":"Guerrero","link":"https:\/\/mexicocodigorojo.com.mx\/?cat=26"},"img":{"alt_text":"","src":"","width":0,"height":0},"classes":[]},{"id":57505,"url":"https:\/\/mexicocodigorojo.com.mx\/?p=57505","url_meta":{"origin":59835,"position":5},"title":"Funcionarios son \u2018cazados\u2019 en Guerrero: Fernando Garc\u00eda, delegado de la FGR, fue ejecutado","author":"Staff","date":"septiembre 12, 2023","format":false,"excerpt":"Fernando Garc\u00eda Hern\u00e1ndez, delegado de\u00a0la Fiscal\u00eda General de la Rep\u00fablica (FGR)\u00a0en Guerrero, fue ejecutado en la ma\u00f1ana de este martes cuando circulaba en su camioneta particular en\u00a0Chilpancingo. De acuerdo con los primeros reportes, el funcionario federal\u00a0conduc\u00eda su camioneta particular\u00a0por calles de la colonia Cipatli, ubicada al norte de la ciudad,\u2026","rel":"","context":"En \u00abFeatured\u00bb","block_context":{"text":"Featured","link":"https:\/\/mexicocodigorojo.com.mx\/?cat=1724"},"img":{"alt_text":"","src":"https:\/\/i0.wp.com\/mexicocodigorojo.com.mx\/wp-content\/uploads\/2023\/10\/fernandogarciafgr.jpg?fit=1200%2C740&ssl=1&resize=350%2C200","width":350,"height":200,"srcset":"https:\/\/i0.wp.com\/mexicocodigorojo.com.mx\/wp-content\/uploads\/2023\/10\/fernandogarciafgr.jpg?fit=1200%2C740&ssl=1&resize=350%2C200 1x, https:\/\/i0.wp.com\/mexicocodigorojo.com.mx\/wp-content\/uploads\/2023\/10\/fernandogarciafgr.jpg?fit=1200%2C740&ssl=1&resize=525%2C300 1.5x, https:\/\/i0.wp.com\/mexicocodigorojo.com.mx\/wp-content\/uploads\/2023\/10\/fernandogarciafgr.jpg?fit=1200%2C740&ssl=1&resize=700%2C400 2x, https:\/\/i0.wp.com\/mexicocodigorojo.com.mx\/wp-content\/uploads\/2023\/10\/fernandogarciafgr.jpg?fit=1200%2C740&ssl=1&resize=1050%2C600 3x"},"classes":[]}],"jetpack_sharing_enabled":true,"jetpack_likes_enabled":true,"jetpack_shortlink":"https:\/\/wp.me\/p9TedA-fz5","_links":{"self":[{"href":"https:\/\/mexicocodigorojo.com.mx\/index.php?rest_route=\/wp\/v2\/posts\/59835","targetHints":{"allow":["GET"]}}],"collection":[{"href":"https:\/\/mexicocodigorojo.com.mx\/index.php?rest_route=\/wp\/v2\/posts"}],"about":[{"href":"https:\/\/mexicocodigorojo.com.mx\/index.php?rest_route=\/wp\/v2\/types\/post"}],"author":[{"embeddable":true,"href":"https:\/\/mexicocodigorojo.com.mx\/index.php?rest_route=\/wp\/v2\/users\/16"}],"replies":[{"embeddable":true,"href":"https:\/\/mexicocodigorojo.com.mx\/index.php?rest_route=%2Fwp%2Fv2%2Fcomments&post=59835"}],"version-history":[{"count":1,"href":"https:\/\/mexicocodigorojo.com.mx\/index.php?rest_route=\/wp\/v2\/posts\/59835\/revisions"}],"predecessor-version":[{"id":59837,"href":"https:\/\/mexicocodigorojo.com.mx\/index.php?rest_route=\/wp\/v2\/posts\/59835\/revisions\/59837"}],"wp:featuredmedia":[{"embeddable":true,"href":"https:\/\/mexicocodigorojo.com.mx\/index.php?rest_route=\/wp\/v2\/media\/59836"}],"wp:attachment":[{"href":"https:\/\/mexicocodigorojo.com.mx\/index.php?rest_route=%2Fwp%2Fv2%2Fmedia&parent=59835"}],"wp:term":[{"taxonomy":"category","embeddable":true,"href":"https:\/\/mexicocodigorojo.com.mx\/index.php?rest_route=%2Fwp%2Fv2%2Fcategories&post=59835"},{"taxonomy":"post_tag","embeddable":true,"href":"https:\/\/mexicocodigorojo.com.mx\/index.php?rest_route=%2Fwp%2Fv2%2Ftags&post=59835"}],"curies":[{"name":"wp","href":"https:\/\/api.w.org\/{rel}","templated":true}]}}