{"id":59812,"date":"2024-04-18T08:35:44","date_gmt":"2024-04-18T14:35:44","guid":{"rendered":"https:\/\/mexicocodigorojo.com.mx\/?p=59812"},"modified":"2024-04-18T08:35:44","modified_gmt":"2024-04-18T14:35:44","slug":"colima-fotos-encuentran-restos-mutilados-de-tres-personas-frente-a-la-carretilla-de-la-colonia-vista-volcanes-de-la-villa-en-colima","status":"publish","type":"post","link":"https:\/\/mexicocodigorojo.com.mx\/?p=59812","title":{"rendered":"Colima | Fotos Encuentran restos mutilados de tres personas frente a la carretilla de la colonia Vista Volcanes de la Villa en Colima"},"content":{"rendered":"<p>Los cuerpos sin vida de tres personas fueron localizados esta tarde, frente al jard\u00edn de la colonia Vista Volcanes en el municipio de Villa de \u00c1lvarez.<\/p>\n<p>&nbsp;<\/p>\n<p>De acuerdo informaci\u00f3n extraoficial, los cuerpos presentaban huellas de tortura.<\/p>\n<p>&nbsp;<\/p>\n<p>Se inform\u00f3 que algunas personas que caminaban por el lugar localizaron los cuerpos tirados cerca de un potrero.<\/p>\n<p>&nbsp;<\/p>\n<p>M\u00e1s tarde las corporaciones policiacas a coordinaron la zona mientras que el agente del Ministerio P\u00fablico se hizo cargo de las investigaciones para esclarecer este hecho.<\/p>\n<p>&nbsp;<\/p>\n<p>&nbsp;<\/p>\n<p>FOTOS \ud83d\udc49 <a href=\"https:\/\/t.me\/mexicorojo\/6082?single\">https:\/\/t.me\/mexicorojo\/6082?single<\/a><\/p>\n","protected":false},"excerpt":{"rendered":"<p>Los cuerpos sin vida de tres personas fueron localizados esta tarde, frente al jard\u00edn de la colonia Vista Volcanes en el municipio de Villa de \u00c1lvarez. &nbsp; De acuerdo informaci\u00f3n extraoficial, los cuerpos presentaban huellas de tortura. &nbsp; Se inform\u00f3 que algunas personas que caminaban por el lugar localizaron los cuerpos tirados cerca de un [&hellip;]<\/p>\n","protected":false},"author":16,"featured_media":59813,"comment_status":"open","ping_status":"open","sticky":false,"template":"","format":"standard","meta":{"_uf_show_specific_survey":0,"_uf_disable_surveys":false,"advanced_seo_description":"","jetpack_seo_html_title":"","jetpack_seo_noindex":false,"jetpack_post_was_ever_published":false,"_jetpack_newsletter_access":"","_jetpack_dont_email_post_to_subs":false,"_jetpack_newsletter_tier_id":0,"_jetpack_memberships_contains_paywalled_content":false,"_jetpack_memberships_contains_paid_content":false,"footnotes":"","jetpack_publicize_message":"","jetpack_publicize_feature_enabled":true,"jetpack_social_post_already_shared":true,"jetpack_social_options":{"image_generator_settings":{"template":"highway","default_image_id":0,"font":"","enabled":false},"version":2}},"categories":[104],"tags":[906,510],"class_list":{"0":"post-59812","1":"post","2":"type-post","3":"status-publish","4":"format-standard","5":"has-post-thumbnail","7":"category-colima","8":"tag-crimenorganizado","9":"tag-nacional"},"jetpack_publicize_connections":[],"jetpack_featured_media_url":"https:\/\/i0.wp.com\/mexicocodigorojo.com.mx\/wp-content\/uploads\/2024\/04\/20240418_073216.jpg?fit=720%2C314&ssl=1","jetpack-related-posts":[{"id":62962,"url":"https:\/\/mexicocodigorojo.com.mx\/?p=62962","url_meta":{"origin":59812,"position":0},"title":"POLIC\u00cdAS ESTATALES Y MARINOS EJECUTARON A SEIS EN COLIMA","author":"Staff","date":"octubre 5, 2024","format":false,"excerpt":"POLICIA ESTATAL DE COLIMA Y MARINA LEVANT\u00d3 Y PRIV\u00d3 DE LA VIDA A 6 A TRAV\u00c9S DE UN MONTAJE. En las \u00faltimas horas ha trascendido que el pasado 01 de octubre, mientras la Se\u00f1ora Presidenta Claudia Sheinbaum se preparaba para tomar el mando de M\u00e9xico, personal de la Polic\u00eda Estatal\u2026","rel":"","context":"En \u00abColima\u00bb","block_context":{"text":"Colima","link":"https:\/\/mexicocodigorojo.com.mx\/?cat=104"},"img":{"alt_text":"","src":"https:\/\/i0.wp.com\/mexicocodigorojo.com.mx\/wp-content\/uploads\/2024\/10\/img_7430-1.jpg?fit=750%2C407&ssl=1&resize=350%2C200","width":350,"height":200,"srcset":"https:\/\/i0.wp.com\/mexicocodigorojo.com.mx\/wp-content\/uploads\/2024\/10\/img_7430-1.jpg?fit=750%2C407&ssl=1&resize=350%2C200 1x, https:\/\/i0.wp.com\/mexicocodigorojo.com.mx\/wp-content\/uploads\/2024\/10\/img_7430-1.jpg?fit=750%2C407&ssl=1&resize=525%2C300 1.5x, https:\/\/i0.wp.com\/mexicocodigorojo.com.mx\/wp-content\/uploads\/2024\/10\/img_7430-1.jpg?fit=750%2C407&ssl=1&resize=700%2C400 2x"},"classes":[]},{"id":24464,"url":"https:\/\/mexicocodigorojo.com.mx\/?p=24464","url_meta":{"origin":59812,"position":1},"title":"Macabro hallazgo de nueva fosa clandestina en Colima; van 3 cuerpos","author":"Staff","date":"septiembre 30, 2019","format":false,"excerpt":"La FGE exhort\u00f3 a la poblaci\u00f3n a realizar las denuncias an\u00f3nimas a la l\u00ednea 089 y el reporte de las emergencias al 911 en caso de\u00a0encontrar m\u00e1s cad\u00e1veres\u00a0o tener informaci\u00f3n de otros entierros ilegales Minatitl\u00e1n, Colima.-\u00a0\u00a0La\u00a0Fiscal\u00eda General del Estado de\u00a0Colima\u00a0(FGE) inform\u00f3\u00a0el hallazgo de una nueva\u00a0fosa clandestina\u00a0en\u00a0Minatitl\u00e1n, de donde se han\u00a0extra\u00eddo\u2026","rel":"","context":"En \u00abColima\u00bb","block_context":{"text":"Colima","link":"https:\/\/mexicocodigorojo.com.mx\/?cat=104"},"img":{"alt_text":"","src":"https:\/\/i0.wp.com\/mexicocodigorojo.com.mx\/wp-content\/uploads\/2019\/09\/1_10.jpg_112278454.jpg?fit=1069%2C563&ssl=1&resize=350%2C200","width":350,"height":200,"srcset":"https:\/\/i0.wp.com\/mexicocodigorojo.com.mx\/wp-content\/uploads\/2019\/09\/1_10.jpg_112278454.jpg?fit=1069%2C563&ssl=1&resize=350%2C200 1x, https:\/\/i0.wp.com\/mexicocodigorojo.com.mx\/wp-content\/uploads\/2019\/09\/1_10.jpg_112278454.jpg?fit=1069%2C563&ssl=1&resize=525%2C300 1.5x, https:\/\/i0.wp.com\/mexicocodigorojo.com.mx\/wp-content\/uploads\/2019\/09\/1_10.jpg_112278454.jpg?fit=1069%2C563&ssl=1&resize=700%2C400 2x, https:\/\/i0.wp.com\/mexicocodigorojo.com.mx\/wp-content\/uploads\/2019\/09\/1_10.jpg_112278454.jpg?fit=1069%2C563&ssl=1&resize=1050%2C600 3x"},"classes":[]},{"id":41883,"url":"https:\/\/mexicocodigorojo.com.mx\/?p=41883","url_meta":{"origin":59812,"position":2},"title":"Colima; van 32 cuerpos localizados en fosas clandestinas","author":"Staff","date":"agosto 16, 2020","format":false,"excerpt":"Al menos 32 cuerpos han sido localizados en fosas clandestinas de Colima aunque todav\u00eda no han concluido las labores en la zona La\u00a0Red Estatal de Personas desparecidas de Colima\u00a0confirm\u00f3 a L\u00f3pez-D\u00f3riga Digital que, hasta este s\u00e1bado,\u00a0no han concluido los trabajos\u00a0en las fosas clandestinas ubicadas en el municipio de\u00a0Tecom\u00e1n. La red\u2026","rel":"","context":"En \u00abFeatured\u00bb","block_context":{"text":"Featured","link":"https:\/\/mexicocodigorojo.com.mx\/?cat=1724"},"img":{"alt_text":"","src":"https:\/\/i0.wp.com\/mexicocodigorojo.com.mx\/wp-content\/uploads\/2020\/08\/fosas-colima.jpg?fit=980%2C550&ssl=1&resize=350%2C200","width":350,"height":200,"srcset":"https:\/\/i0.wp.com\/mexicocodigorojo.com.mx\/wp-content\/uploads\/2020\/08\/fosas-colima.jpg?fit=980%2C550&ssl=1&resize=350%2C200 1x, https:\/\/i0.wp.com\/mexicocodigorojo.com.mx\/wp-content\/uploads\/2020\/08\/fosas-colima.jpg?fit=980%2C550&ssl=1&resize=525%2C300 1.5x, https:\/\/i0.wp.com\/mexicocodigorojo.com.mx\/wp-content\/uploads\/2020\/08\/fosas-colima.jpg?fit=980%2C550&ssl=1&resize=700%2C400 2x"},"classes":[]},{"id":61499,"url":"https:\/\/mexicocodigorojo.com.mx\/?p=61499","url_meta":{"origin":59812,"position":3},"title":"Tabasco | Fotos CJNG Deja los cuerpos decapitados de 3 personas frente a un k\u00ednder en Macuspana","author":"MexicoRojo","date":"junio 9, 2024","format":false,"excerpt":"Tabasco | Fotos CJNG Deja los cuerpos decapitados de 3 personas frente a un k\u00ednder en Macuspana. \u00a0 \u00a0 Esta ma\u00f1ana se reporto el hallazgo de tres cuerpos desmembrado y que las cabezas se encuentran cerca del cuerpo de las victimas, as\u00ed como de una \"narcomanta\" dirigida hacia un grupo\u2026","rel":"","context":"En \u00abFeatured\u00bb","block_context":{"text":"Featured","link":"https:\/\/mexicocodigorojo.com.mx\/?cat=1724"},"img":{"alt_text":"","src":"https:\/\/i0.wp.com\/mexicocodigorojo.com.mx\/wp-content\/uploads\/2024\/06\/20240609_074931.jpg?fit=1200%2C1200&ssl=1&resize=350%2C200","width":350,"height":200,"srcset":"https:\/\/i0.wp.com\/mexicocodigorojo.com.mx\/wp-content\/uploads\/2024\/06\/20240609_074931.jpg?fit=1200%2C1200&ssl=1&resize=350%2C200 1x, https:\/\/i0.wp.com\/mexicocodigorojo.com.mx\/wp-content\/uploads\/2024\/06\/20240609_074931.jpg?fit=1200%2C1200&ssl=1&resize=525%2C300 1.5x, https:\/\/i0.wp.com\/mexicocodigorojo.com.mx\/wp-content\/uploads\/2024\/06\/20240609_074931.jpg?fit=1200%2C1200&ssl=1&resize=700%2C400 2x, https:\/\/i0.wp.com\/mexicocodigorojo.com.mx\/wp-content\/uploads\/2024\/06\/20240609_074931.jpg?fit=1200%2C1200&ssl=1&resize=1050%2C600 3x"},"classes":[]},{"id":41721,"url":"https:\/\/mexicocodigorojo.com.mx\/?p=41721","url_meta":{"origin":59812,"position":4},"title":"(FOTOS) DEJAN TRES PERSONAS EJECUTADAS EN PLAYA VICENTE VERACRUZ,1 ESTABA DECAPITADO","author":"MexicoRojo","date":"agosto 12, 2020","format":false,"excerpt":"Los cuerpos de tres hombres, uno de ellos decapitado, fueron dejados la ma\u00f1ana de este mi\u00e9rcoles en la colonia Lealtad de Mu\u00f1oz de Playa Vicente. Vecinos informaron a las autoridades sobre la presencia de varios cuerpos, los cuales se encontraban a la altura del parque de la localidad. Se inform\u00f3\u2026","rel":"","context":"En \u00abFeatured\u00bb","block_context":{"text":"Featured","link":"https:\/\/mexicocodigorojo.com.mx\/?cat=1724"},"img":{"alt_text":"","src":"https:\/\/i0.wp.com\/secureservercdn.net\/166.62.108.22\/cg1.af3.myftpupload.com\/wp-content\/uploads\/2020\/08\/20200812_1507298908723037607434317.jpg?resize=350%2C200&ssl=1","width":350,"height":200,"srcset":"https:\/\/i0.wp.com\/secureservercdn.net\/166.62.108.22\/cg1.af3.myftpupload.com\/wp-content\/uploads\/2020\/08\/20200812_1507298908723037607434317.jpg?resize=350%2C200&ssl=1 1x, https:\/\/i0.wp.com\/secureservercdn.net\/166.62.108.22\/cg1.af3.myftpupload.com\/wp-content\/uploads\/2020\/08\/20200812_1507298908723037607434317.jpg?resize=525%2C300&ssl=1 1.5x, https:\/\/i0.wp.com\/secureservercdn.net\/166.62.108.22\/cg1.af3.myftpupload.com\/wp-content\/uploads\/2020\/08\/20200812_1507298908723037607434317.jpg?resize=700%2C400&ssl=1 2x"},"classes":[]},{"id":20861,"url":"https:\/\/mexicocodigorojo.com.mx\/?p=20861","url_meta":{"origin":59812,"position":5},"title":"Ejecutan a hombre en Central de Autobuses en Colima","author":"Staff","date":"julio 30, 2019","format":false,"excerpt":"En la escena del crimen las autoridades contabilizaron 11 casquillos percutidos; las identidades de las personas est\u00e1n desconocidas. Sujetos armados irrumpieron la Central de Autobuses For\u00e1nea de Colima, ubicado frente a la Fiscal\u00eda General del Estado, para disparar en contra de un hombre minutos antes de que abordara un autob\u00fas;\u2026","rel":"","context":"En \u00abColima\u00bb","block_context":{"text":"Colima","link":"https:\/\/mexicocodigorojo.com.mx\/?cat=104"},"img":{"alt_text":"","src":"https:\/\/i0.wp.com\/mexicocodigorojo.com.mx\/wp-content\/uploads\/2019\/07\/colima_hombre_muerto.jpg_793492074.jpg?fit=718%2C452&ssl=1&resize=350%2C200","width":350,"height":200,"srcset":"https:\/\/i0.wp.com\/mexicocodigorojo.com.mx\/wp-content\/uploads\/2019\/07\/colima_hombre_muerto.jpg_793492074.jpg?fit=718%2C452&ssl=1&resize=350%2C200 1x, https:\/\/i0.wp.com\/mexicocodigorojo.com.mx\/wp-content\/uploads\/2019\/07\/colima_hombre_muerto.jpg_793492074.jpg?fit=718%2C452&ssl=1&resize=525%2C300 1.5x, https:\/\/i0.wp.com\/mexicocodigorojo.com.mx\/wp-content\/uploads\/2019\/07\/colima_hombre_muerto.jpg_793492074.jpg?fit=718%2C452&ssl=1&resize=700%2C400 2x"},"classes":[]}],"jetpack_sharing_enabled":true,"jetpack_likes_enabled":true,"jetpack_shortlink":"https:\/\/wp.me\/p9TedA-fyI","_links":{"self":[{"href":"https:\/\/mexicocodigorojo.com.mx\/index.php?rest_route=\/wp\/v2\/posts\/59812","targetHints":{"allow":["GET"]}}],"collection":[{"href":"https:\/\/mexicocodigorojo.com.mx\/index.php?rest_route=\/wp\/v2\/posts"}],"about":[{"href":"https:\/\/mexicocodigorojo.com.mx\/index.php?rest_route=\/wp\/v2\/types\/post"}],"author":[{"embeddable":true,"href":"https:\/\/mexicocodigorojo.com.mx\/index.php?rest_route=\/wp\/v2\/users\/16"}],"replies":[{"embeddable":true,"href":"https:\/\/mexicocodigorojo.com.mx\/index.php?rest_route=%2Fwp%2Fv2%2Fcomments&post=59812"}],"version-history":[{"count":1,"href":"https:\/\/mexicocodigorojo.com.mx\/index.php?rest_route=\/wp\/v2\/posts\/59812\/revisions"}],"predecessor-version":[{"id":59814,"href":"https:\/\/mexicocodigorojo.com.mx\/index.php?rest_route=\/wp\/v2\/posts\/59812\/revisions\/59814"}],"wp:featuredmedia":[{"embeddable":true,"href":"https:\/\/mexicocodigorojo.com.mx\/index.php?rest_route=\/wp\/v2\/media\/59813"}],"wp:attachment":[{"href":"https:\/\/mexicocodigorojo.com.mx\/index.php?rest_route=%2Fwp%2Fv2%2Fmedia&parent=59812"}],"wp:term":[{"taxonomy":"category","embeddable":true,"href":"https:\/\/mexicocodigorojo.com.mx\/index.php?rest_route=%2Fwp%2Fv2%2Fcategories&post=59812"},{"taxonomy":"post_tag","embeddable":true,"href":"https:\/\/mexicocodigorojo.com.mx\/index.php?rest_route=%2Fwp%2Fv2%2Ftags&post=59812"}],"curies":[{"name":"wp","href":"https:\/\/api.w.org\/{rel}","templated":true}]}}