{"id":59345,"date":"2024-03-23T15:51:58","date_gmt":"2024-03-23T21:51:58","guid":{"rendered":"https:\/\/mexicocodigorojo.com.mx\/?p=59345"},"modified":"2024-03-23T15:51:58","modified_gmt":"2024-03-23T21:51:58","slug":"dieciocho-de-las-personas-secuestradas-en-culiacan-fueron-liberadas","status":"publish","type":"post","link":"https:\/\/mexicocodigorojo.com.mx\/?p=59345","title":{"rendered":"Dieciocho de las personas secuestradas en Culiac\u00e1n fueron liberadas"},"content":{"rendered":"<p>De las 40 personas \u201clevantadas\u201d durante las primeras horas del viernes 22, 18 de ellas han sido liberadas por sus captores, inform\u00f3 el secretario de Seguridad de Sinaloa, Gerardo M\u00e9rida S\u00e1nchez.<\/p>\n<p>El funcionario estatal dio a conocer estas cifras sobre las liberaciones, las cuales ocurrieron alrededor de las 4:30 de la ma\u00f1ana en las colonias Barrancos y Centro de Culiac\u00e1n.<\/p>\n<p>Las personas liberadas forman parte de las familias \u201clevantadas\u201d en las comunidades de La Noria y la colonia El Palmito, y todas ellas forman parte de un par de carpetas de investigaci\u00f3n iniciadas por la Fiscal\u00eda General del Estado.<\/p>\n<p>Esta informaci\u00f3n la confirm\u00f3 al medio local L\u00ednea Directa mediante entrevista telef\u00f3nica.<\/p>\n<p>En la comunidad de la Noria, al nororiente de Culiac\u00e1n, fueron levantadas 15 personas, de las cuales 13 fueron liberadas, entre los que se encuentran mujeres y menores de edad.<\/p>\n<p>Previamente, M\u00e9rida S\u00e1nchez daba un c\u00e1lculo preliminar de 25 personas privadas de su libertad en diferentes hechos casi de manera simult\u00e1nea en colonias de Culiac\u00e1n y en comunidades rurales.<\/p>\n<p><strong>Te puede interesar:<\/strong>\u00a0<a href=\"https:\/\/mexicocodigorojo.com.mx\/?p=58730\" target=\"_blank\" rel=\"noopener\">VIDEO Sicarios tumban mas de 100 camaras en 2 dias en Culiac\u00e1n Sinaloa<\/a><\/p>\n<p>Sin embargo, reportes extraoficiales y notas period\u00edsticas dan cuenta de que son al menos 40 personas las que fueron \u201clevantadas\u201d.<\/p>\n<p>Estos hechos se dieron a 24 horas de un enfrentamiento entre grupos armados en la sierra de Badiraguato en donde tres civiles resultaron asesinados, uno calcinado y dos con sus cabezas cercenadas.<\/p>\n<p>En el lugar del enfrentamiento, autoridades encontraron las cabezas de las v\u00edctimas con un mensaje firmado con las iniciales \u201cGDG\u201d, utilizadas por Aureliano Guzm\u00e1n Loera \u201cEl Guano\u201d, hermano del capo del C\u00e1rtel de Sinaloa, Joaqu\u00edn \u201cEl Chapo\u201d Guzm\u00e1n.<\/p>\n<p>El mismo viernes tras los levantones arribaron a Culiac\u00e1n 600 elementos del Ej\u00e9rcito y 300 de la Guardia Nacional para reforzar sobre todo los operativos de b\u00fasqueda, seg\u00fan explic\u00f3 el mismo M\u00e9rida S\u00e1nchez.<\/p>\n<p>Sobre estos hechos, el funcionario descart\u00f3 que se est\u00e9n enfrentando hechos similares a los de los dos \u201cCuliacanazos\u201d ocurridos en 2023 y 2019 durante operativos para capturar a Ovidio Guzm\u00e1n, hijo de \u201cEl Chapo\u201d, en donde los enfrentamientos provocaron que la ciudad se paralizara con bloqueos y enfrentamientos sobre todo en la zona norte\u00a0de\u00a0Culiac\u00e1n.<\/p>\n<h1 class=\"titular\">Secuestros en Culiac\u00e1n, otro cap\u00edtulo del enfrentamiento entre \u201cEl Guano\u201d y \u201cLos Chapitos\u201d<\/h1>\n<p>A escasos cien d\u00edas de la muerte de la matriarca del clan de la familia Guzm\u00e1n Loera, Consuelo Loera, la disputa familiar entre su hijo Aureliano Guzm\u00e1n, conocido como \u201cEl Guano\u201d, y sus nietos \u201cLos Chapitos\u201d, ha llegado a uno de los puntos m\u00e1s violentos en su disputa por el control del Tri\u00e1ngulo Dorado del narcotr\u00e1fico.<\/p>\n<p>La disputa se da en el marco de la \u00faltima visita del presidente Andr\u00e9s Manuel L\u00f3pez Obrador a Culiac\u00e1n, Sinaloa, y a solo dos semanas de que acuda a Mazatl\u00e1n a apreciar el eclipse total de sol que se registrar\u00e1 el pr\u00f3ximo 8 de abril.<\/p>\n<p>En la madrugada del 21 de marzo, en Badiraguato, zona dominada por \u201cEl Guano\u201d, aparecieron tres cuerpos calcinados \u2013dos de ellos decapitados\u2013 despu\u00e9s de un enfrentamiento entre sicarios de la misma familia: uno bajo el mando de \u201cEl Guano\u201d y otro a las \u00f3rdenes de Iv\u00e1n Archivaldo, el hijo mayor del narcotraficante Joaqu\u00edn Guzm\u00e1n Loera, preso en Estado Unidos.<\/p>\n<p><strong>Te puede interesar:<\/strong>\u00a0<a href=\"https:\/\/mexicocodigorojo.com.mx\/?p=59300\" target=\"_blank\" rel=\"noopener\">Vinculan a proceso a David \u2018A\u2019 por transportar fentanilo en Culiac\u00e1n<\/a><\/p>\n<p>De acuerdo con fuentes oficiales consultadas, los muertos pertenec\u00edan al grupo de \u201cLos Chapitos\u201d.<\/p>\n<p>Esto fue solo el parteaguas de la desaparici\u00f3n de los 39 integrantes de varias familias que fueron sacados, sometidos y llevados en contra su voluntad con rumbo desconocido por sujetos armados que irrumpieron en sus inmuebles durante el transcurso de la madrugada de este viernes 22 de marzo.<\/p>\n<p>Seg\u00fan reportes a las autoridades, en El Palmito fueron levantados Ricardo, de 28 a\u00f1os; Abigail, de 30; Manuel, de 11; Ricardo, de 2 y H\u00e9ctor, de 6 a\u00f1os, quienes fueron sorprendidos mientras dorm\u00edan en su domicilio que se ubica por calle Toltecas y Jos\u00e9 Natividad Mac\u00edas, en la colonia Industrial El Palmito.<\/p>\n<p>Vecinos narraron a las autoridades que durante la madrugada de este viernes se escucharon golpes y gritos en el domicilio mencionado, pero por temor no salieron de sus inmuebles hasta el amanecer, cuando observaron que la entrada a la vivienda estaba forzada.<\/p>\n<p>Otros testigos dijeron haber visto hombres armados que se llevaron por la fuerza a sus vecinos.<\/p>\n<p>El otro inmueble donde se llevaron a siete integrantes de una familia se localiza por la calle Hermosa y Covina del fraccionamiento Los \u00c1ngeles y, de acuerdo con los informes, los privados de la libertad son Yohana, de 27 a\u00f1os; Gabriela, de 32; Valent\u00edn, de 9; Gael, de 6; Axel, de 12; Mateo, de 11, y Regina de 32 a\u00f1os.<\/p>\n<p>Sus familiares narraron que les estuvieron llamando durante esta ma\u00f1ana y no contestaron sus tel\u00e9fonos celulares, hasta que fueron a buscarlos y encontraron las chapas de las puertas forzadas.<\/p>\n<p>Otro es un inmueble del fraccionamiento Belcanto, ubicado por el libramiento Benito Ju\u00e1rez, La Costerita, al sur del sector Barrancos, de donde seg\u00fan redes sociales, desapareci\u00f3 una agente de la Guardia Nacional y su familia.<\/p>\n<p>Otra es una vivienda en el fraccionamiento Villa Bonita, de la que hasta el momento no se ha dado a conocer cu\u00e1ntas personas fueron privadas de su libertad, aunque de manera extraoficial se dijo que ya los hab\u00edan liberado.<\/p>\n<p>Otro inmueble se localiza por la carretera a la altura del ejido Plan de Oriente, de donde se llevaron a seis integrantes de una familia, entre los que se encuentran dos ni\u00f1as, dos adolescentes y dos personas adultas.<\/p>\n<p>En el poblado de La Noria, sindicatura de Imala, hay tres domicilios de donde se llevaron a 16 personas.<\/p>\n<p>Hasta pasadas las 15:00 horas de este viernes 22, el gobernador morenista Rub\u00e9n Rocha Moya insist\u00eda en negar los hechos:<\/p>\n<p>\u201cRespecto a los hechos difundidos en medios de comunicaci\u00f3n, presuntamente ocurridos esta ma\u00f1ana en diversas comunidades de Culiac\u00e1n, donde se refiere que integrantes de varias familias fueron privados de la libertad, se trata de versiones a\u00fan no confirmadas. Desde temprano, las autoridades de los tres niveles de gobierno estamos desarrollando, de manera coordinada, un operativo conjunto para esclarecer los hechos, y rescatar a toda persona privada de la libertad, si ese fuera el caso. En cualquier circunstancia, la vida y la integridad de las mujeres, ni\u00f1as y ni\u00f1os debe ser intocable. Estamos trabajando en ello\u201d.<\/p>\n<h2>La disputa por la herencia de \u201cEl Chapo\u201d Guzm\u00e1n<\/h2>\n<p>El ataque en contra de las familias fue el colof\u00f3n de un enfrentamiento previo en la sierra de Badiraguato, entre \u201cEl Guano\u201d y \u201cLos Chapitos\u201d.<\/p>\n<p>Desde ese d\u00eda, en redes sociales comenzaron a circular im\u00e1genes de los cuerpos, de un veh\u00edculo incendiado en un tramo carretero de la sierra de Badiraguato y de varias cartulinas con un narco mensaje: \u201cAs\u00ed le va a pasar a toda la bola de verga (Sic) que le busquen al Guano, ATT, GDG (Gente del Guano)\u201d, frente a dos cabezas humanas.<\/p>\n<p><img decoding=\"async\" src=\"https:\/\/pbs.twimg.com\/media\/GJN8vWeaoAAeThv?format=jpg&amp;name=medium\" alt=\"Imagen\" \/><\/p>\n<p>Los pobladores de la zona ubicada entre San Jos\u00e9 del Llano y Soyotita,\u00a0quienes ante el estruendo del enfrentamiento, que inici\u00f3 a las 4 de la ma\u00f1ana, alertaron a las autoridades.<\/p>\n<p>Elementos del Ej\u00e9rcito Mexicano se trasladaron a la zona localizando los tres cuerpos y un veh\u00edculo quemado y baleado.<\/p>\n<p>De acuerdo con fuentes militares consultadas, Aureliano Guzm\u00e1n exige el control del c\u00e1rtel que lideraba su hermano \u201cEl Chapo\u201d.<\/p>\n<p>Y por su parte, \u201cLos Chapitos\u201d, conocidos tambi\u00e9n como \u201cLos Menores\u201d, se asumen como los \u00fanicos herederos de la fracci\u00f3n del C\u00e1rtel del Pac\u00edfico que manejaba su padre al lado de Ismael \u201cEl Mayo\u201d Zambada. La meta de los hermanos es quedarse con el control total de la organizaci\u00f3n, desplazando incluso a Zambada.<\/p>\n<p><strong>Te puede interesar:<\/strong>\u00a0<a href=\"https:\/\/mexicocodigorojo.com.mx\/?p=59210\" target=\"_blank\" rel=\"noopener\">Detienen a Gilberto Mart\u00ednez Renter\u00eda alias \u2018El 50\u2019; operador del Mayo Zambada en Sonora<\/a><\/p>\n<p>A ello se suma que, desde 2021, las autoridades de Estados Unidos ofrecen una recompensa por \u201cEl Guano\u201d de 5 millones de d\u00f3lares.<\/p>\n<p>Incluso, a solo unos d\u00edas de la detenci\u00f3n de Ovidio Guzm\u00e1n, el 5 de enero de 2023, la atenci\u00f3n de las fuerzas federales mexicanas se centraron en atrapar a Aureliano Guzm\u00e1n.<\/p>\n<p>El 25 de febrero, tras un fuerte operativo en la zona serrana de Badiraguato, la Secretar\u00eda de Seguridad P\u00fablica de Sinaloa inform\u00f3 que detuvo a tres integrantes del C\u00e1rtel del Pac\u00edfico de la facci\u00f3n de Aureliano Guzm\u00e1n Loera.<\/p>\n<h2>EU adjudica a \u201cEl Guano\u201d la responsabilidad por sobredosis con fentanilo<\/h2>\n<p>Este narcotraficante tiene un papel fundamental en el tr\u00e1fico de hero\u00edna, fentanilo, metanfetamina y coca\u00edna a Estados Unidos.<\/p>\n<p>Las autoridades norteamericanas se\u00f1alan a \u201cEl Guano\u201d de operar, principalmente, en los estados de Chihuahua y Sinaloa.<\/p>\n<p>Una de las acusaciones del Departamento de Justicia de Estados Unidos se\u00f1ala que, en el tr\u00e1fico de fentanilo, \u201cEl Guano\u201d es responsable de m\u00e1s del 63 por ciento de las 96 mil 779 muertes por sobredosis de drogas en Estados Unidos entre marzo de 2020 y 2021.<\/p>\n<p>Aureliano Guzm\u00e1n fue designado responsable de las operaciones criminales en la sierra de Sinaloa tras la recaptura definitiva de su hermano en 2016. Dos d\u00edas antes, fuerzas federales realizaron un operativo en Tamazula, Durango, para capturarlo, pero fracasaron.<\/p>\n<p>El 28 agosto tambi\u00e9n del 2023, en otro intento fallido, elementos del Ej\u00e9rcito Mexicano cercaron nuevamente el municipio de Tamazula. En la cabecera municipal, as\u00ed como en poblaciones aleda\u00f1as, les pidieron no salir de sus casas, as\u00ed como suspender toda actividad econ\u00f3mica, social y escolar, pues cuentan con indicios de que \u201cEl Guano\u201d est\u00e1 en la zona liderando diversos enfrentamientos.<\/p>\n<p>Entonces se registraron fuertes balaceras en los montes cercanos a las localidades, que duraron varias horas.<\/p>\n<p>Los elementos de la Secretar\u00eda de la Defensa Nacional llegaron por v\u00eda a\u00e9rea y terrestre para patrullar la zona, brechas y cerros.<\/p>\n<p>En esa incursi\u00f3n se reportaron 12 muertos y un militar herido.<\/p>\n<p>Entonces, los pobladores de Tamazula sufrieron las consecuencias del operativo, se quejaron de que, por la b\u00fasqueda de \u201cEl Guano\u201d, fue cortada la se\u00f1al de los tel\u00e9fonos celulares desde las 2 de la tarde.<\/p>\n<h2>Env\u00edan a m\u00e1s de 600 militares a Sinaloa<\/h2>\n<p>Ante los hechos violentos ocurridos en las \u00faltimas horas, llegar\u00e1n a Sinaloa dos batallones de fuerzas especiales con m\u00e1s de 600 elementos armados y equipados con helic\u00f3pteros, con el fin de apoyar a las autoridades estatales en la b\u00fasqueda de las personas que fueron reportadas como levantadas.<\/p>\n<p>A esta jornada violenta que se da en v\u00edspera del eclipse total de sol que ser\u00e1 observado en Mazatl\u00e1n por el presidente Andr\u00e9s Manuel L\u00f3pez Obrador, los internautas la identifican como el Tercer Culiacanazo.<\/p>\n<p>Por la tarde, el gobernador Rocha Moya fue captado en un video traslad\u00e1ndose a trabajar por aire:<\/p>\n<p>\u201cPU\u00c9S NO DICE EL GOBERNADOR QUE NO PASA NADA EN CULIAC\u00c1N., ES TANTO SU MIEDO QUE MEJOR LO TRASLADAN DE SU CASA AL PALACIO DE GOBIERNO EN HELIC\u00d3PTERO\u201d, le reclaman en redes.<\/p>\n<p>Mientras tanto, fuentes de la Secretar\u00eda de Seguridad P\u00fablica estatal informaron que recomendaron a los elementos policiacos extremar precauciones ante una posible escalada de la violencia en Sinaloa.<\/p>\n<p>Esta nota incluye informaci\u00f3n de Proceso.<\/p>\n","protected":false},"excerpt":{"rendered":"<p>De las 40 personas \u201clevantadas\u201d durante las primeras horas del viernes 22, 18 de ellas han sido liberadas por sus captores, inform\u00f3 el secretario de Seguridad de Sinaloa, Gerardo M\u00e9rida S\u00e1nchez. El funcionario estatal dio a conocer estas cifras sobre las liberaciones, las cuales ocurrieron alrededor de las 4:30 de la ma\u00f1ana en las colonias [&hellip;]<\/p>\n","protected":false},"author":5,"featured_media":59346,"comment_status":"open","ping_status":"open","sticky":false,"template":"","format":"standard","meta":{"_uf_show_specific_survey":0,"_uf_disable_surveys":false,"advanced_seo_description":"","jetpack_seo_html_title":"","jetpack_seo_noindex":false,"jetpack_post_was_ever_published":false,"_jetpack_newsletter_access":"","_jetpack_dont_email_post_to_subs":false,"_jetpack_newsletter_tier_id":0,"_jetpack_memberships_contains_paywalled_content":false,"_jetpack_memberships_contains_paid_content":false,"footnotes":"","jetpack_publicize_message":"","jetpack_publicize_feature_enabled":true,"jetpack_social_post_already_shared":true,"jetpack_social_options":{"image_generator_settings":{"template":"highway","default_image_id":0,"font":"","enabled":false},"version":2}},"categories":[1724,41],"tags":[2171],"class_list":{"0":"post-59345","1":"post","2":"type-post","3":"status-publish","4":"format-standard","5":"has-post-thumbnail","7":"category-featured","8":"category-sinaloa","9":"tag-secuestro-2"},"jetpack_publicize_connections":[],"jetpack_featured_media_url":"https:\/\/i0.wp.com\/mexicocodigorojo.com.mx\/wp-content\/uploads\/2024\/03\/f960x540-567058_641133_5050.webp?fit=960%2C540&ssl=1","jetpack-related-posts":[{"id":52363,"url":"https:\/\/mexicocodigorojo.com.mx\/?p=52363","url_meta":{"origin":59345,"position":0},"title":"Suman tres las personas liberadas tras \u201clevant\u00f3n\u201d en hechos violentos de Caborca, Sonora","author":"MexicoRojoCvmx","date":"febrero 17, 2022","format":false,"excerpt":"Sonora- Sebasti\u00e1n Manr\u00edquez Verdugo, de 23 a\u00f1os de edad, hijo del locutor y periodista del mismo nombre y Eduardo Alejandro Uribe, fueron localizados sanos y a salvo, tras ser privados de la libertad, en los hechos violentos ocurridos en Caborca, Sonora. Con ellos suman ya tres personas liberadas de las\u2026","rel":"","context":"En \u00abFeatured\u00bb","block_context":{"text":"Featured","link":"https:\/\/mexicocodigorojo.com.mx\/?cat=1724"},"img":{"alt_text":"","src":"https:\/\/i0.wp.com\/mexicocodigorojo.com.mx\/wp-content\/uploads\/2022\/02\/Captura-de-pantalla-2022-02-17-141602.jpg?fit=1059%2C651&ssl=1&resize=350%2C200","width":350,"height":200,"srcset":"https:\/\/i0.wp.com\/mexicocodigorojo.com.mx\/wp-content\/uploads\/2022\/02\/Captura-de-pantalla-2022-02-17-141602.jpg?fit=1059%2C651&ssl=1&resize=350%2C200 1x, https:\/\/i0.wp.com\/mexicocodigorojo.com.mx\/wp-content\/uploads\/2022\/02\/Captura-de-pantalla-2022-02-17-141602.jpg?fit=1059%2C651&ssl=1&resize=525%2C300 1.5x, https:\/\/i0.wp.com\/mexicocodigorojo.com.mx\/wp-content\/uploads\/2022\/02\/Captura-de-pantalla-2022-02-17-141602.jpg?fit=1059%2C651&ssl=1&resize=700%2C400 2x, https:\/\/i0.wp.com\/mexicocodigorojo.com.mx\/wp-content\/uploads\/2022\/02\/Captura-de-pantalla-2022-02-17-141602.jpg?fit=1059%2C651&ssl=1&resize=1050%2C600 3x"},"classes":[]},{"id":21530,"url":"https:\/\/mexicocodigorojo.com.mx\/?p=21530","url_meta":{"origin":59345,"position":1},"title":"Abaten a dos y liberan a plagiados en Reynosa","author":"Staff","date":"agosto 8, 2019","format":false,"excerpt":"Al menos\u00a0dos\u00a0hombres\u00a0armados\u00a0abatidos y var\u00edas personas liberadas entre ellos menores de edad, es el saldo de un\u00a0enfrentamiento registrado la noche del domingo en una de las colonias del poniente de la ciudad. Los hechos se registraron a las 22:00 horas en la calle Vista Alegre de la colonia Vista Hermosa a\u2026","rel":"","context":"En \u00abTamaulipas\u00bb","block_context":{"text":"Tamaulipas","link":"https:\/\/mexicocodigorojo.com.mx\/?cat=2"},"img":{"alt_text":"","src":"https:\/\/i0.wp.com\/mexicocodigorojo.com.mx\/wp-content\/uploads\/2019\/08\/quefue2019080501-focus-min0.07-min0.05-628-524.jpg?fit=628%2C524&ssl=1&resize=350%2C200","width":350,"height":200,"srcset":"https:\/\/i0.wp.com\/mexicocodigorojo.com.mx\/wp-content\/uploads\/2019\/08\/quefue2019080501-focus-min0.07-min0.05-628-524.jpg?fit=628%2C524&ssl=1&resize=350%2C200 1x, https:\/\/i0.wp.com\/mexicocodigorojo.com.mx\/wp-content\/uploads\/2019\/08\/quefue2019080501-focus-min0.07-min0.05-628-524.jpg?fit=628%2C524&ssl=1&resize=525%2C300 1.5x"},"classes":[]},{"id":29104,"url":"https:\/\/mexicocodigorojo.com.mx\/?p=29104","url_meta":{"origin":59345,"position":2},"title":"Personal militar y de la PEP aseguran a 4 personas en posesi\u00f3n de granadas de fragmentaci\u00f3n en Culiac\u00e1n","author":"Staff","date":"diciembre 23, 2019","format":false,"excerpt":"Trabajos coordinados con el personal militar que se encuentra en apoyo a Sinaloa dieron este resulltado Culiac\u00e1n, Sinaloa, 22 de Diciembre de 2019.- Elementos de la Secretar\u00eda de la Defensa Nacional asignados en apoyo para Sinaloa, con motivo de los festejos de fin de a\u00f1o, en coordinaci\u00f3n con polic\u00edas estatales,\u2026","rel":"","context":"En \u00abSinaloa\u00bb","block_context":{"text":"Sinaloa","link":"https:\/\/mexicocodigorojo.com.mx\/?cat=41"},"img":{"alt_text":"","src":"https:\/\/i0.wp.com\/secureservercdn.net\/166.62.108.22\/cg1.af3.myftpupload.com\/wp-content\/uploads\/2019\/12\/2c4f8d9d-faf2-4c97-92c4-5c2f7e49ceef.jpg?resize=350%2C200&ssl=1","width":350,"height":200,"srcset":"https:\/\/i0.wp.com\/secureservercdn.net\/166.62.108.22\/cg1.af3.myftpupload.com\/wp-content\/uploads\/2019\/12\/2c4f8d9d-faf2-4c97-92c4-5c2f7e49ceef.jpg?resize=350%2C200&ssl=1 1x, https:\/\/i0.wp.com\/secureservercdn.net\/166.62.108.22\/cg1.af3.myftpupload.com\/wp-content\/uploads\/2019\/12\/2c4f8d9d-faf2-4c97-92c4-5c2f7e49ceef.jpg?resize=525%2C300&ssl=1 1.5x, https:\/\/i0.wp.com\/secureservercdn.net\/166.62.108.22\/cg1.af3.myftpupload.com\/wp-content\/uploads\/2019\/12\/2c4f8d9d-faf2-4c97-92c4-5c2f7e49ceef.jpg?resize=700%2C400&ssl=1 2x, https:\/\/i0.wp.com\/secureservercdn.net\/166.62.108.22\/cg1.af3.myftpupload.com\/wp-content\/uploads\/2019\/12\/2c4f8d9d-faf2-4c97-92c4-5c2f7e49ceef.jpg?resize=1050%2C600&ssl=1 3x"},"classes":[]},{"id":25651,"url":"https:\/\/mexicocodigorojo.com.mx\/?p=25651","url_meta":{"origin":59345,"position":3},"title":"Localizan tres cuerpos ejecutados en Culiac\u00e1n","author":"Staff","date":"octubre 18, 2019","format":false,"excerpt":"La ma\u00f1ana de este viernes fueron encontrados tres cuerpos sin vida, los cuales habr\u00edan sido alcanzado por las balas durante el ataque en Culiac\u00e1n En\u00a0Culiac\u00e1n, Sinaloa, la ma\u00f1ana de este viernes fueron encontrados\u00a0tres cuerpos sin vida, los cuales habr\u00edan sido alcanzado por las balas durante el\u00a0m\u00faltiple ataque\u00a0de un\u00a0grupo armado\u00a0que exig\u00edan\u2026","rel":"","context":"En \u00abSinaloa\u00bb","block_context":{"text":"Sinaloa","link":"https:\/\/mexicocodigorojo.com.mx\/?cat=41"},"img":{"alt_text":"","src":"https:\/\/i0.wp.com\/mexicocodigorojo.com.mx\/wp-content\/uploads\/2019\/10\/asesinato-en-culiacan.jpg?fit=980%2C550&ssl=1&resize=350%2C200","width":350,"height":200,"srcset":"https:\/\/i0.wp.com\/mexicocodigorojo.com.mx\/wp-content\/uploads\/2019\/10\/asesinato-en-culiacan.jpg?fit=980%2C550&ssl=1&resize=350%2C200 1x, https:\/\/i0.wp.com\/mexicocodigorojo.com.mx\/wp-content\/uploads\/2019\/10\/asesinato-en-culiacan.jpg?fit=980%2C550&ssl=1&resize=525%2C300 1.5x, https:\/\/i0.wp.com\/mexicocodigorojo.com.mx\/wp-content\/uploads\/2019\/10\/asesinato-en-culiacan.jpg?fit=980%2C550&ssl=1&resize=700%2C400 2x"},"classes":[]},{"id":61026,"url":"https:\/\/mexicocodigorojo.com.mx\/?p=61026","url_meta":{"origin":59345,"position":4},"title":"Hombre asesinado en un Hospital de Culiac\u00e1n; su&nbsp; camillero qued\u00f3 herido","author":"MCR","date":"mayo 23, 2024","format":false,"excerpt":"Culiac\u00e1n, Sinaloa.-\u00a0 El hombre que fue rematado por personas armadas en el hospital privado de la ciudad de Culiac\u00e1n ya fue identificado con el nombre de Ulises N, quien qued\u00f3 tendido en el \u00e1rea de urgencias de la unidad m\u00e9dica. Durante el atentado un camillero del hospital identificado como Jos\u00e9\u2026","rel":"","context":"En \u00abFeatured\u00bb","block_context":{"text":"Featured","link":"https:\/\/mexicocodigorojo.com.mx\/?cat=1724"},"img":{"alt_text":"","src":"https:\/\/i0.wp.com\/mexicocodigorojo.com.mx\/wp-content\/uploads\/2024\/05\/Urgencias-Militares-Policia-Estatal-Hospital-Angeles-Culiacan.jpeg.webp?fit=1200%2C900&ssl=1&resize=350%2C200","width":350,"height":200,"srcset":"https:\/\/i0.wp.com\/mexicocodigorojo.com.mx\/wp-content\/uploads\/2024\/05\/Urgencias-Militares-Policia-Estatal-Hospital-Angeles-Culiacan.jpeg.webp?fit=1200%2C900&ssl=1&resize=350%2C200 1x, https:\/\/i0.wp.com\/mexicocodigorojo.com.mx\/wp-content\/uploads\/2024\/05\/Urgencias-Militares-Policia-Estatal-Hospital-Angeles-Culiacan.jpeg.webp?fit=1200%2C900&ssl=1&resize=525%2C300 1.5x, https:\/\/i0.wp.com\/mexicocodigorojo.com.mx\/wp-content\/uploads\/2024\/05\/Urgencias-Militares-Policia-Estatal-Hospital-Angeles-Culiacan.jpeg.webp?fit=1200%2C900&ssl=1&resize=700%2C400 2x, https:\/\/i0.wp.com\/mexicocodigorojo.com.mx\/wp-content\/uploads\/2024\/05\/Urgencias-Militares-Policia-Estatal-Hospital-Angeles-Culiacan.jpeg.webp?fit=1200%2C900&ssl=1&resize=1050%2C600 3x"},"classes":[]},{"id":54191,"url":"https:\/\/mexicocodigorojo.com.mx\/?p=54191","url_meta":{"origin":59345,"position":5},"title":"Asesinan a cuatro personas en Ahome y Culiac\u00e1n","author":"Staff","date":"septiembre 29, 2022","format":false,"excerpt":"Culiac\u00e1n, Sin.\u2014\u00a0Cuatro personas fueron\u00a0asesinadas en un lapso de tres horas, en los\u00a0municipios\u00a0de Ahome y Culiac\u00e1n; una de las v\u00edctimas es Mar\u00eda Isidra \u201cN\u201d, de 34 a\u00f1os, cuyo cuerpo con impactos de bala fue encontrado en una calle de la colonia L\u00f3pez Mateos, de la ciudad de los Mochis. Las autoridades\u2026","rel":"","context":"En \u00abFeatured\u00bb","block_context":{"text":"Featured","link":"https:\/\/mexicocodigorojo.com.mx\/?cat=1724"},"img":{"alt_text":"","src":"https:\/\/i0.wp.com\/mexicocodigorojo.com.mx\/wp-content\/uploads\/2022\/09\/cuatro_homicidios_en_tres_horas_sinaloa.jpg?fit=1201%2C740&ssl=1&resize=350%2C200","width":350,"height":200,"srcset":"https:\/\/i0.wp.com\/mexicocodigorojo.com.mx\/wp-content\/uploads\/2022\/09\/cuatro_homicidios_en_tres_horas_sinaloa.jpg?fit=1201%2C740&ssl=1&resize=350%2C200 1x, https:\/\/i0.wp.com\/mexicocodigorojo.com.mx\/wp-content\/uploads\/2022\/09\/cuatro_homicidios_en_tres_horas_sinaloa.jpg?fit=1201%2C740&ssl=1&resize=525%2C300 1.5x, https:\/\/i0.wp.com\/mexicocodigorojo.com.mx\/wp-content\/uploads\/2022\/09\/cuatro_homicidios_en_tres_horas_sinaloa.jpg?fit=1201%2C740&ssl=1&resize=700%2C400 2x, https:\/\/i0.wp.com\/mexicocodigorojo.com.mx\/wp-content\/uploads\/2022\/09\/cuatro_homicidios_en_tres_horas_sinaloa.jpg?fit=1201%2C740&ssl=1&resize=1050%2C600 3x"},"classes":[]}],"jetpack_sharing_enabled":true,"jetpack_likes_enabled":true,"jetpack_shortlink":"https:\/\/wp.me\/p9TedA-frb","_links":{"self":[{"href":"https:\/\/mexicocodigorojo.com.mx\/index.php?rest_route=\/wp\/v2\/posts\/59345","targetHints":{"allow":["GET"]}}],"collection":[{"href":"https:\/\/mexicocodigorojo.com.mx\/index.php?rest_route=\/wp\/v2\/posts"}],"about":[{"href":"https:\/\/mexicocodigorojo.com.mx\/index.php?rest_route=\/wp\/v2\/types\/post"}],"author":[{"embeddable":true,"href":"https:\/\/mexicocodigorojo.com.mx\/index.php?rest_route=\/wp\/v2\/users\/5"}],"replies":[{"embeddable":true,"href":"https:\/\/mexicocodigorojo.com.mx\/index.php?rest_route=%2Fwp%2Fv2%2Fcomments&post=59345"}],"version-history":[{"count":1,"href":"https:\/\/mexicocodigorojo.com.mx\/index.php?rest_route=\/wp\/v2\/posts\/59345\/revisions"}],"predecessor-version":[{"id":59347,"href":"https:\/\/mexicocodigorojo.com.mx\/index.php?rest_route=\/wp\/v2\/posts\/59345\/revisions\/59347"}],"wp:featuredmedia":[{"embeddable":true,"href":"https:\/\/mexicocodigorojo.com.mx\/index.php?rest_route=\/wp\/v2\/media\/59346"}],"wp:attachment":[{"href":"https:\/\/mexicocodigorojo.com.mx\/index.php?rest_route=%2Fwp%2Fv2%2Fmedia&parent=59345"}],"wp:term":[{"taxonomy":"category","embeddable":true,"href":"https:\/\/mexicocodigorojo.com.mx\/index.php?rest_route=%2Fwp%2Fv2%2Fcategories&post=59345"},{"taxonomy":"post_tag","embeddable":true,"href":"https:\/\/mexicocodigorojo.com.mx\/index.php?rest_route=%2Fwp%2Fv2%2Ftags&post=59345"}],"curies":[{"name":"wp","href":"https:\/\/api.w.org\/{rel}","templated":true}]}}