{"id":59317,"date":"2024-03-22T14:04:17","date_gmt":"2024-03-22T20:04:17","guid":{"rendered":"https:\/\/mexicocodigorojo.com.mx\/?p=59317"},"modified":"2024-03-22T14:04:17","modified_gmt":"2024-03-22T20:04:17","slug":"asesinan-a-marco-antonio-alvear-presidente-del-instituto-de-transparencia","status":"publish","type":"post","link":"https:\/\/mexicocodigorojo.com.mx\/?p=59317","title":{"rendered":"Asesinan a Marco Antonio Alvear, presidente del instituto de transparencia"},"content":{"rendered":"<p>La tarde de este jueves se registr\u00f3 el asesinato a balazos de Marco Antonio Alvear, presidente del Instituto Morelense de Informaci\u00f3n P\u00fablica y Estad\u00edstica (IMIPE), mientras circulaba a bordo de su veh\u00edculo por las inmediaciones del Z\u00f3calo de Cuernavaca.<\/p>\n<p>Los primeros reportes indican que el ataque fue directo y los agresores huyeron a bordo de un veh\u00edculo compacto.<\/p>\n<p>Hasta el lugar llegaron elementos de la polic\u00eda municipal de Cuernavaca, Morelos, quienes resguardaron la zona del ataque para iniciar con las primeras diligencias.<\/p>\n<p>El comisionado presidente del Instituto Nacional de Transparencia, Acceso a la Informaci\u00f3n y Protecci\u00f3n de Datos Personales (INAI), Adrian Alcal\u00e1, conden\u00f3 el crimen y exigi\u00f3 pronta respuesta a las autoridades morelenses.<\/p>\n<blockquote class=\"twitter-tweet\" data-width=\"550\" data-dnt=\"true\">\n<p lang=\"es\" dir=\"ltr\">\u26ab\ufe0fHago un en\u00e9rgico llamado a las autoridades correspondientes del estado de <a href=\"https:\/\/twitter.com\/hashtag\/Morelos?src=hash&amp;ref_src=twsrc%5Etfw\">#Morelos<\/a> para que se esclarezca la muerte de nuestro colega Marco Antonio Alvear S\u00e1nchez, Comisionado Presidente del <a href=\"https:\/\/twitter.com\/_IMIPE?ref_src=twsrc%5Etfw\">@_IMIPE<\/a>.<\/p>\n<p>Env\u00edo mis sentidas condolencias a sus familiares. <a href=\"https:\/\/t.co\/fsXT9F0IIr\">pic.twitter.com\/fsXT9F0IIr<\/a><\/p>\n<p>&mdash; Adri\u00e1n Alcal\u00e1 (@AdrianAlcala75) <a href=\"https:\/\/twitter.com\/AdrianAlcala75\/status\/1770960288323666146?ref_src=twsrc%5Etfw\">March 21, 2024<\/a><\/p><\/blockquote>\n<p><script async src=\"https:\/\/platform.twitter.com\/widgets.js\" charset=\"utf-8\"><\/script><\/p>\n<article id=\"block-0\" class=\"BlocksArticleFirstItem\">\n<div class=\"BlocksArticleFirstItem-body\">\n<h2 class=\"cms-Subtitulos-Subtitulo1\">Gobernador condena asesinato<\/h2>\n<p>&nbsp;<\/p>\n<p>El\u00a0<b>gobernador de Morelos<\/b>,\u00a0<b>Cuauht\u00e9moc Blanco,<\/b>\u00a0conden\u00f3 los hechos y env\u00edo condolencias a los familiares.<\/p>\n<p>&nbsp;<\/p>\n<blockquote class=\"twitter-tweet\" data-width=\"550\" data-dnt=\"true\">\n<p lang=\"es\" dir=\"ltr\">Lamento profundamente el cobarde asesinato de Marco Alvear, quien en vida se desempe\u00f1aba como comisionado presidente del IMIPE. <\/p>\n<p>Env\u00edo mis m\u00e1s sinceras condolencias a familiares y amigos. <a href=\"https:\/\/t.co\/UzRpbEQcKJ\">pic.twitter.com\/UzRpbEQcKJ<\/a><\/p>\n<p>&mdash; Cuauht\u00e9moc Blanco (@cuauhtemocb10) <a href=\"https:\/\/twitter.com\/cuauhtemocb10\/status\/1770956119101313198?ref_src=twsrc%5Etfw\">March 21, 2024<\/a><\/p><\/blockquote>\n<p><script async src=\"https:\/\/platform.twitter.com\/widgets.js\" charset=\"utf-8\"><\/script><\/p>\n<p>&nbsp;<\/p>\n<h2 class=\"cms-Subtitulos-Subtitulo1\">\u00bfQui\u00e9n era Marco Antonio Alvear?<\/h2>\n<p>&nbsp;<\/p>\n<p>Adem\u00e1s de desempe\u00f1arse como presidente del IMIPE, contaba con una especialidad en Derecho constitucional y era Maestro en Derecho por parte de la Universidad Nacional Aut\u00f3noma de M\u00e9xico (UNAM), adem\u00e1s de un doctorado por el Instituto Internacional del Derecho y el Estado.<\/p>\n<div class=\"Enhancement\">\n<figure class=\"Figure\">\n<p><figure style=\"width: 600px\" class=\"wp-caption alignnone\"><img loading=\"lazy\" decoding=\"async\" class=\" lazyloaded\" src=\"https:\/\/cdn-3.expansion.mx\/dims4\/default\/0e1af50\/2147483647\/strip\/true\/crop\/854x854+0+0\/resize\/600x600!\/format\/webp\/quality\/60\/?url=https%3A%2F%2Fcdn-3.expansion.mx%2Fd8%2Fcf%2Fa7537d72478397a37e4d1b482fe1%2Fmarco-antonio-alvear.jpeg\" srcset=\"https:\/\/cdn-3.expansion.mx\/dims4\/default\/0e1af50\/2147483647\/strip\/true\/crop\/854x854+0+0\/resize\/600x600!\/format\/webp\/quality\/60\/?url=https%3A%2F%2Fcdn-3.expansion.mx%2Fd8%2Fcf%2Fa7537d72478397a37e4d1b482fe1%2Fmarco-antonio-alvear.jpeg 1x,https:\/\/cdn-3.expansion.mx\/dims4\/default\/1554ad7\/2147483647\/strip\/true\/crop\/854x854+0+0\/resize\/1200x1200!\/format\/webp\/quality\/60\/?url=https%3A%2F%2Fcdn-3.expansion.mx%2Fd8%2Fcf%2Fa7537d72478397a37e4d1b482fe1%2Fmarco-antonio-alvear.jpeg 2x\" alt=\"marco-antonio-alvear-.jpeg\" width=\"600\" height=\"600\" data-src=\"https:\/\/cdn-3.expansion.mx\/dims4\/default\/0e1af50\/2147483647\/strip\/true\/crop\/854x854+0+0\/resize\/600x600!\/format\/webp\/quality\/60\/?url=https%3A%2F%2Fcdn-3.expansion.mx%2Fd8%2Fcf%2Fa7537d72478397a37e4d1b482fe1%2Fmarco-antonio-alvear.jpeg\" data-srcset=\"https:\/\/cdn-3.expansion.mx\/dims4\/default\/0e1af50\/2147483647\/strip\/true\/crop\/854x854+0+0\/resize\/600x600!\/format\/webp\/quality\/60\/?url=https%3A%2F%2Fcdn-3.expansion.mx%2Fd8%2Fcf%2Fa7537d72478397a37e4d1b482fe1%2Fmarco-antonio-alvear.jpeg 1x,https:\/\/cdn-3.expansion.mx\/dims4\/default\/1554ad7\/2147483647\/strip\/true\/crop\/854x854+0+0\/resize\/1200x1200!\/format\/webp\/quality\/60\/?url=https%3A%2F%2Fcdn-3.expansion.mx%2Fd8%2Fcf%2Fa7537d72478397a37e4d1b482fe1%2Fmarco-antonio-alvear.jpeg 2x\" \/><figcaption class=\"wp-caption-text\">El presidente del Instituto Morelense de Informaci\u00f3n P\u00fablica y Estad\u00edstica, Marco Antonio Alvear, fue asesinado la tarde del jueves 21 de marzo del 2024. \/ La imagen corresponde a mayo del 2023.\u00a0(Foto: Facebook Marco Antonio Alvear)<\/figcaption><\/figure><figcaption class=\"Figure-info\"><\/figcaption><\/figure>\n<\/div>\n<p>Adem\u00e1s, contaba con una especializaci\u00f3n en Derecho Electoral por parte de la Escuela del Tribunal Electoral del Poder Judicial de la Federaci\u00f3n (TEPJF), as\u00ed como un curso de especializaci\u00f3n ante la Suprema Corte de Justicia de la Naci\u00f3n (SCJN), adem\u00e1s de un diplomado ante el Instituto de Investigaciones Jur\u00eddicas (IIJ) de la UNAM.<\/p>\n<p>Con informaci\u00f3n de Expansion Pol\u00edtica<\/p>\n<\/div>\n<\/article>\n<div class=\"sidebar\">\n<aside class=\"BlocksArticleFirstItem-aside\" data-asidewell=\"\">\n<div class=\"GoogleDfpAd-wrap\" data-module=\"\" data-hide-timeout=\"0\" data-button-delay=\"0\">\n<div id=\"adn-lateral-2\" class=\"is-dfp GoogleDfpAd\" data-ad-name=\"adn-lateral-2\" data-slot-name=\"72776159\/es.gex.adnpolitico\/lateral-dos\/estados\" data-slot-targeting=\"{&quot;pos&quot;:&quot;2&quot;}\" data-google-query-id=\"CIHihI_UiIUDFUiJrgUd8XcGqQ\">\n<div id=\"google_ads_iframe_\/72776159\/es.gex.adnpolitico\/lateral-dos_0__container__\"><\/div>\n<\/div>\n<\/div>\n<\/aside>\n<\/div>\n","protected":false},"excerpt":{"rendered":"<p>La tarde de este jueves se registr\u00f3 el asesinato a balazos de Marco Antonio Alvear, presidente del Instituto Morelense de Informaci\u00f3n P\u00fablica y Estad\u00edstica (IMIPE), mientras circulaba a bordo de su veh\u00edculo por las inmediaciones del Z\u00f3calo de Cuernavaca. Los primeros reportes indican que el ataque fue directo y los agresores huyeron a bordo de [&hellip;]<\/p>\n","protected":false},"author":5,"featured_media":59318,"comment_status":"open","ping_status":"open","sticky":false,"template":"","format":"standard","meta":{"_uf_show_specific_survey":0,"_uf_disable_surveys":false,"advanced_seo_description":"","jetpack_seo_html_title":"","jetpack_seo_noindex":false,"jetpack_post_was_ever_published":false,"_jetpack_newsletter_access":"","_jetpack_dont_email_post_to_subs":false,"_jetpack_newsletter_tier_id":0,"_jetpack_memberships_contains_paywalled_content":false,"_jetpack_memberships_contains_paid_content":false,"footnotes":"","jetpack_publicize_message":"","jetpack_publicize_feature_enabled":true,"jetpack_social_post_already_shared":true,"jetpack_social_options":{"image_generator_settings":{"template":"highway","default_image_id":0,"font":"","enabled":false},"version":2}},"categories":[1724],"tags":[858],"class_list":{"0":"post-59317","1":"post","2":"type-post","3":"status-publish","4":"format-standard","5":"has-post-thumbnail","7":"category-featured","8":"tag-homicidio"},"jetpack_publicize_connections":[],"jetpack_featured_media_url":"https:\/\/i0.wp.com\/mexicocodigorojo.com.mx\/wp-content\/uploads\/2024\/03\/marcoantonio.webp?fit=1800%2C1148&ssl=1","jetpack-related-posts":[{"id":23374,"url":"https:\/\/mexicocodigorojo.com.mx\/?p=23374","url_meta":{"origin":59317,"position":0},"title":"Balean a \u2018El Tom\u2019 del &#8216;CJNG&#8217; en Cuernavaca, Morelos","author":"Staff","date":"septiembre 10, 2019","format":false,"excerpt":"El veh\u00edculo donde se transportaba \u2018El Tom\u2019 result\u00f3 con al menos 30 impactos de bala, de los cuales, tres dieron blanco en el presunto lugarteniente del CJNG. Sujetos armados balearon a Marco Antonio Porcayo, alias \u2018El Tom\u2019, quien es identificado como lugarteniente de Abel Maya, l\u00edder del c\u00e1rtel Jalisco Nueva\u2026","rel":"","context":"En \u00abFeatured\u00bb","block_context":{"text":"Featured","link":"https:\/\/mexicocodigorojo.com.mx\/?cat=1724"},"img":{"alt_text":"","src":"https:\/\/i0.wp.com\/mexicocodigorojo.com.mx\/wp-content\/uploads\/2019\/09\/baleado-tom-cjng-667x405.jpeg?fit=667%2C405&ssl=1&resize=350%2C200","width":350,"height":200,"srcset":"https:\/\/i0.wp.com\/mexicocodigorojo.com.mx\/wp-content\/uploads\/2019\/09\/baleado-tom-cjng-667x405.jpeg?fit=667%2C405&ssl=1&resize=350%2C200 1x, https:\/\/i0.wp.com\/mexicocodigorojo.com.mx\/wp-content\/uploads\/2019\/09\/baleado-tom-cjng-667x405.jpeg?fit=667%2C405&ssl=1&resize=525%2C300 1.5x"},"classes":[]},{"id":32142,"url":"https:\/\/mexicocodigorojo.com.mx\/?p=32142","url_meta":{"origin":59317,"position":1},"title":"Matan a exmilitar y lesionan a su hijo en Cuernavaca","author":"Staff","date":"febrero 5, 2020","format":false,"excerpt":"Las v\u00edctimas identificadas como Arturo \u201cN\u201d, de 46 a\u00f1os, y su hijo Jos\u00e9 \u201cN\u201d, de 15, fueron atacados con una navaja por los agresores En el\u00a0Paso Express de Cuernavaca\u00a0fue asesinado un\u00a0exmilitar\u00a0y su\u00a0hijo menor de edad\u00a0fue herido, durante un\u00a0ataque\u00a0cometido por dos hombres y una mujer. Las v\u00edctimas identificadas como Arturo \u2018N\u2019,\u2026","rel":"","context":"En \u00abFeatured\u00bb","block_context":{"text":"Featured","link":"https:\/\/mexicocodigorojo.com.mx\/?cat=1724"},"img":{"alt_text":"","src":"https:\/\/i0.wp.com\/mexicocodigorojo.com.mx\/wp-content\/uploads\/2020\/02\/matan-a-militar.jpg?fit=980%2C550&ssl=1&resize=350%2C200","width":350,"height":200,"srcset":"https:\/\/i0.wp.com\/mexicocodigorojo.com.mx\/wp-content\/uploads\/2020\/02\/matan-a-militar.jpg?fit=980%2C550&ssl=1&resize=350%2C200 1x, https:\/\/i0.wp.com\/mexicocodigorojo.com.mx\/wp-content\/uploads\/2020\/02\/matan-a-militar.jpg?fit=980%2C550&ssl=1&resize=525%2C300 1.5x, https:\/\/i0.wp.com\/mexicocodigorojo.com.mx\/wp-content\/uploads\/2020\/02\/matan-a-militar.jpg?fit=980%2C550&ssl=1&resize=700%2C400 2x"},"classes":[]},{"id":27920,"url":"https:\/\/mexicocodigorojo.com.mx\/?p=27920","url_meta":{"origin":59317,"position":2},"title":"Video: Escapa reo de hospital del IMSS en Cuernavaca","author":"Staff","date":"noviembre 28, 2019","format":false,"excerpt":"En Cuernavaca, Morelos, el reo C\u00e9sar Augusto Garc\u00eda Arias se fug\u00f3 de la cl\u00ednica 1 del IMSS; el hombre, sentenciado a 15 a\u00f1os de prisi\u00f3n, se encontraba en el \u00e1rea de traumatolog\u00eda. A trav\u00e9s de un comunicado, La Comisi\u00f3n Estatal de Seguridad P\u00fablica (CES) inform\u00f3 que la madrugada de este\u2026","rel":"","context":"En \u00abFeatured\u00bb","block_context":{"text":"Featured","link":"https:\/\/mexicocodigorojo.com.mx\/?cat=1724"},"img":{"alt_text":"","src":"https:\/\/i0.wp.com\/mexicocodigorojo.com.mx\/wp-content\/uploads\/2019\/11\/reo-se-esccapa-en-cuerna.jpg?fit=380%2C505&ssl=1&resize=350%2C200","width":350,"height":200},"classes":[]},{"id":43339,"url":"https:\/\/mexicocodigorojo.com.mx\/?p=43339","url_meta":{"origin":59317,"position":3},"title":"Detenciones por ataque en velorio de Cuernavaca","author":"Staff","date":"septiembre 24, 2020","format":false,"excerpt":"Uriel Carmona G\u00e1ndara asevera que en pr\u00f3ximos d\u00edas se girar\u00e1n \u00f3rdenes de aprehensi\u00f3n; reprograman comparecencia del funcionario ante el Congreso local El fiscal de Morelos,\u00a0Uriel Carmona G\u00e1ndara, asever\u00f3 esta tarde que en los pr\u00f3ximos d\u00edas se ejecutar\u00e1n las detenciones de los responsables por el multihomicidio perpetrado el pasado 1 de\u2026","rel":"","context":"En \u00abFeatured\u00bb","block_context":{"text":"Featured","link":"https:\/\/mexicocodigorojo.com.mx\/?cat=1724"},"img":{"alt_text":"","src":"https:\/\/i0.wp.com\/mexicocodigorojo.com.mx\/wp-content\/uploads\/2020\/09\/5f6d1feddb588.jpeg?fit=940%2C470&ssl=1&resize=350%2C200","width":350,"height":200,"srcset":"https:\/\/i0.wp.com\/mexicocodigorojo.com.mx\/wp-content\/uploads\/2020\/09\/5f6d1feddb588.jpeg?fit=940%2C470&ssl=1&resize=350%2C200 1x, https:\/\/i0.wp.com\/mexicocodigorojo.com.mx\/wp-content\/uploads\/2020\/09\/5f6d1feddb588.jpeg?fit=940%2C470&ssl=1&resize=525%2C300 1.5x, https:\/\/i0.wp.com\/mexicocodigorojo.com.mx\/wp-content\/uploads\/2020\/09\/5f6d1feddb588.jpeg?fit=940%2C470&ssl=1&resize=700%2C400 2x"},"classes":[]},{"id":60661,"url":"https:\/\/mexicocodigorojo.com.mx\/?p=60661","url_meta":{"origin":59317,"position":4},"title":"Ataque armado a Negocio deja saldo de 8 muertos en Huitzilac en Morelos","author":"MCR","date":"mayo 12, 2024","format":false,"excerpt":"El gobierno de Morelos confirm\u00f3 la muerte de 8 hombres, esto tras un ataque a balazos registrado en el barrio de San Juan, en el centro del municipio de Huitzilac, al norte de Morelos, durante la noche de este s\u00e1bado. El brutal ataque ocurri\u00f3 alrededor de las 10:00 pm, cuando\u2026","rel":"","context":"En \u00abFeatured\u00bb","block_context":{"text":"Featured","link":"https:\/\/mexicocodigorojo.com.mx\/?cat=1724"},"img":{"alt_text":"","src":"https:\/\/i0.wp.com\/mexicocodigorojo.com.mx\/wp-content\/uploads\/2024\/05\/huitzilac.jpeg?fit=1024%2C576&ssl=1&resize=350%2C200","width":350,"height":200,"srcset":"https:\/\/i0.wp.com\/mexicocodigorojo.com.mx\/wp-content\/uploads\/2024\/05\/huitzilac.jpeg?fit=1024%2C576&ssl=1&resize=350%2C200 1x, https:\/\/i0.wp.com\/mexicocodigorojo.com.mx\/wp-content\/uploads\/2024\/05\/huitzilac.jpeg?fit=1024%2C576&ssl=1&resize=525%2C300 1.5x, https:\/\/i0.wp.com\/mexicocodigorojo.com.mx\/wp-content\/uploads\/2024\/05\/huitzilac.jpeg?fit=1024%2C576&ssl=1&resize=700%2C400 2x"},"classes":[]},{"id":18381,"url":"https:\/\/mexicocodigorojo.com.mx\/?p=18381","url_meta":{"origin":59317,"position":5},"title":"RENUNCIA TITULAR DEL INSTITUTO NACIONAL DE MIGRACI\u00d3N","author":"Staff","date":"junio 14, 2019","format":false,"excerpt":"El doctor Tonatiuh Guill\u00e9n L\u00f3pez, renunci\u00f3 a su cargo como Comisionado El Instituto Nacional de Migraci\u00f3n (INM) inform\u00f3 que el doctor\u00a0Tonatiuh Guill\u00e9n L\u00f3pez, renunci\u00f3 a su cargo como Comisionado. Guill\u00e9n L\u00f3pez hab\u00eda sido designado desde el 1 de diciembre de 2018 como Comisionado del\u00a0Instituto Nacional de Migraci\u00f3n en M\u00e9xico\u00a0(INM). Su\u2026","rel":"","context":"En \u00abCiudad de M\u00e9xico\u00bb","block_context":{"text":"Ciudad de M\u00e9xico","link":"https:\/\/mexicocodigorojo.com.mx\/?cat=101"},"img":{"alt_text":"","src":"https:\/\/i0.wp.com\/mexicocodigorojo.com.mx\/wp-content\/uploads\/2019\/06\/Migracion-Titular.jpeg?fit=930%2C617&ssl=1&resize=350%2C200","width":350,"height":200,"srcset":"https:\/\/i0.wp.com\/mexicocodigorojo.com.mx\/wp-content\/uploads\/2019\/06\/Migracion-Titular.jpeg?fit=930%2C617&ssl=1&resize=350%2C200 1x, https:\/\/i0.wp.com\/mexicocodigorojo.com.mx\/wp-content\/uploads\/2019\/06\/Migracion-Titular.jpeg?fit=930%2C617&ssl=1&resize=525%2C300 1.5x, https:\/\/i0.wp.com\/mexicocodigorojo.com.mx\/wp-content\/uploads\/2019\/06\/Migracion-Titular.jpeg?fit=930%2C617&ssl=1&resize=700%2C400 2x"},"classes":[]}],"jetpack_sharing_enabled":true,"jetpack_likes_enabled":true,"jetpack_shortlink":"https:\/\/wp.me\/p9TedA-fqJ","_links":{"self":[{"href":"https:\/\/mexicocodigorojo.com.mx\/index.php?rest_route=\/wp\/v2\/posts\/59317","targetHints":{"allow":["GET"]}}],"collection":[{"href":"https:\/\/mexicocodigorojo.com.mx\/index.php?rest_route=\/wp\/v2\/posts"}],"about":[{"href":"https:\/\/mexicocodigorojo.com.mx\/index.php?rest_route=\/wp\/v2\/types\/post"}],"author":[{"embeddable":true,"href":"https:\/\/mexicocodigorojo.com.mx\/index.php?rest_route=\/wp\/v2\/users\/5"}],"replies":[{"embeddable":true,"href":"https:\/\/mexicocodigorojo.com.mx\/index.php?rest_route=%2Fwp%2Fv2%2Fcomments&post=59317"}],"version-history":[{"count":1,"href":"https:\/\/mexicocodigorojo.com.mx\/index.php?rest_route=\/wp\/v2\/posts\/59317\/revisions"}],"predecessor-version":[{"id":59319,"href":"https:\/\/mexicocodigorojo.com.mx\/index.php?rest_route=\/wp\/v2\/posts\/59317\/revisions\/59319"}],"wp:featuredmedia":[{"embeddable":true,"href":"https:\/\/mexicocodigorojo.com.mx\/index.php?rest_route=\/wp\/v2\/media\/59318"}],"wp:attachment":[{"href":"https:\/\/mexicocodigorojo.com.mx\/index.php?rest_route=%2Fwp%2Fv2%2Fmedia&parent=59317"}],"wp:term":[{"taxonomy":"category","embeddable":true,"href":"https:\/\/mexicocodigorojo.com.mx\/index.php?rest_route=%2Fwp%2Fv2%2Fcategories&post=59317"},{"taxonomy":"post_tag","embeddable":true,"href":"https:\/\/mexicocodigorojo.com.mx\/index.php?rest_route=%2Fwp%2Fv2%2Ftags&post=59317"}],"curies":[{"name":"wp","href":"https:\/\/api.w.org\/{rel}","templated":true}]}}