{"id":59273,"date":"2024-03-21T09:13:14","date_gmt":"2024-03-21T15:13:14","guid":{"rendered":"https:\/\/mexicocodigorojo.com.mx\/?p=59273"},"modified":"2024-03-21T09:13:14","modified_gmt":"2024-03-21T15:13:14","slug":"balacera-en-reynosa-deja-dos-detenidos","status":"publish","type":"post","link":"https:\/\/mexicocodigorojo.com.mx\/?p=59273","title":{"rendered":"Balacera en Reynosa deja dos detenidos"},"content":{"rendered":"\n<p>Reynosa, Tamaulipas.- En la noche de este mi\u00e9rcoles se report\u00f3 un enfrentamiento entre polic\u00edas estatales con civiles armados en una avenida muy concurrida de esta ciudad fronteriza, los hechos ocurrieron frente a las instalaciones de la Cruz Roja donde una camioneta GMC Sierra se impact\u00f3 con un poste. <\/p>\n\n\n\n<figure class=\"wp-block-image size-large\"><img data-recalc-dims=\"1\" loading=\"lazy\" decoding=\"async\" width=\"696\" height=\"928\" data-attachment-id=\"59270\" data-permalink=\"https:\/\/mexicocodigorojo.com.mx\/?attachment_id=59270\" data-orig-file=\"https:\/\/i0.wp.com\/mexicocodigorojo.com.mx\/wp-content\/uploads\/2024\/03\/16d6e4e8-7a9b-44e2-820e-b480a840a053-1.jpg?fit=960%2C1280&amp;ssl=1\" data-orig-size=\"960,1280\" data-comments-opened=\"1\" data-image-meta=\"{&quot;aperture&quot;:&quot;0&quot;,&quot;credit&quot;:&quot;&quot;,&quot;camera&quot;:&quot;&quot;,&quot;caption&quot;:&quot;&quot;,&quot;created_timestamp&quot;:&quot;1710995134&quot;,&quot;copyright&quot;:&quot;&quot;,&quot;focal_length&quot;:&quot;0&quot;,&quot;iso&quot;:&quot;0&quot;,&quot;shutter_speed&quot;:&quot;0&quot;,&quot;title&quot;:&quot;&quot;,&quot;orientation&quot;:&quot;1&quot;}\" data-image-title=\"16d6e4e8-7a9b-44e2-820e-b480a840a053-1\" data-image-description=\"\" data-image-caption=\"\" data-large-file=\"https:\/\/i0.wp.com\/mexicocodigorojo.com.mx\/wp-content\/uploads\/2024\/03\/16d6e4e8-7a9b-44e2-820e-b480a840a053-1.jpg?fit=696%2C928&amp;ssl=1\" src=\"https:\/\/i0.wp.com\/mexicocodigorojo.com.mx\/wp-content\/uploads\/2024\/03\/16d6e4e8-7a9b-44e2-820e-b480a840a053-1.jpg?resize=696%2C928&#038;ssl=1\" class=\"wp-image-59270\" srcset=\"https:\/\/i0.wp.com\/mexicocodigorojo.com.mx\/wp-content\/uploads\/2024\/03\/16d6e4e8-7a9b-44e2-820e-b480a840a053-1.jpg?resize=768%2C1024&amp;ssl=1 768w, https:\/\/i0.wp.com\/mexicocodigorojo.com.mx\/wp-content\/uploads\/2024\/03\/16d6e4e8-7a9b-44e2-820e-b480a840a053-1.jpg?resize=225%2C300&amp;ssl=1 225w, https:\/\/i0.wp.com\/mexicocodigorojo.com.mx\/wp-content\/uploads\/2024\/03\/16d6e4e8-7a9b-44e2-820e-b480a840a053-1.jpg?resize=315%2C420&amp;ssl=1 315w, https:\/\/i0.wp.com\/mexicocodigorojo.com.mx\/wp-content\/uploads\/2024\/03\/16d6e4e8-7a9b-44e2-820e-b480a840a053-1.jpg?resize=150%2C200&amp;ssl=1 150w, https:\/\/i0.wp.com\/mexicocodigorojo.com.mx\/wp-content\/uploads\/2024\/03\/16d6e4e8-7a9b-44e2-820e-b480a840a053-1.jpg?resize=300%2C400&amp;ssl=1 300w, https:\/\/i0.wp.com\/mexicocodigorojo.com.mx\/wp-content\/uploads\/2024\/03\/16d6e4e8-7a9b-44e2-820e-b480a840a053-1.jpg?resize=696%2C928&amp;ssl=1 696w, https:\/\/i0.wp.com\/mexicocodigorojo.com.mx\/wp-content\/uploads\/2024\/03\/16d6e4e8-7a9b-44e2-820e-b480a840a053-1.jpg?w=960&amp;ssl=1 960w\" sizes=\"auto, (max-width: 696px) 100vw, 696px\" \/><\/figure>\n\n\n\n<p>En la persecuci\u00f3n que inici\u00f3 frente al HEB del Bulevar Morelos fueron detenidos dos de los agresores por elementos de la Guardia Estatal. <\/p>\n\n\n\n<figure class=\"wp-block-image size-large\"><img data-recalc-dims=\"1\" loading=\"lazy\" decoding=\"async\" width=\"696\" height=\"440\" data-attachment-id=\"59272\" data-permalink=\"https:\/\/mexicocodigorojo.com.mx\/?attachment_id=59272\" data-orig-file=\"https:\/\/i0.wp.com\/mexicocodigorojo.com.mx\/wp-content\/uploads\/2024\/03\/faa8815e-4e29-405f-863b-66ed9f7dead4-1.jpg?fit=750%2C474&amp;ssl=1\" data-orig-size=\"750,474\" data-comments-opened=\"1\" data-image-meta=\"{&quot;aperture&quot;:&quot;0&quot;,&quot;credit&quot;:&quot;&quot;,&quot;camera&quot;:&quot;&quot;,&quot;caption&quot;:&quot;&quot;,&quot;created_timestamp&quot;:&quot;0&quot;,&quot;copyright&quot;:&quot;&quot;,&quot;focal_length&quot;:&quot;0&quot;,&quot;iso&quot;:&quot;0&quot;,&quot;shutter_speed&quot;:&quot;0&quot;,&quot;title&quot;:&quot;&quot;,&quot;orientation&quot;:&quot;1&quot;}\" data-image-title=\"faa8815e-4e29-405f-863b-66ed9f7dead4-1\" data-image-description=\"\" data-image-caption=\"\" data-large-file=\"https:\/\/i0.wp.com\/mexicocodigorojo.com.mx\/wp-content\/uploads\/2024\/03\/faa8815e-4e29-405f-863b-66ed9f7dead4-1.jpg?fit=696%2C440&amp;ssl=1\" src=\"https:\/\/i0.wp.com\/mexicocodigorojo.com.mx\/wp-content\/uploads\/2024\/03\/faa8815e-4e29-405f-863b-66ed9f7dead4-1.jpg?resize=696%2C440&#038;ssl=1\" class=\"wp-image-59272\" srcset=\"https:\/\/i0.wp.com\/mexicocodigorojo.com.mx\/wp-content\/uploads\/2024\/03\/faa8815e-4e29-405f-863b-66ed9f7dead4-1.jpg?w=750&amp;ssl=1 750w, https:\/\/i0.wp.com\/mexicocodigorojo.com.mx\/wp-content\/uploads\/2024\/03\/faa8815e-4e29-405f-863b-66ed9f7dead4-1.jpg?resize=300%2C190&amp;ssl=1 300w, https:\/\/i0.wp.com\/mexicocodigorojo.com.mx\/wp-content\/uploads\/2024\/03\/faa8815e-4e29-405f-863b-66ed9f7dead4-1.jpg?resize=665%2C420&amp;ssl=1 665w, https:\/\/i0.wp.com\/mexicocodigorojo.com.mx\/wp-content\/uploads\/2024\/03\/faa8815e-4e29-405f-863b-66ed9f7dead4-1.jpg?resize=150%2C95&amp;ssl=1 150w, https:\/\/i0.wp.com\/mexicocodigorojo.com.mx\/wp-content\/uploads\/2024\/03\/faa8815e-4e29-405f-863b-66ed9f7dead4-1.jpg?resize=696%2C440&amp;ssl=1 696w\" sizes=\"auto, (max-width: 696px) 100vw, 696px\" \/><\/figure>\n\n\n\n<p>La vocer\u00eda inform\u00f3 que autoridades reportaron la detenci\u00f3n de dos masculinos as\u00ed como el aseguramiento de una camioneta sierra con reporte de robo en Tamaulipas y el extranjero, que contaba en su interior con chalecos t\u00e1cticos, armas de fuego, fornituras y ponchallantas.<\/p>\n\n\n\n<p>Todo lo anterior fue puesto a disposici\u00f3n de las autoridades correspondientes.<\/p>\n\n\n\n<figure class=\"wp-block-embed is-type-rich is-provider-twitter wp-block-embed-twitter\"><div class=\"wp-block-embed__wrapper\">\n<blockquote class=\"twitter-tweet\" data-width=\"550\" data-dnt=\"true\"><p lang=\"es\" dir=\"ltr\">Tras agresi\u00f3n a Guardia Estatal <a href=\"https:\/\/twitter.com\/SSP_GobTam?ref_src=twsrc%5Etfw\">@SSP_GobTam<\/a> en <a href=\"https:\/\/twitter.com\/hashtag\/Reynosa?src=hash&amp;ref_src=twsrc%5Etfw\">#Reynosa<\/a> sobre el bulevar Morelos se atendi\u00f3 reporte de 4 civiles armados. Se logr\u00f3 detener a 2 al impactarse en con un poste. <a href=\"https:\/\/t.co\/lZjtdcw7KN\">pic.twitter.com\/lZjtdcw7KN<\/a><\/p>&mdash; ElGuzman (@FuriaNegra77) <a href=\"https:\/\/twitter.com\/FuriaNegra77\/status\/1770662550763347970?ref_src=twsrc%5Etfw\">March 21, 2024<\/a><\/blockquote><script async src=\"https:\/\/platform.twitter.com\/widgets.js\" charset=\"utf-8\"><\/script>\n<\/div><\/figure>\n","protected":false},"excerpt":{"rendered":"<p>Reynosa, Tamaulipas.- En la noche de este mi\u00e9rcoles se report\u00f3 un enfrentamiento entre polic\u00edas estatales con civiles armados en una avenida muy concurrida de esta ciudad fronteriza, los hechos ocurrieron frente a las instalaciones de la Cruz Roja donde una camioneta GMC Sierra se impact\u00f3 con un poste. En la persecuci\u00f3n que inici\u00f3 frente al [&hellip;]<\/p>\n","protected":false},"author":5,"featured_media":59271,"comment_status":"open","ping_status":"open","sticky":false,"template":"","format":"standard","meta":{"_uf_show_specific_survey":0,"_uf_disable_surveys":false,"advanced_seo_description":"","jetpack_seo_html_title":"","jetpack_seo_noindex":false,"jetpack_post_was_ever_published":false,"_jetpack_newsletter_access":"","_jetpack_dont_email_post_to_subs":false,"_jetpack_newsletter_tier_id":0,"_jetpack_memberships_contains_paywalled_content":false,"_jetpack_memberships_contains_paid_content":false,"footnotes":"","jetpack_publicize_message":"","jetpack_publicize_feature_enabled":true,"jetpack_social_post_already_shared":true,"jetpack_social_options":{"image_generator_settings":{"template":"highway","default_image_id":0,"font":"","enabled":false},"version":2}},"categories":[1724,2],"tags":[906],"class_list":{"0":"post-59273","1":"post","2":"type-post","3":"status-publish","4":"format-standard","5":"has-post-thumbnail","7":"category-featured","8":"category-tamaulipas","9":"tag-crimenorganizado"},"jetpack_publicize_connections":[],"jetpack_featured_media_url":"https:\/\/i0.wp.com\/mexicocodigorojo.com.mx\/wp-content\/uploads\/2024\/03\/318188ee-e470-4175-9d85-7de2e4713fa2-1.jpg?fit=1039%2C527&ssl=1","jetpack-related-posts":[{"id":44828,"url":"https:\/\/mexicocodigorojo.com.mx\/?p=44828","url_meta":{"origin":59273,"position":0},"title":"Balacera en Reynosa deja dos detenidos y veh\u00edculo asegurado","author":"Staff","date":"noviembre 2, 2020","format":false,"excerpt":"Reynosa, Tamaulipas. - El Gobierno de Tamaulipas a trav\u00e9s de la Secretar\u00eda de Seguridad P\u00fablica informa que, como parte de las acciones que se llevan a cabo en este municipio, la ma\u00f1ana de este lunes 2 de noviembre, personal de la Polic\u00eda Estatal recuperaron un veh\u00edculo con reporte de robo\u2026","rel":"","context":"En \u00abFeatured\u00bb","block_context":{"text":"Featured","link":"https:\/\/mexicocodigorojo.com.mx\/?cat=1724"},"img":{"alt_text":"","src":"https:\/\/i0.wp.com\/mexicocodigorojo.com.mx\/wp-content\/uploads\/2020\/11\/123581715_181406726801523_7356419777040920142_o.jpg?fit=1163%2C821&ssl=1&resize=350%2C200","width":350,"height":200,"srcset":"https:\/\/i0.wp.com\/mexicocodigorojo.com.mx\/wp-content\/uploads\/2020\/11\/123581715_181406726801523_7356419777040920142_o.jpg?fit=1163%2C821&ssl=1&resize=350%2C200 1x, https:\/\/i0.wp.com\/mexicocodigorojo.com.mx\/wp-content\/uploads\/2020\/11\/123581715_181406726801523_7356419777040920142_o.jpg?fit=1163%2C821&ssl=1&resize=525%2C300 1.5x, https:\/\/i0.wp.com\/mexicocodigorojo.com.mx\/wp-content\/uploads\/2020\/11\/123581715_181406726801523_7356419777040920142_o.jpg?fit=1163%2C821&ssl=1&resize=700%2C400 2x, https:\/\/i0.wp.com\/mexicocodigorojo.com.mx\/wp-content\/uploads\/2020\/11\/123581715_181406726801523_7356419777040920142_o.jpg?fit=1163%2C821&ssl=1&resize=1050%2C600 3x"},"classes":[]},{"id":13160,"url":"https:\/\/mexicocodigorojo.com.mx\/?p=13160","url_meta":{"origin":59273,"position":1},"title":"ASEGURADOS TRES VEH\u00cdCULOS Y DOS DETENIDOS EN REYNOSA","author":"Staff","date":"enero 28, 2019","format":false,"excerpt":"Reynosa, Tamaulipas (26 de enero de 2019). - La Polic\u00eda Federal informa que como resultado de las acciones de Coordinaci\u00f3n Interinstitucional entre las Fuerzas Federales y Estatales que se realizan en este municipio, llev\u00f3 a cabo este viernes 25 de enero en hechos distintos el aseguramiento de tres veh\u00edculos, dos\u2026","rel":"","context":"En \u00abTamaulipas\u00bb","block_context":{"text":"Tamaulipas","link":"https:\/\/mexicocodigorojo.com.mx\/?cat=2"},"img":{"alt_text":"","src":"https:\/\/i0.wp.com\/mexicocodigorojo.com.mx\/wp-content\/uploads\/2019\/01\/img-20190127-wa00957679457180240951363.jpg?fit=1034%2C725&ssl=1&resize=350%2C200","width":350,"height":200,"srcset":"https:\/\/i0.wp.com\/mexicocodigorojo.com.mx\/wp-content\/uploads\/2019\/01\/img-20190127-wa00957679457180240951363.jpg?fit=1034%2C725&ssl=1&resize=350%2C200 1x, https:\/\/i0.wp.com\/mexicocodigorojo.com.mx\/wp-content\/uploads\/2019\/01\/img-20190127-wa00957679457180240951363.jpg?fit=1034%2C725&ssl=1&resize=525%2C300 1.5x, https:\/\/i0.wp.com\/mexicocodigorojo.com.mx\/wp-content\/uploads\/2019\/01\/img-20190127-wa00957679457180240951363.jpg?fit=1034%2C725&ssl=1&resize=700%2C400 2x"},"classes":[]},{"id":60525,"url":"https:\/\/mexicocodigorojo.com.mx\/?p=60525","url_meta":{"origin":59273,"position":2},"title":"Agresi\u00f3n a polic\u00edas deja un abatido y dos detenidos en Reynosa","author":"Staff","date":"mayo 13, 2024","format":false,"excerpt":"Reynosa, Tamaulipas.- En una agresi\u00f3n a elementos de la Guardia Estatal en la zona centro de este municipio fronterizo, se reporta un agresor neutralizado y dos m\u00e1s detenidos con lesiones. Extraoficialmente el hospital general est\u00e1 resguardado por un fuerte despliegue de corporaciones al tratarse de un objetivo de alto rango,\u2026","rel":"","context":"En \u00abFeatured\u00bb","block_context":{"text":"Featured","link":"https:\/\/mexicocodigorojo.com.mx\/?cat=1724"},"img":{"alt_text":"","src":"https:\/\/i0.wp.com\/mexicocodigorojo.com.mx\/wp-content\/uploads\/2024\/05\/53fea2b6-08de-4080-9a96-3ffcf9677a8b-1.jpg?fit=956%2C1124&ssl=1&resize=350%2C200","width":350,"height":200,"srcset":"https:\/\/i0.wp.com\/mexicocodigorojo.com.mx\/wp-content\/uploads\/2024\/05\/53fea2b6-08de-4080-9a96-3ffcf9677a8b-1.jpg?fit=956%2C1124&ssl=1&resize=350%2C200 1x, https:\/\/i0.wp.com\/mexicocodigorojo.com.mx\/wp-content\/uploads\/2024\/05\/53fea2b6-08de-4080-9a96-3ffcf9677a8b-1.jpg?fit=956%2C1124&ssl=1&resize=525%2C300 1.5x, https:\/\/i0.wp.com\/mexicocodigorojo.com.mx\/wp-content\/uploads\/2024\/05\/53fea2b6-08de-4080-9a96-3ffcf9677a8b-1.jpg?fit=956%2C1124&ssl=1&resize=700%2C400 2x"},"classes":[]},{"id":34691,"url":"https:\/\/mexicocodigorojo.com.mx\/?p=34691","url_meta":{"origin":59273,"position":3},"title":"Balacera en Reynosa deja un muerto, un lesionado y tres detenidos","author":"Staff","date":"marzo 11, 2020","format":false,"excerpt":"Al menos un delincuente fue abatido por elementos de la Polic\u00eda Estatal luego de repeler una agresi\u00f3n sufrida en el bulevar Colosio donde se toparon con los hombres que se transportaban en una camioneta Grand Cherokee de color blanco. La persecuci\u00f3n culmin\u00f3 en el callej\u00f3n Campeche y calle Tamaulipas, en\u2026","rel":"","context":"En \u00abTamaulipas\u00bb","block_context":{"text":"Tamaulipas","link":"https:\/\/mexicocodigorojo.com.mx\/?cat=2"},"img":{"alt_text":"","src":"https:\/\/i0.wp.com\/secureservercdn.net\/166.62.108.22\/cg1.af3.myftpupload.com\/wp-content\/uploads\/2020\/03\/img_7855.jpg?resize=350%2C200&ssl=1","width":350,"height":200,"srcset":"https:\/\/i0.wp.com\/secureservercdn.net\/166.62.108.22\/cg1.af3.myftpupload.com\/wp-content\/uploads\/2020\/03\/img_7855.jpg?resize=350%2C200&ssl=1 1x, https:\/\/i0.wp.com\/secureservercdn.net\/166.62.108.22\/cg1.af3.myftpupload.com\/wp-content\/uploads\/2020\/03\/img_7855.jpg?resize=525%2C300&ssl=1 1.5x, https:\/\/i0.wp.com\/secureservercdn.net\/166.62.108.22\/cg1.af3.myftpupload.com\/wp-content\/uploads\/2020\/03\/img_7855.jpg?resize=700%2C400&ssl=1 2x"},"classes":[]},{"id":33173,"url":"https:\/\/mexicocodigorojo.com.mx\/?p=33173","url_meta":{"origin":59273,"position":4},"title":"Persecuci\u00f3n en Reynosa termina con dos detenidos","author":"Staff","date":"febrero 20, 2020","format":false,"excerpt":"Dos j\u00f3venes roban un veh\u00edculo para huir de las autoridades polic\u00edacas pero terminaron volc\u00e1ndose y destruyeron la unidad Dos\u00a0individuos j\u00f3venes que viajaban en una\u00a0camioneta\u00a0Volkswagen Saveiro que acababan de robar para huir en una situaci\u00f3n de riesgo que se dio al poniente de la ciudad, fueron\u00a0detenidos luego de volcarse aparatosamente en\u2026","rel":"","context":"En \u00abTamaulipas\u00bb","block_context":{"text":"Tamaulipas","link":"https:\/\/mexicocodigorojo.com.mx\/?cat=2"},"img":{"alt_text":"","src":"https:\/\/i0.wp.com\/mexicocodigorojo.com.mx\/wp-content\/uploads\/2020\/02\/yquemas202002200111.jpg?fit=628%2C419&ssl=1&resize=350%2C200","width":350,"height":200,"srcset":"https:\/\/i0.wp.com\/mexicocodigorojo.com.mx\/wp-content\/uploads\/2020\/02\/yquemas202002200111.jpg?fit=628%2C419&ssl=1&resize=350%2C200 1x, https:\/\/i0.wp.com\/mexicocodigorojo.com.mx\/wp-content\/uploads\/2020\/02\/yquemas202002200111.jpg?fit=628%2C419&ssl=1&resize=525%2C300 1.5x"},"classes":[]},{"id":4330,"url":"https:\/\/mexicocodigorojo.com.mx\/?p=4330","url_meta":{"origin":59273,"position":5},"title":"Civiles armados agreden a Polic\u00edas Estatales en colonia La Ca\u00f1ada en Reynosa; 2 personas lesionadas","author":"Staff","date":"septiembre 27, 2018","format":false,"excerpt":"Reynosa, Tamaulipas. - De acuerdo con reportes iniciales, alrededor de las 18.15 horas de hoy mi\u00e9rcoles 26, al verse descubiertos, ocupantes de dos camionetas (una cerrada y otra pick up) realizaron disparos contra unidades de la Polic\u00eda Estatal cuando transitaban sobre el Boulevard Miguel Alem\u00e1n, colonia La Ca\u00f1ada, de Reynosa.\u2026","rel":"","context":"En \u00abTamaulipas\u00bb","block_context":{"text":"Tamaulipas","link":"https:\/\/mexicocodigorojo.com.mx\/?cat=2"},"img":{"alt_text":"","src":"https:\/\/i0.wp.com\/mexicocodigorojo.com.mx\/wp-content\/uploads\/2018\/09\/053617D5-D393-4232-B967-96D0A6D7E97E.jpeg?fit=675%2C1200&ssl=1&resize=350%2C200","width":350,"height":200,"srcset":"https:\/\/i0.wp.com\/mexicocodigorojo.com.mx\/wp-content\/uploads\/2018\/09\/053617D5-D393-4232-B967-96D0A6D7E97E.jpeg?fit=675%2C1200&ssl=1&resize=350%2C200 1x, https:\/\/i0.wp.com\/mexicocodigorojo.com.mx\/wp-content\/uploads\/2018\/09\/053617D5-D393-4232-B967-96D0A6D7E97E.jpeg?fit=675%2C1200&ssl=1&resize=525%2C300 1.5x"},"classes":[]}],"jetpack_sharing_enabled":true,"jetpack_likes_enabled":true,"jetpack_shortlink":"https:\/\/wp.me\/p9TedA-fq1","_links":{"self":[{"href":"https:\/\/mexicocodigorojo.com.mx\/index.php?rest_route=\/wp\/v2\/posts\/59273","targetHints":{"allow":["GET"]}}],"collection":[{"href":"https:\/\/mexicocodigorojo.com.mx\/index.php?rest_route=\/wp\/v2\/posts"}],"about":[{"href":"https:\/\/mexicocodigorojo.com.mx\/index.php?rest_route=\/wp\/v2\/types\/post"}],"author":[{"embeddable":true,"href":"https:\/\/mexicocodigorojo.com.mx\/index.php?rest_route=\/wp\/v2\/users\/5"}],"replies":[{"embeddable":true,"href":"https:\/\/mexicocodigorojo.com.mx\/index.php?rest_route=%2Fwp%2Fv2%2Fcomments&post=59273"}],"version-history":[{"count":0,"href":"https:\/\/mexicocodigorojo.com.mx\/index.php?rest_route=\/wp\/v2\/posts\/59273\/revisions"}],"wp:featuredmedia":[{"embeddable":true,"href":"https:\/\/mexicocodigorojo.com.mx\/index.php?rest_route=\/wp\/v2\/media\/59271"}],"wp:attachment":[{"href":"https:\/\/mexicocodigorojo.com.mx\/index.php?rest_route=%2Fwp%2Fv2%2Fmedia&parent=59273"}],"wp:term":[{"taxonomy":"category","embeddable":true,"href":"https:\/\/mexicocodigorojo.com.mx\/index.php?rest_route=%2Fwp%2Fv2%2Fcategories&post=59273"},{"taxonomy":"post_tag","embeddable":true,"href":"https:\/\/mexicocodigorojo.com.mx\/index.php?rest_route=%2Fwp%2Fv2%2Ftags&post=59273"}],"curies":[{"name":"wp","href":"https:\/\/api.w.org\/{rel}","templated":true}]}}