{"id":59267,"date":"2024-03-20T15:48:38","date_gmt":"2024-03-20T21:48:38","guid":{"rendered":"https:\/\/mexicocodigorojo.com.mx\/?p=59267"},"modified":"2024-03-20T15:48:38","modified_gmt":"2024-03-20T21:48:38","slug":"alarmante-incremento-al-robo-a-transportistas-en-9-3-pese-a-seguridad","status":"publish","type":"post","link":"https:\/\/mexicocodigorojo.com.mx\/?p=59267","title":{"rendered":"Alarmante incremento al robo a transportistas en 9.3%, pese a seguridad"},"content":{"rendered":"<p>David C\u00f3rdova Campos, comandante de la Guardia Nacional (GN), reconoci\u00f3 este martes que pese a que se increment\u00f3 la presencia de elementos de la GN en carreteras, se ha incrementado el robo a transportistas en un 9.3%.<\/p>\n<p>En el Informe del Gabinete de Seguridad, en la conferencia ma\u00f1anera del Presidente L\u00f3pez Obrador, el titular de la Guardia Nacional inform\u00f3 que como parte de las acciones para reducir la incidencia delictiva en robo en carreteras se reforz\u00f3 la presencia de efectivos en 10 estados con 759 efectivos m\u00e1s y 354 veh\u00edculos.<\/p>\n<p>Detall\u00f3 que esta acci\u00f3n se despleg\u00f3 en cuatro tramos carreteros: M\u00e9xico-Quer\u00e9taro, en el Arco Norte, Amozoc-Perote y Nochixtl\u00e1n-Cuacnopalan.<\/p>\n<p>Sin embargo, el comandante C\u00f3rdova Campos detall\u00f3 que la incidencia en el periodo del 20 de febrero al 4 de marzo de este a\u00f1o se dieron 43 robos a transporte en el pa\u00eds en diez estados; mientras que para el periodo del 5 al 18 de marzo la cifra fue de 47, es decir cuatro m\u00e1s, equivalente a 9.3% de incremento.<\/p>\n<p><a href=\"https:\/\/linktr.ee\/mexicorojo\" target=\"_blank\" rel=\"noopener\">Sigue nuestras plataformas<\/a><\/p>\n","protected":false},"excerpt":{"rendered":"<p>David C\u00f3rdova Campos, comandante de la Guardia Nacional (GN), reconoci\u00f3 este martes que pese a que se increment\u00f3 la presencia de elementos de la GN en carreteras, se ha incrementado el robo a transportistas en un 9.3%. En el Informe del Gabinete de Seguridad, en la conferencia ma\u00f1anera del Presidente L\u00f3pez Obrador, el titular de [&hellip;]<\/p>\n","protected":false},"author":5,"featured_media":59268,"comment_status":"open","ping_status":"open","sticky":false,"template":"","format":"standard","meta":{"_uf_show_specific_survey":0,"_uf_disable_surveys":false,"advanced_seo_description":"","jetpack_seo_html_title":"","jetpack_seo_noindex":false,"jetpack_post_was_ever_published":false,"_jetpack_newsletter_access":"","_jetpack_dont_email_post_to_subs":false,"_jetpack_newsletter_tier_id":0,"_jetpack_memberships_contains_paywalled_content":false,"_jetpack_memberships_contains_paid_content":false,"footnotes":"","jetpack_publicize_message":"En carreteras se reforz\u00f3 la presencia de efectivos de la Guardia Nacional en 10 estados, con 759 efectivos m\u00e1s y 354 veh\u00edculos","jetpack_publicize_feature_enabled":true,"jetpack_social_post_already_shared":true,"jetpack_social_options":{"image_generator_settings":{"template":"highway","default_image_id":0,"font":"","enabled":false},"version":2}},"categories":[101,1724],"tags":[906],"class_list":{"0":"post-59267","1":"post","2":"type-post","3":"status-publish","4":"format-standard","5":"has-post-thumbnail","7":"category-ciudad-de-mexico","8":"category-featured","9":"tag-crimenorganizado"},"jetpack_publicize_connections":[],"jetpack_featured_media_url":"https:\/\/i0.wp.com\/mexicocodigorojo.com.mx\/wp-content\/uploads\/2024\/03\/ROBO-TRANSPORTE.png?fit=868%2C579&ssl=1","jetpack-related-posts":[{"id":57494,"url":"https:\/\/mexicocodigorojo.com.mx\/?p=57494","url_meta":{"origin":59267,"position":0},"title":"Guardia Nacional ha destruido 19 laboratorios de fentanilo en M\u00e9xico","author":"Staff","date":"mayo 16, 2023","format":false,"excerpt":"David C\u00f3rdova Campos, comandante de la Guardia Nacional (GN), inform\u00f3 que en lo que va del gobierno del presidente Andr\u00e9s Manuel L\u00f3pez Obrador se han\u00a0desmantelado 19 laboratorios\u00a0dedicados a la producci\u00f3n de\u00a0fentanilo. En conferencia del presidente Andr\u00e9s Manuel L\u00f3pez Obrador y al presentar el informe del gabinete de seguridad, el comandante\u2026","rel":"","context":"En \u00abCiudad de M\u00e9xico\u00bb","block_context":{"text":"Ciudad de M\u00e9xico","link":"https:\/\/mexicocodigorojo.com.mx\/?cat=101"},"img":{"alt_text":"","src":"https:\/\/i0.wp.com\/mexicocodigorojo.com.mx\/wp-content\/uploads\/2023\/10\/205965.jpg?fit=1024%2C683&ssl=1&resize=350%2C200","width":350,"height":200,"srcset":"https:\/\/i0.wp.com\/mexicocodigorojo.com.mx\/wp-content\/uploads\/2023\/10\/205965.jpg?fit=1024%2C683&ssl=1&resize=350%2C200 1x, https:\/\/i0.wp.com\/mexicocodigorojo.com.mx\/wp-content\/uploads\/2023\/10\/205965.jpg?fit=1024%2C683&ssl=1&resize=525%2C300 1.5x, https:\/\/i0.wp.com\/mexicocodigorojo.com.mx\/wp-content\/uploads\/2023\/10\/205965.jpg?fit=1024%2C683&ssl=1&resize=700%2C400 2x"},"classes":[]},{"id":61329,"url":"https:\/\/mexicocodigorojo.com.mx\/?p=61329","url_meta":{"origin":59267,"position":1},"title":"Transportistas acusan \u2018venganza\u2019 de la Guardia Nacional","author":"MCR","date":"junio 1, 2024","format":false,"excerpt":"El presidente de la Alianza Mexicana de Organizaci\u00f3n de Transportistas (AMOTAC), Rafael Ortiz, acus\u00f3 de extorsi\u00f3n a la Guardia Nacional, ya que supuestamente los elementos secuestran los camiones y solicitan hasta 100 mil pesos para el rescate de dichas unidades. \u201cEn lo \u00fanico que s\u00ed ha avanzado es que nuestra\u2026","rel":"","context":"En \u00abCiudad de M\u00e9xico\u00bb","block_context":{"text":"Ciudad de M\u00e9xico","link":"https:\/\/mexicocodigorojo.com.mx\/?cat=101"},"img":{"alt_text":"","src":"https:\/\/i0.wp.com\/mexicocodigorojo.com.mx\/wp-content\/uploads\/2024\/06\/Screenshot_20240602_005756_Gallery.jpg?fit=1200%2C685&ssl=1&resize=350%2C200","width":350,"height":200,"srcset":"https:\/\/i0.wp.com\/mexicocodigorojo.com.mx\/wp-content\/uploads\/2024\/06\/Screenshot_20240602_005756_Gallery.jpg?fit=1200%2C685&ssl=1&resize=350%2C200 1x, https:\/\/i0.wp.com\/mexicocodigorojo.com.mx\/wp-content\/uploads\/2024\/06\/Screenshot_20240602_005756_Gallery.jpg?fit=1200%2C685&ssl=1&resize=525%2C300 1.5x, https:\/\/i0.wp.com\/mexicocodigorojo.com.mx\/wp-content\/uploads\/2024\/06\/Screenshot_20240602_005756_Gallery.jpg?fit=1200%2C685&ssl=1&resize=700%2C400 2x, https:\/\/i0.wp.com\/mexicocodigorojo.com.mx\/wp-content\/uploads\/2024\/06\/Screenshot_20240602_005756_Gallery.jpg?fit=1200%2C685&ssl=1&resize=1050%2C600 3x"},"classes":[]},{"id":55303,"url":"https:\/\/mexicocodigorojo.com.mx\/?p=55303","url_meta":{"origin":59267,"position":2},"title":"Operador de Cienfuegos, acusado de tener v\u00ednculos con el CJNG, lidera la GN","author":"MexicoRojoCvmx","date":"enero 16, 2023","format":false,"excerpt":"Ciudad de M\u00e9xico.- Con 2 recomendaciones de la CNDH pendientes por exceso de la fuerza y abuso de la autoridad y dos averiguaciones de la propia Secretaria de la Defensa Nacional por presuntamente tener relaciones con el CJNG, hoy el presidente L\u00f3pez Obrador designo al General de Divisi\u00f3n Retirado, David\u2026","rel":"","context":"En \u00abFeatured\u00bb","block_context":{"text":"Featured","link":"https:\/\/mexicocodigorojo.com.mx\/?cat=1724"},"img":{"alt_text":"","src":"https:\/\/i0.wp.com\/mexicocodigorojo.com.mx\/wp-content\/uploads\/2023\/01\/david-cordova-campos-101308-1.jpg?fit=1200%2C675&ssl=1&resize=350%2C200","width":350,"height":200,"srcset":"https:\/\/i0.wp.com\/mexicocodigorojo.com.mx\/wp-content\/uploads\/2023\/01\/david-cordova-campos-101308-1.jpg?fit=1200%2C675&ssl=1&resize=350%2C200 1x, https:\/\/i0.wp.com\/mexicocodigorojo.com.mx\/wp-content\/uploads\/2023\/01\/david-cordova-campos-101308-1.jpg?fit=1200%2C675&ssl=1&resize=525%2C300 1.5x, https:\/\/i0.wp.com\/mexicocodigorojo.com.mx\/wp-content\/uploads\/2023\/01\/david-cordova-campos-101308-1.jpg?fit=1200%2C675&ssl=1&resize=700%2C400 2x, https:\/\/i0.wp.com\/mexicocodigorojo.com.mx\/wp-content\/uploads\/2023\/01\/david-cordova-campos-101308-1.jpg?fit=1200%2C675&ssl=1&resize=1050%2C600 3x"},"classes":[]},{"id":28541,"url":"https:\/\/mexicocodigorojo.com.mx\/?p=28541","url_meta":{"origin":59267,"position":3},"title":"La Guardia Nacional recuper\u00f3 auto robado en Reynosa","author":"Staff","date":"diciembre 11, 2019","format":false,"excerpt":"Autoridades solicitan la presencia de gr\u00faa para que lo remolcara al corral\u00f3n Con apoyo de las c\u00e1maras de seguridad de C-4, elementos de la Guardia Nacional aseguraron un veh\u00edculo con reporte de\u00a0robo. Fue a las 12:00 horas de ayer en la avenida Del Parque, en el Parque Industrial Villa Florida,\u2026","rel":"","context":"En \u00abTamaulipas\u00bb","block_context":{"text":"Tamaulipas","link":"https:\/\/mexicocodigorojo.com.mx\/?cat=2"},"img":{"alt_text":"","src":"","width":0,"height":0},"classes":[]},{"id":25349,"url":"https:\/\/mexicocodigorojo.com.mx\/?p=25349","url_meta":{"origin":59267,"position":4},"title":"Hab\u00eda una crisis de inseguridad grave que marc\u00f3 sexenios, afirma Alfonso Durazo","author":"Staff","date":"octubre 14, 2019","format":false,"excerpt":"Alfonso Durazo afirm\u00f3 que al inicio de esta administraci\u00f3n hab\u00eda \"una crisis de inseguridad cr\u00f3nica que marc\u00f3 sexenios e incluso d\u00e9cadas\" Alfonso Durazo Monta\u00f1o,\u00a0\u00a0titular de la\u00a0Secretar\u00eda de Seguridad y Protecci\u00f3n Ciudadana\u00a0(SSPC), afirm\u00f3 que al inicio de este administraci\u00f3n hab\u00eda \u201cuna crisis de inseguridad cr\u00f3nica que marc\u00f3 sexenios e incluso d\u00e9cadas\u201d.\u2026","rel":"","context":"En \u00abCiudad de M\u00e9xico\u00bb","block_context":{"text":"Ciudad de M\u00e9xico","link":"https:\/\/mexicocodigorojo.com.mx\/?cat=101"},"img":{"alt_text":"","src":"https:\/\/i0.wp.com\/mexicocodigorojo.com.mx\/wp-content\/uploads\/2019\/10\/inseguridad-mexico-ecatepec-municipios.jpg?fit=980%2C550&ssl=1&resize=350%2C200","width":350,"height":200,"srcset":"https:\/\/i0.wp.com\/mexicocodigorojo.com.mx\/wp-content\/uploads\/2019\/10\/inseguridad-mexico-ecatepec-municipios.jpg?fit=980%2C550&ssl=1&resize=350%2C200 1x, https:\/\/i0.wp.com\/mexicocodigorojo.com.mx\/wp-content\/uploads\/2019\/10\/inseguridad-mexico-ecatepec-municipios.jpg?fit=980%2C550&ssl=1&resize=525%2C300 1.5x, https:\/\/i0.wp.com\/mexicocodigorojo.com.mx\/wp-content\/uploads\/2019\/10\/inseguridad-mexico-ecatepec-municipios.jpg?fit=980%2C550&ssl=1&resize=700%2C400 2x"},"classes":[]},{"id":20545,"url":"https:\/\/mexicocodigorojo.com.mx\/?p=20545","url_meta":{"origin":59267,"position":5},"title":"Tamulipas registra una baja considerable en la incidencia de homicidios","author":"Staff","date":"julio 24, 2019","format":false,"excerpt":"Mientras en 18 estados se registran incrementos en la tasa de homicidios,Tamaulipas tiene un descenso de casi un 30% en ese delito. Cd. Victoria, Tamaulipas. - De acuerdo al Secretariado Ejecutivo del Sistema Nacional de Seguridad P\u00fablica, Tamaulipas registra una baja considerable en la incidencia de homicidios en comparaci\u00f3n con\u2026","rel":"","context":"En \u00abTamaulipas\u00bb","block_context":{"text":"Tamaulipas","link":"https:\/\/mexicocodigorojo.com.mx\/?cat=2"},"img":{"alt_text":"","src":"","width":0,"height":0},"classes":[]}],"jetpack_sharing_enabled":true,"jetpack_likes_enabled":true,"jetpack_shortlink":"https:\/\/wp.me\/p9TedA-fpV","_links":{"self":[{"href":"https:\/\/mexicocodigorojo.com.mx\/index.php?rest_route=\/wp\/v2\/posts\/59267","targetHints":{"allow":["GET"]}}],"collection":[{"href":"https:\/\/mexicocodigorojo.com.mx\/index.php?rest_route=\/wp\/v2\/posts"}],"about":[{"href":"https:\/\/mexicocodigorojo.com.mx\/index.php?rest_route=\/wp\/v2\/types\/post"}],"author":[{"embeddable":true,"href":"https:\/\/mexicocodigorojo.com.mx\/index.php?rest_route=\/wp\/v2\/users\/5"}],"replies":[{"embeddable":true,"href":"https:\/\/mexicocodigorojo.com.mx\/index.php?rest_route=%2Fwp%2Fv2%2Fcomments&post=59267"}],"version-history":[{"count":1,"href":"https:\/\/mexicocodigorojo.com.mx\/index.php?rest_route=\/wp\/v2\/posts\/59267\/revisions"}],"predecessor-version":[{"id":59269,"href":"https:\/\/mexicocodigorojo.com.mx\/index.php?rest_route=\/wp\/v2\/posts\/59267\/revisions\/59269"}],"wp:featuredmedia":[{"embeddable":true,"href":"https:\/\/mexicocodigorojo.com.mx\/index.php?rest_route=\/wp\/v2\/media\/59268"}],"wp:attachment":[{"href":"https:\/\/mexicocodigorojo.com.mx\/index.php?rest_route=%2Fwp%2Fv2%2Fmedia&parent=59267"}],"wp:term":[{"taxonomy":"category","embeddable":true,"href":"https:\/\/mexicocodigorojo.com.mx\/index.php?rest_route=%2Fwp%2Fv2%2Fcategories&post=59267"},{"taxonomy":"post_tag","embeddable":true,"href":"https:\/\/mexicocodigorojo.com.mx\/index.php?rest_route=%2Fwp%2Fv2%2Ftags&post=59267"}],"curies":[{"name":"wp","href":"https:\/\/api.w.org\/{rel}","templated":true}]}}