{"id":59258,"date":"2024-03-20T14:25:14","date_gmt":"2024-03-20T20:25:14","guid":{"rendered":"https:\/\/mexicocodigorojo.com.mx\/?p=59258"},"modified":"2024-03-20T14:25:14","modified_gmt":"2024-03-20T20:25:14","slug":"abaten-a-el-junior-objetivo-prioritario-en-guaymas","status":"publish","type":"post","link":"https:\/\/mexicocodigorojo.com.mx\/?p=59258","title":{"rendered":"Abaten a \u2018El Junior\u2019, objetivo prioritario en Guaymas"},"content":{"rendered":"<p>Tras enfrentamiento armado en V\u00edcam, comunidad yaqui de Guaymas, fue abatido Raymundo N, alias \u201cEl junior\u201d, identificado como objetivo prioritario en el combate al crimen organizado por las autoridades de Sonora.<\/p>\n<p>La Fiscal\u00eda General de Justicia del Estado confirm\u00f3 que se registr\u00f3 este combate armado el pasado 18 de marzo, cuando elementos de la Agencia Ministerial de Investigaci\u00f3n Criminal (AMIC) se vieron obligados a resistir una agresi\u00f3n con armas donde result\u00f3 muerto \u201cEl Junior\u201d, sobrino del l\u00edder del grupo generador de violencia en la regi\u00f3n.<\/p>\n<p>Raymundo \u201cN\u201d, de 21 a\u00f1os, ten\u00eda varias \u00f3rdenes judiciales emitidas para la Fiscal\u00eda de Sonora, por los delitos varios, entre ellos: tentativa de homicidio, desaparici\u00f3n cometida por particulares, robo con violencia, robo de veh\u00edculo y asociaci\u00f3n delictiva.<\/p>\n<p>Testigos denunciaron la presencia de civiles armados a bordo de un veh\u00edculo tipo Vagoneta Ford, que fue interceptado por los agentes del orden alrededor de las 3:30 de la tarde del lunes, cuando se movilizaba por la Carretera Federal 15, a la altura del citado poblado de V\u00edcam.<\/p>\n<p>Al ser detenido, los hombres armados descendieron de la unidad, abrieron fuego contra los agentes ministeriales, quienes repelieron la agresi\u00f3n, con el mencionado saldo de la neutralizaci\u00f3n de Raymundo \u201cN\u201d.<\/p>\n<p>En el enfrentamiento tambi\u00e9n se logr\u00f3 capturar a Jes\u00fas \u201cN\u201d, de 27 a\u00f1os, y Sa\u00fal Francisco \u201cN\u201d, alias \u201cEl Moso\u201d, de 27 a\u00f1os, ambos en posesi\u00f3n de armas de fuego, entre ellas una pistola calibre 9 mil\u00edmetros y cargadores abastecidos con cartuchos 7.62&#215;39.<\/p>\n<p>Los investigadores lograron aseguraron en la unidad cuatro armas, incluyendo dos fusiles de asalto AK-47, un arma larga tipo fusil calibre .40, y una pistola tipo rev\u00f3lver calibre .357, adem\u00e1s se hallaron otros indicios.<\/p>\n<p>Una versi\u00f3n extraoficial se\u00f1ala que un oficial de la AMIC result\u00f3 lesionado, por lo que fue trasladado a un hospital.<\/p>\n<h2 class=\"heading__StyledHeading-sc-1yxtfv0-0 dQdSuo\">Personas desaparecidas en Sonora: Identifican a 10 mujeres<\/h2>\n<p>De los 57 cuerpos hallados en las fosas clandestinas en la zona del Choyudo, hasta ahora se han identificado a 10 mujeres, todas con reporte de desaparici\u00f3n en Guaymas.<\/p>\n<p>El colectivo J\u00f3venes Buscadores de Sonora destac\u00f3 que falta m\u00e1s de la mitad de los cuerpos por identificar y se espera que entre los restos se encuentren m\u00e1s f\u00e9minas.<\/p>\n<p>En enero, la Fiscal\u00eda General de Justicia del Estado confirm\u00f3 el hallazgo de 57 cuerpos en tumbas clandestinas en la regi\u00f3n del Choyudo, en la costa del municipio de Hermosillo, muy cerca de la regi\u00f3n de Guaymas.<\/p>\n<p>Con informaci\u00f3n del financiero<\/p>\n","protected":false},"excerpt":{"rendered":"<p>Tras enfrentamiento armado en V\u00edcam, comunidad yaqui de Guaymas, fue abatido Raymundo N, alias \u201cEl junior\u201d, identificado como objetivo prioritario en el combate al crimen organizado por las autoridades de Sonora. La Fiscal\u00eda General de Justicia del Estado confirm\u00f3 que se registr\u00f3 este combate armado el pasado 18 de marzo, cuando elementos de la Agencia [&hellip;]<\/p>\n","protected":false},"author":5,"featured_media":59259,"comment_status":"open","ping_status":"open","sticky":false,"template":"","format":"standard","meta":{"_uf_show_specific_survey":0,"_uf_disable_surveys":false,"advanced_seo_description":"","jetpack_seo_html_title":"","jetpack_seo_noindex":false,"jetpack_post_was_ever_published":false,"_jetpack_newsletter_access":"","_jetpack_dont_email_post_to_subs":false,"_jetpack_newsletter_tier_id":0,"_jetpack_memberships_contains_paywalled_content":false,"_jetpack_memberships_contains_paid_content":false,"footnotes":"","jetpack_publicize_message":"Al ser detenido, los hombres armados descendieron de la unidad, abrieron fuego contra los agentes ministeriales, quienes repelieron la agresi\u00f3n.","jetpack_publicize_feature_enabled":true,"jetpack_social_post_already_shared":true,"jetpack_social_options":{"image_generator_settings":{"template":"highway","default_image_id":0,"font":"","enabled":false},"version":2}},"categories":[1724,115],"tags":[906],"class_list":{"0":"post-59258","1":"post","2":"type-post","3":"status-publish","4":"format-standard","5":"has-post-thumbnail","7":"category-featured","8":"category-sonora","9":"tag-crimenorganizado"},"jetpack_publicize_connections":[],"jetpack_featured_media_url":"https:\/\/i0.wp.com\/mexicocodigorojo.com.mx\/wp-content\/uploads\/2024\/03\/Captura-de-Pantalla-2024-03-19-a-las-23.44.50.webp?fit=708%2C588&ssl=1","jetpack-related-posts":[{"id":30904,"url":"https:\/\/mexicocodigorojo.com.mx\/?p=30904","url_meta":{"origin":59258,"position":0},"title":"COMANDO ARMADO EJECUTA A \u00abEL PARRITA\u00bb EN GUAYMAS SONORA","author":"MexicoRojo","date":"enero 19, 2020","format":false,"excerpt":"Guaymas,Sonora Ataque armado en el sector Loma Dorada en Guaym\u00e1s Sonora,comando fuertemente armado acribillaron a un automovilista con armas de alto poder el dia de ayer alrededor de las 1400hrs. Un grupo de sicarios fuertemente armados abord\u00f3 en por lo menos dos autom\u00f3viles ejecutaron a balazos a un hombre cuando\u2026","rel":"","context":"En \u00abFeatured\u00bb","block_context":{"text":"Featured","link":"https:\/\/mexicocodigorojo.com.mx\/?cat=1724"},"img":{"alt_text":"","src":"https:\/\/i0.wp.com\/secureservercdn.net\/166.62.108.22\/cg1.af3.myftpupload.com\/wp-content\/uploads\/2020\/01\/fb_img_1579447884829-1040637791.jpg?resize=350%2C200&ssl=1","width":350,"height":200,"srcset":"https:\/\/i0.wp.com\/secureservercdn.net\/166.62.108.22\/cg1.af3.myftpupload.com\/wp-content\/uploads\/2020\/01\/fb_img_1579447884829-1040637791.jpg?resize=350%2C200&ssl=1 1x, https:\/\/i0.wp.com\/secureservercdn.net\/166.62.108.22\/cg1.af3.myftpupload.com\/wp-content\/uploads\/2020\/01\/fb_img_1579447884829-1040637791.jpg?resize=525%2C300&ssl=1 1.5x, https:\/\/i0.wp.com\/secureservercdn.net\/166.62.108.22\/cg1.af3.myftpupload.com\/wp-content\/uploads\/2020\/01\/fb_img_1579447884829-1040637791.jpg?resize=700%2C400&ssl=1 2x"},"classes":[]},{"id":19332,"url":"https:\/\/mexicocodigorojo.com.mx\/?p=19332","url_meta":{"origin":59258,"position":1},"title":"Matan a 3 personas en un ataque armado en Guaymas Sonora &#038; rafaguean comandancia de la policia municipal","author":"Staff","date":"junio 29, 2019","format":false,"excerpt":"Matan a 3 personas en un ataque armado en Guaymas Sonora & rafaguean comandancia de la policia municipal Guaymas.- Tras asesinar a tres personas, en dos hechos distintos, grupo armado ataca la comandancia Oriente de la Polic\u00eda Municipal, en Guaymas, con un saldo de un agente herido. La primera agresi\u00f3n\u2026","rel":"","context":"En \u00abSonora\u00bb","block_context":{"text":"Sonora","link":"https:\/\/mexicocodigorojo.com.mx\/?cat=115"},"img":{"alt_text":"","src":"https:\/\/i0.wp.com\/mexicocodigorojo.com.mx\/wp-content\/uploads\/2019\/06\/fb_img_1561806052010473889054.jpg?resize=350%2C200&ssl=1","width":350,"height":200,"srcset":"https:\/\/i0.wp.com\/mexicocodigorojo.com.mx\/wp-content\/uploads\/2019\/06\/fb_img_1561806052010473889054.jpg?resize=350%2C200&ssl=1 1x, https:\/\/i0.wp.com\/mexicocodigorojo.com.mx\/wp-content\/uploads\/2019\/06\/fb_img_1561806052010473889054.jpg?resize=525%2C300&ssl=1 1.5x"},"classes":[]},{"id":61121,"url":"https:\/\/mexicocodigorojo.com.mx\/?p=61121","url_meta":{"origin":59258,"position":2},"title":"Sonora | Fotos Ejecutan a balazos a Adan \u00abN\u00bb alias el \u00abCholo Adan\u00bb integrante del grupo delictivo de \u00abLos Deltas\u00bb en Pueblo Viejo Caborca","author":"MexicoRojo","date":"mayo 27, 2024","format":false,"excerpt":"Siendo aproximadamente las 19:50 horas reportan detonaciones de arma de fuego para Pueblo Viejo. \u00a0 \u00a0 En donde en el conocido malec\u00f3n para atr\u00e1s de\" tempo, accionan las armas contra una camioneta, color blanca, sin placas de circulaci\u00f3n, y al parecer con blindaje. \u00a0 \u00a0 Se presume en el lugar\u2026","rel":"","context":"En \u00abFeatured\u00bb","block_context":{"text":"Featured","link":"https:\/\/mexicocodigorojo.com.mx\/?cat=1724"},"img":{"alt_text":"","src":"https:\/\/i0.wp.com\/mexicocodigorojo.com.mx\/wp-content\/uploads\/2024\/05\/20240527_183559.jpg?fit=720%2C408&ssl=1&resize=350%2C200","width":350,"height":200,"srcset":"https:\/\/i0.wp.com\/mexicocodigorojo.com.mx\/wp-content\/uploads\/2024\/05\/20240527_183559.jpg?fit=720%2C408&ssl=1&resize=350%2C200 1x, https:\/\/i0.wp.com\/mexicocodigorojo.com.mx\/wp-content\/uploads\/2024\/05\/20240527_183559.jpg?fit=720%2C408&ssl=1&resize=525%2C300 1.5x, https:\/\/i0.wp.com\/mexicocodigorojo.com.mx\/wp-content\/uploads\/2024\/05\/20240527_183559.jpg?fit=720%2C408&ssl=1&resize=700%2C400 2x"},"classes":[]},{"id":19652,"url":"https:\/\/mexicocodigorojo.com.mx\/?p=19652","url_meta":{"origin":59258,"position":3},"title":"Consulado de EU lanza alerta de seguridad para Guaymas por repunte de violencia","author":"Staff","date":"julio 5, 2019","format":false,"excerpt":"HERMOSILLO, Son.- El cuerpo diplom\u00e1tico de Estados Unidos en M\u00e9xico lanz\u00f3 una alerta de seguridad para que sus conciudadanos que viven en Sonora no visiten Guaymas, por el repunte de la violencia en este puerto estatal. La alerta fue emitida la tarde del mi\u00e9rcoles por el Departamento de Estado de\u2026","rel":"","context":"En \u00abSonora\u00bb","block_context":{"text":"Sonora","link":"https:\/\/mexicocodigorojo.com.mx\/?cat=115"},"img":{"alt_text":"","src":"https:\/\/i0.wp.com\/mexicocodigorojo.com.mx\/wp-content\/uploads\/2019\/07\/consulado-eu-1078x701.jpg?fit=1078%2C701&ssl=1&resize=350%2C200","width":350,"height":200,"srcset":"https:\/\/i0.wp.com\/mexicocodigorojo.com.mx\/wp-content\/uploads\/2019\/07\/consulado-eu-1078x701.jpg?fit=1078%2C701&ssl=1&resize=350%2C200 1x, https:\/\/i0.wp.com\/mexicocodigorojo.com.mx\/wp-content\/uploads\/2019\/07\/consulado-eu-1078x701.jpg?fit=1078%2C701&ssl=1&resize=525%2C300 1.5x, https:\/\/i0.wp.com\/mexicocodigorojo.com.mx\/wp-content\/uploads\/2019\/07\/consulado-eu-1078x701.jpg?fit=1078%2C701&ssl=1&resize=700%2C400 2x, https:\/\/i0.wp.com\/mexicocodigorojo.com.mx\/wp-content\/uploads\/2019\/07\/consulado-eu-1078x701.jpg?fit=1078%2C701&ssl=1&resize=1050%2C600 3x"},"classes":[]},{"id":22608,"url":"https:\/\/mexicocodigorojo.com.mx\/?p=22608","url_meta":{"origin":59258,"position":4},"title":"Ataque armado deja 2 muertos en Guaymas, Sonora","author":"Staff","date":"agosto 26, 2019","format":false,"excerpt":"Guaymas, Sonora.- Durante las \u00faltimas horas de ayer s\u00e1bado 24 de agosto se registr\u00f3 una\u00a0agresi\u00f3n armada\u00a0en el\u00a0fraccionamiento Fovissste, ubicado en Guaymas, que dej\u00f3 a una pareja muerta. El violento ataque ocurri\u00f3 alrededor de las 23:00 horas, en el estacionamiento del andador V\u00edcam a espaldas del Jard\u00edn de Ni\u00f1os Mariano Azuela,\u2026","rel":"","context":"En \u00abSonora\u00bb","block_context":{"text":"Sonora","link":"https:\/\/mexicocodigorojo.com.mx\/?cat=115"},"img":{"alt_text":"","src":"https:\/\/i0.wp.com\/mexicocodigorojo.com.mx\/wp-content\/uploads\/2019\/08\/guaymas1.jpg_112278454.jpg?fit=1069%2C563&ssl=1&resize=350%2C200","width":350,"height":200,"srcset":"https:\/\/i0.wp.com\/mexicocodigorojo.com.mx\/wp-content\/uploads\/2019\/08\/guaymas1.jpg_112278454.jpg?fit=1069%2C563&ssl=1&resize=350%2C200 1x, https:\/\/i0.wp.com\/mexicocodigorojo.com.mx\/wp-content\/uploads\/2019\/08\/guaymas1.jpg_112278454.jpg?fit=1069%2C563&ssl=1&resize=525%2C300 1.5x, https:\/\/i0.wp.com\/mexicocodigorojo.com.mx\/wp-content\/uploads\/2019\/08\/guaymas1.jpg_112278454.jpg?fit=1069%2C563&ssl=1&resize=700%2C400 2x, https:\/\/i0.wp.com\/mexicocodigorojo.com.mx\/wp-content\/uploads\/2019\/08\/guaymas1.jpg_112278454.jpg?fit=1069%2C563&ssl=1&resize=1050%2C600 3x"},"classes":[]},{"id":50372,"url":"https:\/\/mexicocodigorojo.com.mx\/?p=50372","url_meta":{"origin":59258,"position":5},"title":"Asesinan en Sonora al periodista a Ricardo L\u00f3pez","author":"Staff","date":"julio 22, 2021","format":false,"excerpt":"Hermosillo.- El periodista, director del medio digital Info Guaymas,\u00a0Ricardo Dominguez L\u00f3pez, fue asesinado a balazos en el estacionamiento de un\u00a0centro comercial de Guaymas, Sonora. Los hechos ocurrieron alrededor de las 17:30 horas de este jueves 22 de julio, en el estacionamiento de\u00a0Ley Marsella. Ricardo L\u00f3pez, como se le conoc\u00eda, cumpl\u00eda\u2026","rel":"","context":"En \u00abFeatured\u00bb","block_context":{"text":"Featured","link":"https:\/\/mexicocodigorojo.com.mx\/?cat=1724"},"img":{"alt_text":"","src":"https:\/\/i0.wp.com\/mexicocodigorojo.com.mx\/wp-content\/uploads\/2021\/07\/ricardo-lopez.jpg?fit=709%2C371&ssl=1&resize=350%2C200","width":350,"height":200,"srcset":"https:\/\/i0.wp.com\/mexicocodigorojo.com.mx\/wp-content\/uploads\/2021\/07\/ricardo-lopez.jpg?fit=709%2C371&ssl=1&resize=350%2C200 1x, https:\/\/i0.wp.com\/mexicocodigorojo.com.mx\/wp-content\/uploads\/2021\/07\/ricardo-lopez.jpg?fit=709%2C371&ssl=1&resize=525%2C300 1.5x, https:\/\/i0.wp.com\/mexicocodigorojo.com.mx\/wp-content\/uploads\/2021\/07\/ricardo-lopez.jpg?fit=709%2C371&ssl=1&resize=700%2C400 2x"},"classes":[]}],"jetpack_sharing_enabled":true,"jetpack_likes_enabled":true,"jetpack_shortlink":"https:\/\/wp.me\/p9TedA-fpM","_links":{"self":[{"href":"https:\/\/mexicocodigorojo.com.mx\/index.php?rest_route=\/wp\/v2\/posts\/59258","targetHints":{"allow":["GET"]}}],"collection":[{"href":"https:\/\/mexicocodigorojo.com.mx\/index.php?rest_route=\/wp\/v2\/posts"}],"about":[{"href":"https:\/\/mexicocodigorojo.com.mx\/index.php?rest_route=\/wp\/v2\/types\/post"}],"author":[{"embeddable":true,"href":"https:\/\/mexicocodigorojo.com.mx\/index.php?rest_route=\/wp\/v2\/users\/5"}],"replies":[{"embeddable":true,"href":"https:\/\/mexicocodigorojo.com.mx\/index.php?rest_route=%2Fwp%2Fv2%2Fcomments&post=59258"}],"version-history":[{"count":1,"href":"https:\/\/mexicocodigorojo.com.mx\/index.php?rest_route=\/wp\/v2\/posts\/59258\/revisions"}],"predecessor-version":[{"id":59260,"href":"https:\/\/mexicocodigorojo.com.mx\/index.php?rest_route=\/wp\/v2\/posts\/59258\/revisions\/59260"}],"wp:featuredmedia":[{"embeddable":true,"href":"https:\/\/mexicocodigorojo.com.mx\/index.php?rest_route=\/wp\/v2\/media\/59259"}],"wp:attachment":[{"href":"https:\/\/mexicocodigorojo.com.mx\/index.php?rest_route=%2Fwp%2Fv2%2Fmedia&parent=59258"}],"wp:term":[{"taxonomy":"category","embeddable":true,"href":"https:\/\/mexicocodigorojo.com.mx\/index.php?rest_route=%2Fwp%2Fv2%2Fcategories&post=59258"},{"taxonomy":"post_tag","embeddable":true,"href":"https:\/\/mexicocodigorojo.com.mx\/index.php?rest_route=%2Fwp%2Fv2%2Ftags&post=59258"}],"curies":[{"name":"wp","href":"https:\/\/api.w.org\/{rel}","templated":true}]}}