{"id":59239,"date":"2024-02-28T14:54:10","date_gmt":"2024-02-28T20:54:10","guid":{"rendered":"https:\/\/mexicocodigorojo.com.mx\/?p=59239"},"modified":"2024-03-19T14:59:51","modified_gmt":"2024-03-19T20:59:51","slug":"atacan-a-balazos-a-policia-municipal","status":"publish","type":"post","link":"https:\/\/mexicocodigorojo.com.mx\/?p=59239","title":{"rendered":"Atacan a balazos a Polic\u00eda Municipal"},"content":{"rendered":"<p class=\" mt-2 text-lg lg:text-xl my-5 italic font-semibold text-justify\">En la colonia Real de Loma Bonita, de la ciudad de Tijuana.<\/p>\n<div class=\"line-height-2 text-base text-justify\">\n<p dir=\"ltr\">Durante la ma\u00f1ana de este mi\u00e9rcoles en el fraccionamiento Real de Loma Bonita, un elemento de la Polic\u00eda Municipal fue blanco de un ataque a tiros mientras se desplazaba por la calle Monte Everest en la privada Monte Bat\u00edan, en la ciudad de Tijuana.<\/p>\n<p dir=\"ltr\">Seg\u00fan informes preliminares, el oficial, quien se encontraba fuera de servicio, fue trasladado de urgencia a un centro hospitalario para recibir atenci\u00f3n m\u00e9dica, presumiblemente por una lesi\u00f3n en el gl\u00fateo.<\/p>\n<p>Los detalles capturados por una c\u00e1mara de videovigilancia revelan el momento en el que los agresores, a bordo de una camioneta de color negro, embistieron el veh\u00edculo del polic\u00eda antes de abrir fuego desde su interior. El oficial logr\u00f3 descender de su autom\u00f3vil por la puerta del copiloto y buscar resguardo mientras los disparos continuaban.<\/p>\n<p dir=\"ltr\">Tras el ataque, los agresores abandonaron\u00a0 la camioneta Toyota negra a varias cuadras del lugar, emprendiendo la fuga y desconoci\u00e9ndose su paradero hasta el momento.<\/p>\n<p dir=\"ltr\"><img data-recalc-dims=\"1\" decoding=\"async\" src=\"https:\/\/i0.wp.com\/bajanews.mx\/uploads\/images\/posts\/90489322365df60fdbe9ce.jpg?w=696&#038;ssl=1\" \/><\/p>\n<div class=\" col-span-2\">\n<div class=\"line-height-2 text-base text-justify\">\n<p dir=\"ltr\">En estos momentos, las autoridades est\u00e1n asegurando la escena del crimen, donde se encuentra el veh\u00edculo Hyundai blanco en el que se desplazaba el oficial. La investigaci\u00f3n est\u00e1 en curso.<\/p>\n<blockquote class=\"twitter-tweet\" data-width=\"550\" data-dnt=\"true\">\n<p lang=\"es\" dir=\"ltr\"><a href=\"https:\/\/twitter.com\/hashtag\/Nacional?src=hash&amp;ref_src=twsrc%5Etfw\">#Nacional<\/a> IM\u00c1GENES FUERTES<br \/>Un polic\u00eda de Tijuana fue atacado a balazos  por presuntos sicarios mientras llegaba a su casa despu\u00e9s de su turno de trabajo. <br \/>Seg\u00fan informaci\u00f3n de la Fiscal\u00eda, el polic\u00eda result\u00f3 herido<a href=\"https:\/\/twitter.com\/hashtag\/GuardiaNocturna?src=hash&amp;ref_src=twsrc%5Etfw\">#GuardiaNocturna<\/a> <a href=\"https:\/\/t.co\/jV0VbyB5ZG\">pic.twitter.com\/jV0VbyB5ZG<\/a><\/p>\n<p>&mdash; Guardia Nocturna (@GNocturnaMX) <a href=\"https:\/\/twitter.com\/GNocturnaMX\/status\/1763190181811675462?ref_src=twsrc%5Etfw\">February 29, 2024<\/a><\/p><\/blockquote>\n<p><script async src=\"https:\/\/platform.twitter.com\/widgets.js\" charset=\"utf-8\"><\/script><\/p>\n<\/div>\n<\/div>\n<div><\/div>\n<\/div>\n","protected":false},"excerpt":{"rendered":"<p>En la colonia Real de Loma Bonita, de la ciudad de Tijuana. Durante la ma\u00f1ana de este mi\u00e9rcoles en el fraccionamiento Real de Loma Bonita, un elemento de la Polic\u00eda Municipal fue blanco de un ataque a tiros mientras se desplazaba por la calle Monte Everest en la privada Monte Bat\u00edan, en la ciudad de [&hellip;]<\/p>\n","protected":false},"author":5,"featured_media":59240,"comment_status":"open","ping_status":"open","sticky":false,"template":"","format":"standard","meta":{"_uf_show_specific_survey":0,"_uf_disable_surveys":false,"advanced_seo_description":"","jetpack_seo_html_title":"","jetpack_seo_noindex":false,"jetpack_post_was_ever_published":false,"_jetpack_newsletter_access":"","_jetpack_dont_email_post_to_subs":false,"_jetpack_newsletter_tier_id":0,"_jetpack_memberships_contains_paywalled_content":false,"_jetpack_memberships_contains_paid_content":false,"footnotes":"","jetpack_publicize_message":"","jetpack_publicize_feature_enabled":true,"jetpack_social_post_already_shared":true,"jetpack_social_options":{"image_generator_settings":{"template":"highway","default_image_id":0,"font":"","enabled":false},"version":2}},"categories":[130,1724],"tags":[858],"class_list":{"0":"post-59239","1":"post","2":"type-post","3":"status-publish","4":"format-standard","5":"has-post-thumbnail","7":"category-baja-california","8":"category-featured","9":"tag-homicidio"},"jetpack_publicize_connections":[],"jetpack_featured_media_url":"https:\/\/i0.wp.com\/mexicocodigorojo.com.mx\/wp-content\/uploads\/2024\/03\/50428677565df60ce44b29.jpeg?fit=1024%2C683&ssl=1","jetpack-related-posts":[{"id":37738,"url":"https:\/\/mexicocodigorojo.com.mx\/?p=37738","url_meta":{"origin":59239,"position":0},"title":"Muere polic\u00eda de Tijuana por COVID-19","author":"Staff","date":"mayo 11, 2020","format":false,"excerpt":"Luego de una semana hospitalizado por COVID-19, el polic\u00eda Francisco Luna Oropeza de Tijuana muri\u00f3 Un oficial de la\u00a0Polic\u00eda Municipal\u00a0de\u00a0Tijuana muri\u00f3\u00a0el s\u00e1bado a causa del\u00a0COVID-19, despu\u00e9s de haber recibido atenci\u00f3n en el Hospital General, inform\u00f3 la Secretar\u00eda de Seguridad y Protecci\u00f3n Ciudadana Municipal. El elemento de nombre\u00a0Francisco Luna\u00a0Oropeza\u00a0laboraba en el\u2026","rel":"","context":"En \u00abBaja California\u00bb","block_context":{"text":"Baja California","link":"https:\/\/mexicocodigorojo.com.mx\/?cat=130"},"img":{"alt_text":"","src":"https:\/\/i0.wp.com\/mexicocodigorojo.com.mx\/wp-content\/uploads\/2020\/05\/policias-de-tijuana.jpg?fit=980%2C550&ssl=1&resize=350%2C200","width":350,"height":200,"srcset":"https:\/\/i0.wp.com\/mexicocodigorojo.com.mx\/wp-content\/uploads\/2020\/05\/policias-de-tijuana.jpg?fit=980%2C550&ssl=1&resize=350%2C200 1x, https:\/\/i0.wp.com\/mexicocodigorojo.com.mx\/wp-content\/uploads\/2020\/05\/policias-de-tijuana.jpg?fit=980%2C550&ssl=1&resize=525%2C300 1.5x, https:\/\/i0.wp.com\/mexicocodigorojo.com.mx\/wp-content\/uploads\/2020\/05\/policias-de-tijuana.jpg?fit=980%2C550&ssl=1&resize=700%2C400 2x"},"classes":[]},{"id":12279,"url":"https:\/\/mexicocodigorojo.com.mx\/?p=12279","url_meta":{"origin":59239,"position":1},"title":"\u201cLa S\u00e1nchez Controla\u201d con esta AR-15 atacaron a polic\u00eda,esposa e hijos en Tijuana Baja California","author":"Staff","date":"enero 16, 2019","format":false,"excerpt":"\u201cLa S\u00e1nchez Controla\u201d con esta AR-15 atacaron a polic\u00eda,esposa e hijos en TijuanaBaja California \"Una de las dos armas homicidas\" El rifle AR-15 con el que fue ejecutado el hijo de una Polic\u00eda Municipal de Tijuana y herido otro elemento de la misma corporaci\u00f3n junto a su esposa, tiene la\u2026","rel":"","context":"En \u00abBaja California\u00bb","block_context":{"text":"Baja California","link":"https:\/\/mexicocodigorojo.com.mx\/?cat=130"},"img":{"alt_text":"","src":"https:\/\/i0.wp.com\/mexicocodigorojo.com.mx\/wp-content\/uploads\/2019\/01\/whatsapp-image-2019-01-14-at-11-1148122576.jpeg?resize=350%2C200&ssl=1","width":350,"height":200,"srcset":"https:\/\/i0.wp.com\/mexicocodigorojo.com.mx\/wp-content\/uploads\/2019\/01\/whatsapp-image-2019-01-14-at-11-1148122576.jpeg?resize=350%2C200&ssl=1 1x, https:\/\/i0.wp.com\/mexicocodigorojo.com.mx\/wp-content\/uploads\/2019\/01\/whatsapp-image-2019-01-14-at-11-1148122576.jpeg?resize=525%2C300&ssl=1 1.5x, https:\/\/i0.wp.com\/mexicocodigorojo.com.mx\/wp-content\/uploads\/2019\/01\/whatsapp-image-2019-01-14-at-11-1148122576.jpeg?resize=700%2C400&ssl=1 2x, https:\/\/i0.wp.com\/mexicocodigorojo.com.mx\/wp-content\/uploads\/2019\/01\/whatsapp-image-2019-01-14-at-11-1148122576.jpeg?resize=1050%2C600&ssl=1 3x"},"classes":[]},{"id":19004,"url":"https:\/\/mexicocodigorojo.com.mx\/?p=19004","url_meta":{"origin":59239,"position":2},"title":"Guerra del Cartel de Tijuana: 18 asesinados en 24 horas","author":"Staff","date":"junio 24, 2019","format":false,"excerpt":"Tijuana contin\u00faa registr\u00e1ndose homicidios relacionados con el c\u00e1rtel, con 18 registrados en un per\u00edodo de 24 horas de mi\u00e9rcoles a jueves por la ma\u00f1ana.\u00a0Hasta el jueves, se hab\u00edan registrado un total de 146 asesinatos en junio. A las 10:31 am del mi\u00e9rcoles, la polic\u00eda respondi\u00f3 a un reporte de un\u2026","rel":"","context":"En \u00abBaja California\u00bb","block_context":{"text":"Baja California","link":"https:\/\/mexicocodigorojo.com.mx\/?cat=130"},"img":{"alt_text":"","src":"https:\/\/i0.wp.com\/mexicocodigorojo.com.mx\/wp-content\/uploads\/2019\/06\/TIjuana-Arrests-640x479.jpg?fit=640%2C479&ssl=1&resize=350%2C200","width":350,"height":200,"srcset":"https:\/\/i0.wp.com\/mexicocodigorojo.com.mx\/wp-content\/uploads\/2019\/06\/TIjuana-Arrests-640x479.jpg?fit=640%2C479&ssl=1&resize=350%2C200 1x, https:\/\/i0.wp.com\/mexicocodigorojo.com.mx\/wp-content\/uploads\/2019\/06\/TIjuana-Arrests-640x479.jpg?fit=640%2C479&ssl=1&resize=525%2C300 1.5x"},"classes":[]},{"id":31631,"url":"https:\/\/mexicocodigorojo.com.mx\/?p=31631","url_meta":{"origin":59239,"position":3},"title":"Disparan contra polic\u00edas en Tijuana","author":"Staff","date":"enero 29, 2020","format":false,"excerpt":"Un hombre dispar\u00f3 contra oficiales de la Polic\u00eda Municipal de Tijuana, luego de que le marcaran el alto por exceso de velocidad Un\u00a0hombre dispar\u00f3\u00a0contra oficiales de la\u00a0Polic\u00eda Municipal de Tijuana, luego de que los agentes le marcaran el alto por conducir a exceso de velocidad, iniciando una persecuci\u00f3n en la\u2026","rel":"","context":"En \u00abBaja California\u00bb","block_context":{"text":"Baja California","link":"https:\/\/mexicocodigorojo.com.mx\/?cat=130"},"img":{"alt_text":"","src":"https:\/\/i0.wp.com\/mexicocodigorojo.com.mx\/wp-content\/uploads\/2020\/01\/policias-tijuana.jpg?fit=980%2C550&ssl=1&resize=350%2C200","width":350,"height":200,"srcset":"https:\/\/i0.wp.com\/mexicocodigorojo.com.mx\/wp-content\/uploads\/2020\/01\/policias-tijuana.jpg?fit=980%2C550&ssl=1&resize=350%2C200 1x, https:\/\/i0.wp.com\/mexicocodigorojo.com.mx\/wp-content\/uploads\/2020\/01\/policias-tijuana.jpg?fit=980%2C550&ssl=1&resize=525%2C300 1.5x, https:\/\/i0.wp.com\/mexicocodigorojo.com.mx\/wp-content\/uploads\/2020\/01\/policias-tijuana.jpg?fit=980%2C550&ssl=1&resize=700%2C400 2x"},"classes":[]},{"id":10708,"url":"https:\/\/mexicocodigorojo.com.mx\/?p=10708","url_meta":{"origin":59239,"position":4},"title":"Balacera en Tijuana BC entre Sicarios vs Polic\u00edas Municipales,El Saldo fue de 2 sicarios abatidos y 1 Policia","author":"Staff","date":"diciembre 16, 2018","format":false,"excerpt":"Balacera en Tijuana BC entre Sicarios vs Polic\u00edas Municipales,El Saldo fue de 2 sicarios abatidos y 1 Policia Un fuerte enfrentamiento armado entre polic\u00edas y un convoy de sicarios equipados con armas largas y chalecos antibalas se registr\u00f3 esta ma\u00f1ana y dej\u00f3 9 v\u00edctimas, incluidos un polic\u00eda asesinado, otro herido,\u2026","rel":"","context":"En \u00abBaja California\u00bb","block_context":{"text":"Baja California","link":"https:\/\/mexicocodigorojo.com.mx\/?cat=130"},"img":{"alt_text":"","src":"https:\/\/i0.wp.com\/mexicocodigorojo.com.mx\/wp-content\/uploads\/2018\/12\/e61ecbf3-753c-450e-95be-cbef47c303ea1173470206.jpeg?resize=350%2C200&ssl=1","width":350,"height":200,"srcset":"https:\/\/i0.wp.com\/mexicocodigorojo.com.mx\/wp-content\/uploads\/2018\/12\/e61ecbf3-753c-450e-95be-cbef47c303ea1173470206.jpeg?resize=350%2C200&ssl=1 1x, https:\/\/i0.wp.com\/mexicocodigorojo.com.mx\/wp-content\/uploads\/2018\/12\/e61ecbf3-753c-450e-95be-cbef47c303ea1173470206.jpeg?resize=525%2C300&ssl=1 1.5x, https:\/\/i0.wp.com\/mexicocodigorojo.com.mx\/wp-content\/uploads\/2018\/12\/e61ecbf3-753c-450e-95be-cbef47c303ea1173470206.jpeg?resize=700%2C400&ssl=1 2x"},"classes":[]},{"id":9439,"url":"https:\/\/mexicocodigorojo.com.mx\/?p=9439","url_meta":{"origin":59239,"position":5},"title":"SICARIOS ASESINAN A BALAZOS A UN POLIC\u00cdA MUNICIPAL EN TIJUANA BC","author":"Staff","date":"noviembre 24, 2018","format":false,"excerpt":"SICARIOS ASESINAN A BALAZOS A UN POLIC\u00cdA MUNICIPAL EN TIJUANA BC Alrededor de las 01:00 horas un polic\u00eda municipal identificado como Joel Huerta Ram\u00edrez fue atacado a tiros en el bulevar El Refugio de la colonia El Florido, cuando transitaba a bordo de su auto particular Toyota color blanco. Fue\u2026","rel":"","context":"En \u00abBaja California\u00bb","block_context":{"text":"Baja California","link":"https:\/\/mexicocodigorojo.com.mx\/?cat=130"},"img":{"alt_text":"","src":"https:\/\/i0.wp.com\/mexicocodigorojo.com.mx\/wp-content\/uploads\/2018\/11\/fb_img_1543101349524-1256482770.jpg?resize=350%2C200&ssl=1","width":350,"height":200},"classes":[]}],"jetpack_sharing_enabled":true,"jetpack_likes_enabled":true,"jetpack_shortlink":"https:\/\/wp.me\/p9TedA-fpt","_links":{"self":[{"href":"https:\/\/mexicocodigorojo.com.mx\/index.php?rest_route=\/wp\/v2\/posts\/59239","targetHints":{"allow":["GET"]}}],"collection":[{"href":"https:\/\/mexicocodigorojo.com.mx\/index.php?rest_route=\/wp\/v2\/posts"}],"about":[{"href":"https:\/\/mexicocodigorojo.com.mx\/index.php?rest_route=\/wp\/v2\/types\/post"}],"author":[{"embeddable":true,"href":"https:\/\/mexicocodigorojo.com.mx\/index.php?rest_route=\/wp\/v2\/users\/5"}],"replies":[{"embeddable":true,"href":"https:\/\/mexicocodigorojo.com.mx\/index.php?rest_route=%2Fwp%2Fv2%2Fcomments&post=59239"}],"version-history":[{"count":1,"href":"https:\/\/mexicocodigorojo.com.mx\/index.php?rest_route=\/wp\/v2\/posts\/59239\/revisions"}],"predecessor-version":[{"id":59241,"href":"https:\/\/mexicocodigorojo.com.mx\/index.php?rest_route=\/wp\/v2\/posts\/59239\/revisions\/59241"}],"wp:featuredmedia":[{"embeddable":true,"href":"https:\/\/mexicocodigorojo.com.mx\/index.php?rest_route=\/wp\/v2\/media\/59240"}],"wp:attachment":[{"href":"https:\/\/mexicocodigorojo.com.mx\/index.php?rest_route=%2Fwp%2Fv2%2Fmedia&parent=59239"}],"wp:term":[{"taxonomy":"category","embeddable":true,"href":"https:\/\/mexicocodigorojo.com.mx\/index.php?rest_route=%2Fwp%2Fv2%2Fcategories&post=59239"},{"taxonomy":"post_tag","embeddable":true,"href":"https:\/\/mexicocodigorojo.com.mx\/index.php?rest_route=%2Fwp%2Fv2%2Ftags&post=59239"}],"curies":[{"name":"wp","href":"https:\/\/api.w.org\/{rel}","templated":true}]}}