{"id":59223,"date":"2024-03-19T12:50:36","date_gmt":"2024-03-19T18:50:36","guid":{"rendered":"https:\/\/mexicocodigorojo.com.mx\/?p=59223"},"modified":"2024-03-19T12:50:36","modified_gmt":"2024-03-19T18:50:36","slug":"la-fgr-impugna-amparo-concedido-al-guero-palma","status":"publish","type":"post","link":"https:\/\/mexicocodigorojo.com.mx\/?p=59223","title":{"rendered":"La FGR impugna amparo concedido al \u201cG\u00fcero\u201d Palma"},"content":{"rendered":"<p>La Fiscal\u00eda General de la Rep\u00fablica (FGR) impugn\u00f3 el amparo que un juez de Jalisco concedi\u00f3 al capo del C\u00e1rtel de Sinaloa, H\u00e9ctor Palma Salazar, alias \u201cG\u00fcero\u201d Palma, para efectos de que se reponga el proceso por homicidio doloso que se le sigue y que es la \u00fanica acusaci\u00f3n que lo mantiene preso en el penal de m\u00e1xima seguridad del Altiplano.<\/p>\n<p>El recurso de revisi\u00f3n interpuesto por el Ministerio P\u00fablico de la Federaci\u00f3n, adscrito al Juzgado Tercero de Distrito de Amparo en Materia Penal en el Estado de Jalisco, fue turnado a un Tribunal Colegiado en Materia Penal de Jalisco para resoluci\u00f3n.<\/p>\n<p>Conrado Alcal\u00e1 Romo, juez Tercero de Distrito, dej\u00f3 sin efecto el auto de formal prisi\u00f3n contra Palma Salazar, por el delito de homicidio calificado, y orden\u00f3 reponer el proceso, a fin de que la autoridad judicial responsable cumpla el debido proceso, pues omiti\u00f3 desahogar testimoniales, interrogatorio y careo entre testigos de los hechos.<\/p>\n<p>Alcal\u00e1 Romo concedi\u00f3 un amparo al sinaloense, tras considerar que el juez Segundo de lo Penal del Primer Partido Judicial del Estado de Jalisco, no cumpli\u00f3 con las formalidades esenciales del procedimiento cuando decidi\u00f3 procesar al \u201cG\u00fcero Palma\u201d, en mayo de 2023, por su presunta responsabilidad en el asesinato del subdirector del penal de Puente Grande, Jalisco.<\/p>\n<p>Dicha acusaci\u00f3n impidi\u00f3 al capo salir en libertad del penal de m\u00e1xima de seguridad del Altiplano, en el Estado de M\u00e9xico, luego de que un Tribunal de Apelaci\u00f3n orden\u00f3 su excarcelaci\u00f3n porque la FGR no contaba con los elementos suficientes para procesarlo por el delito de delincuencia organizada.<\/p>\n<p>Con informaci\u00f3n del Universal<\/p>\n","protected":false},"excerpt":{"rendered":"<p>La Fiscal\u00eda General de la Rep\u00fablica (FGR) impugn\u00f3 el amparo que un juez de Jalisco concedi\u00f3 al capo del C\u00e1rtel de Sinaloa, H\u00e9ctor Palma Salazar, alias \u201cG\u00fcero\u201d Palma, para efectos de que se reponga el proceso por homicidio doloso que se le sigue y que es la \u00fanica acusaci\u00f3n que lo mantiene preso en el [&hellip;]<\/p>\n","protected":false},"author":5,"featured_media":59226,"comment_status":"open","ping_status":"open","sticky":false,"template":"","format":"standard","meta":{"_uf_show_specific_survey":0,"_uf_disable_surveys":false,"advanced_seo_description":"","jetpack_seo_html_title":"","jetpack_seo_noindex":false,"jetpack_post_was_ever_published":false,"_jetpack_newsletter_access":"","_jetpack_dont_email_post_to_subs":false,"_jetpack_newsletter_tier_id":0,"_jetpack_memberships_contains_paywalled_content":false,"_jetpack_memberships_contains_paid_content":false,"footnotes":"","jetpack_publicize_message":"El recurso de revisi\u00f3n interpuesto por el Ministerio P\u00fablico de la Federaci\u00f3n fue turnado a un Tribunal Colegiado en Materia Penal de Jalisco para resoluci\u00f3n","jetpack_publicize_feature_enabled":true,"jetpack_social_post_already_shared":true,"jetpack_social_options":{"image_generator_settings":{"template":"highway","default_image_id":0,"font":"","enabled":false},"version":2}},"categories":[101,1724],"tags":[2173],"class_list":{"0":"post-59223","1":"post","2":"type-post","3":"status-publish","4":"format-standard","5":"has-post-thumbnail","7":"category-ciudad-de-mexico","8":"category-featured","9":"tag-narcotrafico-2"},"jetpack_publicize_connections":[],"jetpack_featured_media_url":"https:\/\/i0.wp.com\/mexicocodigorojo.com.mx\/wp-content\/uploads\/2024\/03\/wero-palma.jpg?fit=1149%2C597&ssl=1","jetpack-related-posts":[{"id":56080,"url":"https:\/\/mexicocodigorojo.com.mx\/?p=56080","url_meta":{"origin":59223,"position":0},"title":"Tribunal ordena liberaci\u00f3n inmediata del &#8216;G\u00fcero&#8217; Palma","author":"Staff","date":"mayo 10, 2023","format":false,"excerpt":"El Primer Tribunal Colegiado de Apelaci\u00f3n del Tercer Circuito\u00a0absolvi\u00f3 al narcotraficante H\u00e9ctor Luis El G\u00fcero Palma Salazar, del delito de delincuencia organizada, por lo que en las pr\u00f3ximas horas podr\u00eda\u00a0abandonar el penal de m\u00e1xima seguridad del Altiplano, en Almoloya de Ju\u00e1rez, Estado de M\u00e9xico. La magistrada Mar\u00eda Dolores Olarte Ruvalcaba\u2026","rel":"","context":"En \u00abCiudad de M\u00e9xico\u00bb","block_context":{"text":"Ciudad de M\u00e9xico","link":"https:\/\/mexicocodigorojo.com.mx\/?cat=101"},"img":{"alt_text":"","src":"https:\/\/i0.wp.com\/mexicocodigorojo.com.mx\/wp-content\/uploads\/2023\/05\/hector-guero-palma.jpg?fit=665%2C500&ssl=1&resize=350%2C200","width":350,"height":200,"srcset":"https:\/\/i0.wp.com\/mexicocodigorojo.com.mx\/wp-content\/uploads\/2023\/05\/hector-guero-palma.jpg?fit=665%2C500&ssl=1&resize=350%2C200 1x, https:\/\/i0.wp.com\/mexicocodigorojo.com.mx\/wp-content\/uploads\/2023\/05\/hector-guero-palma.jpg?fit=665%2C500&ssl=1&resize=525%2C300 1.5x"},"classes":[]},{"id":47287,"url":"https:\/\/mexicocodigorojo.com.mx\/?p=47287","url_meta":{"origin":59223,"position":1},"title":"Ordenan la liberaci\u00f3n de El G\u00fcero Palma","author":"Staff","date":"febrero 25, 2021","format":false,"excerpt":"Un juez federal autoriz\u00f3 la liberaci\u00f3n inmediata de H\u00e9ctor Luis \u201cEl G\u00fcero\u201d Palma Salazar, uno de los fundadores del cartel de Sinaloa y famoso narcotraficante en las d\u00e9cadas de 1980 y 1990, preso en el penal federal del Altiplano, en el Estado de M\u00e9xico, por delincuencia organizada. Fuentes de la\u2026","rel":"","context":"En \u00abFeatured\u00bb","block_context":{"text":"Featured","link":"https:\/\/mexicocodigorojo.com.mx\/?cat=1724"},"img":{"alt_text":"","src":"https:\/\/i0.wp.com\/mexicocodigorojo.com.mx\/wp-content\/uploads\/2021\/02\/Luis-El-Guero-Palma.jpg?fit=768%2C479&ssl=1&resize=350%2C200","width":350,"height":200,"srcset":"https:\/\/i0.wp.com\/mexicocodigorojo.com.mx\/wp-content\/uploads\/2021\/02\/Luis-El-Guero-Palma.jpg?fit=768%2C479&ssl=1&resize=350%2C200 1x, https:\/\/i0.wp.com\/mexicocodigorojo.com.mx\/wp-content\/uploads\/2021\/02\/Luis-El-Guero-Palma.jpg?fit=768%2C479&ssl=1&resize=525%2C300 1.5x, https:\/\/i0.wp.com\/mexicocodigorojo.com.mx\/wp-content\/uploads\/2021\/02\/Luis-El-Guero-Palma.jpg?fit=768%2C479&ssl=1&resize=700%2C400 2x"},"classes":[]},{"id":48968,"url":"https:\/\/mexicocodigorojo.com.mx\/?p=48968","url_meta":{"origin":59223,"position":2},"title":"\u201cEl G\u00fcero\u201d Palma fue arraigado por la FGR","author":"Staff","date":"mayo 4, 2021","format":false,"excerpt":"El presidente\u00a0Andr\u00e9s Manuel L\u00f3pez Obrador\u00a0revel\u00f3 que esta madrugada, al salir en libertad del penal de Almoloya de Ju\u00e1rez,\u00a0H\u00e9ctor \u201cEl G\u00fcero\u201d Palma\u00a0fue arraigado por la Fiscal\u00eda General de la Rep\u00fablica (FGR), quien encontr\u00f3 una denuncia no aclarada en su contra. En su conferencia\u00a0ma\u00f1anera de este martes\u00a0en Palacio Nacional, L\u00f3pez Obrador se\u00f1al\u00f3\u2026","rel":"","context":"En \u00abFeatured\u00bb","block_context":{"text":"Featured","link":"https:\/\/mexicocodigorojo.com.mx\/?cat=1724"},"img":{"alt_text":"","src":"https:\/\/i0.wp.com\/mexicocodigorojo.com.mx\/wp-content\/uploads\/2021\/05\/amlo_hector_palma.jpg?fit=1201%2C740&ssl=1&resize=350%2C200","width":350,"height":200,"srcset":"https:\/\/i0.wp.com\/mexicocodigorojo.com.mx\/wp-content\/uploads\/2021\/05\/amlo_hector_palma.jpg?fit=1201%2C740&ssl=1&resize=350%2C200 1x, https:\/\/i0.wp.com\/mexicocodigorojo.com.mx\/wp-content\/uploads\/2021\/05\/amlo_hector_palma.jpg?fit=1201%2C740&ssl=1&resize=525%2C300 1.5x, https:\/\/i0.wp.com\/mexicocodigorojo.com.mx\/wp-content\/uploads\/2021\/05\/amlo_hector_palma.jpg?fit=1201%2C740&ssl=1&resize=700%2C400 2x, https:\/\/i0.wp.com\/mexicocodigorojo.com.mx\/wp-content\/uploads\/2021\/05\/amlo_hector_palma.jpg?fit=1201%2C740&ssl=1&resize=1050%2C600 3x"},"classes":[]},{"id":24187,"url":"https:\/\/mexicocodigorojo.com.mx\/?p=24187","url_meta":{"origin":59223,"position":3},"title":"Miguel \u00c1ngel F\u00e9lix Gallardo pide saber si cumplir\u00e1 condena en prisi\u00f3n","author":"Staff","date":"septiembre 25, 2019","format":false,"excerpt":"M\u00e1s de 28 a\u00f1os despu\u00e9s de haber sido detenido, Miguel \u00c1ngel F\u00e9lix Gallardo\u00a0fue condenado a 37 a\u00f1os de prisi\u00f3n en agosto de 2017; ahora un juez deber\u00e1 resolver un amparo pendiente con respecto a esa sentencia Guadalajara, Jalisco.-\u00a0Miguel \u00c1ngel F\u00e9lix Gallardo, exfundador\u00a0del extinto\u00a0C\u00e1rtel de Guadalajara, interno en el penal de\u00a0Puente\u2026","rel":"","context":"En \u00abJalisco\u00bb","block_context":{"text":"Jalisco","link":"https:\/\/mexicocodigorojo.com.mx\/?cat=8"},"img":{"alt_text":"","src":"https:\/\/i0.wp.com\/mexicocodigorojo.com.mx\/wp-content\/uploads\/2019\/09\/1_22-1.jpg_112278454-1.jpg?fit=1069%2C563&ssl=1&resize=350%2C200","width":350,"height":200,"srcset":"https:\/\/i0.wp.com\/mexicocodigorojo.com.mx\/wp-content\/uploads\/2019\/09\/1_22-1.jpg_112278454-1.jpg?fit=1069%2C563&ssl=1&resize=350%2C200 1x, https:\/\/i0.wp.com\/mexicocodigorojo.com.mx\/wp-content\/uploads\/2019\/09\/1_22-1.jpg_112278454-1.jpg?fit=1069%2C563&ssl=1&resize=525%2C300 1.5x, https:\/\/i0.wp.com\/mexicocodigorojo.com.mx\/wp-content\/uploads\/2019\/09\/1_22-1.jpg_112278454-1.jpg?fit=1069%2C563&ssl=1&resize=700%2C400 2x, https:\/\/i0.wp.com\/mexicocodigorojo.com.mx\/wp-content\/uploads\/2019\/09\/1_22-1.jpg_112278454-1.jpg?fit=1069%2C563&ssl=1&resize=1050%2C600 3x"},"classes":[]},{"id":39794,"url":"https:\/\/mexicocodigorojo.com.mx\/?p=39794","url_meta":{"origin":59223,"position":4},"title":"Trasladan de Almoloya a Hermosillo a \u201cEl Z-40\u201d","author":"Staff","date":"junio 16, 2020","format":false,"excerpt":"Tras la aparici\u00f3n de un video en el que hombres armados y encapuchados advert\u00edan sobre la existencia de un plan para que el exl\u00edder de Los Zetas, Miguel \u00c1ngel Trevi\u00f1o Morales, \u2018El Z-40\u2019, se fugara del penal federal \u201cEl Altiplano\u201c, el capo fue trasladado al Centro Federal de Readaptaci\u00f3n Social\u2026","rel":"","context":"En \u00abSonora\u00bb","block_context":{"text":"Sonora","link":"https:\/\/mexicocodigorojo.com.mx\/?cat=115"},"img":{"alt_text":"","src":"","width":0,"height":0},"classes":[]},{"id":12691,"url":"https:\/\/mexicocodigorojo.com.mx\/?p=12691","url_meta":{"origin":59223,"position":5},"title":"Esposa de Caro Quintero solicita amparo para evitar su detenci\u00f3n","author":"Staff","date":"enero 22, 2019","format":false,"excerpt":"CIUDAD DE M\u00c9XICO (apro).- Diana N., esposa del narcotraficante Rafael Caro Quintero, present\u00f3 una demanda de amparo en Jalisco para protegerse de una eventual orden de aprehensi\u00f3n en su contra. Seg\u00fan informaci\u00f3n publicada por el semanario Zeta, abogados de la mujer acudieron ante un juez de Distrito de Amparo en\u2026","rel":"","context":"En \u00abJalisco\u00bb","block_context":{"text":"Jalisco","link":"https:\/\/mexicocodigorojo.com.mx\/?cat=8"},"img":{"alt_text":"","src":"https:\/\/i0.wp.com\/mexicocodigorojo.com.mx\/wp-content\/uploads\/2019\/01\/IMG_0803-c-1024x683.jpg?fit=1024%2C683&ssl=1&resize=350%2C200","width":350,"height":200,"srcset":"https:\/\/i0.wp.com\/mexicocodigorojo.com.mx\/wp-content\/uploads\/2019\/01\/IMG_0803-c-1024x683.jpg?fit=1024%2C683&ssl=1&resize=350%2C200 1x, https:\/\/i0.wp.com\/mexicocodigorojo.com.mx\/wp-content\/uploads\/2019\/01\/IMG_0803-c-1024x683.jpg?fit=1024%2C683&ssl=1&resize=525%2C300 1.5x, https:\/\/i0.wp.com\/mexicocodigorojo.com.mx\/wp-content\/uploads\/2019\/01\/IMG_0803-c-1024x683.jpg?fit=1024%2C683&ssl=1&resize=700%2C400 2x"},"classes":[]}],"jetpack_sharing_enabled":true,"jetpack_likes_enabled":true,"jetpack_shortlink":"https:\/\/wp.me\/p9TedA-fpd","_links":{"self":[{"href":"https:\/\/mexicocodigorojo.com.mx\/index.php?rest_route=\/wp\/v2\/posts\/59223","targetHints":{"allow":["GET"]}}],"collection":[{"href":"https:\/\/mexicocodigorojo.com.mx\/index.php?rest_route=\/wp\/v2\/posts"}],"about":[{"href":"https:\/\/mexicocodigorojo.com.mx\/index.php?rest_route=\/wp\/v2\/types\/post"}],"author":[{"embeddable":true,"href":"https:\/\/mexicocodigorojo.com.mx\/index.php?rest_route=\/wp\/v2\/users\/5"}],"replies":[{"embeddable":true,"href":"https:\/\/mexicocodigorojo.com.mx\/index.php?rest_route=%2Fwp%2Fv2%2Fcomments&post=59223"}],"version-history":[{"count":1,"href":"https:\/\/mexicocodigorojo.com.mx\/index.php?rest_route=\/wp\/v2\/posts\/59223\/revisions"}],"predecessor-version":[{"id":59227,"href":"https:\/\/mexicocodigorojo.com.mx\/index.php?rest_route=\/wp\/v2\/posts\/59223\/revisions\/59227"}],"wp:featuredmedia":[{"embeddable":true,"href":"https:\/\/mexicocodigorojo.com.mx\/index.php?rest_route=\/wp\/v2\/media\/59226"}],"wp:attachment":[{"href":"https:\/\/mexicocodigorojo.com.mx\/index.php?rest_route=%2Fwp%2Fv2%2Fmedia&parent=59223"}],"wp:term":[{"taxonomy":"category","embeddable":true,"href":"https:\/\/mexicocodigorojo.com.mx\/index.php?rest_route=%2Fwp%2Fv2%2Fcategories&post=59223"},{"taxonomy":"post_tag","embeddable":true,"href":"https:\/\/mexicocodigorojo.com.mx\/index.php?rest_route=%2Fwp%2Fv2%2Ftags&post=59223"}],"curies":[{"name":"wp","href":"https:\/\/api.w.org\/{rel}","templated":true}]}}