{"id":59150,"date":"2024-03-02T13:37:13","date_gmt":"2024-03-02T19:37:13","guid":{"rendered":"https:\/\/mexicocodigorojo.com.mx\/?p=59150"},"modified":"2024-03-02T13:37:13","modified_gmt":"2024-03-02T19:37:13","slug":"alvarez-maynez-nombra-a-agustin-torres-sobrino-de-dante-delgado","status":"publish","type":"post","link":"https:\/\/mexicocodigorojo.com.mx\/?p=59150","title":{"rendered":"\u00c1lvarez M\u00e1ynez nombra a Agust\u00edn Torres, sobrino de Dante Delgado"},"content":{"rendered":"\n<p>Con este nombramiento, \u00c1lvarez M\u00e1ynez ha presentado a cuatro integrantes de su equipo hasta el momento<\/p>\n\n\n\n<p>Jorge \u00c1lvarez M\u00e1ynez nombr\u00f3 como coordinador de finanzas de su campa\u00f1a a Agust\u00edn Torres Delgado, regidor con licencia por Movimiento Ciudadano (MC) de Coatzacoalcos, Veracruz.<\/p>\n\n\n\n<p>En redes sociales, el candidato por la presidencia de M\u00e9xico del movimiento naranja, asever\u00f3 que Torres Delgado, licenciado en Administraci\u00f3n de Empresas, es la persona indicada para dicho cargo pues es \u201cun servidor p\u00fablico que combina distintas cualidades: capacidad t\u00e9cnica, probidad \u00e9tica y sensibilidad pol\u00edtica\u201d.<\/p>\n\n\n\n<p>\u201cAgust\u00edn Torres es un servidor p\u00fablico que combina distintas cualidades: capacidad t\u00e9cnica, probidad \u00e9tica y sensibilidad pol\u00edtica. Me da mucho gusto que haya aceptado ser el coordinador general de las finanzas de nuestra campa\u00f1a presidencial. #LoNuevo va con todo\u201d, public\u00f3 el zacatecano.<\/p>\n\n\n\n<p>Con el nombramiento de su coordinador de finanzas, hasta el momento Jorge \u00c1lvarez M\u00e1ynez present\u00f3 a cuatro integrantes de su equipo: Laura Ballesteros, como su coordinadora de campa\u00f1a; Juan Zavala, como coordinador pol\u00edtico y Paloma Rodr\u00edguez como su coordinadora de comunicaci\u00f3n.<\/p>\n\n\n\n<p>Con informaci\u00f3n del universal<\/p>\n\n\n\n<p>Nota adicional: <\/p>\n\n\n\n<p>Agust\u00edn Torres Delgado, es el sobrino de Dante Delgado.<\/p>\n","protected":false},"excerpt":{"rendered":"<p>Con este nombramiento, \u00c1lvarez M\u00e1ynez ha presentado a cuatro integrantes de su equipo hasta el momento Jorge \u00c1lvarez M\u00e1ynez nombr\u00f3 como coordinador de finanzas de su campa\u00f1a a Agust\u00edn Torres Delgado, regidor con licencia por Movimiento Ciudadano (MC) de Coatzacoalcos, Veracruz. En redes sociales, el candidato por la presidencia de M\u00e9xico del movimiento naranja, asever\u00f3 [&hellip;]<\/p>\n","protected":false},"author":5,"featured_media":59147,"comment_status":"open","ping_status":"open","sticky":false,"template":"","format":"standard","meta":{"_uf_show_specific_survey":0,"_uf_disable_surveys":false,"advanced_seo_description":"","jetpack_seo_html_title":"","jetpack_seo_noindex":false,"jetpack_post_was_ever_published":false,"_jetpack_newsletter_access":"","_jetpack_dont_email_post_to_subs":false,"_jetpack_newsletter_tier_id":0,"_jetpack_memberships_contains_paywalled_content":false,"_jetpack_memberships_contains_paid_content":false,"footnotes":"","jetpack_publicize_message":"","jetpack_publicize_feature_enabled":true,"jetpack_social_post_already_shared":true,"jetpack_social_options":{"image_generator_settings":{"template":"highway","default_image_id":0,"font":"","enabled":false},"version":2}},"categories":[101,1724],"tags":[2500,45],"class_list":{"0":"post-59150","1":"post","2":"type-post","3":"status-publish","4":"format-standard","5":"has-post-thumbnail","7":"category-ciudad-de-mexico","8":"category-featured","9":"tag-mc-movimientociudadano","10":"tag-politicos"},"jetpack_publicize_connections":[],"jetpack_featured_media_url":"https:\/\/i0.wp.com\/mexicocodigorojo.com.mx\/wp-content\/uploads\/2024\/03\/img_0403.jpg?fit=482%2C276&ssl=1","jetpack-related-posts":[{"id":60931,"url":"https:\/\/mexicocodigorojo.com.mx\/?p=60931","url_meta":{"origin":59150,"position":0},"title":"Monterrey | VIDEO Se desploma escenario en evento de M\u00e1ynez en SPGG Nuevo Leon; hay cuatro muertos","author":"MexicoRojo","date":"mayo 22, 2024","format":false,"excerpt":"En cierre de campa\u00f1a de emecista, Lorenia Canavati, con presencia del candidato presidencial Jorge \u00c1lvarez M\u00e1ynez, se derrumba el escenario \u00a0 MONTERREY, NL.-Durante el evento de cierre de campa\u00f1a emecista en San Pedro, ante una tormenta, se cay\u00f3 el\u00a0escenario\u00a0en el que estaban\u00a0Jorge \u00c1lvarez Maynez, candidato presidencial de MC y Lorenia\u2026","rel":"","context":"En \u00abFeatured\u00bb","block_context":{"text":"Featured","link":"https:\/\/mexicocodigorojo.com.mx\/?cat=1724"},"img":{"alt_text":"","src":"https:\/\/i0.wp.com\/mexicocodigorojo.com.mx\/wp-content\/uploads\/2024\/05\/Screenshot_20240522-214034_X.jpg?fit=720%2C404&ssl=1&resize=350%2C200","width":350,"height":200,"srcset":"https:\/\/i0.wp.com\/mexicocodigorojo.com.mx\/wp-content\/uploads\/2024\/05\/Screenshot_20240522-214034_X.jpg?fit=720%2C404&ssl=1&resize=350%2C200 1x, https:\/\/i0.wp.com\/mexicocodigorojo.com.mx\/wp-content\/uploads\/2024\/05\/Screenshot_20240522-214034_X.jpg?fit=720%2C404&ssl=1&resize=525%2C300 1.5x, https:\/\/i0.wp.com\/mexicocodigorojo.com.mx\/wp-content\/uploads\/2024\/05\/Screenshot_20240522-214034_X.jpg?fit=720%2C404&ssl=1&resize=700%2C400 2x"},"classes":[]},{"id":55760,"url":"https:\/\/mexicocodigorojo.com.mx\/?p=55760","url_meta":{"origin":59150,"position":1},"title":"Piden a Gobierno asumir responsabilidad por tragedia en INM","author":"MexicoRojoCvmx","date":"marzo 28, 2023","format":false,"excerpt":"Diputados de Oposici\u00f3n demandaron al Gobierno federal asumir su responsabilidad por la muerte de 40 migrantes en un centro de detenci\u00f3n del Instituto Nacional de Migraci\u00f3n (INM) en Ciudad Ju\u00e1rez, Chihuahua. El coordinador de Movimiento Ciudadano, Jorge \u00c1lvarez M\u00e1ynez, asegur\u00f3 que lo ocurrido ayer no fue una tragedia, sino que\u2026","rel":"","context":"En \u00abFeatured\u00bb","block_context":{"text":"Featured","link":"https:\/\/mexicocodigorojo.com.mx\/?cat=1724"},"img":{"alt_text":"","src":"https:\/\/i0.wp.com\/mexicocodigorojo.com.mx\/wp-content\/uploads\/2023\/03\/5457194.jpg?fit=960%2C640&ssl=1&resize=350%2C200","width":350,"height":200,"srcset":"https:\/\/i0.wp.com\/mexicocodigorojo.com.mx\/wp-content\/uploads\/2023\/03\/5457194.jpg?fit=960%2C640&ssl=1&resize=350%2C200 1x, https:\/\/i0.wp.com\/mexicocodigorojo.com.mx\/wp-content\/uploads\/2023\/03\/5457194.jpg?fit=960%2C640&ssl=1&resize=525%2C300 1.5x, https:\/\/i0.wp.com\/mexicocodigorojo.com.mx\/wp-content\/uploads\/2023\/03\/5457194.jpg?fit=960%2C640&ssl=1&resize=700%2C400 2x"},"classes":[]},{"id":26076,"url":"https:\/\/mexicocodigorojo.com.mx\/?p=26076","url_meta":{"origin":59150,"position":2},"title":"Sentencian a l\u00edder criminal por homicidio en casino de Chihuahua","author":"Staff","date":"octubre 28, 2019","format":false,"excerpt":"Jes\u00fas Eduardo Delgado Torres, alias \u201cEl Poli\u201d, fue sentenciado a 16 a\u00f1os y ocho meses de prisi\u00f3n por el delito de homicidio en Chihuahua Un l\u00edder criminal fue sentenciado a 16 a\u00f1os y ocho meses de prisi\u00f3n por el delito de\u00a0homicidio, ya que el agente del Ministerio P\u00fablico demostr\u00f3 que\u2026","rel":"","context":"En \u00abChihuahua\u00bb","block_context":{"text":"Chihuahua","link":"https:\/\/mexicocodigorojo.com.mx\/?cat=5"},"img":{"alt_text":"","src":"https:\/\/i0.wp.com\/mexicocodigorojo.com.mx\/wp-content\/uploads\/2019\/10\/homicidio-casino-chihuahua.jpg?fit=1000%2C563&ssl=1&resize=350%2C200","width":350,"height":200,"srcset":"https:\/\/i0.wp.com\/mexicocodigorojo.com.mx\/wp-content\/uploads\/2019\/10\/homicidio-casino-chihuahua.jpg?fit=1000%2C563&ssl=1&resize=350%2C200 1x, https:\/\/i0.wp.com\/mexicocodigorojo.com.mx\/wp-content\/uploads\/2019\/10\/homicidio-casino-chihuahua.jpg?fit=1000%2C563&ssl=1&resize=525%2C300 1.5x, https:\/\/i0.wp.com\/mexicocodigorojo.com.mx\/wp-content\/uploads\/2019\/10\/homicidio-casino-chihuahua.jpg?fit=1000%2C563&ssl=1&resize=700%2C400 2x"},"classes":[]},{"id":58774,"url":"https:\/\/mexicocodigorojo.com.mx\/?p=58774","url_meta":{"origin":59150,"position":3},"title":"Investiga SFP presunta red de corrupci\u00f3n en UMAE 25 de Nuevo Le\u00f3n, inhabilitan funcionarios","author":"MexicoRojoCvmx","date":"enero 7, 2024","format":false,"excerpt":"Ciudad de M\u00e9xico.- La Secretar\u00eda de la Funci\u00f3n P\u00fablica se encuentra investigando una red de corrupci\u00f3n que involucra a mandos directivos de la Unidad M\u00e9dica de Alta especialidad N\u00famero 25 (UMAE 25) perteneciente al Instituto Mexicano del Seguro Social (IMSS). De acuerdo a informaci\u00f3n filtrada a este medio, se encontraron\u2026","rel":"","context":"En \u00abFeatured\u00bb","block_context":{"text":"Featured","link":"https:\/\/mexicocodigorojo.com.mx\/?cat=1724"},"img":{"alt_text":"","src":"https:\/\/i0.wp.com\/mexicocodigorojo.com.mx\/wp-content\/uploads\/2024\/01\/WhatsApp-Image-2024-01-07-at-2.55.26-PM.jpeg?fit=1030%2C511&ssl=1&resize=350%2C200","width":350,"height":200,"srcset":"https:\/\/i0.wp.com\/mexicocodigorojo.com.mx\/wp-content\/uploads\/2024\/01\/WhatsApp-Image-2024-01-07-at-2.55.26-PM.jpeg?fit=1030%2C511&ssl=1&resize=350%2C200 1x, https:\/\/i0.wp.com\/mexicocodigorojo.com.mx\/wp-content\/uploads\/2024\/01\/WhatsApp-Image-2024-01-07-at-2.55.26-PM.jpeg?fit=1030%2C511&ssl=1&resize=525%2C300 1.5x, https:\/\/i0.wp.com\/mexicocodigorojo.com.mx\/wp-content\/uploads\/2024\/01\/WhatsApp-Image-2024-01-07-at-2.55.26-PM.jpeg?fit=1030%2C511&ssl=1&resize=700%2C400 2x"},"classes":[]},{"id":51477,"url":"https:\/\/mexicocodigorojo.com.mx\/?p=51477","url_meta":{"origin":59150,"position":4},"title":"Sali\u00f3 cara la boda: Santiago Nieto deja Inteligencia Financiera; entra Pablo G\u00f3mez","author":"Staff","date":"noviembre 9, 2021","format":false,"excerpt":"Santiago Niego Castillo\u00a0present\u00f3 su renuncia a la\u00a0Unidad de Inteligencia Financiera\u00a0(UIF), inform\u00f3 este lunes la Secretar\u00eda de Gobernaci\u00f3n. Nieto Castillo asumi\u00f3 el cargo desde el primero de diciembre de 2018. Por instrucci\u00f3n del secretario de Gobernaci\u00f3n, Ad\u00e1n Augusto L\u00f3pez Hern\u00e1ndez,\u00a0Pablo G\u00f3mez \u00c1lvarez\u00a0ser\u00e1 el nuevo titular de la Unidad perteneciente a la\u2026","rel":"","context":"En \u00abFeatured\u00bb","block_context":{"text":"Featured","link":"https:\/\/mexicocodigorojo.com.mx\/?cat=1724"},"img":{"alt_text":"","src":"https:\/\/i0.wp.com\/mexicocodigorojo.com.mx\/wp-content\/uploads\/2021\/11\/JICFHHBYNJA4PC35KMTN254UDY.jpeg?fit=800%2C533&ssl=1&resize=350%2C200","width":350,"height":200,"srcset":"https:\/\/i0.wp.com\/mexicocodigorojo.com.mx\/wp-content\/uploads\/2021\/11\/JICFHHBYNJA4PC35KMTN254UDY.jpeg?fit=800%2C533&ssl=1&resize=350%2C200 1x, https:\/\/i0.wp.com\/mexicocodigorojo.com.mx\/wp-content\/uploads\/2021\/11\/JICFHHBYNJA4PC35KMTN254UDY.jpeg?fit=800%2C533&ssl=1&resize=525%2C300 1.5x, https:\/\/i0.wp.com\/mexicocodigorojo.com.mx\/wp-content\/uploads\/2021\/11\/JICFHHBYNJA4PC35KMTN254UDY.jpeg?fit=800%2C533&ssl=1&resize=700%2C400 2x"},"classes":[]},{"id":60962,"url":"https:\/\/mexicocodigorojo.com.mx\/?p=60962","url_meta":{"origin":59150,"position":5},"title":"\u00abNos tom\u00f3 por sorpresa\u00bb, dice Samuel Garc\u00eda tras ca\u00edda de estructura que dej\u00f3 9 muertos; suman 121 lesionados","author":"MexicoRojoCvmx","date":"mayo 23, 2024","format":false,"excerpt":"Monterrey, 23 de mayo.- \u201cEsto ayer nos tom\u00f3 por sorpresa, no estaba ni siquiera pronosticado en la ciudad una tormenta, y fue tan r\u00e1pido que el caso en particular de este cierre, el personal y quienes asistimos no podr\u00edamos dar cr\u00e9dito de lo sucedido\u201d, se\u00f1al\u00f3 el gobernador de Nuevo Le\u00f3n,\u2026","rel":"","context":"En \u00abFeatured\u00bb","block_context":{"text":"Featured","link":"https:\/\/mexicocodigorojo.com.mx\/?cat=1724"},"img":{"alt_text":"","src":"https:\/\/i0.wp.com\/mexicocodigorojo.com.mx\/wp-content\/uploads\/2024\/05\/Captura-de-pantalla-2024-05-23-120828.jpg?fit=1193%2C729&ssl=1&resize=350%2C200","width":350,"height":200,"srcset":"https:\/\/i0.wp.com\/mexicocodigorojo.com.mx\/wp-content\/uploads\/2024\/05\/Captura-de-pantalla-2024-05-23-120828.jpg?fit=1193%2C729&ssl=1&resize=350%2C200 1x, https:\/\/i0.wp.com\/mexicocodigorojo.com.mx\/wp-content\/uploads\/2024\/05\/Captura-de-pantalla-2024-05-23-120828.jpg?fit=1193%2C729&ssl=1&resize=525%2C300 1.5x, https:\/\/i0.wp.com\/mexicocodigorojo.com.mx\/wp-content\/uploads\/2024\/05\/Captura-de-pantalla-2024-05-23-120828.jpg?fit=1193%2C729&ssl=1&resize=700%2C400 2x, https:\/\/i0.wp.com\/mexicocodigorojo.com.mx\/wp-content\/uploads\/2024\/05\/Captura-de-pantalla-2024-05-23-120828.jpg?fit=1193%2C729&ssl=1&resize=1050%2C600 3x"},"classes":[]}],"jetpack_sharing_enabled":true,"jetpack_likes_enabled":true,"jetpack_shortlink":"https:\/\/wp.me\/p9TedA-fo2","_links":{"self":[{"href":"https:\/\/mexicocodigorojo.com.mx\/index.php?rest_route=\/wp\/v2\/posts\/59150","targetHints":{"allow":["GET"]}}],"collection":[{"href":"https:\/\/mexicocodigorojo.com.mx\/index.php?rest_route=\/wp\/v2\/posts"}],"about":[{"href":"https:\/\/mexicocodigorojo.com.mx\/index.php?rest_route=\/wp\/v2\/types\/post"}],"author":[{"embeddable":true,"href":"https:\/\/mexicocodigorojo.com.mx\/index.php?rest_route=\/wp\/v2\/users\/5"}],"replies":[{"embeddable":true,"href":"https:\/\/mexicocodigorojo.com.mx\/index.php?rest_route=%2Fwp%2Fv2%2Fcomments&post=59150"}],"version-history":[{"count":0,"href":"https:\/\/mexicocodigorojo.com.mx\/index.php?rest_route=\/wp\/v2\/posts\/59150\/revisions"}],"wp:featuredmedia":[{"embeddable":true,"href":"https:\/\/mexicocodigorojo.com.mx\/index.php?rest_route=\/wp\/v2\/media\/59147"}],"wp:attachment":[{"href":"https:\/\/mexicocodigorojo.com.mx\/index.php?rest_route=%2Fwp%2Fv2%2Fmedia&parent=59150"}],"wp:term":[{"taxonomy":"category","embeddable":true,"href":"https:\/\/mexicocodigorojo.com.mx\/index.php?rest_route=%2Fwp%2Fv2%2Fcategories&post=59150"},{"taxonomy":"post_tag","embeddable":true,"href":"https:\/\/mexicocodigorojo.com.mx\/index.php?rest_route=%2Fwp%2Fv2%2Ftags&post=59150"}],"curies":[{"name":"wp","href":"https:\/\/api.w.org\/{rel}","templated":true}]}}