{"id":59086,"date":"2024-02-15T16:34:50","date_gmt":"2024-02-15T22:34:50","guid":{"rendered":"https:\/\/mexicocodigorojo.com.mx\/?p=59086"},"modified":"2024-02-19T16:37:01","modified_gmt":"2024-02-19T22:37:01","slug":"asesinan-a-mando-de-la-fiscalia-en-ciudad-obregon","status":"publish","type":"post","link":"https:\/\/mexicocodigorojo.com.mx\/?p=59086","title":{"rendered":"Asesinan a mando de la Fiscal\u00eda en Ciudad Obreg\u00f3n"},"content":{"rendered":"<p>SONORA.- La Fiscal\u00eda de Sonora inform\u00f3 que el comandante de la Agencia Ministerial de Investigaci\u00f3n Criminal (AMIC) fue asesinado afuera de una plaza comercial en Ciudad Obreg\u00f3n, municipio de Cajeme.<\/p>\n<p>El elemento asesinado respond\u00eda en vida al nombre de Manuel de Jes\u00fas y al momento de la agresi\u00f3n se encontraba con un compa\u00f1ero de la corporaci\u00f3n quien result\u00f3 herido de bala.<\/p>\n<p>Tras el ataque las autoridades realizaron un operativo en el que participan los tres niveles de gobierno para dar con los responsables.<\/p>\n<p>El Ministerio P\u00fablico inici\u00f3 las primeras diligencias de investigaci\u00f3n para dar con los responsables del artero crimen.<\/p>\n<p>Manuel de Jes\u00fas ten\u00eda apenas tres semanas de haber llegado a esta ciudad para hacerse cargo del destacamento de la AMIC.<\/p>\n","protected":false},"excerpt":{"rendered":"<p>SONORA.- La Fiscal\u00eda de Sonora inform\u00f3 que el comandante de la Agencia Ministerial de Investigaci\u00f3n Criminal (AMIC) fue asesinado afuera de una plaza comercial en Ciudad Obreg\u00f3n, municipio de Cajeme. El elemento asesinado respond\u00eda en vida al nombre de Manuel de Jes\u00fas y al momento de la agresi\u00f3n se encontraba con un compa\u00f1ero de la [&hellip;]<\/p>\n","protected":false},"author":5,"featured_media":59087,"comment_status":"open","ping_status":"open","sticky":false,"template":"","format":"standard","meta":{"_uf_show_specific_survey":0,"_uf_disable_surveys":false,"advanced_seo_description":"","jetpack_seo_html_title":"","jetpack_seo_noindex":false,"jetpack_post_was_ever_published":false,"_jetpack_newsletter_access":"","_jetpack_dont_email_post_to_subs":false,"_jetpack_newsletter_tier_id":0,"_jetpack_memberships_contains_paywalled_content":false,"_jetpack_memberships_contains_paid_content":false,"footnotes":"","jetpack_publicize_message":"","jetpack_publicize_feature_enabled":true,"jetpack_social_post_already_shared":true,"jetpack_social_options":{"image_generator_settings":{"template":"highway","default_image_id":0,"font":"","enabled":false},"version":2}},"categories":[1724,115],"tags":[858],"class_list":{"0":"post-59086","1":"post","2":"type-post","3":"status-publish","4":"format-standard","5":"has-post-thumbnail","7":"category-featured","8":"category-sonora","9":"tag-homicidio"},"jetpack_publicize_connections":[],"jetpack_featured_media_url":"https:\/\/i0.wp.com\/mexicocodigorojo.com.mx\/wp-content\/uploads\/2024\/02\/sonora-ok-1024x638-1.jpg?fit=1024%2C638&ssl=1","jetpack-related-posts":[{"id":12570,"url":"https:\/\/mexicocodigorojo.com.mx\/?p=12570","url_meta":{"origin":59086,"position":0},"title":"V\u00eddeo;C\u00e1maras de seguridad grabaron el momento cuando un comando armado llega en dos veh\u00edculos y dan levanton a 6 personas, 3 mujeres y 3 hombres en Ciudad Obreg\u00f3n Sonora","author":"Staff","date":"enero 21, 2019","format":false,"excerpt":"V\u00eddeo;Es captado por c\u00e1maras de seguridad el momento cuando un comando armado de sicarios llegan en dos veh\u00edculos y dan levanton a 6 personas, 3 mujeres y 3 hombres en Ciudad Obreg\u00f3n Sonora Los hechos se dieron el pasado 26 de diciembre pero fue esta semana que se dio a\u2026","rel":"","context":"En \u00abFeatured\u00bb","block_context":{"text":"Featured","link":"https:\/\/mexicocodigorojo.com.mx\/?cat=1724"},"img":{"alt_text":"","src":"","width":0,"height":0},"classes":[]},{"id":21410,"url":"https:\/\/mexicocodigorojo.com.mx\/?p=21410","url_meta":{"origin":59086,"position":1},"title":"Detenidos los asesinos de padre e hijo de 4 a\u00f1os en Las Misiones de Ciudad Obreg\u00f3n, Sonora","author":"Staff","date":"agosto 7, 2019","format":false,"excerpt":"Los dos imputados Ernesto Alonso y Brayan Valent\u00edn fueron vinculados a proceso por el Juez, quien decret\u00f3 prisi\u00f3n preventiva por el delito de homicidio calificado con alevos\u00eda y ventaja en n\u00famero de dos y tentativa de homicidio calificado con alevos\u00eda y ventaja. Ciudad Obreg\u00f3n, Sonora.-\u00a0Tras las investigaciones, la Fiscal\u00eda General\u2026","rel":"","context":"En \u00abSonora\u00bb","block_context":{"text":"Sonora","link":"https:\/\/mexicocodigorojo.com.mx\/?cat=115"},"img":{"alt_text":"","src":"https:\/\/i0.wp.com\/mexicocodigorojo.com.mx\/wp-content\/uploads\/2019\/08\/familia_2.jpg_738841978.jpg?fit=1200%2C763&ssl=1&resize=350%2C200","width":350,"height":200,"srcset":"https:\/\/i0.wp.com\/mexicocodigorojo.com.mx\/wp-content\/uploads\/2019\/08\/familia_2.jpg_738841978.jpg?fit=1200%2C763&ssl=1&resize=350%2C200 1x, https:\/\/i0.wp.com\/mexicocodigorojo.com.mx\/wp-content\/uploads\/2019\/08\/familia_2.jpg_738841978.jpg?fit=1200%2C763&ssl=1&resize=525%2C300 1.5x, https:\/\/i0.wp.com\/mexicocodigorojo.com.mx\/wp-content\/uploads\/2019\/08\/familia_2.jpg_738841978.jpg?fit=1200%2C763&ssl=1&resize=700%2C400 2x, https:\/\/i0.wp.com\/mexicocodigorojo.com.mx\/wp-content\/uploads\/2019\/08\/familia_2.jpg_738841978.jpg?fit=1200%2C763&ssl=1&resize=1050%2C600 3x"},"classes":[]},{"id":64430,"url":"https:\/\/mexicocodigorojo.com.mx\/?p=64430","url_meta":{"origin":59086,"position":2},"title":"Violencia en Cajeme: ataque en carrera de caballos deja dos personas sin vida y un herido","author":"MexicoRojoCvmx","date":"julio 21, 2025","format":false,"excerpt":"Ciudad Obreg\u00f3n, Son. \u2014 La tarde del domingo 20 de julio, un evento recreativo se convirti\u00f3 en escenario de violencia en el municipio de Cajeme. Un ataque armado registrado durante una carrera de caballos en el hip\u00f3dromo Carril San Isidro dej\u00f3 un saldo de dos personas fallecidas y una m\u00e1s\u2026","rel":"","context":"En \u00abFeatured\u00bb","block_context":{"text":"Featured","link":"https:\/\/mexicocodigorojo.com.mx\/?cat=1724"},"img":{"alt_text":"","src":"https:\/\/i0.wp.com\/mexicocodigorojo.com.mx\/wp-content\/uploads\/2025\/07\/Captura-de-pantalla-2025-07-21-182610.jpg?fit=1086%2C657&ssl=1&resize=350%2C200","width":350,"height":200,"srcset":"https:\/\/i0.wp.com\/mexicocodigorojo.com.mx\/wp-content\/uploads\/2025\/07\/Captura-de-pantalla-2025-07-21-182610.jpg?fit=1086%2C657&ssl=1&resize=350%2C200 1x, https:\/\/i0.wp.com\/mexicocodigorojo.com.mx\/wp-content\/uploads\/2025\/07\/Captura-de-pantalla-2025-07-21-182610.jpg?fit=1086%2C657&ssl=1&resize=525%2C300 1.5x, https:\/\/i0.wp.com\/mexicocodigorojo.com.mx\/wp-content\/uploads\/2025\/07\/Captura-de-pantalla-2025-07-21-182610.jpg?fit=1086%2C657&ssl=1&resize=700%2C400 2x, https:\/\/i0.wp.com\/mexicocodigorojo.com.mx\/wp-content\/uploads\/2025\/07\/Captura-de-pantalla-2025-07-21-182610.jpg?fit=1086%2C657&ssl=1&resize=1050%2C600 3x"},"classes":[]},{"id":57072,"url":"https:\/\/mexicocodigorojo.com.mx\/?p=57072","url_meta":{"origin":59086,"position":3},"title":"Realiza Fiscal\u00eda de Sonora acciones contra la crueldad animal","author":"Staff","date":"septiembre 5, 2023","format":false,"excerpt":"En San Luis R\u00edo Colorado se captur\u00f3 a un sujeto que clav\u00f3 un cuchillo en el ojo de una perrita y en Cajeme se rescat\u00f3 a canino hembra y a sus tres cachorros Hermosillo, Sonora, 5 de septiembre de 2023.- Los agentes de la AMIC capturaron en San Luis R\u00edo\u2026","rel":"","context":"En \u00abFeatured\u00bb","block_context":{"text":"Featured","link":"https:\/\/mexicocodigorojo.com.mx\/?cat=1724"},"img":{"alt_text":"","src":"https:\/\/i0.wp.com\/mexicocodigorojo.com.mx\/wp-content\/uploads\/2023\/09\/e2604e59-a766-4350-b983-086074531648.jpg?fit=1200%2C1200&ssl=1&resize=350%2C200","width":350,"height":200,"srcset":"https:\/\/i0.wp.com\/mexicocodigorojo.com.mx\/wp-content\/uploads\/2023\/09\/e2604e59-a766-4350-b983-086074531648.jpg?fit=1200%2C1200&ssl=1&resize=350%2C200 1x, https:\/\/i0.wp.com\/mexicocodigorojo.com.mx\/wp-content\/uploads\/2023\/09\/e2604e59-a766-4350-b983-086074531648.jpg?fit=1200%2C1200&ssl=1&resize=525%2C300 1.5x, https:\/\/i0.wp.com\/mexicocodigorojo.com.mx\/wp-content\/uploads\/2023\/09\/e2604e59-a766-4350-b983-086074531648.jpg?fit=1200%2C1200&ssl=1&resize=700%2C400 2x, https:\/\/i0.wp.com\/mexicocodigorojo.com.mx\/wp-content\/uploads\/2023\/09\/e2604e59-a766-4350-b983-086074531648.jpg?fit=1200%2C1200&ssl=1&resize=1050%2C600 3x"},"classes":[]},{"id":26686,"url":"https:\/\/mexicocodigorojo.com.mx\/?p=26686","url_meta":{"origin":59086,"position":4},"title":"LOGRA FISCAL\u00cdA M\u00c1S DE 40 A\u00d1OS DE PRISI\u00d3N PARA TRES DE LOS IMPLICADOS EN EL ASESINATO DEL DIPUTADO EDUARDO ENRIQUE CASTRO LUQUE","author":"Staff","date":"noviembre 8, 2019","format":false,"excerpt":"\u2022Wilfredo \u201cN.\u201d, \u201cEl Willy\u201d; Diego Misael \u201cN.\u201d, \u201cEl Mat\u00f3n\u201d; y Wilver Joel \u201cN.\u201d, \u201cEl Wilver\u201d recibieron un castigo de 40 a\u00f1os 7 meses 15 d\u00edas de c\u00e1rcel por parte del Juez por el delito de homicidio calificado con premeditaci\u00f3n, alevos\u00eda, traici\u00f3n y retribuci\u00f3n dada o prometida cometida por pandilla en\u2026","rel":"","context":"En \u00abSonora\u00bb","block_context":{"text":"Sonora","link":"https:\/\/mexicocodigorojo.com.mx\/?cat=115"},"img":{"alt_text":"","src":"https:\/\/i0.wp.com\/mexicocodigorojo.com.mx\/wp-content\/uploads\/2019\/11\/castro_luque.jpg_738841978.jpg?fit=1200%2C763&ssl=1&resize=350%2C200","width":350,"height":200,"srcset":"https:\/\/i0.wp.com\/mexicocodigorojo.com.mx\/wp-content\/uploads\/2019\/11\/castro_luque.jpg_738841978.jpg?fit=1200%2C763&ssl=1&resize=350%2C200 1x, https:\/\/i0.wp.com\/mexicocodigorojo.com.mx\/wp-content\/uploads\/2019\/11\/castro_luque.jpg_738841978.jpg?fit=1200%2C763&ssl=1&resize=525%2C300 1.5x, https:\/\/i0.wp.com\/mexicocodigorojo.com.mx\/wp-content\/uploads\/2019\/11\/castro_luque.jpg_738841978.jpg?fit=1200%2C763&ssl=1&resize=700%2C400 2x, https:\/\/i0.wp.com\/mexicocodigorojo.com.mx\/wp-content\/uploads\/2019\/11\/castro_luque.jpg_738841978.jpg?fit=1200%2C763&ssl=1&resize=1050%2C600 3x"},"classes":[]},{"id":7381,"url":"https:\/\/mexicocodigorojo.com.mx\/?p=7381","url_meta":{"origin":59086,"position":5},"title":"EN OBREGON SONORA EN UNA BALACERA FGJE NEUTRALIZA A SICARIO","author":"Staff","date":"octubre 27, 2018","format":false,"excerpt":"Ciudad Obreg\u00f3n, Sonor\u00ada,Un sicario implicado\u00ad en homicidios, y rel\u00adacionado a varios cas\u00ados m\u00e1s, fue abatido p\u00ador agentes de la Fisc\u00adal\u00eda General de Justi\u00adcia del Estado (FGJE)\u00ad despu\u00e9s de que los a\u00adgredi\u00f3 con proyectile\u00ads de arma de fuego ca\u00adlibre .40. Jorge Antonio \u201cN.\u201d, \u201c\u00adEl Muppet\u201d, contaba c\u00adon dos \u00f3rdenes de apr\u00adehensi\u00f3n\u2026","rel":"","context":"En \u00abSonora\u00bb","block_context":{"text":"Sonora","link":"https:\/\/mexicocodigorojo.com.mx\/?cat=115"},"img":{"alt_text":"","src":"https:\/\/i0.wp.com\/mexicocodigorojo.com.mx\/wp-content\/uploads\/2018\/10\/fb_img_1540666703267318580274.jpg?resize=350%2C200&ssl=1","width":350,"height":200},"classes":[]}],"jetpack_sharing_enabled":true,"jetpack_likes_enabled":true,"jetpack_shortlink":"https:\/\/wp.me\/p9TedA-fn0","_links":{"self":[{"href":"https:\/\/mexicocodigorojo.com.mx\/index.php?rest_route=\/wp\/v2\/posts\/59086","targetHints":{"allow":["GET"]}}],"collection":[{"href":"https:\/\/mexicocodigorojo.com.mx\/index.php?rest_route=\/wp\/v2\/posts"}],"about":[{"href":"https:\/\/mexicocodigorojo.com.mx\/index.php?rest_route=\/wp\/v2\/types\/post"}],"author":[{"embeddable":true,"href":"https:\/\/mexicocodigorojo.com.mx\/index.php?rest_route=\/wp\/v2\/users\/5"}],"replies":[{"embeddable":true,"href":"https:\/\/mexicocodigorojo.com.mx\/index.php?rest_route=%2Fwp%2Fv2%2Fcomments&post=59086"}],"version-history":[{"count":1,"href":"https:\/\/mexicocodigorojo.com.mx\/index.php?rest_route=\/wp\/v2\/posts\/59086\/revisions"}],"predecessor-version":[{"id":59088,"href":"https:\/\/mexicocodigorojo.com.mx\/index.php?rest_route=\/wp\/v2\/posts\/59086\/revisions\/59088"}],"wp:featuredmedia":[{"embeddable":true,"href":"https:\/\/mexicocodigorojo.com.mx\/index.php?rest_route=\/wp\/v2\/media\/59087"}],"wp:attachment":[{"href":"https:\/\/mexicocodigorojo.com.mx\/index.php?rest_route=%2Fwp%2Fv2%2Fmedia&parent=59086"}],"wp:term":[{"taxonomy":"category","embeddable":true,"href":"https:\/\/mexicocodigorojo.com.mx\/index.php?rest_route=%2Fwp%2Fv2%2Fcategories&post=59086"},{"taxonomy":"post_tag","embeddable":true,"href":"https:\/\/mexicocodigorojo.com.mx\/index.php?rest_route=%2Fwp%2Fv2%2Ftags&post=59086"}],"curies":[{"name":"wp","href":"https:\/\/api.w.org\/{rel}","templated":true}]}}