{"id":59069,"date":"2024-02-14T11:16:36","date_gmt":"2024-02-14T17:16:36","guid":{"rendered":"https:\/\/mexicocodigorojo.com.mx\/?p=59069"},"modified":"2024-02-19T11:23:13","modified_gmt":"2024-02-19T17:23:13","slug":"amenazan-de-muerte-a-jefe-regional-de-la-fgr","status":"publish","type":"post","link":"https:\/\/mexicocodigorojo.com.mx\/?p=59069","title":{"rendered":"Amenazan de muerte a jefe regional de la FGR"},"content":{"rendered":"<p>En un v\u00eddeo compartido por el periodista Antonio Nieto ha expuesto una amenaza de muerte dirigida a Edgar Gerardo Aguilar Quintana, identificado como el jefe regional de la Fiscal\u00eda General de la Rep\u00fablica (FGR) en la Ciudad de M\u00e9xico (CDMX). En las im\u00e1genes, un grupo de individuos encapuchados, presuntamente sicarios, lanza una advertencia directa al funcionario, acus\u00e1ndolo de traici\u00f3n y supuesto robo de droga a un grupo delictivo no identificado.<\/p>\n<p>El inquietante mensaje dirigido al presidente Andr\u00e9s Manuel L\u00f3pez Obrador (AMLO) revela una serie de acusaciones graves contra Aguilar Quintana, relacionadas con operativos de decomiso de drogas que habr\u00edan derivado en supuestas acciones fraudulentas por parte del funcionario de la FGR.<\/p>\n<p>De acuerdo con el relato del mensajero an\u00f3nimo en el v\u00eddeo, el conflicto se remonta al mes de abril del a\u00f1o 2023, cuando Aguilar Quintana y sus elementos irrumpieron en una propiedad vinculada al grupo delictivo, donde se incautaron 620 kilos de coca\u00edna bajo una orden de cateo. Sin embargo, la situaci\u00f3n tom\u00f3 un giro oscuro cuando, seg\u00fan el testimonio, el grupo criminal descubri\u00f3 que la orden presentada por la Agencia de Investigaci\u00f3n Criminal (AIC) era falsa, lo que los llev\u00f3 a acusar al agente de haberles robado la droga.<\/p>\n<p>Las acusaciones se tornan a\u00fan m\u00e1s fuertes cuando se menciona un presunto operativo simulado en el que Aguilar Quintana habr\u00eda sustra\u00eddo otros 800 kilos de droga, presuntamente protegido por su posici\u00f3n en la FGR. Los sicarios, en el v\u00eddeo, denuncian la supuesta connivencia del funcionario con otros grupos delictivos y su presunta actitud arrogante ante las advertencias de represalias.<\/p>\n<p>La escalada de tensi\u00f3n llega a su punto m\u00e1s \u00e1lgido cuando el mensajero an\u00f3nimo declara abiertamente la intenci\u00f3n de asesinar a Aguilar Quintana y advierte que cualquier intento de resistencia ser\u00e1 respondido con violencia, incluyendo amenazas contra la vida de sus seres queridos.<\/p>\n<p>Hasta el momento, ninguna autoridad ha emitido declaraciones sobre el v\u00eddeo y se desconoce la fecha exacta de su grabaci\u00f3n, as\u00ed como la identidad de los involucrados. Sin embargo, la aparici\u00f3n de este material ha generado una gran conmoci\u00f3n y ha puesto de manifiesto la gravedad de la situaci\u00f3n de seguridad en la CDMX, as\u00ed como las complejidades y peligros que enfrentan aquellos que luchan contra el crimen organizado en el pa\u00eds.<\/p>\n<blockquote class=\"twitter-tweet\" data-width=\"550\" data-dnt=\"true\">\n<p lang=\"es\" dir=\"ltr\">Aguilar Quintana ya hab\u00eda sido investigado por el supuesto robo de 1.5 MDD de procedencia il\u00edcita en 2022. <\/p>\n<p>Desde 2021, Aguilar es jefe regional metropolitano. <a href=\"https:\/\/t.co\/9fNBR4PgCt\">pic.twitter.com\/9fNBR4PgCt<\/a><\/p>\n<p>&mdash; Antonio Nieto (@siete_letras) <a href=\"https:\/\/twitter.com\/siete_letras\/status\/1757795898464129196?ref_src=twsrc%5Etfw\">February 14, 2024<\/a><\/p><\/blockquote>\n<p><script async src=\"https:\/\/platform.twitter.com\/widgets.js\" charset=\"utf-8\"><\/script><\/p>\n","protected":false},"excerpt":{"rendered":"<p>En un v\u00eddeo compartido por el periodista Antonio Nieto ha expuesto una amenaza de muerte dirigida a Edgar Gerardo Aguilar Quintana, identificado como el jefe regional de la Fiscal\u00eda General de la Rep\u00fablica (FGR) en la Ciudad de M\u00e9xico (CDMX). En las im\u00e1genes, un grupo de individuos encapuchados, presuntamente sicarios, lanza una advertencia directa al [&hellip;]<\/p>\n","protected":false},"author":5,"featured_media":59070,"comment_status":"open","ping_status":"open","sticky":false,"template":"","format":"standard","meta":{"_uf_show_specific_survey":0,"_uf_disable_surveys":false,"advanced_seo_description":"","jetpack_seo_html_title":"","jetpack_seo_noindex":false,"jetpack_post_was_ever_published":false,"_jetpack_newsletter_access":"","_jetpack_dont_email_post_to_subs":false,"_jetpack_newsletter_tier_id":0,"_jetpack_memberships_contains_paywalled_content":false,"_jetpack_memberships_contains_paid_content":false,"footnotes":"","jetpack_publicize_message":"Edgar Gerardo Aguilar Quintana, Jefe de la Fiscal\u00eda General de la CDMX, es acusado de traici\u00f3n y supuesto fraude a grupos criminales a trav\u00e9s de un video publicado en redes","jetpack_publicize_feature_enabled":true,"jetpack_social_post_already_shared":true,"jetpack_social_options":{"image_generator_settings":{"template":"highway","default_image_id":0,"font":"","enabled":false},"version":2}},"categories":[101,1724],"tags":[2173],"class_list":{"0":"post-59069","1":"post","2":"type-post","3":"status-publish","4":"format-standard","5":"has-post-thumbnail","7":"category-ciudad-de-mexico","8":"category-featured","9":"tag-narcotrafico-2"},"jetpack_publicize_connections":[],"jetpack_featured_media_url":"https:\/\/i0.wp.com\/mexicocodigorojo.com.mx\/wp-content\/uploads\/2024\/02\/fgrjeferegional.jpg?fit=1850%2C877&ssl=1","jetpack-related-posts":[{"id":57505,"url":"https:\/\/mexicocodigorojo.com.mx\/?p=57505","url_meta":{"origin":59069,"position":0},"title":"Funcionarios son \u2018cazados\u2019 en Guerrero: Fernando Garc\u00eda, delegado de la FGR, fue ejecutado","author":"Staff","date":"septiembre 12, 2023","format":false,"excerpt":"Fernando Garc\u00eda Hern\u00e1ndez, delegado de\u00a0la Fiscal\u00eda General de la Rep\u00fablica (FGR)\u00a0en Guerrero, fue ejecutado en la ma\u00f1ana de este martes cuando circulaba en su camioneta particular en\u00a0Chilpancingo. De acuerdo con los primeros reportes, el funcionario federal\u00a0conduc\u00eda su camioneta particular\u00a0por calles de la colonia Cipatli, ubicada al norte de la ciudad,\u2026","rel":"","context":"En \u00abFeatured\u00bb","block_context":{"text":"Featured","link":"https:\/\/mexicocodigorojo.com.mx\/?cat=1724"},"img":{"alt_text":"","src":"https:\/\/i0.wp.com\/mexicocodigorojo.com.mx\/wp-content\/uploads\/2023\/10\/fernandogarciafgr.jpg?fit=1200%2C740&ssl=1&resize=350%2C200","width":350,"height":200,"srcset":"https:\/\/i0.wp.com\/mexicocodigorojo.com.mx\/wp-content\/uploads\/2023\/10\/fernandogarciafgr.jpg?fit=1200%2C740&ssl=1&resize=350%2C200 1x, https:\/\/i0.wp.com\/mexicocodigorojo.com.mx\/wp-content\/uploads\/2023\/10\/fernandogarciafgr.jpg?fit=1200%2C740&ssl=1&resize=525%2C300 1.5x, https:\/\/i0.wp.com\/mexicocodigorojo.com.mx\/wp-content\/uploads\/2023\/10\/fernandogarciafgr.jpg?fit=1200%2C740&ssl=1&resize=700%2C400 2x, https:\/\/i0.wp.com\/mexicocodigorojo.com.mx\/wp-content\/uploads\/2023\/10\/fernandogarciafgr.jpg?fit=1200%2C740&ssl=1&resize=1050%2C600 3x"},"classes":[]},{"id":56109,"url":"https:\/\/mexicocodigorojo.com.mx\/?p=56109","url_meta":{"origin":59069,"position":1},"title":"SEMAR captura a \u00abPantera\u00bb o \u00abEl 15\u00bb jefe de plaza en Quintana Roo","author":"MexicoRojoCvmx","date":"mayo 15, 2023","format":false,"excerpt":"Ciudad de M\u00e9xico.- Las fuerzas de la Unidad de Operaciones Especiales (UNOPES) de la Armada de M\u00e9xico (Semar), respaldadas por labores de inteligencia, lograron la detenci\u00f3n de H\u00e9ctor El\u00edas Flores Aceves, tambi\u00e9n conocido como \"El 15\", \"Secre\", \"Pantera\" y\/o \"Rey\". Este individuo era el Jefe de Plaza del C\u00e1rtel del\u2026","rel":"","context":"En \u00abFeatured\u00bb","block_context":{"text":"Featured","link":"https:\/\/mexicocodigorojo.com.mx\/?cat=1724"},"img":{"alt_text":"","src":"https:\/\/i0.wp.com\/mexicocodigorojo.com.mx\/wp-content\/uploads\/2023\/05\/detenido.jpg?fit=794%2C463&ssl=1&resize=350%2C200","width":350,"height":200,"srcset":"https:\/\/i0.wp.com\/mexicocodigorojo.com.mx\/wp-content\/uploads\/2023\/05\/detenido.jpg?fit=794%2C463&ssl=1&resize=350%2C200 1x, https:\/\/i0.wp.com\/mexicocodigorojo.com.mx\/wp-content\/uploads\/2023\/05\/detenido.jpg?fit=794%2C463&ssl=1&resize=525%2C300 1.5x, https:\/\/i0.wp.com\/mexicocodigorojo.com.mx\/wp-content\/uploads\/2023\/05\/detenido.jpg?fit=794%2C463&ssl=1&resize=700%2C400 2x"},"classes":[]},{"id":55796,"url":"https:\/\/mexicocodigorojo.com.mx\/?p=55796","url_meta":{"origin":59069,"position":2},"title":"Autoridades extraditan a \u201cEl Cholo Iv\u00e1n\u201d, exjefe de seguridad del \u201cChapo\u201d","author":"Staff","date":"abril 2, 2023","format":false,"excerpt":"La Fiscal\u00eda General de la Rep\u00fablica (FGR) inform\u00f3 este domingo que se extradit\u00f3 a Jorge Iv\u00e1n \u201cG\u201d, al\u00edas \u201cEl Cholo Iv\u00e1n\u201d, a Estados Unidos donde enfrentar\u00e1 un proceso por asociaci\u00f3n delictuosa, delitos contra la salud y por descargar un arma de fuego. De acuerdo con las autoridades, \u201cEl Cholo Iv\u00e1n\u201d\u2026","rel":"","context":"En \u00abCiudad de M\u00e9xico\u00bb","block_context":{"text":"Ciudad de M\u00e9xico","link":"https:\/\/mexicocodigorojo.com.mx\/?cat=101"},"img":{"alt_text":"","src":"https:\/\/i0.wp.com\/mexicocodigorojo.com.mx\/wp-content\/uploads\/2023\/04\/6429f1eb7eadc.jpeg?fit=940%2C470&ssl=1&resize=350%2C200","width":350,"height":200,"srcset":"https:\/\/i0.wp.com\/mexicocodigorojo.com.mx\/wp-content\/uploads\/2023\/04\/6429f1eb7eadc.jpeg?fit=940%2C470&ssl=1&resize=350%2C200 1x, https:\/\/i0.wp.com\/mexicocodigorojo.com.mx\/wp-content\/uploads\/2023\/04\/6429f1eb7eadc.jpeg?fit=940%2C470&ssl=1&resize=525%2C300 1.5x, https:\/\/i0.wp.com\/mexicocodigorojo.com.mx\/wp-content\/uploads\/2023\/04\/6429f1eb7eadc.jpeg?fit=940%2C470&ssl=1&resize=700%2C400 2x"},"classes":[]},{"id":62608,"url":"https:\/\/mexicocodigorojo.com.mx\/?p=62608","url_meta":{"origin":59069,"position":3},"title":"Capturan en Yucat\u00e1n a \u00abEl Chaparrito\u00bb, l\u00edder del &#8216;CJNG&#8217; en Colima","author":"Staff","date":"agosto 19, 2024","format":false,"excerpt":"M\u00e9rida, Yucat\u00e1n.-\u00a0 Un detenido en Yucat\u00e1n era Jefe de la Plaza en Colima del\u00a0Cartel de Jalisco Nueva Generaci\u00f3n, y fue identificado como Aldrin Miguel Jarqu\u00edn Jarqu\u00edn alias\u00a0\"El Chaparrito\", quien este mismo lunes fue trasladado a la ciudad de M\u00e9xico por la FGR. Jarqu\u00edn Jarqu\u00edn se desenvolv\u00eda como presunto l\u00edder del\u2026","rel":"","context":"En \u00abColima\u00bb","block_context":{"text":"Colima","link":"https:\/\/mexicocodigorojo.com.mx\/?cat=104"},"img":{"alt_text":"","src":"https:\/\/mexicocodigorojo.com.mx\/wp-content\/uploads\/2024\/08\/HQQMABMLTZBTFEFN4IGONFIMWA.avif","width":350,"height":200,"srcset":"https:\/\/mexicocodigorojo.com.mx\/wp-content\/uploads\/2024\/08\/HQQMABMLTZBTFEFN4IGONFIMWA.avif 1x, https:\/\/mexicocodigorojo.com.mx\/wp-content\/uploads\/2024\/08\/HQQMABMLTZBTFEFN4IGONFIMWA.avif 1.5x, https:\/\/mexicocodigorojo.com.mx\/wp-content\/uploads\/2024\/08\/HQQMABMLTZBTFEFN4IGONFIMWA.avif 2x, https:\/\/mexicocodigorojo.com.mx\/wp-content\/uploads\/2024\/08\/HQQMABMLTZBTFEFN4IGONFIMWA.avif 3x"},"classes":[]},{"id":23814,"url":"https:\/\/mexicocodigorojo.com.mx\/?p=23814","url_meta":{"origin":59069,"position":4},"title":"Gobierno Federal atendi\u00f3 petici\u00f3n para indultar a Mario Villanueva, pero fue apelado por la FGR: AMLO","author":"Staff","date":"septiembre 19, 2019","format":false,"excerpt":"El exgobernador de Quintana Roo fue repatriado a M\u00e9xico el pasado 18 de marzo de 2017 para cumplir una sentencia de 22 a\u00f1os por delitos contra la salud. El presidente Andr\u00e9s Manuel L\u00f3pez Obrador dio a conocer que el gobierno federal atendi\u00f3 la petici\u00f3n de familiares de Mario Villanueva, exgobernador\u2026","rel":"","context":"En \u00abQuintana Roo\u00bb","block_context":{"text":"Quintana Roo","link":"https:\/\/mexicocodigorojo.com.mx\/?cat=151"},"img":{"alt_text":"","src":"https:\/\/i0.wp.com\/mexicocodigorojo.com.mx\/wp-content\/uploads\/2019\/09\/Villanueva.jpg?fit=960%2C513&ssl=1&resize=350%2C200","width":350,"height":200,"srcset":"https:\/\/i0.wp.com\/mexicocodigorojo.com.mx\/wp-content\/uploads\/2019\/09\/Villanueva.jpg?fit=960%2C513&ssl=1&resize=350%2C200 1x, https:\/\/i0.wp.com\/mexicocodigorojo.com.mx\/wp-content\/uploads\/2019\/09\/Villanueva.jpg?fit=960%2C513&ssl=1&resize=525%2C300 1.5x, https:\/\/i0.wp.com\/mexicocodigorojo.com.mx\/wp-content\/uploads\/2019\/09\/Villanueva.jpg?fit=960%2C513&ssl=1&resize=700%2C400 2x"},"classes":[]},{"id":18822,"url":"https:\/\/mexicocodigorojo.com.mx\/?p=18822","url_meta":{"origin":59069,"position":5},"title":"FGR DETIENE A \u2018TOMASITO\u2019, PRESUNTO L\u00cdDER DE TR\u00c1FICO DE INDOCUMENTADOS CUBANOS","author":"Staff","date":"junio 22, 2019","format":false,"excerpt":"Fuerzas Federales detuvieron en Canc\u00fan, Quintana Roo, a Tom\u00e1s Vale Valdivia, alias, \u2018Tomasito\u2018, presunto l\u00edder de una organizaci\u00f3n delictiva dedicada al tr\u00e1fico de indocumentados cubanos. \u2018Tomasito\u2018 es se\u00f1alado, como parte de la estructura criminal que extorsion\u00f3 y retuvo al beisbolista del equipo Dodgers de Los \u00c1ngeles de las Grandes Ligas,\u2026","rel":"","context":"En \u00abQuintana Roo\u00bb","block_context":{"text":"Quintana Roo","link":"https:\/\/mexicocodigorojo.com.mx\/?cat=151"},"img":{"alt_text":"","src":"https:\/\/i0.wp.com\/mexicocodigorojo.com.mx\/wp-content\/uploads\/2019\/06\/tomasito-detencion.jpg?fit=930%2C587&ssl=1&resize=350%2C200","width":350,"height":200,"srcset":"https:\/\/i0.wp.com\/mexicocodigorojo.com.mx\/wp-content\/uploads\/2019\/06\/tomasito-detencion.jpg?fit=930%2C587&ssl=1&resize=350%2C200 1x, https:\/\/i0.wp.com\/mexicocodigorojo.com.mx\/wp-content\/uploads\/2019\/06\/tomasito-detencion.jpg?fit=930%2C587&ssl=1&resize=525%2C300 1.5x, https:\/\/i0.wp.com\/mexicocodigorojo.com.mx\/wp-content\/uploads\/2019\/06\/tomasito-detencion.jpg?fit=930%2C587&ssl=1&resize=700%2C400 2x"},"classes":[]}],"jetpack_sharing_enabled":true,"jetpack_likes_enabled":true,"jetpack_shortlink":"https:\/\/wp.me\/p9TedA-fmJ","_links":{"self":[{"href":"https:\/\/mexicocodigorojo.com.mx\/index.php?rest_route=\/wp\/v2\/posts\/59069","targetHints":{"allow":["GET"]}}],"collection":[{"href":"https:\/\/mexicocodigorojo.com.mx\/index.php?rest_route=\/wp\/v2\/posts"}],"about":[{"href":"https:\/\/mexicocodigorojo.com.mx\/index.php?rest_route=\/wp\/v2\/types\/post"}],"author":[{"embeddable":true,"href":"https:\/\/mexicocodigorojo.com.mx\/index.php?rest_route=\/wp\/v2\/users\/5"}],"replies":[{"embeddable":true,"href":"https:\/\/mexicocodigorojo.com.mx\/index.php?rest_route=%2Fwp%2Fv2%2Fcomments&post=59069"}],"version-history":[{"count":1,"href":"https:\/\/mexicocodigorojo.com.mx\/index.php?rest_route=\/wp\/v2\/posts\/59069\/revisions"}],"predecessor-version":[{"id":59071,"href":"https:\/\/mexicocodigorojo.com.mx\/index.php?rest_route=\/wp\/v2\/posts\/59069\/revisions\/59071"}],"wp:featuredmedia":[{"embeddable":true,"href":"https:\/\/mexicocodigorojo.com.mx\/index.php?rest_route=\/wp\/v2\/media\/59070"}],"wp:attachment":[{"href":"https:\/\/mexicocodigorojo.com.mx\/index.php?rest_route=%2Fwp%2Fv2%2Fmedia&parent=59069"}],"wp:term":[{"taxonomy":"category","embeddable":true,"href":"https:\/\/mexicocodigorojo.com.mx\/index.php?rest_route=%2Fwp%2Fv2%2Fcategories&post=59069"},{"taxonomy":"post_tag","embeddable":true,"href":"https:\/\/mexicocodigorojo.com.mx\/index.php?rest_route=%2Fwp%2Fv2%2Ftags&post=59069"}],"curies":[{"name":"wp","href":"https:\/\/api.w.org\/{rel}","templated":true}]}}