{"id":59056,"date":"2024-02-18T18:34:54","date_gmt":"2024-02-19T00:34:54","guid":{"rendered":"https:\/\/mexicocodigorojo.com.mx\/?p=59056"},"modified":"2024-02-18T18:34:54","modified_gmt":"2024-02-19T00:34:54","slug":"el-cdn-manda-sus-condolencias-a-david-monreal-por-homicidios-de-sus-familiares","status":"publish","type":"post","link":"https:\/\/mexicocodigorojo.com.mx\/?p=59056","title":{"rendered":"El \u201cCDN\u201d manda sus condolencias a David Monreal por homicidios de sus familiares"},"content":{"rendered":"\n<p>Ju\u00e1n P\u00e9rez Guardado y Jorge Antonio Monreal fueron v\u00edctimas de ataques directos en la ciudad de Fresnillo.<\/p>\n\n\n\n<p>\u201cLamentamos la p\u00e9rdida de sus familiares\u201d, puede leerse como parte de un mensaje que presuntos miembros del C\u00e1rtel del Noreste colocaron en una manta en Fresnillo dirigida a David Monreal \u00c1vila, gobernador de Zacatecas.<\/p>\n\n\n\n<p>El pronunciamiento fue colocado sobre una reja, en las calles de la que se considera la ciudad m\u00e1s violenta del pa\u00eds, donde fueron asesinados Juan P\u00e9rez Guardado y Jorge Antonio Monreal Mart\u00ednez, primo y sobrino respectivamente del mandatario.<\/p>\n\n\n\n<p>\u201cSr. David Monreal \u00c1vila. Gobernador del estado de Zacatecas. Nuestras m\u00e1s sentidas condolencias y nuestro p\u00e9same para ud. y su apreciable y respetada familia (sic.)\u201d, son las primeras l\u00edneas del texto.<\/p>\n\n\n\n<p>En este sentido, el grupo criminal neg\u00f3 tener cualquier relaci\u00f3n con ambos homicidios, conden\u00f3 los actos e incluso manifest\u00f3 su disposici\u00f3n para localizar a los autores.<\/p>\n\n\n\n<p>\u201cNos deslindamos de esos lamentables hechos los cuales no hay perd\u00f3n de Dios, hechos los cuales los condenamos y les damos nuestra palabra de apoyar para dar con los responsables para que no quede impune. Atte. C\u00e1rtel del Noreste. Plaza de Zacatecas (sic.)\u201d.<\/p>\n\n\n\n<p>Juan P\u00e9rez Guardado fue asesinado la ma\u00f1ana del 7 de febrero a las afueras del Hospital Real de Minas en la colonia Tecnol\u00f3gica. Al momento del crimen, se desempe\u00f1aba como director de Desarrollo Social de Fresnillo.<\/p>\n\n\n\n<p>Tres d\u00edas despu\u00e9s, el 10 de febrero, Jorge Antonio Monreal Mart\u00ednez, tambi\u00e9n funcionario de Desarrollo Social de Fresnillo y familiar del gobernador, fue v\u00edctima de un ataque armado que le quit\u00f3 la vida en la comunidad de Plateros, a pocos kil\u00f3metros de un batall\u00f3n del Ej\u00e9rcito.<\/p>\n\n\n\n<p>Para el 12 de febrero, el fiscal Cristian Camacho Osnaya confirm\u00f3 el arresto de seis personas presuntamente involucradas con ambos homicidios, de las cuales cuatro hab\u00edan sido ya vinculadas a proceso.<\/p>\n\n\n\n<p>Aunque el funcionario se\u00f1al\u00f3 que los detenidos ser\u00edan posibles miembros de un grupo delincuencial, no especific\u00f3 de cu\u00e1l se trataba.<\/p>\n\n\n\n<p>Bajo esta narrativa, el secretario general de Zacatecas, Rodrigo Reyes Mug\u00fcerza, refiri\u00f3 que estos acontecimientos ser\u00edan una respuesta del crimen organizado \u201cal avance del proceso de pacificaci\u00f3n\u201d anunciado por el actual gobierno.<\/p>\n\n\n\n<p>\u201cEst\u00e1 muy claro que fueron dos incidentes planeados y que probablemente fueron pensados como una forma de desestabilizar y tal vez como una forma de poner en duda el avance de la estrategia que llevan a cabo todas las corporaciones\u201d, asegur\u00f3 Reyes Mug\u00fcerza.<\/p>\n\n\n\n<p>Con informaci\u00f3n de INFOBAE<\/p>\n","protected":false},"excerpt":{"rendered":"<p>Ju\u00e1n P\u00e9rez Guardado y Jorge Antonio Monreal fueron v\u00edctimas de ataques directos en la ciudad de Fresnillo. \u201cLamentamos la p\u00e9rdida de sus familiares\u201d, puede leerse como parte de un mensaje que presuntos miembros del C\u00e1rtel del Noreste colocaron en una manta en Fresnillo dirigida a David Monreal \u00c1vila, gobernador de Zacatecas. El pronunciamiento fue colocado [&hellip;]<\/p>\n","protected":false},"author":5,"featured_media":59055,"comment_status":"open","ping_status":"open","sticky":false,"template":"","format":"standard","meta":{"_uf_show_specific_survey":0,"_uf_disable_surveys":false,"advanced_seo_description":"","jetpack_seo_html_title":"","jetpack_seo_noindex":false,"jetpack_post_was_ever_published":false,"_jetpack_newsletter_access":"","_jetpack_dont_email_post_to_subs":false,"_jetpack_newsletter_tier_id":0,"_jetpack_memberships_contains_paywalled_content":false,"_jetpack_memberships_contains_paid_content":false,"footnotes":"","jetpack_publicize_message":"","jetpack_publicize_feature_enabled":true,"jetpack_social_post_already_shared":true,"jetpack_social_options":{"image_generator_settings":{"template":"highway","default_image_id":0,"font":"","enabled":false},"version":2}},"categories":[1724,263],"tags":[225],"class_list":{"0":"post-59056","1":"post","2":"type-post","3":"status-publish","4":"format-standard","5":"has-post-thumbnail","7":"category-featured","8":"category-zacatecas","9":"tag-narcotrafico"},"jetpack_publicize_connections":[],"jetpack_featured_media_url":"https:\/\/i0.wp.com\/mexicocodigorojo.com.mx\/wp-content\/uploads\/2024\/02\/5214e745-5112-4bb9-9eb4-4e310ec7d4e5-1.jpg?fit=720%2C564&ssl=1","jetpack-related-posts":[{"id":58996,"url":"https:\/\/mexicocodigorojo.com.mx\/?p=58996","url_meta":{"origin":59056,"position":0},"title":"Asesinan en Fresnillo, al cu\u00f1ado de Ricardo Monreal \u00c1vila","author":"Staff","date":"febrero 7, 2024","format":false,"excerpt":"Zacatecas, Zac. La ma\u00f1ana de este mi\u00e9rcoles en la ciudad de Fresnillo, fue asesinado a tiros Juan Carlos P\u00e9rez Guardado, director de Desarrollo Social del municipio y cu\u00f1ado del senador Ricardo Monreal \u00c1vila. Juan Carlos P\u00e9rez Guardado ten\u00eda con 58 a\u00f1os de edad, quien adem\u00e1s era hermano de Mar\u00eda de\u2026","rel":"","context":"En \u00abFeatured\u00bb","block_context":{"text":"Featured","link":"https:\/\/mexicocodigorojo.com.mx\/?cat=1724"},"img":{"alt_text":"","src":"https:\/\/i0.wp.com\/mexicocodigorojo.com.mx\/wp-content\/uploads\/2024\/02\/ricardo.jpg?fit=821%2C433&ssl=1&resize=350%2C200","width":350,"height":200,"srcset":"https:\/\/i0.wp.com\/mexicocodigorojo.com.mx\/wp-content\/uploads\/2024\/02\/ricardo.jpg?fit=821%2C433&ssl=1&resize=350%2C200 1x, https:\/\/i0.wp.com\/mexicocodigorojo.com.mx\/wp-content\/uploads\/2024\/02\/ricardo.jpg?fit=821%2C433&ssl=1&resize=525%2C300 1.5x, https:\/\/i0.wp.com\/mexicocodigorojo.com.mx\/wp-content\/uploads\/2024\/02\/ricardo.jpg?fit=821%2C433&ssl=1&resize=700%2C400 2x"},"classes":[]},{"id":59021,"url":"https:\/\/mexicocodigorojo.com.mx\/?p=59021","url_meta":{"origin":59056,"position":1},"title":"Ejecutan al sobrino de Ricardo y David Monreal en Fresnillo","author":"Staff","date":"febrero 10, 2024","format":false,"excerpt":"En un videomensaje difundido por el gobierno estatal, el secretario de gobierno de Zacatecas, el secretario de Seguridad P\u00fablica del estado, Arturo Medina Mayoral y Juan Manr\u00edquez Moreno, coordinador estatal de la Guardia Nacional, manifestaron que los recientes homicidios ocurridos en Fresnillo no quedar\u00e1n impunes. Polic\u00edas estatales, agentes de la\u2026","rel":"","context":"En \u00abFeatured\u00bb","block_context":{"text":"Featured","link":"https:\/\/mexicocodigorojo.com.mx\/?cat=1724"},"img":{"alt_text":"","src":"https:\/\/i0.wp.com\/mexicocodigorojo.com.mx\/wp-content\/uploads\/2024\/02\/Jorge-Antonio-Monreal.jpg?fit=700%2C466&ssl=1&resize=350%2C200","width":350,"height":200,"srcset":"https:\/\/i0.wp.com\/mexicocodigorojo.com.mx\/wp-content\/uploads\/2024\/02\/Jorge-Antonio-Monreal.jpg?fit=700%2C466&ssl=1&resize=350%2C200 1x, https:\/\/i0.wp.com\/mexicocodigorojo.com.mx\/wp-content\/uploads\/2024\/02\/Jorge-Antonio-Monreal.jpg?fit=700%2C466&ssl=1&resize=525%2C300 1.5x, https:\/\/i0.wp.com\/mexicocodigorojo.com.mx\/wp-content\/uploads\/2024\/02\/Jorge-Antonio-Monreal.jpg?fit=700%2C466&ssl=1&resize=700%2C400 2x"},"classes":[]},{"id":56260,"url":"https:\/\/mexicocodigorojo.com.mx\/?p=56260","url_meta":{"origin":59056,"position":2},"title":"Pedro \u00c1vila, primo del gobernador David Monreal, es liberado tras secuestro en Zacatecas","author":"Staff","date":"junio 1, 2023","format":false,"excerpt":"Pedro \u00c1vila Rodr\u00edguez,\u00a0primo del Senador Ricardo Monreal \u00c1vila\u00a0y del gobernador de Zacatecas, David Monreal, fue liberado sin lesiones que puedan considerarse de gravedad, luego de que fue secuestrado en Fresnillo. Adem\u00e1s, trascendi\u00f3 que otras dos personas privadas de su libertad junto con \u00c1vila Rodr\u00edguez tambi\u00e9n fueron puestos en libertad. El\u2026","rel":"","context":"En \u00abFeatured\u00bb","block_context":{"text":"Featured","link":"https:\/\/mexicocodigorojo.com.mx\/?cat=1724"},"img":{"alt_text":"","src":"https:\/\/i0.wp.com\/mexicocodigorojo.com.mx\/wp-content\/uploads\/2023\/06\/monreal-avila.jpg?fit=1200%2C600&ssl=1&resize=350%2C200","width":350,"height":200,"srcset":"https:\/\/i0.wp.com\/mexicocodigorojo.com.mx\/wp-content\/uploads\/2023\/06\/monreal-avila.jpg?fit=1200%2C600&ssl=1&resize=350%2C200 1x, https:\/\/i0.wp.com\/mexicocodigorojo.com.mx\/wp-content\/uploads\/2023\/06\/monreal-avila.jpg?fit=1200%2C600&ssl=1&resize=525%2C300 1.5x, https:\/\/i0.wp.com\/mexicocodigorojo.com.mx\/wp-content\/uploads\/2023\/06\/monreal-avila.jpg?fit=1200%2C600&ssl=1&resize=700%2C400 2x, https:\/\/i0.wp.com\/mexicocodigorojo.com.mx\/wp-content\/uploads\/2023\/06\/monreal-avila.jpg?fit=1200%2C600&ssl=1&resize=1050%2C600 3x"},"classes":[]},{"id":54275,"url":"https:\/\/mexicocodigorojo.com.mx\/?p=54275","url_meta":{"origin":59056,"position":3},"title":"Apoyar\u00e1n FBI y DEA lucha contra el Narco en Zacatecas","author":"Staff","date":"octubre 7, 2022","format":false,"excerpt":"Zacatecas, Zac.\u00a0Con el objetivo de \u201crecuperar la paz de Zacatecas\u201d y combatir a las bandas del crimen organizado, el gobernador David Monreal \u00c1vila acord\u00f3 con Ken Salazar, embajador de Estados Unidos en M\u00e9xico, firmar un acuerdo de cooperaci\u00f3n en el que participar\u00e1n la Oficina Federal de Investigaci\u00f3n (FBI), la Agencia\u2026","rel":"","context":"En \u00abFeatured\u00bb","block_context":{"text":"Featured","link":"https:\/\/mexicocodigorojo.com.mx\/?cat=1724"},"img":{"alt_text":"","src":"https:\/\/i0.wp.com\/mexicocodigorojo.com.mx\/wp-content\/uploads\/2022\/10\/2733906.jpg?fit=800%2C600&ssl=1&resize=350%2C200","width":350,"height":200,"srcset":"https:\/\/i0.wp.com\/mexicocodigorojo.com.mx\/wp-content\/uploads\/2022\/10\/2733906.jpg?fit=800%2C600&ssl=1&resize=350%2C200 1x, https:\/\/i0.wp.com\/mexicocodigorojo.com.mx\/wp-content\/uploads\/2022\/10\/2733906.jpg?fit=800%2C600&ssl=1&resize=525%2C300 1.5x, https:\/\/i0.wp.com\/mexicocodigorojo.com.mx\/wp-content\/uploads\/2022\/10\/2733906.jpg?fit=800%2C600&ssl=1&resize=700%2C400 2x"},"classes":[]},{"id":54442,"url":"https:\/\/mexicocodigorojo.com.mx\/?p=54442","url_meta":{"origin":59056,"position":4},"title":"Asesinan al general Urz\u00faa en Zacatecas","author":"Staff","date":"noviembre 24, 2022","format":false,"excerpt":"Jos\u00e9 Silvestre Urzua Padilla, coordinador de la Guardia Nacional en el estado de Zacatecas, fue asesinado durante un ataque armado en el municipio de Pinos; por ello el gobernador David Monreal \u00c1vila lament\u00f3 su muerte y gir\u00f3 instrucciones para que se informe de lo sucedido a la brevedad. \u201cQuienes conformamos\u2026","rel":"","context":"En \u00abFeatured\u00bb","block_context":{"text":"Featured","link":"https:\/\/mexicocodigorojo.com.mx\/?cat=1724"},"img":{"alt_text":"","src":"https:\/\/i0.wp.com\/mexicocodigorojo.com.mx\/wp-content\/uploads\/2022\/11\/img_6825.jpg?fit=606%2C298&ssl=1&resize=350%2C200","width":350,"height":200,"srcset":"https:\/\/i0.wp.com\/mexicocodigorojo.com.mx\/wp-content\/uploads\/2022\/11\/img_6825.jpg?fit=606%2C298&ssl=1&resize=350%2C200 1x, https:\/\/i0.wp.com\/mexicocodigorojo.com.mx\/wp-content\/uploads\/2022\/11\/img_6825.jpg?fit=606%2C298&ssl=1&resize=525%2C300 1.5x"},"classes":[]},{"id":55648,"url":"https:\/\/mexicocodigorojo.com.mx\/?p=55648","url_meta":{"origin":59056,"position":5},"title":"Grupo Especial policial har\u00e1 limpieza de Zacatecas","author":"MexicoRojoCvmx","date":"marzo 20, 2023","format":false,"excerpt":"El gobernador de Zacatecas, David Monreal \u00c1vila, anunci\u00f3 el inicio de operaciones de una nueva agrupaci\u00f3n de fuerzas especiales conformada por especialistas en Seguridad P\u00fablica provenientes de instituciones militares. \u201cLa conformaci\u00f3n de un grupo de fuerzas especiales de reacci\u00f3n para contener y para atender el tema de inseguridad, no es\u2026","rel":"","context":"En \u00abFeatured\u00bb","block_context":{"text":"Featured","link":"https:\/\/mexicocodigorojo.com.mx\/?cat=1724"},"img":{"alt_text":"","src":"https:\/\/i0.wp.com\/mexicocodigorojo.com.mx\/wp-content\/uploads\/2023\/03\/4cd77704-ccf6-4531-88dc-f94e70bb8904.jpg?fit=1200%2C795&ssl=1&resize=350%2C200","width":350,"height":200,"srcset":"https:\/\/i0.wp.com\/mexicocodigorojo.com.mx\/wp-content\/uploads\/2023\/03\/4cd77704-ccf6-4531-88dc-f94e70bb8904.jpg?fit=1200%2C795&ssl=1&resize=350%2C200 1x, https:\/\/i0.wp.com\/mexicocodigorojo.com.mx\/wp-content\/uploads\/2023\/03\/4cd77704-ccf6-4531-88dc-f94e70bb8904.jpg?fit=1200%2C795&ssl=1&resize=525%2C300 1.5x, https:\/\/i0.wp.com\/mexicocodigorojo.com.mx\/wp-content\/uploads\/2023\/03\/4cd77704-ccf6-4531-88dc-f94e70bb8904.jpg?fit=1200%2C795&ssl=1&resize=700%2C400 2x, https:\/\/i0.wp.com\/mexicocodigorojo.com.mx\/wp-content\/uploads\/2023\/03\/4cd77704-ccf6-4531-88dc-f94e70bb8904.jpg?fit=1200%2C795&ssl=1&resize=1050%2C600 3x"},"classes":[]}],"jetpack_sharing_enabled":true,"jetpack_likes_enabled":true,"jetpack_shortlink":"https:\/\/wp.me\/p9TedA-fmw","_links":{"self":[{"href":"https:\/\/mexicocodigorojo.com.mx\/index.php?rest_route=\/wp\/v2\/posts\/59056","targetHints":{"allow":["GET"]}}],"collection":[{"href":"https:\/\/mexicocodigorojo.com.mx\/index.php?rest_route=\/wp\/v2\/posts"}],"about":[{"href":"https:\/\/mexicocodigorojo.com.mx\/index.php?rest_route=\/wp\/v2\/types\/post"}],"author":[{"embeddable":true,"href":"https:\/\/mexicocodigorojo.com.mx\/index.php?rest_route=\/wp\/v2\/users\/5"}],"replies":[{"embeddable":true,"href":"https:\/\/mexicocodigorojo.com.mx\/index.php?rest_route=%2Fwp%2Fv2%2Fcomments&post=59056"}],"version-history":[{"count":0,"href":"https:\/\/mexicocodigorojo.com.mx\/index.php?rest_route=\/wp\/v2\/posts\/59056\/revisions"}],"wp:featuredmedia":[{"embeddable":true,"href":"https:\/\/mexicocodigorojo.com.mx\/index.php?rest_route=\/wp\/v2\/media\/59055"}],"wp:attachment":[{"href":"https:\/\/mexicocodigorojo.com.mx\/index.php?rest_route=%2Fwp%2Fv2%2Fmedia&parent=59056"}],"wp:term":[{"taxonomy":"category","embeddable":true,"href":"https:\/\/mexicocodigorojo.com.mx\/index.php?rest_route=%2Fwp%2Fv2%2Fcategories&post=59056"},{"taxonomy":"post_tag","embeddable":true,"href":"https:\/\/mexicocodigorojo.com.mx\/index.php?rest_route=%2Fwp%2Fv2%2Ftags&post=59056"}],"curies":[{"name":"wp","href":"https:\/\/api.w.org\/{rel}","templated":true}]}}