{"id":59002,"date":"2024-02-08T13:07:08","date_gmt":"2024-02-08T19:07:08","guid":{"rendered":"https:\/\/mexicocodigorojo.com.mx\/?p=59002"},"modified":"2024-02-08T13:08:03","modified_gmt":"2024-02-08T19:08:03","slug":"emboscada-deja-dos-policias-asesinados-en-huejucar","status":"publish","type":"post","link":"https:\/\/mexicocodigorojo.com.mx\/?p=59002","title":{"rendered":"Emboscada deja dos polic\u00edas asesinados en Huej\u00facar"},"content":{"rendered":"<p>Polic\u00edas municipales de Huej\u00facar y Santa Mar\u00eda de los \u00c1ngeles fueron emboscados por delincuentes, ataque en el que dos uniformados murieron.<\/p>\n<p>El hecho ocurri\u00f3 anoche, alrededor de las 23:00 horas en la poblaci\u00f3n de San Jos\u00e9 de los M\u00e1rquez, cerca de los l\u00edmites con Zacatecas, en la zona norte de Jalisco.<\/p>\n<p>De acuerdo con la Fiscal\u00eda de Jalisco, los polic\u00edas de ambos municipios recibieron un reporte de que hab\u00eda un veh\u00edculo varado en una carretera secundaria rumbo a Huejuquilla, por lo que acudieron al sitio.<\/p>\n<p>Al llegar al punto, encontraron el veh\u00edculo abandonado, sin embargo, fueron sorprendidos por unos sujetos quienes desde detr\u00e1s de la maleza comenzaron a dispararles.<\/p>\n<p>Despu\u00e9s, llegaron m\u00e1s delincuentes, algunos con blindaje artesanal, y huyeron.<\/p>\n<p>Algunos uniformados lograron escapar de sus patrullas y se dispersaron para repeler la agresi\u00f3n. En el sitio fallecieron una polic\u00eda de Santa Mar\u00eda de los \u00c1ngeles y un elemento de Huej\u00facar.<\/p>\n<p>El Ministerio P\u00fablico y polic\u00edas investigadores de la Fiscal\u00eda Especial Regional XI tambi\u00e9n localizaron cuatro patrullas que presentaban da\u00f1os por choque y disparos de arma de fuego, por lo que fueron aseguradas.<\/p>\n<p>Los dos polic\u00edas fallecidos fueron trasladados al Servicio M\u00e9dico Forense para la pr\u00e1ctica de los dict\u00e1menes correspondientes.<\/p>\n<p>La Fiscal\u00eda de Jalisco, junto con otras dependencias de seguridad, realizan operativos conjuntos para capturar a los responsables de la agresi\u00f3n con armas de fuego contra los polic\u00edas.<\/p>\n<p><img decoding=\"async\" src=\"https:\/\/i0.wp.com\/www.dominiopublico.com.mx\/wp-content\/uploads\/2024\/02\/emboscada.jpg?resize=900%2C599&amp;ssl=1\" alt=\"Emboscan a polic\u00edas en Hu\u00e9jucar, Jalisco; hay al menos dos muertos\" \/><\/p>\n","protected":false},"excerpt":{"rendered":"<p>Polic\u00edas municipales de Huej\u00facar y Santa Mar\u00eda de los \u00c1ngeles fueron emboscados por delincuentes, ataque en el que dos uniformados murieron. El hecho ocurri\u00f3 anoche, alrededor de las 23:00 horas en la poblaci\u00f3n de San Jos\u00e9 de los M\u00e1rquez, cerca de los l\u00edmites con Zacatecas, en la zona norte de Jalisco. De acuerdo con la [&hellip;]<\/p>\n","protected":false},"author":5,"featured_media":59003,"comment_status":"open","ping_status":"open","sticky":false,"template":"","format":"standard","meta":{"_uf_show_specific_survey":0,"_uf_disable_surveys":false,"advanced_seo_description":"","jetpack_seo_html_title":"","jetpack_seo_noindex":false,"jetpack_post_was_ever_published":false,"_jetpack_newsletter_access":"","_jetpack_dont_email_post_to_subs":false,"_jetpack_newsletter_tier_id":0,"_jetpack_memberships_contains_paywalled_content":false,"_jetpack_memberships_contains_paid_content":false,"footnotes":"","jetpack_publicize_message":"Emboscada deja dos polic\u00edas asesinados en Huej\u00facar","jetpack_publicize_feature_enabled":true,"jetpack_social_post_already_shared":true,"jetpack_social_options":{"image_generator_settings":{"template":"highway","default_image_id":0,"font":"","enabled":false},"version":2}},"categories":[1724,8],"tags":[906],"class_list":{"0":"post-59002","1":"post","2":"type-post","3":"status-publish","4":"format-standard","5":"has-post-thumbnail","7":"category-featured","8":"category-jalisco","9":"tag-crimenorganizado"},"jetpack_publicize_connections":[],"jetpack_featured_media_url":"https:\/\/i0.wp.com\/mexicocodigorojo.com.mx\/wp-content\/uploads\/2024\/02\/jaliscopolicias.jpg?fit=1139%2C664&ssl=1","jetpack-related-posts":[{"id":31391,"url":"https:\/\/mexicocodigorojo.com.mx\/?p=31391","url_meta":{"origin":59002,"position":0},"title":"Tres polic\u00edas muertos por emboscada en Jalisco","author":"Staff","date":"enero 26, 2020","format":false,"excerpt":"Subieron a tres los polic\u00edas municipales muertos tras el enfrentamiento con civiles armados en Teocaltiche, Jalisco Hasta el momento suman\u00a0tres\u00a0los\u00a0elementos\u00a0de la\u00a0polic\u00eda municipal\u00a0muertos tras un\u00a0enfrentamiento\u00a0entre\u00a0individuos armados\u00a0y los uniformados, ocurrido la v\u00edspera en el municipio de\u00a0Teocaltiche,\u00a0Jalisco. Una mujer polic\u00eda que result\u00f3 herida en la balacera registrada en el kil\u00f3metro cinco de la\u2026","rel":"","context":"En \u00abJalisco\u00bb","block_context":{"text":"Jalisco","link":"https:\/\/mexicocodigorojo.com.mx\/?cat=8"},"img":{"alt_text":"","src":"https:\/\/i0.wp.com\/mexicocodigorojo.com.mx\/wp-content\/uploads\/2020\/01\/Polic%C3%ADa-Teocaltiche.jpg?fit=768%2C479&ssl=1&resize=350%2C200","width":350,"height":200,"srcset":"https:\/\/i0.wp.com\/mexicocodigorojo.com.mx\/wp-content\/uploads\/2020\/01\/Polic%C3%ADa-Teocaltiche.jpg?fit=768%2C479&ssl=1&resize=350%2C200 1x, https:\/\/i0.wp.com\/mexicocodigorojo.com.mx\/wp-content\/uploads\/2020\/01\/Polic%C3%ADa-Teocaltiche.jpg?fit=768%2C479&ssl=1&resize=525%2C300 1.5x, https:\/\/i0.wp.com\/mexicocodigorojo.com.mx\/wp-content\/uploads\/2020\/01\/Polic%C3%ADa-Teocaltiche.jpg?fit=768%2C479&ssl=1&resize=700%2C400 2x"},"classes":[]},{"id":51042,"url":"https:\/\/mexicocodigorojo.com.mx\/?p=51042","url_meta":{"origin":59002,"position":1},"title":"Asesinan a cuatro polic\u00edas en Jalisco","author":"Staff","date":"septiembre 6, 2021","format":false,"excerpt":"Cuatro polic\u00edas de Encarnaci\u00f3n de D\u00edaz, municipio de Jalisco, murieron en un enfrentamiento con un grupo delictivo. El intercambio de disparos ocurri\u00f3 minutos antes de la medianoche de este domingo sobre la carretera libre de Lagos a Encarnaci\u00f3n. Dos de los polic\u00edas murieron al interior de la patrulla en la\u2026","rel":"","context":"En \u00abFeatured\u00bb","block_context":{"text":"Featured","link":"https:\/\/mexicocodigorojo.com.mx\/?cat=1724"},"img":{"alt_text":"","src":"https:\/\/i0.wp.com\/mexicocodigorojo.com.mx\/wp-content\/uploads\/2021\/09\/patrulla-de-policias-asesinados-en-encarnacion-de-diaz-jalisco.jpg?fit=980%2C550&ssl=1&resize=350%2C200","width":350,"height":200,"srcset":"https:\/\/i0.wp.com\/mexicocodigorojo.com.mx\/wp-content\/uploads\/2021\/09\/patrulla-de-policias-asesinados-en-encarnacion-de-diaz-jalisco.jpg?fit=980%2C550&ssl=1&resize=350%2C200 1x, https:\/\/i0.wp.com\/mexicocodigorojo.com.mx\/wp-content\/uploads\/2021\/09\/patrulla-de-policias-asesinados-en-encarnacion-de-diaz-jalisco.jpg?fit=980%2C550&ssl=1&resize=525%2C300 1.5x, https:\/\/i0.wp.com\/mexicocodigorojo.com.mx\/wp-content\/uploads\/2021\/09\/patrulla-de-policias-asesinados-en-encarnacion-de-diaz-jalisco.jpg?fit=980%2C550&ssl=1&resize=700%2C400 2x"},"classes":[]},{"id":23427,"url":"https:\/\/mexicocodigorojo.com.mx\/?p=23427","url_meta":{"origin":59002,"position":2},"title":"Incendian dos patrullas y arrojan granada a polic\u00edas de Zapopan, Jalisco","author":"Staff","date":"septiembre 11, 2019","format":false,"excerpt":"Los patrulleros realizaban su recorrido de vigilancia cuando sorprendieron en flagrancia a los sujetos que luego los atacaron Autoridades del estado y de Zapopan cerraron por la madrugada avenida L\u00f3pez Mateos, desde Las Fuentes hasta el Perif\u00e9rico, despu\u00e9s de un\u00a0ataque con granada\u00a0contra oficiales del municipio, quienes sorprendieron en flagrancia a\u2026","rel":"","context":"En \u00abJalisco\u00bb","block_context":{"text":"Jalisco","link":"https:\/\/mexicocodigorojo.com.mx\/?cat=8"},"img":{"alt_text":"","src":"https:\/\/i0.wp.com\/mexicocodigorojo.com.mx\/wp-content\/uploads\/2019\/09\/4_1_crop1568209675946.jpg_1970638775.jpg?fit=770%2C485&ssl=1&resize=350%2C200","width":350,"height":200,"srcset":"https:\/\/i0.wp.com\/mexicocodigorojo.com.mx\/wp-content\/uploads\/2019\/09\/4_1_crop1568209675946.jpg_1970638775.jpg?fit=770%2C485&ssl=1&resize=350%2C200 1x, https:\/\/i0.wp.com\/mexicocodigorojo.com.mx\/wp-content\/uploads\/2019\/09\/4_1_crop1568209675946.jpg_1970638775.jpg?fit=770%2C485&ssl=1&resize=525%2C300 1.5x, https:\/\/i0.wp.com\/mexicocodigorojo.com.mx\/wp-content\/uploads\/2019\/09\/4_1_crop1568209675946.jpg_1970638775.jpg?fit=770%2C485&ssl=1&resize=700%2C400 2x"},"classes":[]},{"id":45420,"url":"https:\/\/mexicocodigorojo.com.mx\/?p=45420","url_meta":{"origin":59002,"position":3},"title":"Detienen a tres elementos de la Guardia Nacional tras golpear a polic\u00edas","author":"Staff","date":"noviembre 27, 2020","format":false,"excerpt":"Tres elemento de la Guardia Nacional fueron detenidos en el municipio de Tala, tras agredir a polic\u00edas municipales quienes patrullaban a la altura del Fraccionamiento Ruise\u00f1ores, los activos federales aparentemente estaban ebrios y en su d\u00eda de descanso. Los municipales se percataron que una camioneta Ford viajaba a exceso de\u2026","rel":"","context":"En \u00abFeatured\u00bb","block_context":{"text":"Featured","link":"https:\/\/mexicocodigorojo.com.mx\/?cat=1724"},"img":{"alt_text":"","src":"https:\/\/i0.wp.com\/mexicocodigorojo.com.mx\/wp-content\/uploads\/2020\/11\/photo5040016188121393467.jpg?fit=752%2C440&ssl=1&resize=350%2C200","width":350,"height":200,"srcset":"https:\/\/i0.wp.com\/mexicocodigorojo.com.mx\/wp-content\/uploads\/2020\/11\/photo5040016188121393467.jpg?fit=752%2C440&ssl=1&resize=350%2C200 1x, https:\/\/i0.wp.com\/mexicocodigorojo.com.mx\/wp-content\/uploads\/2020\/11\/photo5040016188121393467.jpg?fit=752%2C440&ssl=1&resize=525%2C300 1.5x, https:\/\/i0.wp.com\/mexicocodigorojo.com.mx\/wp-content\/uploads\/2020\/11\/photo5040016188121393467.jpg?fit=752%2C440&ssl=1&resize=700%2C400 2x"},"classes":[]},{"id":22854,"url":"https:\/\/mexicocodigorojo.com.mx\/?p=22854","url_meta":{"origin":59002,"position":4},"title":"POLIC\u00cdAS RECUPERAN VEH\u00cdCULO ROBADO Y DETIENEN A DOS DELINCUENTES","author":"Staff","date":"agosto 31, 2019","format":false,"excerpt":"POLIC\u00cdAS DE LA SECRETAR\u00cdA DE SEGURIDAD, DETIENEN A PRESUNTOS IMPLICADOS EN EL ROBO DE UN VEH\u00cdCULO \u2022 Uno de los asegurados cuenta con antecedentes penales por el delito de robo Tultitl\u00e1n, Estado de M\u00e9xico, 31 de agosto de 2019.- Elementos de la Secretar\u00eda de Seguridad (SS), adscritos a la Direcci\u00f3n\u2026","rel":"","context":"En \u00abEstado de M\u00e9xico\u00bb","block_context":{"text":"Estado de M\u00e9xico","link":"https:\/\/mexicocodigorojo.com.mx\/?cat=53"},"img":{"alt_text":"","src":"https:\/\/i0.wp.com\/mexicocodigorojo.com.mx\/wp-content\/uploads\/2019\/08\/6df7633e-e107-436b-84d2-45721160a726.jpg?fit=720%2C681&ssl=1&resize=350%2C200","width":350,"height":200,"srcset":"https:\/\/i0.wp.com\/mexicocodigorojo.com.mx\/wp-content\/uploads\/2019\/08\/6df7633e-e107-436b-84d2-45721160a726.jpg?fit=720%2C681&ssl=1&resize=350%2C200 1x, https:\/\/i0.wp.com\/mexicocodigorojo.com.mx\/wp-content\/uploads\/2019\/08\/6df7633e-e107-436b-84d2-45721160a726.jpg?fit=720%2C681&ssl=1&resize=525%2C300 1.5x, https:\/\/i0.wp.com\/mexicocodigorojo.com.mx\/wp-content\/uploads\/2019\/08\/6df7633e-e107-436b-84d2-45721160a726.jpg?fit=720%2C681&ssl=1&resize=700%2C400 2x"},"classes":[]},{"id":25500,"url":"https:\/\/mexicocodigorojo.com.mx\/?p=25500","url_meta":{"origin":59002,"position":5},"title":"Se enfrentan polic\u00edas y delincuentes en Bustamante, NL","author":"Staff","date":"octubre 16, 2019","format":false,"excerpt":"Un elemento de Fuerza Civil result\u00f3 lesionado luego de que volcara la unidad en la que viajaba Bustamante.-\u00a0Un enfrentamiento entre elementos de Fuerza Civil y civiles armados dej\u00f3 como saldo un polic\u00eda herido luego de que la unidad en la que viajaba se volc\u00f3 en el municipio de Bustamante. El\u2026","rel":"","context":"En \u00abNuevo Le\u00f3n\u00bb","block_context":{"text":"Nuevo Le\u00f3n","link":"https:\/\/mexicocodigorojo.com.mx\/?cat=29"},"img":{"alt_text":"","src":"https:\/\/i0.wp.com\/mexicocodigorojo.com.mx\/wp-content\/uploads\/2019\/10\/cropw0h0bustamante1-focus-0-0-940-615.jpg?fit=940%2C615&ssl=1&resize=350%2C200","width":350,"height":200,"srcset":"https:\/\/i0.wp.com\/mexicocodigorojo.com.mx\/wp-content\/uploads\/2019\/10\/cropw0h0bustamante1-focus-0-0-940-615.jpg?fit=940%2C615&ssl=1&resize=350%2C200 1x, https:\/\/i0.wp.com\/mexicocodigorojo.com.mx\/wp-content\/uploads\/2019\/10\/cropw0h0bustamante1-focus-0-0-940-615.jpg?fit=940%2C615&ssl=1&resize=525%2C300 1.5x, https:\/\/i0.wp.com\/mexicocodigorojo.com.mx\/wp-content\/uploads\/2019\/10\/cropw0h0bustamante1-focus-0-0-940-615.jpg?fit=940%2C615&ssl=1&resize=700%2C400 2x"},"classes":[]}],"jetpack_sharing_enabled":true,"jetpack_likes_enabled":true,"jetpack_shortlink":"https:\/\/wp.me\/p9TedA-flE","_links":{"self":[{"href":"https:\/\/mexicocodigorojo.com.mx\/index.php?rest_route=\/wp\/v2\/posts\/59002","targetHints":{"allow":["GET"]}}],"collection":[{"href":"https:\/\/mexicocodigorojo.com.mx\/index.php?rest_route=\/wp\/v2\/posts"}],"about":[{"href":"https:\/\/mexicocodigorojo.com.mx\/index.php?rest_route=\/wp\/v2\/types\/post"}],"author":[{"embeddable":true,"href":"https:\/\/mexicocodigorojo.com.mx\/index.php?rest_route=\/wp\/v2\/users\/5"}],"replies":[{"embeddable":true,"href":"https:\/\/mexicocodigorojo.com.mx\/index.php?rest_route=%2Fwp%2Fv2%2Fcomments&post=59002"}],"version-history":[{"count":2,"href":"https:\/\/mexicocodigorojo.com.mx\/index.php?rest_route=\/wp\/v2\/posts\/59002\/revisions"}],"predecessor-version":[{"id":59005,"href":"https:\/\/mexicocodigorojo.com.mx\/index.php?rest_route=\/wp\/v2\/posts\/59002\/revisions\/59005"}],"wp:featuredmedia":[{"embeddable":true,"href":"https:\/\/mexicocodigorojo.com.mx\/index.php?rest_route=\/wp\/v2\/media\/59003"}],"wp:attachment":[{"href":"https:\/\/mexicocodigorojo.com.mx\/index.php?rest_route=%2Fwp%2Fv2%2Fmedia&parent=59002"}],"wp:term":[{"taxonomy":"category","embeddable":true,"href":"https:\/\/mexicocodigorojo.com.mx\/index.php?rest_route=%2Fwp%2Fv2%2Fcategories&post=59002"},{"taxonomy":"post_tag","embeddable":true,"href":"https:\/\/mexicocodigorojo.com.mx\/index.php?rest_route=%2Fwp%2Fv2%2Ftags&post=59002"}],"curies":[{"name":"wp","href":"https:\/\/api.w.org\/{rel}","templated":true}]}}