{"id":58996,"date":"2024-02-07T15:21:05","date_gmt":"2024-02-07T21:21:05","guid":{"rendered":"https:\/\/mexicocodigorojo.com.mx\/?p=58996"},"modified":"2024-02-07T15:21:05","modified_gmt":"2024-02-07T21:21:05","slug":"asesinan-en-fresnillo-al-cunado-de-ricardo-monreal-avila","status":"publish","type":"post","link":"https:\/\/mexicocodigorojo.com.mx\/?p=58996","title":{"rendered":"Asesinan en Fresnillo, al cu\u00f1ado de Ricardo Monreal \u00c1vila"},"content":{"rendered":"<p>Zacatecas, Zac. La ma\u00f1ana de este mi\u00e9rcoles en la ciudad de Fresnillo, fue asesinado a tiros Juan Carlos P\u00e9rez Guardado, director de Desarrollo Social del municipio y cu\u00f1ado del senador Ricardo Monreal \u00c1vila.<\/p>\n<p>Juan Carlos P\u00e9rez Guardado ten\u00eda con 58 a\u00f1os de edad, quien adem\u00e1s era hermano de Mar\u00eda de Jes\u00fas P\u00e9rez de Monreal.<\/p>\n<p>Trascendi\u00f3 que el funcionario municipal realizaba un recorrido de supervisi\u00f3n a su personal en trabajos de limpieza que eran efectuados sobre la calle Sonora, de la ciudad de Fresnillo.<\/p>\n<p>Extraoficialmente se coment\u00f3 que al sitio habr\u00edan arribado por lo menos dos sujetos armados, y uno de ellos le dispar\u00f3 en varias ocasiones dej\u00e1ndolo sin vida.<\/p>\n<p>Desde la capital de Zacatecas, Rodrigo Reyes Muguerza, Secretario General de Gobierno, confirm\u00f3 la muerte del funcionario municipal tras la agresi\u00f3n armada.<\/p>\n<p>Reyes Muguerza se\u00f1al\u00f3 a trav\u00e9s de su cuenta oficial de Facebook, que tras el homicidio \u00ablas fuerzas del orden han reforzado los operativos en el \u00e1rea con el objetivo de brindar seguridad e intensificar la b\u00fasqueda de las personas responsables\u00bb.<\/p>\n<p>Asimismo, el Secretario General del gobierno de David Monreal \u00c1vila, asegur\u00f3 que \u201cdesde la administraci\u00f3n estatal seguiremos haciendo lo necesario para continuar con el proceso de pacificaci\u00f3n en este municipio y en todo el estado. Expresamos nuestra solidaridad a sus familiares, amigos y compa\u00f1eros\u00bb.<\/p>\n<p>El presidente municipal de Fresnillo es Sa\u00fal Monreal \u00c1vila, hermano del senador Ricardo Monreal y del gobernador David Monreal, no obstante, Sa\u00fal solicit\u00f3 licencia temporal, porque busca ser candidato de Morena al senado de la rep\u00fablica, candidatura que a\u00fan no se define.<\/p>\n<p>Apenas el pasado 24 de enero, el gobernador David Monreal \u00c1vila encabez\u00f3 junto con los integrantes de Sedena, Guardia Nacional (GN) y la Secretaria de Seguridad P\u00fablica de Zacatecas, ante m\u00e1s de tres mil bur\u00f3cratas reunidos en el Palacio de Convenciones de la ciudad, lanz\u00f3 el programa denominado \u00ab2024 a\u00f1o de la paz\u00bb, para reducir los delitos de alto impacto en la entidad.<\/p>\n<p><img decoding=\"async\" src=\"https:\/\/pbs.twimg.com\/media\/GFwCsXfXwAAeJ8z?format=jpg&amp;name=900x900\" alt=\"Imagen\" \/><\/p>\n<p>Con informaci\u00f3n de la Jornada<\/p>\n","protected":false},"excerpt":{"rendered":"<p>Zacatecas, Zac. La ma\u00f1ana de este mi\u00e9rcoles en la ciudad de Fresnillo, fue asesinado a tiros Juan Carlos P\u00e9rez Guardado, director de Desarrollo Social del municipio y cu\u00f1ado del senador Ricardo Monreal \u00c1vila. Juan Carlos P\u00e9rez Guardado ten\u00eda con 58 a\u00f1os de edad, quien adem\u00e1s era hermano de Mar\u00eda de Jes\u00fas P\u00e9rez de Monreal. Trascendi\u00f3 [&hellip;]<\/p>\n","protected":false},"author":5,"featured_media":58997,"comment_status":"open","ping_status":"open","sticky":false,"template":"","format":"standard","meta":{"_uf_show_specific_survey":0,"_uf_disable_surveys":false,"advanced_seo_description":"","jetpack_seo_html_title":"","jetpack_seo_noindex":false,"jetpack_post_was_ever_published":false,"_jetpack_newsletter_access":"","_jetpack_dont_email_post_to_subs":false,"_jetpack_newsletter_tier_id":0,"_jetpack_memberships_contains_paywalled_content":false,"_jetpack_memberships_contains_paid_content":false,"footnotes":"","jetpack_publicize_message":"Asesinan en Fresnillo, al cu\u00f1ado de Ricardo Monreal \u00c1vila","jetpack_publicize_feature_enabled":true,"jetpack_social_post_already_shared":true,"jetpack_social_options":{"image_generator_settings":{"template":"highway","default_image_id":0,"font":"","enabled":false},"version":2}},"categories":[1724,263],"tags":[858],"class_list":{"0":"post-58996","1":"post","2":"type-post","3":"status-publish","4":"format-standard","5":"has-post-thumbnail","7":"category-featured","8":"category-zacatecas","9":"tag-homicidio"},"jetpack_publicize_connections":[],"jetpack_featured_media_url":"https:\/\/i0.wp.com\/mexicocodigorojo.com.mx\/wp-content\/uploads\/2024\/02\/ricardo.jpg?fit=821%2C433&ssl=1","jetpack-related-posts":[{"id":59021,"url":"https:\/\/mexicocodigorojo.com.mx\/?p=59021","url_meta":{"origin":58996,"position":0},"title":"Ejecutan al sobrino de Ricardo y David Monreal en Fresnillo","author":"Staff","date":"febrero 10, 2024","format":false,"excerpt":"En un videomensaje difundido por el gobierno estatal, el secretario de gobierno de Zacatecas, el secretario de Seguridad P\u00fablica del estado, Arturo Medina Mayoral y Juan Manr\u00edquez Moreno, coordinador estatal de la Guardia Nacional, manifestaron que los recientes homicidios ocurridos en Fresnillo no quedar\u00e1n impunes. Polic\u00edas estatales, agentes de la\u2026","rel":"","context":"En \u00abFeatured\u00bb","block_context":{"text":"Featured","link":"https:\/\/mexicocodigorojo.com.mx\/?cat=1724"},"img":{"alt_text":"","src":"https:\/\/i0.wp.com\/mexicocodigorojo.com.mx\/wp-content\/uploads\/2024\/02\/Jorge-Antonio-Monreal.jpg?fit=700%2C466&ssl=1&resize=350%2C200","width":350,"height":200,"srcset":"https:\/\/i0.wp.com\/mexicocodigorojo.com.mx\/wp-content\/uploads\/2024\/02\/Jorge-Antonio-Monreal.jpg?fit=700%2C466&ssl=1&resize=350%2C200 1x, https:\/\/i0.wp.com\/mexicocodigorojo.com.mx\/wp-content\/uploads\/2024\/02\/Jorge-Antonio-Monreal.jpg?fit=700%2C466&ssl=1&resize=525%2C300 1.5x, https:\/\/i0.wp.com\/mexicocodigorojo.com.mx\/wp-content\/uploads\/2024\/02\/Jorge-Antonio-Monreal.jpg?fit=700%2C466&ssl=1&resize=700%2C400 2x"},"classes":[]},{"id":59056,"url":"https:\/\/mexicocodigorojo.com.mx\/?p=59056","url_meta":{"origin":58996,"position":1},"title":"El \u201cCDN\u201d manda sus condolencias a David Monreal por homicidios de sus familiares","author":"Staff","date":"febrero 18, 2024","format":false,"excerpt":"Ju\u00e1n P\u00e9rez Guardado y Jorge Antonio Monreal fueron v\u00edctimas de ataques directos en la ciudad de Fresnillo. \u201cLamentamos la p\u00e9rdida de sus familiares\u201d, puede leerse como parte de un mensaje que presuntos miembros del C\u00e1rtel del Noreste colocaron en una manta en Fresnillo dirigida a David Monreal \u00c1vila, gobernador de\u2026","rel":"","context":"En \u00abFeatured\u00bb","block_context":{"text":"Featured","link":"https:\/\/mexicocodigorojo.com.mx\/?cat=1724"},"img":{"alt_text":"","src":"https:\/\/i0.wp.com\/mexicocodigorojo.com.mx\/wp-content\/uploads\/2024\/02\/5214e745-5112-4bb9-9eb4-4e310ec7d4e5-1.jpg?fit=720%2C564&ssl=1&resize=350%2C200","width":350,"height":200,"srcset":"https:\/\/i0.wp.com\/mexicocodigorojo.com.mx\/wp-content\/uploads\/2024\/02\/5214e745-5112-4bb9-9eb4-4e310ec7d4e5-1.jpg?fit=720%2C564&ssl=1&resize=350%2C200 1x, https:\/\/i0.wp.com\/mexicocodigorojo.com.mx\/wp-content\/uploads\/2024\/02\/5214e745-5112-4bb9-9eb4-4e310ec7d4e5-1.jpg?fit=720%2C564&ssl=1&resize=525%2C300 1.5x, https:\/\/i0.wp.com\/mexicocodigorojo.com.mx\/wp-content\/uploads\/2024\/02\/5214e745-5112-4bb9-9eb4-4e310ec7d4e5-1.jpg?fit=720%2C564&ssl=1&resize=700%2C400 2x"},"classes":[]},{"id":56260,"url":"https:\/\/mexicocodigorojo.com.mx\/?p=56260","url_meta":{"origin":58996,"position":2},"title":"Pedro \u00c1vila, primo del gobernador David Monreal, es liberado tras secuestro en Zacatecas","author":"Staff","date":"junio 1, 2023","format":false,"excerpt":"Pedro \u00c1vila Rodr\u00edguez,\u00a0primo del Senador Ricardo Monreal \u00c1vila\u00a0y del gobernador de Zacatecas, David Monreal, fue liberado sin lesiones que puedan considerarse de gravedad, luego de que fue secuestrado en Fresnillo. Adem\u00e1s, trascendi\u00f3 que otras dos personas privadas de su libertad junto con \u00c1vila Rodr\u00edguez tambi\u00e9n fueron puestos en libertad. El\u2026","rel":"","context":"En \u00abFeatured\u00bb","block_context":{"text":"Featured","link":"https:\/\/mexicocodigorojo.com.mx\/?cat=1724"},"img":{"alt_text":"","src":"https:\/\/i0.wp.com\/mexicocodigorojo.com.mx\/wp-content\/uploads\/2023\/06\/monreal-avila.jpg?fit=1200%2C600&ssl=1&resize=350%2C200","width":350,"height":200,"srcset":"https:\/\/i0.wp.com\/mexicocodigorojo.com.mx\/wp-content\/uploads\/2023\/06\/monreal-avila.jpg?fit=1200%2C600&ssl=1&resize=350%2C200 1x, https:\/\/i0.wp.com\/mexicocodigorojo.com.mx\/wp-content\/uploads\/2023\/06\/monreal-avila.jpg?fit=1200%2C600&ssl=1&resize=525%2C300 1.5x, https:\/\/i0.wp.com\/mexicocodigorojo.com.mx\/wp-content\/uploads\/2023\/06\/monreal-avila.jpg?fit=1200%2C600&ssl=1&resize=700%2C400 2x, https:\/\/i0.wp.com\/mexicocodigorojo.com.mx\/wp-content\/uploads\/2023\/06\/monreal-avila.jpg?fit=1200%2C600&ssl=1&resize=1050%2C600 3x"},"classes":[]},{"id":54528,"url":"https:\/\/mexicocodigorojo.com.mx\/?p=54528","url_meta":{"origin":58996,"position":3},"title":"Matan a funcionario de Sa\u00fal Monreal","author":"MexicoRojoCvmx","date":"diciembre 9, 2022","format":false,"excerpt":"A unas cuadras de su casa, fue asesinado Arturo Luna Rojas, director del rastro municipal de Fresnillo, Zacatecas. El funcionario de la Administraci\u00f3n del Presidente Municipal de Fresnillo, Sa\u00fal Monreal \u00c1vila, fue ultimado por sujetos armados esta ma\u00f1ana cuando, trascendi\u00f3, se trasladaba a su lugar de trabajo. Los hechos ocurrieron\u2026","rel":"","context":"En \u00abFeatured\u00bb","block_context":{"text":"Featured","link":"https:\/\/mexicocodigorojo.com.mx\/?cat=1724"},"img":{"alt_text":"","src":"https:\/\/i0.wp.com\/mexicocodigorojo.com.mx\/wp-content\/uploads\/2022\/12\/En-la-zona-centro-de-Fresnillo-Zacatecas-asesinaron-al-director-del-rastro-municipal.png?fit=768%2C479&ssl=1&resize=350%2C200","width":350,"height":200,"srcset":"https:\/\/i0.wp.com\/mexicocodigorojo.com.mx\/wp-content\/uploads\/2022\/12\/En-la-zona-centro-de-Fresnillo-Zacatecas-asesinaron-al-director-del-rastro-municipal.png?fit=768%2C479&ssl=1&resize=350%2C200 1x, https:\/\/i0.wp.com\/mexicocodigorojo.com.mx\/wp-content\/uploads\/2022\/12\/En-la-zona-centro-de-Fresnillo-Zacatecas-asesinaron-al-director-del-rastro-municipal.png?fit=768%2C479&ssl=1&resize=525%2C300 1.5x, https:\/\/i0.wp.com\/mexicocodigorojo.com.mx\/wp-content\/uploads\/2022\/12\/En-la-zona-centro-de-Fresnillo-Zacatecas-asesinaron-al-director-del-rastro-municipal.png?fit=768%2C479&ssl=1&resize=700%2C400 2x"},"classes":[]},{"id":56144,"url":"https:\/\/mexicocodigorojo.com.mx\/?p=56144","url_meta":{"origin":58996,"position":4},"title":"Privan de la libertad a pariente de la familia Monreal en Zacatecas","author":"Staff","date":"mayo 25, 2023","format":false,"excerpt":"La\u00a0Fiscal\u00eda\u00a0General de Justicia de\u00a0Zacatecas\u00a0inform\u00f3 este lunes que inici\u00f3 de forma\u00a0oficiosa\u00a0una carpeta de\u00a0investigaci\u00f3n\u00a0por el reporte de la privaci\u00f3n de la libertad de tres personas, entre ellas\u00a0Pedro \u00c1vila Rodr\u00edguez, quien es familiar del gobernador\u00a0David Monreal.\u00a0 A trav\u00e9s de un comunicado,\u00a0la fiscal\u00eda estatal indic\u00f3 que los hechos ocurrieron el s\u00e1bado 20 de mayo,\u2026","rel":"","context":"En \u00abFeatured\u00bb","block_context":{"text":"Featured","link":"https:\/\/mexicocodigorojo.com.mx\/?cat=1724"},"img":{"alt_text":"","src":"https:\/\/i0.wp.com\/mexicocodigorojo.com.mx\/wp-content\/uploads\/2023\/05\/ricardo-david-monreal.jpg?fit=1200%2C620&ssl=1&resize=350%2C200","width":350,"height":200,"srcset":"https:\/\/i0.wp.com\/mexicocodigorojo.com.mx\/wp-content\/uploads\/2023\/05\/ricardo-david-monreal.jpg?fit=1200%2C620&ssl=1&resize=350%2C200 1x, https:\/\/i0.wp.com\/mexicocodigorojo.com.mx\/wp-content\/uploads\/2023\/05\/ricardo-david-monreal.jpg?fit=1200%2C620&ssl=1&resize=525%2C300 1.5x, https:\/\/i0.wp.com\/mexicocodigorojo.com.mx\/wp-content\/uploads\/2023\/05\/ricardo-david-monreal.jpg?fit=1200%2C620&ssl=1&resize=700%2C400 2x, https:\/\/i0.wp.com\/mexicocodigorojo.com.mx\/wp-content\/uploads\/2023\/05\/ricardo-david-monreal.jpg?fit=1200%2C620&ssl=1&resize=1050%2C600 3x"},"classes":[]},{"id":58390,"url":"https:\/\/mexicocodigorojo.com.mx\/?p=58390","url_meta":{"origin":58996,"position":5},"title":"Asesinan a balazos al director de la polic\u00eda de Fresnillo","author":"Staff","date":"diciembre 1, 2023","format":false,"excerpt":"Un grupo armado asesin\u00f3 al director de la polic\u00eda municipal de Fresnillo, Antonio Soledad P\u00e9rez, y a uno de su escoltas. En el ataque armado perpetrado la tarde de este jueves qued\u00f3 malherido y muri\u00f3 un civil, que fue alcanzado por las balas. Los agentes realizaban un patrullaje por el\u2026","rel":"","context":"En \u00abFeatured\u00bb","block_context":{"text":"Featured","link":"https:\/\/mexicocodigorojo.com.mx\/?cat=1724"},"img":{"alt_text":"","src":"https:\/\/i0.wp.com\/mexicocodigorojo.com.mx\/wp-content\/uploads\/2023\/12\/directorfresnillozac.jpg?fit=1155%2C645&ssl=1&resize=350%2C200","width":350,"height":200,"srcset":"https:\/\/i0.wp.com\/mexicocodigorojo.com.mx\/wp-content\/uploads\/2023\/12\/directorfresnillozac.jpg?fit=1155%2C645&ssl=1&resize=350%2C200 1x, https:\/\/i0.wp.com\/mexicocodigorojo.com.mx\/wp-content\/uploads\/2023\/12\/directorfresnillozac.jpg?fit=1155%2C645&ssl=1&resize=525%2C300 1.5x, https:\/\/i0.wp.com\/mexicocodigorojo.com.mx\/wp-content\/uploads\/2023\/12\/directorfresnillozac.jpg?fit=1155%2C645&ssl=1&resize=700%2C400 2x, https:\/\/i0.wp.com\/mexicocodigorojo.com.mx\/wp-content\/uploads\/2023\/12\/directorfresnillozac.jpg?fit=1155%2C645&ssl=1&resize=1050%2C600 3x"},"classes":[]}],"jetpack_sharing_enabled":true,"jetpack_likes_enabled":true,"jetpack_shortlink":"https:\/\/wp.me\/p9TedA-fly","_links":{"self":[{"href":"https:\/\/mexicocodigorojo.com.mx\/index.php?rest_route=\/wp\/v2\/posts\/58996","targetHints":{"allow":["GET"]}}],"collection":[{"href":"https:\/\/mexicocodigorojo.com.mx\/index.php?rest_route=\/wp\/v2\/posts"}],"about":[{"href":"https:\/\/mexicocodigorojo.com.mx\/index.php?rest_route=\/wp\/v2\/types\/post"}],"author":[{"embeddable":true,"href":"https:\/\/mexicocodigorojo.com.mx\/index.php?rest_route=\/wp\/v2\/users\/5"}],"replies":[{"embeddable":true,"href":"https:\/\/mexicocodigorojo.com.mx\/index.php?rest_route=%2Fwp%2Fv2%2Fcomments&post=58996"}],"version-history":[{"count":1,"href":"https:\/\/mexicocodigorojo.com.mx\/index.php?rest_route=\/wp\/v2\/posts\/58996\/revisions"}],"predecessor-version":[{"id":58998,"href":"https:\/\/mexicocodigorojo.com.mx\/index.php?rest_route=\/wp\/v2\/posts\/58996\/revisions\/58998"}],"wp:featuredmedia":[{"embeddable":true,"href":"https:\/\/mexicocodigorojo.com.mx\/index.php?rest_route=\/wp\/v2\/media\/58997"}],"wp:attachment":[{"href":"https:\/\/mexicocodigorojo.com.mx\/index.php?rest_route=%2Fwp%2Fv2%2Fmedia&parent=58996"}],"wp:term":[{"taxonomy":"category","embeddable":true,"href":"https:\/\/mexicocodigorojo.com.mx\/index.php?rest_route=%2Fwp%2Fv2%2Fcategories&post=58996"},{"taxonomy":"post_tag","embeddable":true,"href":"https:\/\/mexicocodigorojo.com.mx\/index.php?rest_route=%2Fwp%2Fv2%2Ftags&post=58996"}],"curies":[{"name":"wp","href":"https:\/\/api.w.org\/{rel}","templated":true}]}}