{"id":58972,"date":"2024-02-06T15:56:46","date_gmt":"2024-02-06T21:56:46","guid":{"rendered":"https:\/\/mexicocodigorojo.com.mx\/?p=58972"},"modified":"2024-02-06T15:56:46","modified_gmt":"2024-02-06T21:56:46","slug":"asesinato-del-medico-cirujano-carlos-lopez","status":"publish","type":"post","link":"https:\/\/mexicocodigorojo.com.mx\/?p=58972","title":{"rendered":"Asesinato del m\u00e9dico cirujano Carlos L\u00f3pez"},"content":{"rendered":"<p>La Fiscal\u00eda de Sonora inform\u00f3 que detuvo a un joven de 24 a\u00f1os como probable responsable de la muerte violenta del m\u00e9dico cirujano Carlos L\u00f3pez Carrillo, ultimado de un balazo en la cabeza el pasado 21 de enero de 2024.<\/p>\n<p>Tras dos semanas de pesquisas, la dependencia estatal logr\u00f3 la captura de Ram\u00f3n Gerardo \u201cN\u201d, luego de tres cateos realizados por elementos de la Agencia Ministerial de Investigaci\u00f3n Criminal.<\/p>\n<p>El especialista en cirug\u00eda est\u00e9tica y colaborador de medios de comunicaci\u00f3n de Hermosillo fue hallado muerto en su domicilio, en el Residencial La Cima, al norte de la ciudad, con un tiro de arma de fuego en la cabeza y desde un inicio la Fiscal\u00eda manej\u00f3 como hip\u00f3tesis la relaci\u00f3n de la muerte del m\u00e9dico con alguien de su entorno personal.<\/p>\n<p>C\u00f3mo parte de las investigaciones, los agentes ministeriales encontraron primero el veh\u00edculo de la v\u00edctima en un estacionamiento p\u00fablico y a partir de las evidencias reunidas se procedi\u00f3 a los citados cateos para reunir indicios que llevaron a la captura del sospechoso.<\/p>\n<p>El indiciado fue detenido por agentes de la AMIC, a partir de una orden de aprehensi\u00f3n girada el dos de febrero y el sospechoso fue trasladado a las instalaciones del Centro de Readaptaci\u00f3n Social I de Hermosillo para quedar a disposici\u00f3n del juez que llevar\u00e1 el caso que conmocion\u00f3 a la sociedad hermosillenses por el nivel de conocimiento que tenia la persona del doctor L\u00f3pez Carrillo.<\/p>\n<p>La familia de la v\u00edctima fue informada oportunamente sobre la detenci\u00f3n del presunto responsable, de acuerdo a la informaci\u00f3n difundida por la Fiscal\u00eda.<\/p>\n<p>A trav\u00e9s de un comunicado, representantes de esa instancia sostuvieron que se continuar\u00e1 con las investigaciones para esclarecer completamente los hechos y garantizar el debido proceso legal en este caso.<\/p>\n<p>Desde que se conoci\u00f3 el hecho, a finales de enero, familiares, amigos y conocidos del m\u00e9dico L\u00f3pez Carrillo han demandado justicia, por la labor que realizaba en cuanto a ofrecer servicios para mejorar el aspecto f\u00edsico de sus pacientes.<\/p>\n<p>&nbsp;<\/p>\n","protected":false},"excerpt":{"rendered":"<p>La Fiscal\u00eda de Sonora inform\u00f3 que detuvo a un joven de 24 a\u00f1os como probable responsable de la muerte violenta del m\u00e9dico cirujano Carlos L\u00f3pez Carrillo, ultimado de un balazo en la cabeza el pasado 21 de enero de 2024. Tras dos semanas de pesquisas, la dependencia estatal logr\u00f3 la captura de Ram\u00f3n Gerardo \u201cN\u201d, [&hellip;]<\/p>\n","protected":false},"author":5,"featured_media":58973,"comment_status":"open","ping_status":"open","sticky":false,"template":"","format":"standard","meta":{"_uf_show_specific_survey":0,"_uf_disable_surveys":false,"advanced_seo_description":"","jetpack_seo_html_title":"","jetpack_seo_noindex":false,"jetpack_post_was_ever_published":false,"_jetpack_newsletter_access":"","_jetpack_dont_email_post_to_subs":false,"_jetpack_newsletter_tier_id":0,"_jetpack_memberships_contains_paywalled_content":false,"_jetpack_memberships_contains_paid_content":false,"footnotes":"","jetpack_publicize_message":"","jetpack_publicize_feature_enabled":true,"jetpack_social_post_already_shared":true,"jetpack_social_options":{"image_generator_settings":{"template":"highway","default_image_id":0,"font":"","enabled":false},"version":2}},"categories":[1724,115],"tags":[858],"class_list":{"0":"post-58972","1":"post","2":"type-post","3":"status-publish","4":"format-standard","5":"has-post-thumbnail","7":"category-featured","8":"category-sonora","9":"tag-homicidio"},"jetpack_publicize_connections":[],"jetpack_featured_media_url":"https:\/\/i0.wp.com\/mexicocodigorojo.com.mx\/wp-content\/uploads\/2024\/02\/hd8994343d6f5378ae3671a3a2c4df9fbb2ee70215.webp?fit=1280%2C853&ssl=1","jetpack-related-posts":[{"id":14270,"url":"https:\/\/mexicocodigorojo.com.mx\/?p=14270","url_meta":{"origin":58972,"position":0},"title":"(VIDEO) Comando asesina a locutor Reynaldo L\u00f3pez y deja mal herido a reportero en Sonora","author":"Staff","date":"febrero 17, 2019","format":false,"excerpt":"(VIDEO) Comando asesina a locutor Reynaldo L\u00f3pez y deja mal herido a reportero en Sonora. Elementos de la Fiscal\u00eda General de Justicia de la entidad reportaron al menos 35 casquillos percutidos en el bulevar Serna, lugar del ataque Un comando armado asesin\u00f3 al locutor Reynaldo L\u00f3pez y dej\u00f3 muy mal\u2026","rel":"","context":"En \u00abSonora\u00bb","block_context":{"text":"Sonora","link":"https:\/\/mexicocodigorojo.com.mx\/?cat=115"},"img":{"alt_text":"","src":"https:\/\/i0.wp.com\/mexicocodigorojo.com.mx\/wp-content\/uploads\/2019\/02\/img_20190217_0818291537311291.jpg?resize=350%2C200&ssl=1","width":350,"height":200,"srcset":"https:\/\/i0.wp.com\/mexicocodigorojo.com.mx\/wp-content\/uploads\/2019\/02\/img_20190217_0818291537311291.jpg?resize=350%2C200&ssl=1 1x, https:\/\/i0.wp.com\/mexicocodigorojo.com.mx\/wp-content\/uploads\/2019\/02\/img_20190217_0818291537311291.jpg?resize=525%2C300&ssl=1 1.5x, https:\/\/i0.wp.com\/mexicocodigorojo.com.mx\/wp-content\/uploads\/2019\/02\/img_20190217_0818291537311291.jpg?resize=700%2C400&ssl=1 2x, https:\/\/i0.wp.com\/mexicocodigorojo.com.mx\/wp-content\/uploads\/2019\/02\/img_20190217_0818291537311291.jpg?resize=1050%2C600&ssl=1 3x"},"classes":[]},{"id":14392,"url":"https:\/\/mexicocodigorojo.com.mx\/?p=14392","url_meta":{"origin":58972,"position":1},"title":"Una confusi\u00f3n ataque contra comunicadores sonorenses","author":"Staff","date":"febrero 19, 2019","format":false,"excerpt":"HERMOSILLO, Son.- A 24 horas de registrarse el ataque contra dos comunicadores sonorenses, en donde uno de ellos perdi\u00f3 la vida y otro se encuentra lesionado de gravedad, familiares y autoridades establecieron que la agresi\u00f3n se debi\u00f3 a una confusi\u00f3n de parte de los atacantes. Los familiares sostienen que Reynaldo\u2026","rel":"","context":"En \u00abSonora\u00bb","block_context":{"text":"Sonora","link":"https:\/\/mexicocodigorojo.com.mx\/?cat=115"},"img":{"alt_text":"","src":"https:\/\/i0.wp.com\/mexicocodigorojo.com.mx\/wp-content\/uploads\/2019\/02\/WhatsApp-Image-2019-02-17-at-19.07.39-1078x808.jpeg?fit=1078%2C808&ssl=1&resize=350%2C200","width":350,"height":200,"srcset":"https:\/\/i0.wp.com\/mexicocodigorojo.com.mx\/wp-content\/uploads\/2019\/02\/WhatsApp-Image-2019-02-17-at-19.07.39-1078x808.jpeg?fit=1078%2C808&ssl=1&resize=350%2C200 1x, https:\/\/i0.wp.com\/mexicocodigorojo.com.mx\/wp-content\/uploads\/2019\/02\/WhatsApp-Image-2019-02-17-at-19.07.39-1078x808.jpeg?fit=1078%2C808&ssl=1&resize=525%2C300 1.5x, https:\/\/i0.wp.com\/mexicocodigorojo.com.mx\/wp-content\/uploads\/2019\/02\/WhatsApp-Image-2019-02-17-at-19.07.39-1078x808.jpeg?fit=1078%2C808&ssl=1&resize=700%2C400 2x, https:\/\/i0.wp.com\/mexicocodigorojo.com.mx\/wp-content\/uploads\/2019\/02\/WhatsApp-Image-2019-02-17-at-19.07.39-1078x808.jpeg?fit=1078%2C808&ssl=1&resize=1050%2C600 3x"},"classes":[]},{"id":15453,"url":"https:\/\/mexicocodigorojo.com.mx\/?p=15453","url_meta":{"origin":58972,"position":2},"title":"Asesinan al periodista Santiago Barroso","author":"Staff","date":"marzo 17, 2019","format":false,"excerpt":"SAN LUIS R\u00cdO COLORADO, Son. (proceso.com.mx).- El periodista Santiago Barroso Alfaro fue asesinado a la entrada de su casa en San Luis R\u00edo Colorado, Sonora, tras recibir, al menos, tres disparos de bala, de acuerdo con reportes preeliminares. Con este asesinato, suman cuatro los periodistas que han perdido la vida\u2026","rel":"","context":"En \u00abSonora\u00bb","block_context":{"text":"Sonora","link":"https:\/\/mexicocodigorojo.com.mx\/?cat=115"},"img":{"alt_text":"","src":"https:\/\/i0.wp.com\/mexicocodigorojo.com.mx\/wp-content\/uploads\/2019\/03\/santiago1-1078x808.jpg?fit=1078%2C808&ssl=1&resize=350%2C200","width":350,"height":200,"srcset":"https:\/\/i0.wp.com\/mexicocodigorojo.com.mx\/wp-content\/uploads\/2019\/03\/santiago1-1078x808.jpg?fit=1078%2C808&ssl=1&resize=350%2C200 1x, https:\/\/i0.wp.com\/mexicocodigorojo.com.mx\/wp-content\/uploads\/2019\/03\/santiago1-1078x808.jpg?fit=1078%2C808&ssl=1&resize=525%2C300 1.5x, https:\/\/i0.wp.com\/mexicocodigorojo.com.mx\/wp-content\/uploads\/2019\/03\/santiago1-1078x808.jpg?fit=1078%2C808&ssl=1&resize=700%2C400 2x, https:\/\/i0.wp.com\/mexicocodigorojo.com.mx\/wp-content\/uploads\/2019\/03\/santiago1-1078x808.jpg?fit=1078%2C808&ssl=1&resize=1050%2C600 3x"},"classes":[]},{"id":6193,"url":"https:\/\/mexicocodigorojo.com.mx\/?p=6193","url_meta":{"origin":58972,"position":3},"title":"8 HRS TARDARON EN RECOGER EL CUERPO ACAPULCO GUERRERO","author":"Staff","date":"octubre 16, 2018","format":false,"excerpt":"Un hombre fue asesinado a balazos en la colonia La Libertad por Las Cruces en la zona suburbana de Acapulco. El crimen fue reportado poco antes de las una de la madrugada, en la avenida L\u00f3pez Ray\u00f3n, pero fue hasta hoy por la ma\u00f1ana a que acudieron agentes polic\u00edacos y\u2026","rel":"","context":"En \u00abGuerrero\u00bb","block_context":{"text":"Guerrero","link":"https:\/\/mexicocodigorojo.com.mx\/?cat=26"},"img":{"alt_text":"","src":"https:\/\/i0.wp.com\/mexicocodigorojo.com.mx\/wp-content\/uploads\/2018\/10\/IMG_20181015_212129_816.jpg?resize=350%2C200&ssl=1","width":350,"height":200,"srcset":"https:\/\/i0.wp.com\/mexicocodigorojo.com.mx\/wp-content\/uploads\/2018\/10\/IMG_20181015_212129_816.jpg?resize=350%2C200&ssl=1 1x, https:\/\/i0.wp.com\/mexicocodigorojo.com.mx\/wp-content\/uploads\/2018\/10\/IMG_20181015_212129_816.jpg?resize=525%2C300&ssl=1 1.5x"},"classes":[]},{"id":50372,"url":"https:\/\/mexicocodigorojo.com.mx\/?p=50372","url_meta":{"origin":58972,"position":4},"title":"Asesinan en Sonora al periodista a Ricardo L\u00f3pez","author":"Staff","date":"julio 22, 2021","format":false,"excerpt":"Hermosillo.- El periodista, director del medio digital Info Guaymas,\u00a0Ricardo Dominguez L\u00f3pez, fue asesinado a balazos en el estacionamiento de un\u00a0centro comercial de Guaymas, Sonora. Los hechos ocurrieron alrededor de las 17:30 horas de este jueves 22 de julio, en el estacionamiento de\u00a0Ley Marsella. Ricardo L\u00f3pez, como se le conoc\u00eda, cumpl\u00eda\u2026","rel":"","context":"En \u00abFeatured\u00bb","block_context":{"text":"Featured","link":"https:\/\/mexicocodigorojo.com.mx\/?cat=1724"},"img":{"alt_text":"","src":"https:\/\/i0.wp.com\/mexicocodigorojo.com.mx\/wp-content\/uploads\/2021\/07\/ricardo-lopez.jpg?fit=709%2C371&ssl=1&resize=350%2C200","width":350,"height":200,"srcset":"https:\/\/i0.wp.com\/mexicocodigorojo.com.mx\/wp-content\/uploads\/2021\/07\/ricardo-lopez.jpg?fit=709%2C371&ssl=1&resize=350%2C200 1x, https:\/\/i0.wp.com\/mexicocodigorojo.com.mx\/wp-content\/uploads\/2021\/07\/ricardo-lopez.jpg?fit=709%2C371&ssl=1&resize=525%2C300 1.5x, https:\/\/i0.wp.com\/mexicocodigorojo.com.mx\/wp-content\/uploads\/2021\/07\/ricardo-lopez.jpg?fit=709%2C371&ssl=1&resize=700%2C400 2x"},"classes":[]},{"id":32347,"url":"https:\/\/mexicocodigorojo.com.mx\/?p=32347","url_meta":{"origin":58972,"position":5},"title":"Investigan muerte de modelo brasile\u00f1a","author":"Staff","date":"febrero 7, 2020","format":false,"excerpt":"Autoridades de la Ciudad de M\u00e9xico investigan el presunto feminicidio de una modelo brasile\u00f1a, ocurrido en la colonia Roma La\u00a0Fiscal\u00eda General de Justicia de Ciudad de M\u00e9xico\u00a0(FGJ-CDMX) investiga el\u00a0presunto feminicidiode una\u00a0mujer brasile\u00f1a, caso en el que el principal\u00a0sospechoso\u00a0es un\u00a0empresario mexicano. El periodista Carlos Jim\u00e9nez detall\u00f3 que el pasado 1 de\u2026","rel":"","context":"En \u00abCiudad de M\u00e9xico\u00bb","block_context":{"text":"Ciudad de M\u00e9xico","link":"https:\/\/mexicocodigorojo.com.mx\/?cat=101"},"img":{"alt_text":"","src":"https:\/\/i0.wp.com\/mexicocodigorojo.com.mx\/wp-content\/uploads\/2020\/02\/vanessa-vargas-modelo-brasilena.jpg?fit=980%2C550&ssl=1&resize=350%2C200","width":350,"height":200,"srcset":"https:\/\/i0.wp.com\/mexicocodigorojo.com.mx\/wp-content\/uploads\/2020\/02\/vanessa-vargas-modelo-brasilena.jpg?fit=980%2C550&ssl=1&resize=350%2C200 1x, https:\/\/i0.wp.com\/mexicocodigorojo.com.mx\/wp-content\/uploads\/2020\/02\/vanessa-vargas-modelo-brasilena.jpg?fit=980%2C550&ssl=1&resize=525%2C300 1.5x, https:\/\/i0.wp.com\/mexicocodigorojo.com.mx\/wp-content\/uploads\/2020\/02\/vanessa-vargas-modelo-brasilena.jpg?fit=980%2C550&ssl=1&resize=700%2C400 2x"},"classes":[]}],"jetpack_sharing_enabled":true,"jetpack_likes_enabled":true,"jetpack_shortlink":"https:\/\/wp.me\/p9TedA-fla","_links":{"self":[{"href":"https:\/\/mexicocodigorojo.com.mx\/index.php?rest_route=\/wp\/v2\/posts\/58972","targetHints":{"allow":["GET"]}}],"collection":[{"href":"https:\/\/mexicocodigorojo.com.mx\/index.php?rest_route=\/wp\/v2\/posts"}],"about":[{"href":"https:\/\/mexicocodigorojo.com.mx\/index.php?rest_route=\/wp\/v2\/types\/post"}],"author":[{"embeddable":true,"href":"https:\/\/mexicocodigorojo.com.mx\/index.php?rest_route=\/wp\/v2\/users\/5"}],"replies":[{"embeddable":true,"href":"https:\/\/mexicocodigorojo.com.mx\/index.php?rest_route=%2Fwp%2Fv2%2Fcomments&post=58972"}],"version-history":[{"count":1,"href":"https:\/\/mexicocodigorojo.com.mx\/index.php?rest_route=\/wp\/v2\/posts\/58972\/revisions"}],"predecessor-version":[{"id":58974,"href":"https:\/\/mexicocodigorojo.com.mx\/index.php?rest_route=\/wp\/v2\/posts\/58972\/revisions\/58974"}],"wp:featuredmedia":[{"embeddable":true,"href":"https:\/\/mexicocodigorojo.com.mx\/index.php?rest_route=\/wp\/v2\/media\/58973"}],"wp:attachment":[{"href":"https:\/\/mexicocodigorojo.com.mx\/index.php?rest_route=%2Fwp%2Fv2%2Fmedia&parent=58972"}],"wp:term":[{"taxonomy":"category","embeddable":true,"href":"https:\/\/mexicocodigorojo.com.mx\/index.php?rest_route=%2Fwp%2Fv2%2Fcategories&post=58972"},{"taxonomy":"post_tag","embeddable":true,"href":"https:\/\/mexicocodigorojo.com.mx\/index.php?rest_route=%2Fwp%2Fv2%2Ftags&post=58972"}],"curies":[{"name":"wp","href":"https:\/\/api.w.org\/{rel}","templated":true}]}}